{"id":31831,"date":"2022-05-24T17:48:58","date_gmt":"2022-05-24T15:48:58","guid":{"rendered":"https:\/\/www.apfelpatient.de\/?p=31831"},"modified":"2022-05-24T17:48:59","modified_gmt":"2022-05-24T15:48:59","slug":"airpods-pro-2-reportedly-appear-with-lightning-port","status":"publish","type":"post","link":"https:\/\/www.apfelpatient.de\/en\/rumors\/airpods-pro-2-erscheinen-angeblich-mit-lightning-port","title":{"rendered":"AirPods Pro 2 reportedly appear with Lightning port"},"content":{"rendered":"<p class=\"has-drop-cap\"><strong>Apple&#039;s AirPods Pro were first introduced in October 2019. The second generation is expected to see the light of day this fall. Now new details about the connection and mass production have been released.<\/strong><\/p>\n\n\n\n<p>In a new post on Twitter <a href=\"https:\/\/twitter.com\/mingchikuo\/status\/1528980554456387584?s=20&amp;t=Xd0Q9IlJyL7DCoxa1d9VjA\" target=\"_blank\" rel=\"noreferrer noopener\">explained<\/a> Analyst Ming-Chi Kuo said he expects mass production of the AirPods Pro 2 to begin in the second half of this year. Interestingly, he also points out that the AirPods Pro 2 will be manufactured in Vietnam, suggesting that Apple is no longer as reliant on China. Interestingly, the Wall Street Journal recently reported that Apple has informed some of its suppliers that the company plans to shift production from China to Vietnam and India.<\/p>\n\n\n\n<h3 class=\"wp-block-heading\" id=\"h-apple-mochte-raus-aus-china\">Apple wants to get out of China<\/h3>\n\n\n\n<p>According to Kuo, Apple&#039;s decision to move production of the AirPods Pro 2 from China to Vietnam is due to the product&#039;s &quot;relatively straightforward supply chain and better manufacturing conditions in Vietnam.&quot; Currently, the AirPods Pro are manufactured and assembled in both China and Vietnam. But Kuo seems to believe that the shift to Vietnam will continue on a larger scale with the AirPods Pro 2 this year. However, Apple is expected to test and perfect the manufacturing of the AirPods Pro 2 in China during the &quot;New Product Introduction&quot; phase.<\/p>\n\n\n\n<h3 class=\"wp-block-heading\">AirPods Pro 2 and the charging port<\/h3>\n\n\n\n\n\n\n\n<p>As for the features and changes to expect, Kuo predicts that the AirPods Pro 2&#039;s charging case will still feature a Lightning port for charging, dashing hopes of a switch to USB-C this year. Kuo reported earlier this month that Apple is currently testing the iPhone 15 with a USB-C port. The analyst also predicted that when the iPhone switches to USB-C, Apple will also switch the AirPods and other accessories to USB-C. However, this switch does not seem to be planned until much later. Other rumors surrounding the AirPods Pro 2 include a new form factor, additional health and fitness tracking features, and support for lossless audio playback. Apple itself has even hinted that the AirPods could one day complement the Apple Watch&#039;s health tracking features by providing additional data points. (Photo by Eremin \/ Bigstockphoto)<\/p>\n\n\n\n<ul class=\"wp-block-list\"><li><a href=\"https:\/\/www.apfelpatient.de\/en\/tests-experience-reports\/base-one-max-nomads-high-end-magsafe-charger-in-hands-on\">Base One Max: Nomad&#039;s high-end MagSafe charger in hands-on<\/a><\/li><\/ul>\n\n\n\n<h6 class=\"wp-block-heading translation-block\" id=\"h-kennt-ihr-schon-unsere-amazon-storefront-dort-findet-ihr-eine-handverlesene-auswahl-von-diversen-produkten-f-r-euer-iphone-und-co-viel-spa-beim-st-bern\"><em>Have you already visited our Amazon Storefront? There you&#039;ll find a hand-picked selection of various products for your iPhone and other devices \u2013 <span class=\"has-inline-color has-vivid-red-color\"><a href=\"https:\/\/www.amazon.de\/shop\/apfelpatientofficial\" class=\"ek-link\" data-wpel-link=\"exclude\" rel=\"follow noopener\" target=\"_self\"><span style=\"text-decoration: underline\" class=\"ek-underline\">enjoy browsing<\/span><\/a> !<\/span><\/em><\/h6>\n\n\n\n<h6 class=\"wp-block-heading translation-block\" id=\"h-der-beitrag-enthalt-partnerlinks\">This post contains <a data-type=\"URL\" data-id=\"https:\/\/www.apfelpatient.de\/partnerprogramm\" href=\"https:\/\/www.apfelpatient.de\/en\/partner-program\" data-wpel-link=\"internal\" target=\"_self\">affiliate links<\/a>.<\/h6>","protected":false},"excerpt":{"rendered":"<p>Apple&#039;s AirPods Pro were first introduced in October 2019. The AirPods Pro 2 are expected to see the light of day this fall.<\/p>","protected":false},"author":2,"featured_media":31829,"comment_status":"closed","ping_status":"closed","sticky":false,"template":"","format":"standard","meta":{"jnews-multi-image_gallery":[],"jnews_single_post":{"subtitle":"","format":"standard","video":"","gallery":"","source_name":"","source_url":"","via_name":"","via_url":"","override":[{"single_blog_custom":"","sidebar":"","second_sidebar":"","share_position":"","share_float_style":"","post_date_format":"","post_date_format_custom":"","post_reading_time_wpm":"","zoom_button_out_step":"1","zoom_button_in_step":"1","number_popup_post":"1"}],"image_override":[{"single_post_thumbnail_size":"","single_post_gallery_size":""}],"trending_post_position":"","trending_post_label":"","sponsored_post_label":"","sponsored_post_name":"","sponsored_post_url":"","sponsored_post_logo":"","sponsored_post_desc":""},"jnews_primary_category":{"id":"25"},"footnotes":""},"categories":[25],"tags":[28,347],"class_list":["post-31831","post","type-post","status-publish","format-standard","has-post-thumbnail","hentry","category-rumors","tag-airpods","tag-airpods-pro"],"yoast_head":"<!-- This site is optimized with the Yoast SEO Premium plugin v27.5 (Yoast SEO v27.5) - https:\/\/yoast.com\/product\/yoast-seo-premium-wordpress\/ -->\n<title>AirPods Pro 2 erscheinen angeblich mit Lightning-Port Apfelpatient<\/title>\n<meta name=\"description\" content=\"Apples AirPods Pro wurden erstmals im Oktober 2019 vorgestellt. Diesen Herbst sollen die AirPods Pro 2 das Licht der Welt erblicken.\" \/>\n<meta name=\"robots\" content=\"index, follow, max-snippet:-1, max-image-preview:large, max-video-preview:-1\" \/>\n<link rel=\"canonical\" href=\"https:\/\/www.apfelpatient.de\/en\/rumors\/airpods-pro-2-reportedly-appear-with-lightning-port\" \/>\n<meta property=\"og:locale\" content=\"en_US\" \/>\n<meta property=\"og:type\" content=\"article\" \/>\n<meta property=\"og:title\" content=\"AirPods Pro 2 erscheinen angeblich mit Lightning-Port\" \/>\n<meta property=\"og:description\" content=\"Apples AirPods Pro wurden erstmals im Oktober 2019 vorgestellt. Diesen Herbst sollen die AirPods Pro 2 das Licht der Welt erblicken.\" \/>\n<meta property=\"og:url\" content=\"https:\/\/www.apfelpatient.de\/en\/rumors\/airpods-pro-2-reportedly-appear-with-lightning-port\" \/>\n<meta property=\"og:site_name\" content=\"Apfelpatient\" \/>\n<meta property=\"article:publisher\" content=\"https:\/\/www.facebook.com\/apfelpatientOfficial\" \/>\n<meta property=\"article:author\" content=\"https:\/\/www.facebook.com\/apfelpatientOfficial\" \/>\n<meta property=\"article:published_time\" content=\"2022-05-24T15:48:58+00:00\" \/>\n<meta property=\"article:modified_time\" content=\"2022-05-24T15:48:59+00:00\" \/>\n<meta property=\"og:image\" content=\"https:\/\/www.apfelpatient.de\/wp-content\/uploads\/2022\/05\/bigstock-Rostov-on-don-Russia-Decemb-409384690.jpg\" \/>\n\t<meta property=\"og:image:width\" content=\"1600\" \/>\n\t<meta property=\"og:image:height\" content=\"1067\" \/>\n\t<meta property=\"og:image:type\" content=\"image\/jpeg\" \/>\n<meta name=\"author\" content=\"Milan\" \/>\n<meta name=\"twitter:card\" content=\"summary_large_image\" \/>\n<meta name=\"twitter:description\" content=\"Apples AirPods Pro wurden erstmals im Oktober 2019 vorgestellt. Diesen Herbst sollen die AirPods Pro 2 das Licht der Welt erblicken.\" \/>\n<meta name=\"twitter:label1\" content=\"Written by\" \/>\n\t<meta name=\"twitter:data1\" content=\"Milan\" \/>\n\t<meta name=\"twitter:label2\" content=\"Est. reading time\" \/>\n\t<meta name=\"twitter:data2\" content=\"3 minutes\" \/>\n<script type=\"application\/ld+json\" class=\"yoast-schema-graph\">{\"@context\":\"https:\\\/\\\/schema.org\",\"@graph\":[{\"@type\":\"NewsArticle\",\"@id\":\"https:\\\/\\\/www.apfelpatient.de\\\/rumors\\\/airpods-pro-2-erscheinen-angeblich-mit-lightning-port#article\",\"isPartOf\":{\"@id\":\"https:\\\/\\\/www.apfelpatient.de\\\/rumors\\\/airpods-pro-2-erscheinen-angeblich-mit-lightning-port\"},\"author\":{\"@type\":\"Organization\",\"@id\":\"https:\\\/\\\/www.apfelpatient.de\\\/en\\\/#organization\",\"name\":\"Apfelpatient\",\"url\":\"https:\\\/\\\/www.apfelpatient.de\\\/en\\\/\"},\"headline\":\"AirPods Pro 2 erscheinen angeblich mit Lightning-Port\",\"datePublished\":\"2022-05-24T15:48:58+00:00\",\"dateModified\":\"2022-05-24T15:48:59+00:00\",\"mainEntityOfPage\":{\"@id\":\"https:\\\/\\\/www.apfelpatient.de\\\/rumors\\\/airpods-pro-2-erscheinen-angeblich-mit-lightning-port\"},\"wordCount\":386,\"publisher\":{\"@type\":\"Organization\",\"@id\":\"https:\\\/\\\/www.apfelpatient.de\\\/en\\\/#organization\",\"name\":\"Apfelpatient\",\"url\":\"https:\\\/\\\/www.apfelpatient.de\\\/en\\\/\"},\"image\":{\"@id\":\"https:\\\/\\\/www.apfelpatient.de\\\/rumors\\\/airpods-pro-2-erscheinen-angeblich-mit-lightning-port#primaryimage\"},\"thumbnailUrl\":\"https:\\\/\\\/www.apfelpatient.de\\\/wp-content\\\/uploads\\\/2022\\\/05\\\/bigstock-Rostov-on-don-Russia-Decemb-409384690.jpg\",\"keywords\":[\"AirPods\",\"AirPods Pro\"],\"articleSection\":\"Rumors\",\"inLanguage\":\"en-US\",\"copyrightYear\":\"2022\",\"copyrightHolder\":{\"@id\":\"https:\\\/\\\/www.apfelpatient.de\\\/en\\\/#organization\"}},{\"@type\":\"WebPage\",\"@id\":\"https:\\\/\\\/www.apfelpatient.de\\\/rumors\\\/airpods-pro-2-erscheinen-angeblich-mit-lightning-port\",\"url\":\"https:\\\/\\\/www.apfelpatient.de\\\/rumors\\\/airpods-pro-2-erscheinen-angeblich-mit-lightning-port\",\"name\":\"AirPods Pro 2 erscheinen angeblich mit Lightning-Port Apfelpatient\",\"isPartOf\":{\"@id\":\"https:\\\/\\\/www.apfelpatient.de\\\/#website\"},\"primaryImageOfPage\":{\"@id\":\"https:\\\/\\\/www.apfelpatient.de\\\/rumors\\\/airpods-pro-2-erscheinen-angeblich-mit-lightning-port#primaryimage\"},\"image\":{\"@id\":\"https:\\\/\\\/www.apfelpatient.de\\\/rumors\\\/airpods-pro-2-erscheinen-angeblich-mit-lightning-port#primaryimage\"},\"thumbnailUrl\":\"https:\\\/\\\/www.apfelpatient.de\\\/wp-content\\\/uploads\\\/2022\\\/05\\\/bigstock-Rostov-on-don-Russia-Decemb-409384690.jpg\",\"datePublished\":\"2022-05-24T15:48:58+00:00\",\"dateModified\":\"2022-05-24T15:48:59+00:00\",\"description\":\"Apples AirPods Pro wurden erstmals im Oktober 2019 vorgestellt. Diesen Herbst sollen die AirPods Pro 2 das Licht der Welt erblicken.\",\"breadcrumb\":{\"@id\":\"https:\\\/\\\/www.apfelpatient.de\\\/rumors\\\/airpods-pro-2-erscheinen-angeblich-mit-lightning-port#breadcrumb\"},\"inLanguage\":\"en-US\",\"potentialAction\":[{\"@type\":\"ReadAction\",\"target\":[\"https:\\\/\\\/www.apfelpatient.de\\\/rumors\\\/airpods-pro-2-erscheinen-angeblich-mit-lightning-port\"]}]},{\"@type\":\"ImageObject\",\"inLanguage\":\"en-US\",\"@id\":\"https:\\\/\\\/www.apfelpatient.de\\\/rumors\\\/airpods-pro-2-erscheinen-angeblich-mit-lightning-port#primaryimage\",\"url\":\"https:\\\/\\\/www.apfelpatient.de\\\/wp-content\\\/uploads\\\/2022\\\/05\\\/bigstock-Rostov-on-don-Russia-Decemb-409384690.jpg\",\"contentUrl\":\"https:\\\/\\\/www.apfelpatient.de\\\/wp-content\\\/uploads\\\/2022\\\/05\\\/bigstock-Rostov-on-don-Russia-Decemb-409384690.jpg\",\"width\":1600,\"height\":1067,\"caption\":\"Rostov-on-Don, Russia - December 2019. Apple AirPods Pro on a white background. Wireless headphones in a box close-up.\"},{\"@type\":\"BreadcrumbList\",\"@id\":\"https:\\\/\\\/www.apfelpatient.de\\\/rumors\\\/airpods-pro-2-erscheinen-angeblich-mit-lightning-port#breadcrumb\",\"itemListElement\":[{\"@type\":\"ListItem\",\"position\":1,\"name\":\"Startseite\",\"item\":\"https:\\\/\\\/www.apfelpatient.de\\\/\"},{\"@type\":\"ListItem\",\"position\":2,\"name\":\"AirPods Pro 2 erscheinen angeblich mit Lightning-Port\"}]},{\"@type\":\"WebSite\",\"@id\":\"https:\\\/\\\/www.apfelpatient.de\\\/#website\",\"url\":\"https:\\\/\\\/www.apfelpatient.de\\\/\",\"name\":\"Apfelpatient\",\"description\":\"Alles rund um Apple!\",\"publisher\":{\"@type\":\"Organization\",\"@id\":\"https:\\\/\\\/www.apfelpatient.de\\\/en\\\/#organization\",\"name\":\"Apfelpatient\",\"url\":\"https:\\\/\\\/www.apfelpatient.de\\\/en\\\/\"},\"alternateName\":\"Apfelpatient\",\"potentialAction\":[{\"@type\":\"SearchAction\",\"target\":{\"@type\":\"EntryPoint\",\"urlTemplate\":\"https:\\\/\\\/www.apfelpatient.de\\\/?s={search_term_string}\"},\"query-input\":{\"@type\":\"PropertyValueSpecification\",\"valueRequired\":true,\"valueName\":\"search_term_string\"}}],\"inLanguage\":\"en-US\"},{\"@type\":[\"Person\",\"Organization\"],\"@id\":\"https:\\\/\\\/www.apfelpatient.de\\\/#\\\/schema\\\/person\\\/7dc56ad6c8e9824b76d2c08d4c140e13\",\"name\":\"Milan\",\"logo\":{\"@id\":\"https:\\\/\\\/www.apfelpatient.de\\\/#\\\/schema\\\/person\\\/image\\\/\"},\"description\":\"Hallo und herzlich willkommen auf meinem Technik-Blog! Als gro\u00dfer Apple-Fan berichte ich hier \u00fcber alles, was mit Apple zu tun hat: von den neuesten News und spannenden Ger\u00fcchten \u00fcber hilfreiche Tipps und Tricks bis hin zu ausf\u00fchrlichen Produkttests. Wenn du genauso technikbegeistert bist wie ich, bist du hier genau richtig!\",\"sameAs\":[\"https:\\\/\\\/www.facebook.com\\\/apfelpatientOfficial\",\"https:\\\/\\\/www.linkedin.com\\\/in\\\/milan-jovicic-42aa0231b\"],\"url\":\"https:\\\/\\\/www.apfelpatient.de\\\/en\\\/author\\\/apfeladmin\"}]}<\/script>\n<!-- \/ Yoast SEO Premium plugin. -->","yoast_head_json":{"title":"AirPods Pro 2 reportedly appear with Lightning port Apfelpatient","description":"Apple&#039;s AirPods Pro were first introduced in October 2019. The AirPods Pro 2 are expected to see the light of day this fall.","robots":{"index":"index","follow":"follow","max-snippet":"max-snippet:-1","max-image-preview":"max-image-preview:large","max-video-preview":"max-video-preview:-1"},"canonical":"https:\/\/www.apfelpatient.de\/en\/rumors\/airpods-pro-2-reportedly-appear-with-lightning-port","og_locale":"en_US","og_type":"article","og_title":"AirPods Pro 2 erscheinen angeblich mit Lightning-Port","og_description":"Apples AirPods Pro wurden erstmals im Oktober 2019 vorgestellt. Diesen Herbst sollen die AirPods Pro 2 das Licht der Welt erblicken.","og_url":"https:\/\/www.apfelpatient.de\/en\/rumors\/airpods-pro-2-reportedly-appear-with-lightning-port","og_site_name":"Apfelpatient","article_publisher":"https:\/\/www.facebook.com\/apfelpatientOfficial","article_author":"https:\/\/www.facebook.com\/apfelpatientOfficial","article_published_time":"2022-05-24T15:48:58+00:00","article_modified_time":"2022-05-24T15:48:59+00:00","og_image":[{"width":1600,"height":1067,"url":"https:\/\/www.apfelpatient.de\/wp-content\/uploads\/2022\/05\/bigstock-Rostov-on-don-Russia-Decemb-409384690.jpg","type":"image\/jpeg"}],"author":"Milan","twitter_card":"summary_large_image","twitter_description":"Apples AirPods Pro wurden erstmals im Oktober 2019 vorgestellt. Diesen Herbst sollen die AirPods Pro 2 das Licht der Welt erblicken.","twitter_misc":{"Written by":"Milan","Est. reading time":"3 minutes"},"schema":{"@context":"https:\/\/schema.org","@graph":[{"@type":"NewsArticle","@id":"https:\/\/www.apfelpatient.de\/rumors\/airpods-pro-2-erscheinen-angeblich-mit-lightning-port#article","isPartOf":{"@id":"https:\/\/www.apfelpatient.de\/rumors\/airpods-pro-2-erscheinen-angeblich-mit-lightning-port"},"author":{"@type":"Organization","@id":"https:\/\/www.apfelpatient.de\/en\/#organization","name":"Apfelpatient","url":"https:\/\/www.apfelpatient.de\/en\/"},"headline":"AirPods Pro 2 erscheinen angeblich mit Lightning-Port","datePublished":"2022-05-24T15:48:58+00:00","dateModified":"2022-05-24T15:48:59+00:00","mainEntityOfPage":{"@id":"https:\/\/www.apfelpatient.de\/rumors\/airpods-pro-2-erscheinen-angeblich-mit-lightning-port"},"wordCount":386,"publisher":{"@type":"Organization","@id":"https:\/\/www.apfelpatient.de\/en\/#organization","name":"Apfelpatient","url":"https:\/\/www.apfelpatient.de\/en\/"},"image":{"@id":"https:\/\/www.apfelpatient.de\/rumors\/airpods-pro-2-erscheinen-angeblich-mit-lightning-port#primaryimage"},"thumbnailUrl":"https:\/\/www.apfelpatient.de\/wp-content\/uploads\/2022\/05\/bigstock-Rostov-on-don-Russia-Decemb-409384690.jpg","keywords":["AirPods","AirPods Pro"],"articleSection":"Rumors","inLanguage":"en-US","copyrightYear":"2022","copyrightHolder":{"@id":"https:\/\/www.apfelpatient.de\/en\/#organization"}},{"@type":"WebPage","@id":"https:\/\/www.apfelpatient.de\/rumors\/airpods-pro-2-erscheinen-angeblich-mit-lightning-port","url":"https:\/\/www.apfelpatient.de\/rumors\/airpods-pro-2-erscheinen-angeblich-mit-lightning-port","name":"AirPods Pro 2 reportedly appear with Lightning port Apfelpatient","isPartOf":{"@id":"https:\/\/www.apfelpatient.de\/#website"},"primaryImageOfPage":{"@id":"https:\/\/www.apfelpatient.de\/rumors\/airpods-pro-2-erscheinen-angeblich-mit-lightning-port#primaryimage"},"image":{"@id":"https:\/\/www.apfelpatient.de\/rumors\/airpods-pro-2-erscheinen-angeblich-mit-lightning-port#primaryimage"},"thumbnailUrl":"https:\/\/www.apfelpatient.de\/wp-content\/uploads\/2022\/05\/bigstock-Rostov-on-don-Russia-Decemb-409384690.jpg","datePublished":"2022-05-24T15:48:58+00:00","dateModified":"2022-05-24T15:48:59+00:00","description":"Apple&#039;s AirPods Pro were first introduced in October 2019. The AirPods Pro 2 are expected to see the light of day this fall.","breadcrumb":{"@id":"https:\/\/www.apfelpatient.de\/rumors\/airpods-pro-2-erscheinen-angeblich-mit-lightning-port#breadcrumb"},"inLanguage":"en-US","potentialAction":[{"@type":"ReadAction","target":["https:\/\/www.apfelpatient.de\/rumors\/airpods-pro-2-erscheinen-angeblich-mit-lightning-port"]}]},{"@type":"ImageObject","inLanguage":"en-US","@id":"https:\/\/www.apfelpatient.de\/rumors\/airpods-pro-2-erscheinen-angeblich-mit-lightning-port#primaryimage","url":"https:\/\/www.apfelpatient.de\/wp-content\/uploads\/2022\/05\/bigstock-Rostov-on-don-Russia-Decemb-409384690.jpg","contentUrl":"https:\/\/www.apfelpatient.de\/wp-content\/uploads\/2022\/05\/bigstock-Rostov-on-don-Russia-Decemb-409384690.jpg","width":1600,"height":1067,"caption":"Rostov-on-Don, Russia - December 2019. Apple AirPods Pro on a white background. Wireless headphones in a box close-up."},{"@type":"BreadcrumbList","@id":"https:\/\/www.apfelpatient.de\/rumors\/airpods-pro-2-erscheinen-angeblich-mit-lightning-port#breadcrumb","itemListElement":[{"@type":"ListItem","position":1,"name":"Startseite","item":"https:\/\/www.apfelpatient.de\/"},{"@type":"ListItem","position":2,"name":"AirPods Pro 2 erscheinen angeblich mit Lightning-Port"}]},{"@type":"WebSite","@id":"https:\/\/www.apfelpatient.de\/#website","url":"https:\/\/www.apfelpatient.de\/","name":"apple patient","description":"Everything about Apple!","publisher":{"@type":"Organization","@id":"https:\/\/www.apfelpatient.de\/en\/#organization","name":"Apfelpatient","url":"https:\/\/www.apfelpatient.de\/en\/"},"alternateName":"Apfelpatient","potentialAction":[{"@type":"SearchAction","target":{"@type":"EntryPoint","urlTemplate":"https:\/\/www.apfelpatient.de\/?s={search_term_string}"},"query-input":{"@type":"PropertyValueSpecification","valueRequired":true,"valueName":"search_term_string"}}],"inLanguage":"en-US"},{"@type":["Person","Organization"],"@id":"https:\/\/www.apfelpatient.de\/#\/schema\/person\/7dc56ad6c8e9824b76d2c08d4c140e13","name":"Milan","logo":{"@id":"https:\/\/www.apfelpatient.de\/#\/schema\/person\/image\/"},"description":"Hello and welcome to my technology blog! As a big Apple fan, I report on everything to do with Apple: from the latest news and exciting rumors to helpful tips and tricks and detailed product tests. If you are as enthusiastic about technology as I am, you have come to the right place!","sameAs":["https:\/\/www.facebook.com\/apfelpatientOfficial","https:\/\/www.linkedin.com\/in\/milan-jovicic-42aa0231b"],"url":"https:\/\/www.apfelpatient.de\/en\/author\/apfeladmin"}]}},"_links":{"self":[{"href":"https:\/\/www.apfelpatient.de\/en\/wp-json\/wp\/v2\/posts\/31831","targetHints":{"allow":["GET"]}}],"collection":[{"href":"https:\/\/www.apfelpatient.de\/en\/wp-json\/wp\/v2\/posts"}],"about":[{"href":"https:\/\/www.apfelpatient.de\/en\/wp-json\/wp\/v2\/types\/post"}],"author":[{"embeddable":true,"href":"https:\/\/www.apfelpatient.de\/en\/wp-json\/wp\/v2\/users\/2"}],"replies":[{"embeddable":true,"href":"https:\/\/www.apfelpatient.de\/en\/wp-json\/wp\/v2\/comments?post=31831"}],"version-history":[{"count":0,"href":"https:\/\/www.apfelpatient.de\/en\/wp-json\/wp\/v2\/posts\/31831\/revisions"}],"wp:featuredmedia":[{"embeddable":true,"href":"https:\/\/www.apfelpatient.de\/en\/wp-json\/wp\/v2\/media\/31829"}],"wp:attachment":[{"href":"https:\/\/www.apfelpatient.de\/en\/wp-json\/wp\/v2\/media?parent=31831"}],"wp:term":[{"taxonomy":"category","embeddable":true,"href":"https:\/\/www.apfelpatient.de\/en\/wp-json\/wp\/v2\/categories?post=31831"},{"taxonomy":"post_tag","embeddable":true,"href":"https:\/\/www.apfelpatient.de\/en\/wp-json\/wp\/v2\/tags?post=31831"}],"curies":[{"name":"wp","href":"https:\/\/api.w.org\/{rel}","templated":true}]}}