{"id":31779,"date":"2022-05-20T16:49:39","date_gmt":"2022-05-20T14:49:39","guid":{"rendered":"https:\/\/www.apfelpatient.de\/?p=31779"},"modified":"2022-05-20T16:49:40","modified_gmt":"2022-05-20T14:49:40","slug":"apples-ar-vr-headset-jony-ive-is-said-to-be-involved-in-development","status":"publish","type":"post","link":"https:\/\/www.apfelpatient.de\/en\/rumors\/apples-ar-vr-headset-jony-ive-soll-an-entwicklung-beteiligt-sein","title":{"rendered":"Apple&#039;s AR\/VR headset: Jony Ive is said to be involved in development"},"content":{"rendered":"<p class=\"has-drop-cap\"><strong>Earlier this week, The Information reported on the difficulties Apple is facing in developing its AR\/VR headset, and now a report has been published that provides some additional details about the wearable.<\/strong><\/p>\n\n\n\n<p>The new The Information <a href=\"https:\/\/www.theinformation.com\/articles\/behind-the-apple-design-decisions-that-bogged-down-its-mixed-reality-headset\" target=\"_blank\" rel=\"noreferrer noopener\">report<\/a> According to one of the main features of the headset will be lifelike avatars with accurate facial expressions captured by 14 cameras:<\/p>\n\n\n\n<blockquote class=\"wp-block-quote is-layout-flow wp-block-quote-is-layout-flow\"><p>Other challenges have puzzled hardware and algorithm engineers, such as fitting 14 cameras into the headset. Among the cameras are those that track the user&#039;s face to ensure that the virtual avatars accurately reproduce the user&#039;s facial expressions and mouth movements - an important feature.<\/p><\/blockquote>\n\n\n\n<p>The report adds that Apple&#039;s former design chief Jony Ive remains involved in the headset project as an outside consultant:<\/p>\n\n\n\n<blockquote class=\"wp-block-quote is-layout-flow wp-block-quote-is-layout-flow\"><p>A person familiar with the matter said that Ive has been a consultant to Apple since leaving the company and that he is often called upon to help his former team assert its preferences to engineers in areas such as battery, camera placement and ergonomics. Two people said that even after Ive left Apple, some people on the headset project still had to travel from Cupertino to San Francisco, where Ive lives, to get his approval for changes. Ive has continued to refine the headset&#039;s design. While earlier prototypes housed the battery in the headband, he favors a design in which the headset is connected to a battery that the user wears on the body, similar to Magic Leap&#039;s headset. It was not possible to know whether that approach will be incorporated into the final design.<\/p><\/blockquote>\n\n\n\n<h3 class=\"wp-block-heading\" id=\"h-apples-ar-vr-headset-soll-uber-zwei-chips-verfugen\">Apple&#039;s AR\/VR headset is said to have two chips<\/h3>\n\n\n\n\n\n\n\n<p>Contrary to what some have already reported, the first version of the Apple headset will not focus on gaming:<\/p>\n\n\n\n<blockquote class=\"wp-block-quote is-layout-flow wp-block-quote-is-layout-flow\"><p>Four people who worked on the project also criticized the lack of focus on gaming, a category of software that appeals to early users, was important to the iPhone&#039;s success and is a big priority for Meta&#039;s VR group. These people said that Rockwell&#039;s group almost never mentioned gaming in internal presentations about potential uses for the headset. Apple is not developing game controllers for the device but aims to control the device using hand controls or in combination with a clothespin-like finger clip, according to several people familiar with the project.<\/p><\/blockquote>\n\n\n\n<p>As previously reported, Apple had considered pairing the headset with an external base station for certain tasks. But now the headset is expected to be a completely standalone device. The headset itself is expected to be powered by two chips with a streaming codec to reduce latency. The main chip will be the same as the M2 chip that is set to debut in the new MacBook Air and iPad models later this year, the report said. Currently, the brand new Apple product is expected to appear sometime in 2023. According to a Bloomberg <a href=\"https:\/\/www.apfelpatient.de\/en\/rumors\/apples-ar-vr-headset-is-reportedly-nearing-completion\">report<\/a> According to reports, the device was presented to Apple&#039;s board in a demo just last week, which suggests that the device is close to completion. (Photo by Ivochkina \/ Bigstockphoto)<\/p>\n\n\n\n<ul class=\"wp-block-list\"><li><a href=\"https:\/\/www.apfelpatient.de\/en\/rumors\/apple-ar-vr-headset-may-require-software-subscription\">Apple AR\/VR headset may require software subscription<\/a><\/li><\/ul>\n\n\n\n<h6 class=\"wp-block-heading translation-block\" id=\"h-kennt-ihr-schon-unsere-amazon-storefront-dort-findet-ihr-eine-handverlesene-auswahl-von-diversen-produkten-f-r-euer-iphone-und-co-viel-spa-beim-st-bern\"><em>Have you already visited our Amazon Storefront? There you&#039;ll find a hand-picked selection of various products for your iPhone and other devices \u2013 <span class=\"has-inline-color has-vivid-red-color\"><a href=\"https:\/\/www.amazon.de\/shop\/apfelpatientofficial\" class=\"ek-link\" data-wpel-link=\"exclude\" rel=\"follow noopener\" target=\"_self\"><span style=\"text-decoration: underline\" class=\"ek-underline\">enjoy browsing<\/span><\/a> !<\/span><\/em><\/h6>\n\n\n\n<h6 class=\"wp-block-heading translation-block\" id=\"h-der-beitrag-enthalt-partnerlinks\">This post contains <a data-type=\"URL\" data-id=\"https:\/\/www.apfelpatient.de\/partnerprogramm\" href=\"https:\/\/www.apfelpatient.de\/en\/partner-program\" data-wpel-link=\"internal\" target=\"_self\">affiliate links<\/a>.<\/h6>","protected":false},"excerpt":{"rendered":"<p>Earlier this week, it was reported that Apple was having difficulties developing its AR\/VR headset.<\/p>","protected":false},"author":2,"featured_media":31778,"comment_status":"closed","ping_status":"closed","sticky":false,"template":"","format":"standard","meta":{"jnews-multi-image_gallery":[],"jnews_single_post":{"subtitle":"","format":"standard","video":"","gallery":"","source_name":"","source_url":"","via_name":"","via_url":"","override":[{"single_blog_custom":"","sidebar":"","second_sidebar":"","share_position":"","share_float_style":"","post_date_format":"","post_date_format_custom":"","post_reading_time_wpm":"","zoom_button_out_step":"1","zoom_button_in_step":"1","number_popup_post":"1"}],"image_override":[{"single_post_thumbnail_size":"","single_post_gallery_size":""}],"trending_post_position":"","trending_post_label":"","sponsored_post_label":"","sponsored_post_name":"","sponsored_post_url":"","sponsored_post_logo":"","sponsored_post_desc":""},"jnews_primary_category":{"id":"25"},"footnotes":""},"categories":[25],"tags":[609],"class_list":["post-31779","post","type-post","status-publish","format-standard","has-post-thumbnail","hentry","category-rumors","tag-apple-vr-ar"],"yoast_head":"<!-- This site is optimized with the Yoast SEO Premium plugin v27.5 (Yoast SEO v27.5) - https:\/\/yoast.com\/product\/yoast-seo-premium-wordpress\/ -->\n<title>Apples AR\/VR-Headset: Jony Ive soll an Entwicklung beteiligt sein<\/title>\n<meta name=\"description\" content=\"Anfang dieser Woche wurde \u00fcber die Schwierigkeiten berichtet, mit denen Apple bei der Entwicklung seines AR\/VR-Headsets zu k\u00e4mpfen hat.\" \/>\n<meta name=\"robots\" content=\"index, follow, max-snippet:-1, max-image-preview:large, max-video-preview:-1\" \/>\n<link rel=\"canonical\" href=\"https:\/\/www.apfelpatient.de\/en\/rumors\/apples-ar-vr-headset-jony-ive-is-said-to-be-involved-in-development\" \/>\n<meta property=\"og:locale\" content=\"en_US\" \/>\n<meta property=\"og:type\" content=\"article\" \/>\n<meta property=\"og:title\" content=\"Apples AR\/VR-Headset: Jony Ive soll an Entwicklung beteiligt sein\" \/>\n<meta property=\"og:description\" content=\"Anfang dieser Woche wurde \u00fcber die Schwierigkeiten berichtet, mit denen Apple bei der Entwicklung seines AR\/VR-Headsets zu k\u00e4mpfen hat.\" \/>\n<meta property=\"og:url\" content=\"https:\/\/www.apfelpatient.de\/en\/rumors\/apples-ar-vr-headset-jony-ive-is-said-to-be-involved-in-development\" \/>\n<meta property=\"og:site_name\" content=\"Apfelpatient\" \/>\n<meta property=\"article:publisher\" content=\"https:\/\/www.facebook.com\/apfelpatientOfficial\" \/>\n<meta property=\"article:author\" content=\"https:\/\/www.facebook.com\/apfelpatientOfficial\" \/>\n<meta property=\"article:published_time\" content=\"2022-05-20T14:49:39+00:00\" \/>\n<meta property=\"article:modified_time\" content=\"2022-05-20T14:49:40+00:00\" \/>\n<meta property=\"og:image\" content=\"https:\/\/www.apfelpatient.de\/wp-content\/uploads\/2022\/05\/bigstock-Girl-Using-Vr-Headset-Is-In-Vi-447906700.jpg\" \/>\n\t<meta property=\"og:image:width\" content=\"1600\" \/>\n\t<meta property=\"og:image:height\" content=\"1067\" \/>\n\t<meta property=\"og:image:type\" content=\"image\/jpeg\" \/>\n<meta name=\"author\" content=\"Milan\" \/>\n<meta name=\"twitter:card\" content=\"summary_large_image\" \/>\n<meta name=\"twitter:description\" content=\"Anfang dieser Woche wurde \u00fcber die Schwierigkeiten berichtet, mit denen Apple bei der Entwicklung seines AR\/VR-Headsets zu k\u00e4mpfen hat.\" \/>\n<meta name=\"twitter:label1\" content=\"Written by\" \/>\n\t<meta name=\"twitter:data1\" content=\"Milan\" \/>\n\t<meta name=\"twitter:label2\" content=\"Est. reading time\" \/>\n\t<meta name=\"twitter:data2\" content=\"3 minutes\" \/>\n<script type=\"application\/ld+json\" class=\"yoast-schema-graph\">{\"@context\":\"https:\\\/\\\/schema.org\",\"@graph\":[{\"@type\":\"NewsArticle\",\"@id\":\"https:\\\/\\\/www.apfelpatient.de\\\/rumors\\\/apples-ar-vr-headset-jony-ive-soll-an-entwicklung-beteiligt-sein#article\",\"isPartOf\":{\"@id\":\"https:\\\/\\\/www.apfelpatient.de\\\/rumors\\\/apples-ar-vr-headset-jony-ive-soll-an-entwicklung-beteiligt-sein\"},\"author\":{\"@type\":\"Organization\",\"@id\":\"https:\\\/\\\/www.apfelpatient.de\\\/en\\\/#organization\",\"name\":\"Apfelpatient\",\"url\":\"https:\\\/\\\/www.apfelpatient.de\\\/en\\\/\"},\"headline\":\"Apples AR\\\/VR-Headset: Jony Ive soll an Entwicklung beteiligt sein\",\"datePublished\":\"2022-05-20T14:49:39+00:00\",\"dateModified\":\"2022-05-20T14:49:40+00:00\",\"mainEntityOfPage\":{\"@id\":\"https:\\\/\\\/www.apfelpatient.de\\\/rumors\\\/apples-ar-vr-headset-jony-ive-soll-an-entwicklung-beteiligt-sein\"},\"wordCount\":568,\"publisher\":{\"@type\":\"Organization\",\"@id\":\"https:\\\/\\\/www.apfelpatient.de\\\/en\\\/#organization\",\"name\":\"Apfelpatient\",\"url\":\"https:\\\/\\\/www.apfelpatient.de\\\/en\\\/\"},\"image\":{\"@id\":\"https:\\\/\\\/www.apfelpatient.de\\\/rumors\\\/apples-ar-vr-headset-jony-ive-soll-an-entwicklung-beteiligt-sein#primaryimage\"},\"thumbnailUrl\":\"https:\\\/\\\/www.apfelpatient.de\\\/wp-content\\\/uploads\\\/2022\\\/05\\\/bigstock-Girl-Using-Vr-Headset-Is-In-Vi-447906700.jpg\",\"keywords\":[\"Apple VR\\\/AR\"],\"articleSection\":\"Rumors\",\"inLanguage\":\"en-US\",\"copyrightYear\":\"2022\",\"copyrightHolder\":{\"@id\":\"https:\\\/\\\/www.apfelpatient.de\\\/en\\\/#organization\"}},{\"@type\":\"WebPage\",\"@id\":\"https:\\\/\\\/www.apfelpatient.de\\\/rumors\\\/apples-ar-vr-headset-jony-ive-soll-an-entwicklung-beteiligt-sein\",\"url\":\"https:\\\/\\\/www.apfelpatient.de\\\/rumors\\\/apples-ar-vr-headset-jony-ive-soll-an-entwicklung-beteiligt-sein\",\"name\":\"Apples AR\\\/VR-Headset: Jony Ive soll an Entwicklung beteiligt sein\",\"isPartOf\":{\"@id\":\"https:\\\/\\\/www.apfelpatient.de\\\/#website\"},\"primaryImageOfPage\":{\"@id\":\"https:\\\/\\\/www.apfelpatient.de\\\/rumors\\\/apples-ar-vr-headset-jony-ive-soll-an-entwicklung-beteiligt-sein#primaryimage\"},\"image\":{\"@id\":\"https:\\\/\\\/www.apfelpatient.de\\\/rumors\\\/apples-ar-vr-headset-jony-ive-soll-an-entwicklung-beteiligt-sein#primaryimage\"},\"thumbnailUrl\":\"https:\\\/\\\/www.apfelpatient.de\\\/wp-content\\\/uploads\\\/2022\\\/05\\\/bigstock-Girl-Using-Vr-Headset-Is-In-Vi-447906700.jpg\",\"datePublished\":\"2022-05-20T14:49:39+00:00\",\"dateModified\":\"2022-05-20T14:49:40+00:00\",\"description\":\"Anfang dieser Woche wurde \u00fcber die Schwierigkeiten berichtet, mit denen Apple bei der Entwicklung seines AR\\\/VR-Headsets zu k\u00e4mpfen hat.\",\"breadcrumb\":{\"@id\":\"https:\\\/\\\/www.apfelpatient.de\\\/rumors\\\/apples-ar-vr-headset-jony-ive-soll-an-entwicklung-beteiligt-sein#breadcrumb\"},\"inLanguage\":\"en-US\",\"potentialAction\":[{\"@type\":\"ReadAction\",\"target\":[\"https:\\\/\\\/www.apfelpatient.de\\\/rumors\\\/apples-ar-vr-headset-jony-ive-soll-an-entwicklung-beteiligt-sein\"]}]},{\"@type\":\"ImageObject\",\"inLanguage\":\"en-US\",\"@id\":\"https:\\\/\\\/www.apfelpatient.de\\\/rumors\\\/apples-ar-vr-headset-jony-ive-soll-an-entwicklung-beteiligt-sein#primaryimage\",\"url\":\"https:\\\/\\\/www.apfelpatient.de\\\/wp-content\\\/uploads\\\/2022\\\/05\\\/bigstock-Girl-Using-Vr-Headset-Is-In-Vi-447906700.jpg\",\"contentUrl\":\"https:\\\/\\\/www.apfelpatient.de\\\/wp-content\\\/uploads\\\/2022\\\/05\\\/bigstock-Girl-Using-Vr-Headset-Is-In-Vi-447906700.jpg\",\"width\":1600,\"height\":1067,\"caption\":\"Girl using vr headset is in virtual reality cyberspace futuristic neon blue background with matrix binary code. The concept of the metaverse, virtual reality. Future digital technologies.\"},{\"@type\":\"BreadcrumbList\",\"@id\":\"https:\\\/\\\/www.apfelpatient.de\\\/rumors\\\/apples-ar-vr-headset-jony-ive-soll-an-entwicklung-beteiligt-sein#breadcrumb\",\"itemListElement\":[{\"@type\":\"ListItem\",\"position\":1,\"name\":\"Startseite\",\"item\":\"https:\\\/\\\/www.apfelpatient.de\\\/\"},{\"@type\":\"ListItem\",\"position\":2,\"name\":\"Apples AR\\\/VR-Headset: Jony Ive soll an Entwicklung beteiligt sein\"}]},{\"@type\":\"WebSite\",\"@id\":\"https:\\\/\\\/www.apfelpatient.de\\\/#website\",\"url\":\"https:\\\/\\\/www.apfelpatient.de\\\/\",\"name\":\"Apfelpatient\",\"description\":\"Alles rund um Apple!\",\"publisher\":{\"@type\":\"Organization\",\"@id\":\"https:\\\/\\\/www.apfelpatient.de\\\/en\\\/#organization\",\"name\":\"Apfelpatient\",\"url\":\"https:\\\/\\\/www.apfelpatient.de\\\/en\\\/\"},\"alternateName\":\"Apfelpatient\",\"potentialAction\":[{\"@type\":\"SearchAction\",\"target\":{\"@type\":\"EntryPoint\",\"urlTemplate\":\"https:\\\/\\\/www.apfelpatient.de\\\/?s={search_term_string}\"},\"query-input\":{\"@type\":\"PropertyValueSpecification\",\"valueRequired\":true,\"valueName\":\"search_term_string\"}}],\"inLanguage\":\"en-US\"},{\"@type\":[\"Person\",\"Organization\"],\"@id\":\"https:\\\/\\\/www.apfelpatient.de\\\/#\\\/schema\\\/person\\\/7dc56ad6c8e9824b76d2c08d4c140e13\",\"name\":\"Milan\",\"logo\":{\"@id\":\"https:\\\/\\\/www.apfelpatient.de\\\/#\\\/schema\\\/person\\\/image\\\/\"},\"description\":\"Hallo und herzlich willkommen auf meinem Technik-Blog! Als gro\u00dfer Apple-Fan berichte ich hier \u00fcber alles, was mit Apple zu tun hat: von den neuesten News und spannenden Ger\u00fcchten \u00fcber hilfreiche Tipps und Tricks bis hin zu ausf\u00fchrlichen Produkttests. Wenn du genauso technikbegeistert bist wie ich, bist du hier genau richtig!\",\"sameAs\":[\"https:\\\/\\\/www.facebook.com\\\/apfelpatientOfficial\",\"https:\\\/\\\/www.linkedin.com\\\/in\\\/milan-jovicic-42aa0231b\"],\"url\":\"https:\\\/\\\/www.apfelpatient.de\\\/en\\\/author\\\/apfeladmin\"}]}<\/script>\n<!-- \/ Yoast SEO Premium plugin. -->","yoast_head_json":{"title":"Apple&#039;s AR\/VR headset: Jony Ive is said to be involved in development","description":"Earlier this week, it was reported that Apple was having difficulties developing its AR\/VR headset.","robots":{"index":"index","follow":"follow","max-snippet":"max-snippet:-1","max-image-preview":"max-image-preview:large","max-video-preview":"max-video-preview:-1"},"canonical":"https:\/\/www.apfelpatient.de\/en\/rumors\/apples-ar-vr-headset-jony-ive-is-said-to-be-involved-in-development","og_locale":"en_US","og_type":"article","og_title":"Apples AR\/VR-Headset: Jony Ive soll an Entwicklung beteiligt sein","og_description":"Anfang dieser Woche wurde \u00fcber die Schwierigkeiten berichtet, mit denen Apple bei der Entwicklung seines AR\/VR-Headsets zu k\u00e4mpfen hat.","og_url":"https:\/\/www.apfelpatient.de\/en\/rumors\/apples-ar-vr-headset-jony-ive-is-said-to-be-involved-in-development","og_site_name":"Apfelpatient","article_publisher":"https:\/\/www.facebook.com\/apfelpatientOfficial","article_author":"https:\/\/www.facebook.com\/apfelpatientOfficial","article_published_time":"2022-05-20T14:49:39+00:00","article_modified_time":"2022-05-20T14:49:40+00:00","og_image":[{"width":1600,"height":1067,"url":"https:\/\/www.apfelpatient.de\/wp-content\/uploads\/2022\/05\/bigstock-Girl-Using-Vr-Headset-Is-In-Vi-447906700.jpg","type":"image\/jpeg"}],"author":"Milan","twitter_card":"summary_large_image","twitter_description":"Anfang dieser Woche wurde \u00fcber die Schwierigkeiten berichtet, mit denen Apple bei der Entwicklung seines AR\/VR-Headsets zu k\u00e4mpfen hat.","twitter_misc":{"Written by":"Milan","Est. reading time":"3 minutes"},"schema":{"@context":"https:\/\/schema.org","@graph":[{"@type":"NewsArticle","@id":"https:\/\/www.apfelpatient.de\/rumors\/apples-ar-vr-headset-jony-ive-soll-an-entwicklung-beteiligt-sein#article","isPartOf":{"@id":"https:\/\/www.apfelpatient.de\/rumors\/apples-ar-vr-headset-jony-ive-soll-an-entwicklung-beteiligt-sein"},"author":{"@type":"Organization","@id":"https:\/\/www.apfelpatient.de\/en\/#organization","name":"Apfelpatient","url":"https:\/\/www.apfelpatient.de\/en\/"},"headline":"Apples AR\/VR-Headset: Jony Ive soll an Entwicklung beteiligt sein","datePublished":"2022-05-20T14:49:39+00:00","dateModified":"2022-05-20T14:49:40+00:00","mainEntityOfPage":{"@id":"https:\/\/www.apfelpatient.de\/rumors\/apples-ar-vr-headset-jony-ive-soll-an-entwicklung-beteiligt-sein"},"wordCount":568,"publisher":{"@type":"Organization","@id":"https:\/\/www.apfelpatient.de\/en\/#organization","name":"Apfelpatient","url":"https:\/\/www.apfelpatient.de\/en\/"},"image":{"@id":"https:\/\/www.apfelpatient.de\/rumors\/apples-ar-vr-headset-jony-ive-soll-an-entwicklung-beteiligt-sein#primaryimage"},"thumbnailUrl":"https:\/\/www.apfelpatient.de\/wp-content\/uploads\/2022\/05\/bigstock-Girl-Using-Vr-Headset-Is-In-Vi-447906700.jpg","keywords":["Apple VR\/AR"],"articleSection":"Rumors","inLanguage":"en-US","copyrightYear":"2022","copyrightHolder":{"@id":"https:\/\/www.apfelpatient.de\/en\/#organization"}},{"@type":"WebPage","@id":"https:\/\/www.apfelpatient.de\/rumors\/apples-ar-vr-headset-jony-ive-soll-an-entwicklung-beteiligt-sein","url":"https:\/\/www.apfelpatient.de\/rumors\/apples-ar-vr-headset-jony-ive-soll-an-entwicklung-beteiligt-sein","name":"Apple&#039;s AR\/VR headset: Jony Ive is said to be involved in development","isPartOf":{"@id":"https:\/\/www.apfelpatient.de\/#website"},"primaryImageOfPage":{"@id":"https:\/\/www.apfelpatient.de\/rumors\/apples-ar-vr-headset-jony-ive-soll-an-entwicklung-beteiligt-sein#primaryimage"},"image":{"@id":"https:\/\/www.apfelpatient.de\/rumors\/apples-ar-vr-headset-jony-ive-soll-an-entwicklung-beteiligt-sein#primaryimage"},"thumbnailUrl":"https:\/\/www.apfelpatient.de\/wp-content\/uploads\/2022\/05\/bigstock-Girl-Using-Vr-Headset-Is-In-Vi-447906700.jpg","datePublished":"2022-05-20T14:49:39+00:00","dateModified":"2022-05-20T14:49:40+00:00","description":"Earlier this week, it was reported that Apple was having difficulties developing its AR\/VR headset.","breadcrumb":{"@id":"https:\/\/www.apfelpatient.de\/rumors\/apples-ar-vr-headset-jony-ive-soll-an-entwicklung-beteiligt-sein#breadcrumb"},"inLanguage":"en-US","potentialAction":[{"@type":"ReadAction","target":["https:\/\/www.apfelpatient.de\/rumors\/apples-ar-vr-headset-jony-ive-soll-an-entwicklung-beteiligt-sein"]}]},{"@type":"ImageObject","inLanguage":"en-US","@id":"https:\/\/www.apfelpatient.de\/rumors\/apples-ar-vr-headset-jony-ive-soll-an-entwicklung-beteiligt-sein#primaryimage","url":"https:\/\/www.apfelpatient.de\/wp-content\/uploads\/2022\/05\/bigstock-Girl-Using-Vr-Headset-Is-In-Vi-447906700.jpg","contentUrl":"https:\/\/www.apfelpatient.de\/wp-content\/uploads\/2022\/05\/bigstock-Girl-Using-Vr-Headset-Is-In-Vi-447906700.jpg","width":1600,"height":1067,"caption":"Girl using vr headset is in virtual reality cyberspace futuristic neon blue background with matrix binary code. The concept of the metaverse, virtual reality. Future digital technologies."},{"@type":"BreadcrumbList","@id":"https:\/\/www.apfelpatient.de\/rumors\/apples-ar-vr-headset-jony-ive-soll-an-entwicklung-beteiligt-sein#breadcrumb","itemListElement":[{"@type":"ListItem","position":1,"name":"Startseite","item":"https:\/\/www.apfelpatient.de\/"},{"@type":"ListItem","position":2,"name":"Apples AR\/VR-Headset: Jony Ive soll an Entwicklung beteiligt sein"}]},{"@type":"WebSite","@id":"https:\/\/www.apfelpatient.de\/#website","url":"https:\/\/www.apfelpatient.de\/","name":"apple patient","description":"Everything about Apple!","publisher":{"@type":"Organization","@id":"https:\/\/www.apfelpatient.de\/en\/#organization","name":"Apfelpatient","url":"https:\/\/www.apfelpatient.de\/en\/"},"alternateName":"Apfelpatient","potentialAction":[{"@type":"SearchAction","target":{"@type":"EntryPoint","urlTemplate":"https:\/\/www.apfelpatient.de\/?s={search_term_string}"},"query-input":{"@type":"PropertyValueSpecification","valueRequired":true,"valueName":"search_term_string"}}],"inLanguage":"en-US"},{"@type":["Person","Organization"],"@id":"https:\/\/www.apfelpatient.de\/#\/schema\/person\/7dc56ad6c8e9824b76d2c08d4c140e13","name":"Milan","logo":{"@id":"https:\/\/www.apfelpatient.de\/#\/schema\/person\/image\/"},"description":"Hello and welcome to my technology blog! As a big Apple fan, I report on everything to do with Apple: from the latest news and exciting rumors to helpful tips and tricks and detailed product tests. If you are as enthusiastic about technology as I am, you have come to the right place!","sameAs":["https:\/\/www.facebook.com\/apfelpatientOfficial","https:\/\/www.linkedin.com\/in\/milan-jovicic-42aa0231b"],"url":"https:\/\/www.apfelpatient.de\/en\/author\/apfeladmin"}]}},"_links":{"self":[{"href":"https:\/\/www.apfelpatient.de\/en\/wp-json\/wp\/v2\/posts\/31779","targetHints":{"allow":["GET"]}}],"collection":[{"href":"https:\/\/www.apfelpatient.de\/en\/wp-json\/wp\/v2\/posts"}],"about":[{"href":"https:\/\/www.apfelpatient.de\/en\/wp-json\/wp\/v2\/types\/post"}],"author":[{"embeddable":true,"href":"https:\/\/www.apfelpatient.de\/en\/wp-json\/wp\/v2\/users\/2"}],"replies":[{"embeddable":true,"href":"https:\/\/www.apfelpatient.de\/en\/wp-json\/wp\/v2\/comments?post=31779"}],"version-history":[{"count":0,"href":"https:\/\/www.apfelpatient.de\/en\/wp-json\/wp\/v2\/posts\/31779\/revisions"}],"wp:featuredmedia":[{"embeddable":true,"href":"https:\/\/www.apfelpatient.de\/en\/wp-json\/wp\/v2\/media\/31778"}],"wp:attachment":[{"href":"https:\/\/www.apfelpatient.de\/en\/wp-json\/wp\/v2\/media?parent=31779"}],"wp:term":[{"taxonomy":"category","embeddable":true,"href":"https:\/\/www.apfelpatient.de\/en\/wp-json\/wp\/v2\/categories?post=31779"},{"taxonomy":"post_tag","embeddable":true,"href":"https:\/\/www.apfelpatient.de\/en\/wp-json\/wp\/v2\/tags?post=31779"}],"curies":[{"name":"wp","href":"https:\/\/api.w.org\/{rel}","templated":true}]}}