{"id":31654,"date":"2022-05-11T15:54:39","date_gmt":"2022-05-11T13:54:39","guid":{"rendered":"https:\/\/www.apfelpatient.de\/?p=31654"},"modified":"2022-05-11T15:54:39","modified_gmt":"2022-05-11T13:54:39","slug":"goodbye-lightning-port-iphone-15-to-switch-to-usb-c","status":"publish","type":"post","link":"https:\/\/www.apfelpatient.de\/en\/rumors\/adieu-lightning-port-iphone-15-soll-auf-usb-c-setzen","title":{"rendered":"Goodbye Lightning port: iPhone 15 to use USB-C"},"content":{"rendered":"<p class=\"has-drop-cap\"><strong>After some supply chain checks, Apple analyst Ming-Chi Kuo now claims that the 2023 iPhone 15 will ditch the Lightning connector and use USB-C instead.<\/strong><\/p>\n\n\n\n<p>In recent years, there have been repeated rumors that Apple will switch from Lightning to USB-C on the iPhone. In addition, the EU is about to oblige all smartphone manufacturers to do so, including Apple. In a new <a href=\"https:\/\/twitter.com\/mingchikuo\/status\/1524329801045409794?s=20&amp;t=CZUoeSOy7he1tNWIBbsNgA\" target=\"_blank\" rel=\"noreferrer noopener\">Twitter post<\/a> Ming-Chi Kuo now says he believes this will happen with the \u201ciPhone 15\u201d.<\/p>\n\n\n\n<blockquote class=\"wp-block-quote is-layout-flow wp-block-quote-is-layout-flow\"><p>My latest survey suggests that the new iPhone 2H23 will abandon the Lightning connector and switch to the USB-C connector. USB-C could improve the iPhone&#039;s transfer and charging speed in hardware designs, but the final details of the specifications still depend on iOS support. It is expected that the existing USB-C suppliers of the Apple ecosystem (e.g. IC controllers, connectors) will become the focus of the market in the next 1-2 years thanks to the numerous orders for iPhones and accessories with USB-C ports.<\/p><\/blockquote>\n\n\n\n<h3 class=\"wp-block-heading\" id=\"h-wird-das-iphone-15-das-ende-des-lightning-port-einlauten\">Will the iPhone 15 herald the end of the Lightning port?<\/h3>\n\n\n\n\n\n\n\n<p>To be clear, Kuo&#039;s recent tweets are primarily his own predictions and are not based on any hard evidence from the supply chain. He says this new information comes from his &quot;latest survey,&quot; presumably of those suppliers. If the prediction is correct, a 2023 launch would mark the end of the Lightning connector as Apple&#039;s main charging cable after 13 years. USB-C was introduced shortly after Lightning in 2012. But it wasn&#039;t until the 12-inch MacBook in 2015 that Apple incorporated it. (Photo by Eremin \/ Bigstockphoto)<\/p>\n\n\n\n<ul class=\"wp-block-list\"><li><a href=\"https:\/\/www.apfelpatient.de\/en\/rumors\/iphone-15-pro-to-get-periscope-lens\">iPhone 15 Pro to receive periscope lens<\/a><\/li><\/ul>\n\n\n\n<h6 class=\"wp-block-heading translation-block\" id=\"h-kennt-ihr-schon-unsere-amazon-storefront-dort-findet-ihr-eine-handverlesene-auswahl-von-diversen-produkten-f-r-euer-iphone-und-co-viel-spa-beim-st-bern\"><em>Have you already visited our Amazon Storefront? There you&#039;ll find a hand-picked selection of various products for your iPhone and other devices \u2013 <span class=\"has-inline-color has-vivid-red-color\"><a href=\"https:\/\/www.amazon.de\/shop\/apfelpatientofficial\" class=\"ek-link\" data-wpel-link=\"exclude\" rel=\"follow noopener\" target=\"_self\"><span style=\"text-decoration: underline\" class=\"ek-underline\">enjoy browsing<\/span><\/a> !<\/span><\/em><\/h6>\n\n\n\n<h6 class=\"wp-block-heading translation-block\" id=\"h-der-beitrag-enthalt-partnerlinks\">This post contains <a data-type=\"URL\" data-id=\"https:\/\/www.apfelpatient.de\/partnerprogramm\" href=\"https:\/\/www.apfelpatient.de\/en\/partner-program\" data-wpel-link=\"internal\" target=\"_self\">affiliate links<\/a>.<\/h6>","protected":false},"excerpt":{"rendered":"<p>Was that it after all? Will the iPhone 15 in 2023 ditch the Lightning connector and use USB-C instead?<\/p>","protected":false},"author":2,"featured_media":31652,"comment_status":"closed","ping_status":"closed","sticky":false,"template":"","format":"standard","meta":{"jnews-multi-image_gallery":[],"jnews_single_post":{"subtitle":"","format":"standard","video":"","gallery":"","source_name":"","source_url":"","via_name":"","via_url":"","override":[{"single_blog_custom":"","sidebar":"","second_sidebar":"","share_position":"","share_float_style":"","post_date_format":"","post_date_format_custom":"","post_reading_time_wpm":"","zoom_button_out_step":"1","zoom_button_in_step":"1","number_popup_post":"1"}],"image_override":[{"single_post_thumbnail_size":"","single_post_gallery_size":""}],"trending_post_position":"","trending_post_label":"","sponsored_post_label":"","sponsored_post_name":"","sponsored_post_url":"","sponsored_post_logo":"","sponsored_post_desc":""},"jnews_primary_category":{"id":"25"},"footnotes":""},"categories":[25],"tags":[8,689,579],"class_list":["post-31654","post","type-post","status-publish","format-standard","has-post-thumbnail","hentry","category-rumors","tag-iphone","tag-iphone-15","tag-iphone-2023"],"yoast_head":"<!-- This site is optimized with the Yoast SEO Premium plugin v27.5 (Yoast SEO v27.5) - https:\/\/yoast.com\/product\/yoast-seo-premium-wordpress\/ -->\n<title>Adieu Lightning-Port: iPhone 15 soll auf USB-C setzen Apfelpatient<\/title>\n<meta name=\"description\" content=\"War es das nun doch? Wird das iPhone 15 im Jahr 2023 den Lightning-Anschluss aufgeben und stattdessen USB-C verwenden?\" \/>\n<meta name=\"robots\" content=\"index, follow, max-snippet:-1, max-image-preview:large, max-video-preview:-1\" \/>\n<link rel=\"canonical\" href=\"https:\/\/www.apfelpatient.de\/en\/rumors\/goodbye-lightning-port-iphone-15-to-switch-to-usb-c\" \/>\n<meta property=\"og:locale\" content=\"en_US\" \/>\n<meta property=\"og:type\" content=\"article\" \/>\n<meta property=\"og:title\" content=\"Adieu Lightning-Port: iPhone 15 soll auf USB-C setzen\" \/>\n<meta property=\"og:description\" content=\"War es das nun doch? Wird das iPhone 15 im Jahr 2023 den Lightning-Anschluss aufgeben und stattdessen USB-C verwenden?\" \/>\n<meta property=\"og:url\" content=\"https:\/\/www.apfelpatient.de\/en\/rumors\/goodbye-lightning-port-iphone-15-to-switch-to-usb-c\" \/>\n<meta property=\"og:site_name\" content=\"Apfelpatient\" \/>\n<meta property=\"article:publisher\" content=\"https:\/\/www.facebook.com\/apfelpatientOfficial\" \/>\n<meta property=\"article:author\" content=\"https:\/\/www.facebook.com\/apfelpatientOfficial\" \/>\n<meta property=\"article:published_time\" content=\"2022-05-11T13:54:39+00:00\" \/>\n<meta property=\"og:image\" content=\"https:\/\/www.apfelpatient.de\/wp-content\/uploads\/2022\/05\/bigstock-Rostov-on-don-Russia-Octobe-329465665.jpg\" \/>\n\t<meta property=\"og:image:width\" content=\"1600\" \/>\n\t<meta property=\"og:image:height\" content=\"1067\" \/>\n\t<meta property=\"og:image:type\" content=\"image\/jpeg\" \/>\n<meta name=\"author\" content=\"Milan\" \/>\n<meta name=\"twitter:card\" content=\"summary_large_image\" \/>\n<meta name=\"twitter:description\" content=\"War es das nun doch? Wird das iPhone 15 im Jahr 2023 den Lightning-Anschluss aufgeben und stattdessen USB-C verwenden?\" \/>\n<meta name=\"twitter:label1\" content=\"Written by\" \/>\n\t<meta name=\"twitter:data1\" content=\"Milan\" \/>\n\t<meta name=\"twitter:label2\" content=\"Est. reading time\" \/>\n\t<meta name=\"twitter:data2\" content=\"2 minutes\" \/>\n<script type=\"application\/ld+json\" class=\"yoast-schema-graph\">{\"@context\":\"https:\\\/\\\/schema.org\",\"@graph\":[{\"@type\":\"NewsArticle\",\"@id\":\"https:\\\/\\\/www.apfelpatient.de\\\/rumors\\\/adieu-lightning-port-iphone-15-soll-auf-usb-c-setzen#article\",\"isPartOf\":{\"@id\":\"https:\\\/\\\/www.apfelpatient.de\\\/rumors\\\/adieu-lightning-port-iphone-15-soll-auf-usb-c-setzen\"},\"author\":{\"@type\":\"Organization\",\"@id\":\"https:\\\/\\\/www.apfelpatient.de\\\/en\\\/#organization\",\"name\":\"Apfelpatient\",\"url\":\"https:\\\/\\\/www.apfelpatient.de\\\/en\\\/\"},\"headline\":\"Adieu Lightning-Port: iPhone 15 soll auf USB-C setzen\",\"datePublished\":\"2022-05-11T13:54:39+00:00\",\"mainEntityOfPage\":{\"@id\":\"https:\\\/\\\/www.apfelpatient.de\\\/rumors\\\/adieu-lightning-port-iphone-15-soll-auf-usb-c-setzen\"},\"wordCount\":278,\"publisher\":{\"@type\":\"Organization\",\"@id\":\"https:\\\/\\\/www.apfelpatient.de\\\/en\\\/#organization\",\"name\":\"Apfelpatient\",\"url\":\"https:\\\/\\\/www.apfelpatient.de\\\/en\\\/\"},\"image\":{\"@id\":\"https:\\\/\\\/www.apfelpatient.de\\\/rumors\\\/adieu-lightning-port-iphone-15-soll-auf-usb-c-setzen#primaryimage\"},\"thumbnailUrl\":\"https:\\\/\\\/www.apfelpatient.de\\\/wp-content\\\/uploads\\\/2022\\\/05\\\/bigstock-Rostov-on-don-Russia-Octobe-329465665.jpg\",\"keywords\":[\"iPhone\",\"iPhone 15\",\"iPhone 2023\"],\"articleSection\":\"Rumors\",\"inLanguage\":\"en-US\",\"copyrightYear\":\"2022\",\"copyrightHolder\":{\"@id\":\"https:\\\/\\\/www.apfelpatient.de\\\/en\\\/#organization\"}},{\"@type\":\"WebPage\",\"@id\":\"https:\\\/\\\/www.apfelpatient.de\\\/rumors\\\/adieu-lightning-port-iphone-15-soll-auf-usb-c-setzen\",\"url\":\"https:\\\/\\\/www.apfelpatient.de\\\/rumors\\\/adieu-lightning-port-iphone-15-soll-auf-usb-c-setzen\",\"name\":\"Adieu Lightning-Port: iPhone 15 soll auf USB-C setzen Apfelpatient\",\"isPartOf\":{\"@id\":\"https:\\\/\\\/www.apfelpatient.de\\\/#website\"},\"primaryImageOfPage\":{\"@id\":\"https:\\\/\\\/www.apfelpatient.de\\\/rumors\\\/adieu-lightning-port-iphone-15-soll-auf-usb-c-setzen#primaryimage\"},\"image\":{\"@id\":\"https:\\\/\\\/www.apfelpatient.de\\\/rumors\\\/adieu-lightning-port-iphone-15-soll-auf-usb-c-setzen#primaryimage\"},\"thumbnailUrl\":\"https:\\\/\\\/www.apfelpatient.de\\\/wp-content\\\/uploads\\\/2022\\\/05\\\/bigstock-Rostov-on-don-Russia-Octobe-329465665.jpg\",\"datePublished\":\"2022-05-11T13:54:39+00:00\",\"description\":\"War es das nun doch? Wird das iPhone 15 im Jahr 2023 den Lightning-Anschluss aufgeben und stattdessen USB-C verwenden?\",\"breadcrumb\":{\"@id\":\"https:\\\/\\\/www.apfelpatient.de\\\/rumors\\\/adieu-lightning-port-iphone-15-soll-auf-usb-c-setzen#breadcrumb\"},\"inLanguage\":\"en-US\",\"potentialAction\":[{\"@type\":\"ReadAction\",\"target\":[\"https:\\\/\\\/www.apfelpatient.de\\\/rumors\\\/adieu-lightning-port-iphone-15-soll-auf-usb-c-setzen\"]}]},{\"@type\":\"ImageObject\",\"inLanguage\":\"en-US\",\"@id\":\"https:\\\/\\\/www.apfelpatient.de\\\/rumors\\\/adieu-lightning-port-iphone-15-soll-auf-usb-c-setzen#primaryimage\",\"url\":\"https:\\\/\\\/www.apfelpatient.de\\\/wp-content\\\/uploads\\\/2022\\\/05\\\/bigstock-Rostov-on-don-Russia-Octobe-329465665.jpg\",\"contentUrl\":\"https:\\\/\\\/www.apfelpatient.de\\\/wp-content\\\/uploads\\\/2022\\\/05\\\/bigstock-Rostov-on-don-Russia-Octobe-329465665.jpg\",\"width\":1600,\"height\":1067,\"caption\":\"Rostov-on-Don, Russia - october 2019. Apple iPhone 11 Pro on a white background. New smartphone from the company Apple close-up.Smartphone and box from it on a white background.\"},{\"@type\":\"BreadcrumbList\",\"@id\":\"https:\\\/\\\/www.apfelpatient.de\\\/rumors\\\/adieu-lightning-port-iphone-15-soll-auf-usb-c-setzen#breadcrumb\",\"itemListElement\":[{\"@type\":\"ListItem\",\"position\":1,\"name\":\"Startseite\",\"item\":\"https:\\\/\\\/www.apfelpatient.de\\\/\"},{\"@type\":\"ListItem\",\"position\":2,\"name\":\"Adieu Lightning-Port: iPhone 15 soll auf USB-C setzen\"}]},{\"@type\":\"WebSite\",\"@id\":\"https:\\\/\\\/www.apfelpatient.de\\\/#website\",\"url\":\"https:\\\/\\\/www.apfelpatient.de\\\/\",\"name\":\"Apfelpatient\",\"description\":\"Alles rund um Apple!\",\"publisher\":{\"@type\":\"Organization\",\"@id\":\"https:\\\/\\\/www.apfelpatient.de\\\/en\\\/#organization\",\"name\":\"Apfelpatient\",\"url\":\"https:\\\/\\\/www.apfelpatient.de\\\/en\\\/\"},\"alternateName\":\"Apfelpatient\",\"potentialAction\":[{\"@type\":\"SearchAction\",\"target\":{\"@type\":\"EntryPoint\",\"urlTemplate\":\"https:\\\/\\\/www.apfelpatient.de\\\/?s={search_term_string}\"},\"query-input\":{\"@type\":\"PropertyValueSpecification\",\"valueRequired\":true,\"valueName\":\"search_term_string\"}}],\"inLanguage\":\"en-US\"},{\"@type\":[\"Person\",\"Organization\"],\"@id\":\"https:\\\/\\\/www.apfelpatient.de\\\/#\\\/schema\\\/person\\\/7dc56ad6c8e9824b76d2c08d4c140e13\",\"name\":\"Milan\",\"logo\":{\"@id\":\"https:\\\/\\\/www.apfelpatient.de\\\/#\\\/schema\\\/person\\\/image\\\/\"},\"description\":\"Hallo und herzlich willkommen auf meinem Technik-Blog! Als gro\u00dfer Apple-Fan berichte ich hier \u00fcber alles, was mit Apple zu tun hat: von den neuesten News und spannenden Ger\u00fcchten \u00fcber hilfreiche Tipps und Tricks bis hin zu ausf\u00fchrlichen Produkttests. Wenn du genauso technikbegeistert bist wie ich, bist du hier genau richtig!\",\"sameAs\":[\"https:\\\/\\\/www.facebook.com\\\/apfelpatientOfficial\",\"https:\\\/\\\/www.linkedin.com\\\/in\\\/milan-jovicic-42aa0231b\"],\"url\":\"https:\\\/\\\/www.apfelpatient.de\\\/en\\\/author\\\/apfeladmin\"}]}<\/script>\n<!-- \/ Yoast SEO Premium plugin. -->","yoast_head_json":{"title":"Goodbye Lightning port: iPhone 15 to use USB-C Apfelpatient","description":"Was that it after all? Will the iPhone 15 in 2023 ditch the Lightning connector and use USB-C instead?","robots":{"index":"index","follow":"follow","max-snippet":"max-snippet:-1","max-image-preview":"max-image-preview:large","max-video-preview":"max-video-preview:-1"},"canonical":"https:\/\/www.apfelpatient.de\/en\/rumors\/goodbye-lightning-port-iphone-15-to-switch-to-usb-c","og_locale":"en_US","og_type":"article","og_title":"Adieu Lightning-Port: iPhone 15 soll auf USB-C setzen","og_description":"War es das nun doch? Wird das iPhone 15 im Jahr 2023 den Lightning-Anschluss aufgeben und stattdessen USB-C verwenden?","og_url":"https:\/\/www.apfelpatient.de\/en\/rumors\/goodbye-lightning-port-iphone-15-to-switch-to-usb-c","og_site_name":"Apfelpatient","article_publisher":"https:\/\/www.facebook.com\/apfelpatientOfficial","article_author":"https:\/\/www.facebook.com\/apfelpatientOfficial","article_published_time":"2022-05-11T13:54:39+00:00","og_image":[{"width":1600,"height":1067,"url":"https:\/\/www.apfelpatient.de\/wp-content\/uploads\/2022\/05\/bigstock-Rostov-on-don-Russia-Octobe-329465665.jpg","type":"image\/jpeg"}],"author":"Milan","twitter_card":"summary_large_image","twitter_description":"War es das nun doch? Wird das iPhone 15 im Jahr 2023 den Lightning-Anschluss aufgeben und stattdessen USB-C verwenden?","twitter_misc":{"Written by":"Milan","Est. reading time":"2 minutes"},"schema":{"@context":"https:\/\/schema.org","@graph":[{"@type":"NewsArticle","@id":"https:\/\/www.apfelpatient.de\/rumors\/adieu-lightning-port-iphone-15-soll-auf-usb-c-setzen#article","isPartOf":{"@id":"https:\/\/www.apfelpatient.de\/rumors\/adieu-lightning-port-iphone-15-soll-auf-usb-c-setzen"},"author":{"@type":"Organization","@id":"https:\/\/www.apfelpatient.de\/en\/#organization","name":"Apfelpatient","url":"https:\/\/www.apfelpatient.de\/en\/"},"headline":"Adieu Lightning-Port: iPhone 15 soll auf USB-C setzen","datePublished":"2022-05-11T13:54:39+00:00","mainEntityOfPage":{"@id":"https:\/\/www.apfelpatient.de\/rumors\/adieu-lightning-port-iphone-15-soll-auf-usb-c-setzen"},"wordCount":278,"publisher":{"@type":"Organization","@id":"https:\/\/www.apfelpatient.de\/en\/#organization","name":"Apfelpatient","url":"https:\/\/www.apfelpatient.de\/en\/"},"image":{"@id":"https:\/\/www.apfelpatient.de\/rumors\/adieu-lightning-port-iphone-15-soll-auf-usb-c-setzen#primaryimage"},"thumbnailUrl":"https:\/\/www.apfelpatient.de\/wp-content\/uploads\/2022\/05\/bigstock-Rostov-on-don-Russia-Octobe-329465665.jpg","keywords":["iPhone","iPhone 15","iPhone 2023"],"articleSection":"Rumors","inLanguage":"en-US","copyrightYear":"2022","copyrightHolder":{"@id":"https:\/\/www.apfelpatient.de\/en\/#organization"}},{"@type":"WebPage","@id":"https:\/\/www.apfelpatient.de\/rumors\/adieu-lightning-port-iphone-15-soll-auf-usb-c-setzen","url":"https:\/\/www.apfelpatient.de\/rumors\/adieu-lightning-port-iphone-15-soll-auf-usb-c-setzen","name":"Goodbye Lightning port: iPhone 15 to use USB-C Apfelpatient","isPartOf":{"@id":"https:\/\/www.apfelpatient.de\/#website"},"primaryImageOfPage":{"@id":"https:\/\/www.apfelpatient.de\/rumors\/adieu-lightning-port-iphone-15-soll-auf-usb-c-setzen#primaryimage"},"image":{"@id":"https:\/\/www.apfelpatient.de\/rumors\/adieu-lightning-port-iphone-15-soll-auf-usb-c-setzen#primaryimage"},"thumbnailUrl":"https:\/\/www.apfelpatient.de\/wp-content\/uploads\/2022\/05\/bigstock-Rostov-on-don-Russia-Octobe-329465665.jpg","datePublished":"2022-05-11T13:54:39+00:00","description":"Was that it after all? Will the iPhone 15 in 2023 ditch the Lightning connector and use USB-C instead?","breadcrumb":{"@id":"https:\/\/www.apfelpatient.de\/rumors\/adieu-lightning-port-iphone-15-soll-auf-usb-c-setzen#breadcrumb"},"inLanguage":"en-US","potentialAction":[{"@type":"ReadAction","target":["https:\/\/www.apfelpatient.de\/rumors\/adieu-lightning-port-iphone-15-soll-auf-usb-c-setzen"]}]},{"@type":"ImageObject","inLanguage":"en-US","@id":"https:\/\/www.apfelpatient.de\/rumors\/adieu-lightning-port-iphone-15-soll-auf-usb-c-setzen#primaryimage","url":"https:\/\/www.apfelpatient.de\/wp-content\/uploads\/2022\/05\/bigstock-Rostov-on-don-Russia-Octobe-329465665.jpg","contentUrl":"https:\/\/www.apfelpatient.de\/wp-content\/uploads\/2022\/05\/bigstock-Rostov-on-don-Russia-Octobe-329465665.jpg","width":1600,"height":1067,"caption":"Rostov-on-Don, Russia - october 2019. Apple iPhone 11 Pro on a white background. New smartphone from the company Apple close-up.Smartphone and box from it on a white background."},{"@type":"BreadcrumbList","@id":"https:\/\/www.apfelpatient.de\/rumors\/adieu-lightning-port-iphone-15-soll-auf-usb-c-setzen#breadcrumb","itemListElement":[{"@type":"ListItem","position":1,"name":"Startseite","item":"https:\/\/www.apfelpatient.de\/"},{"@type":"ListItem","position":2,"name":"Adieu Lightning-Port: iPhone 15 soll auf USB-C setzen"}]},{"@type":"WebSite","@id":"https:\/\/www.apfelpatient.de\/#website","url":"https:\/\/www.apfelpatient.de\/","name":"apple patient","description":"Everything about Apple!","publisher":{"@type":"Organization","@id":"https:\/\/www.apfelpatient.de\/en\/#organization","name":"Apfelpatient","url":"https:\/\/www.apfelpatient.de\/en\/"},"alternateName":"Apfelpatient","potentialAction":[{"@type":"SearchAction","target":{"@type":"EntryPoint","urlTemplate":"https:\/\/www.apfelpatient.de\/?s={search_term_string}"},"query-input":{"@type":"PropertyValueSpecification","valueRequired":true,"valueName":"search_term_string"}}],"inLanguage":"en-US"},{"@type":["Person","Organization"],"@id":"https:\/\/www.apfelpatient.de\/#\/schema\/person\/7dc56ad6c8e9824b76d2c08d4c140e13","name":"Milan","logo":{"@id":"https:\/\/www.apfelpatient.de\/#\/schema\/person\/image\/"},"description":"Hello and welcome to my technology blog! As a big Apple fan, I report on everything to do with Apple: from the latest news and exciting rumors to helpful tips and tricks and detailed product tests. If you are as enthusiastic about technology as I am, you have come to the right place!","sameAs":["https:\/\/www.facebook.com\/apfelpatientOfficial","https:\/\/www.linkedin.com\/in\/milan-jovicic-42aa0231b"],"url":"https:\/\/www.apfelpatient.de\/en\/author\/apfeladmin"}]}},"_links":{"self":[{"href":"https:\/\/www.apfelpatient.de\/en\/wp-json\/wp\/v2\/posts\/31654","targetHints":{"allow":["GET"]}}],"collection":[{"href":"https:\/\/www.apfelpatient.de\/en\/wp-json\/wp\/v2\/posts"}],"about":[{"href":"https:\/\/www.apfelpatient.de\/en\/wp-json\/wp\/v2\/types\/post"}],"author":[{"embeddable":true,"href":"https:\/\/www.apfelpatient.de\/en\/wp-json\/wp\/v2\/users\/2"}],"replies":[{"embeddable":true,"href":"https:\/\/www.apfelpatient.de\/en\/wp-json\/wp\/v2\/comments?post=31654"}],"version-history":[{"count":0,"href":"https:\/\/www.apfelpatient.de\/en\/wp-json\/wp\/v2\/posts\/31654\/revisions"}],"wp:featuredmedia":[{"embeddable":true,"href":"https:\/\/www.apfelpatient.de\/en\/wp-json\/wp\/v2\/media\/31652"}],"wp:attachment":[{"href":"https:\/\/www.apfelpatient.de\/en\/wp-json\/wp\/v2\/media?parent=31654"}],"wp:term":[{"taxonomy":"category","embeddable":true,"href":"https:\/\/www.apfelpatient.de\/en\/wp-json\/wp\/v2\/categories?post=31654"},{"taxonomy":"post_tag","embeddable":true,"href":"https:\/\/www.apfelpatient.de\/en\/wp-json\/wp\/v2\/tags?post=31654"}],"curies":[{"name":"wp","href":"https:\/\/api.w.org\/{rel}","templated":true}]}}