{"id":31625,"date":"2022-05-10T18:47:46","date_gmt":"2022-05-10T16:47:46","guid":{"rendered":"https:\/\/www.apfelpatient.de\/?p=31625"},"modified":"2022-05-10T19:04:05","modified_gmt":"2022-05-10T17:04:05","slug":"the-end-of-an-era-apple-discontinues-the-ipod","status":"publish","type":"post","link":"https:\/\/www.apfelpatient.de\/en\/news\/das-ende-einer-aera-apple-stellt-den-ipod-ein","title":{"rendered":"The end of an era: Apple discontinues the iPod"},"content":{"rendered":"<p class=\"has-drop-cap\"><strong>Apple&#039;s last iPod, the venerable iPod touch, has now officially been discontinued and will not be replaced once stocks run out.<\/strong><\/p>\n\n\n\n<p>It hasn&#039;t been updated since 2019. The iPod touch was not only the last iPod, it was also the cheaper entry into iOS for many users. <a href=\"https:\/\/www.apple.com\/newsroom\/2022\/05\/the-music-lives-on\/\" target=\"_blank\" rel=\"noreferrer noopener\">explained<\/a> Greg Joswiak, Senior Vice President of Worldwide Marketing at Apple:<\/p>\n\n\n\n<h3 class=\"wp-block-heading\" id=\"h-apple-schickt-die-ipod-marke-in-den-ruhestand\">Apple retires the iPod brand<\/h3>\n\n\n\n\n\n\n\n<blockquote class=\"wp-block-quote is-layout-flow wp-block-quote-is-layout-flow\"><p>Music has always been part of our core at Apple, and making it accessible to hundreds of millions of users in the way iPod did not only impacted the music industry, it redefined how music is discovered, listened to and shared. Today, the spirit of iPod lives on. We&#039;ve built an incredible music experience into all of our products, from iPhone to Apple Watch and HomePod mini to Mac, iPad and Apple TV. And Apple Music offers industry-leading sound quality with support for spatial audio\u2014there&#039;s no better way to enjoy, discover and experience music.<\/p><\/blockquote>\n\n\n\n<p>Apple&#039;s iPod line was replaced by the iPhone, which for a while even called its music app &quot;iPod.&quot; The iPod touch was introduced in 2007, shortly after the iPhone, and offered users a full iOS experience.<\/p>\n\n\n\n<figure class=\"wp-block-image size-large\"><img decoding=\"async\" width=\"1024\" height=\"732\" src=\"https:\/\/www.apfelpatient.de\/wp-content\/uploads\/2022\/05\/Apple-iPod-end-of-life-iPod-first-generation-1024x732.png\" alt=\"\" class=\"wp-image-31628\" srcset=\"https:\/\/www.apfelpatient.de\/wp-content\/uploads\/2022\/05\/Apple-iPod-end-of-life-iPod-first-generation-1024x732.png 1024w, https:\/\/www.apfelpatient.de\/wp-content\/uploads\/2022\/05\/Apple-iPod-end-of-life-iPod-first-generation-300x214.png 300w, https:\/\/www.apfelpatient.de\/wp-content\/uploads\/2022\/05\/Apple-iPod-end-of-life-iPod-first-generation-768x549.png 768w, https:\/\/www.apfelpatient.de\/wp-content\/uploads\/2022\/05\/Apple-iPod-end-of-life-iPod-first-generation-1536x1097.png 1536w, https:\/\/www.apfelpatient.de\/wp-content\/uploads\/2022\/05\/Apple-iPod-end-of-life-iPod-first-generation-120x86.png 120w, https:\/\/www.apfelpatient.de\/wp-content\/uploads\/2022\/05\/Apple-iPod-end-of-life-iPod-first-generation-350x250.png 350w, https:\/\/www.apfelpatient.de\/wp-content\/uploads\/2022\/05\/Apple-iPod-end-of-life-iPod-first-generation-750x536.png 750w, https:\/\/www.apfelpatient.de\/wp-content\/uploads\/2022\/05\/Apple-iPod-end-of-life-iPod-first-generation-1140x814.png 1140w, https:\/\/www.apfelpatient.de\/wp-content\/uploads\/2022\/05\/Apple-iPod-end-of-life-iPod-first-generation.png 1600w\" sizes=\"(max-width: 1024px) 100vw, 1024px\" \/><figcaption>Image: Apple<\/figcaption><\/figure>\n\n\n\n<p>Apart from making phone calls, he could use the same apps as the iPhone, but at a price of around 200 euros \u2013 and without monthly fees (<a href=\"https:\/\/amzn.to\/3FvJjpw\" target=\"_blank\" rel=\"noreferrer noopener\">still available on Amazon<\/a>). With the end of the iPod touch, Apple&#039;s cheapest entry into iOS is now the iPhone SE. (Image: Apple)<\/p>\n\n\n\n<ul class=\"wp-block-list\"><li><a href=\"https:\/\/www.apfelpatient.de\/en\/news\/iphone-13-pitaka-introduces-magez-case-pro-with-magsafe\">iPhone 13: Pitaka introduces MagEZ Case Pro with MagSafe<\/a><\/li><\/ul>\n\n\n\n<h6 class=\"wp-block-heading translation-block\" id=\"h-kennt-ihr-schon-unsere-amazon-storefront-dort-findet-ihr-eine-handverlesene-auswahl-von-diversen-produkten-f-r-euer-iphone-und-co-viel-spa-beim-st-bern\"><em>Have you already visited our Amazon Storefront? There you&#039;ll find a hand-picked selection of various products for your iPhone and other devices \u2013 <span class=\"has-inline-color has-vivid-red-color\"><a href=\"https:\/\/www.amazon.de\/shop\/apfelpatientofficial\" class=\"ek-link\" data-wpel-link=\"exclude\" rel=\"follow noopener\" target=\"_self\"><span style=\"text-decoration: underline\" class=\"ek-underline\">enjoy browsing<\/span><\/a> !<\/span><\/em><\/h6>\n\n\n\n<h6 class=\"wp-block-heading translation-block\" id=\"h-der-beitrag-enthalt-partnerlinks\">This post contains <a data-type=\"URL\" data-id=\"https:\/\/www.apfelpatient.de\/partnerprogramm\" href=\"https:\/\/www.apfelpatient.de\/en\/partner-program\" data-wpel-link=\"internal\" target=\"_self\">affiliate links<\/a>.<\/h6>","protected":false},"excerpt":{"rendered":"<p>Apple&#039;s last iPod, the venerable iPod touch, has now been officially discontinued and will not be replaced.<\/p>","protected":false},"author":2,"featured_media":31624,"comment_status":"closed","ping_status":"closed","sticky":false,"template":"","format":"standard","meta":{"jnews-multi-image_gallery":[],"jnews_single_post":{"subtitle":"","format":"standard","video":"","gallery":"","source_name":"","source_url":"","via_name":"","via_url":"","override":[{"single_blog_custom":"","sidebar":"","second_sidebar":"","share_position":"","share_float_style":"","post_date_format":"","post_date_format_custom":"","post_reading_time_wpm":"","zoom_button_out_step":"1","zoom_button_in_step":"1","number_popup_post":"1"}],"image_override":[{"single_post_thumbnail_size":"","single_post_gallery_size":""}],"trending_post_position":"","trending_post_label":"","sponsored_post_label":"","sponsored_post_name":"","sponsored_post_url":"","sponsored_post_logo":"","sponsored_post_desc":""},"jnews_primary_category":{"id":"9"},"footnotes":""},"categories":[9],"tags":[85,3,18,8,40],"class_list":["post-31625","post","type-post","status-publish","format-standard","has-post-thumbnail","hentry","category-news","tag-homepod","tag-ios","tag-ipad","tag-iphone","tag-mac"],"yoast_head":"<!-- This site is optimized with the Yoast SEO Premium plugin v27.5 (Yoast SEO v27.5) - https:\/\/yoast.com\/product\/yoast-seo-premium-wordpress\/ -->\n<title>Das Ende einer \u00c4ra: Apple stellt den iPod ein Apfelpatient<\/title>\n<meta name=\"description\" content=\"Apples letzter iPod, der ehrw\u00fcrdige iPod touch, wurde nun offiziell eingestellt und wird nicht mehr ersetzt.\" \/>\n<meta name=\"robots\" content=\"index, follow, max-snippet:-1, max-image-preview:large, max-video-preview:-1\" \/>\n<link rel=\"canonical\" href=\"https:\/\/www.apfelpatient.de\/en\/news\/the-end-of-an-era-apple-discontinues-the-ipod\" \/>\n<meta property=\"og:locale\" content=\"en_US\" \/>\n<meta property=\"og:type\" content=\"article\" \/>\n<meta property=\"og:title\" content=\"Das Ende einer \u00c4ra: Apple stellt den iPod ein\" \/>\n<meta property=\"og:description\" content=\"Apples letzter iPod, der ehrw\u00fcrdige iPod touch, wurde nun offiziell eingestellt und wird nicht mehr ersetzt.\" \/>\n<meta property=\"og:url\" content=\"https:\/\/www.apfelpatient.de\/en\/news\/the-end-of-an-era-apple-discontinues-the-ipod\" \/>\n<meta property=\"og:site_name\" content=\"Apfelpatient\" \/>\n<meta property=\"article:publisher\" content=\"https:\/\/www.facebook.com\/apfelpatientOfficial\" \/>\n<meta property=\"article:author\" content=\"https:\/\/www.facebook.com\/apfelpatientOfficial\" \/>\n<meta property=\"article:published_time\" content=\"2022-05-10T16:47:46+00:00\" \/>\n<meta property=\"article:modified_time\" content=\"2022-05-10T17:04:05+00:00\" \/>\n<meta property=\"og:image\" content=\"https:\/\/www.apfelpatient.de\/wp-content\/uploads\/2022\/05\/Apple-iPod-end-of-life-iPod-Nano-2006.png\" \/>\n\t<meta property=\"og:image:width\" content=\"1600\" \/>\n\t<meta property=\"og:image:height\" content=\"1143\" \/>\n\t<meta property=\"og:image:type\" content=\"image\/png\" \/>\n<meta name=\"author\" content=\"Milan\" \/>\n<meta name=\"twitter:card\" content=\"summary_large_image\" \/>\n<meta name=\"twitter:description\" content=\"Apples letzter iPod, der ehrw\u00fcrdige iPod touch, wurde nun offiziell eingestellt und wird nicht mehr ersetzt.\" \/>\n<meta name=\"twitter:label1\" content=\"Written by\" \/>\n\t<meta name=\"twitter:data1\" content=\"Milan\" \/>\n\t<meta name=\"twitter:label2\" content=\"Est. reading time\" \/>\n\t<meta name=\"twitter:data2\" content=\"2 minutes\" \/>\n<script type=\"application\/ld+json\" class=\"yoast-schema-graph\">{\"@context\":\"https:\\\/\\\/schema.org\",\"@graph\":[{\"@type\":\"NewsArticle\",\"@id\":\"https:\\\/\\\/www.apfelpatient.de\\\/news\\\/das-ende-einer-aera-apple-stellt-den-ipod-ein#article\",\"isPartOf\":{\"@id\":\"https:\\\/\\\/www.apfelpatient.de\\\/news\\\/das-ende-einer-aera-apple-stellt-den-ipod-ein\"},\"author\":{\"@type\":\"Organization\",\"@id\":\"https:\\\/\\\/www.apfelpatient.de\\\/en\\\/#organization\",\"name\":\"Apfelpatient\",\"url\":\"https:\\\/\\\/www.apfelpatient.de\\\/en\\\/\"},\"headline\":\"Das Ende einer \u00c4ra: Apple stellt den iPod ein\",\"datePublished\":\"2022-05-10T16:47:46+00:00\",\"dateModified\":\"2022-05-10T17:04:05+00:00\",\"mainEntityOfPage\":{\"@id\":\"https:\\\/\\\/www.apfelpatient.de\\\/news\\\/das-ende-einer-aera-apple-stellt-den-ipod-ein\"},\"wordCount\":293,\"publisher\":{\"@type\":\"Organization\",\"@id\":\"https:\\\/\\\/www.apfelpatient.de\\\/en\\\/#organization\",\"name\":\"Apfelpatient\",\"url\":\"https:\\\/\\\/www.apfelpatient.de\\\/en\\\/\"},\"image\":{\"@id\":\"https:\\\/\\\/www.apfelpatient.de\\\/news\\\/das-ende-einer-aera-apple-stellt-den-ipod-ein#primaryimage\"},\"thumbnailUrl\":\"https:\\\/\\\/www.apfelpatient.de\\\/wp-content\\\/uploads\\\/2022\\\/05\\\/Apple-iPod-end-of-life-iPod-Nano-2006.png\",\"keywords\":[\"HomePod\",\"iOS\",\"iPad\",\"iPhone\",\"Mac\"],\"articleSection\":\"News\",\"inLanguage\":\"en-US\",\"copyrightYear\":\"2022\",\"copyrightHolder\":{\"@id\":\"https:\\\/\\\/www.apfelpatient.de\\\/en\\\/#organization\"}},{\"@type\":\"WebPage\",\"@id\":\"https:\\\/\\\/www.apfelpatient.de\\\/news\\\/das-ende-einer-aera-apple-stellt-den-ipod-ein\",\"url\":\"https:\\\/\\\/www.apfelpatient.de\\\/news\\\/das-ende-einer-aera-apple-stellt-den-ipod-ein\",\"name\":\"Das Ende einer \u00c4ra: Apple stellt den iPod ein Apfelpatient\",\"isPartOf\":{\"@id\":\"https:\\\/\\\/www.apfelpatient.de\\\/#website\"},\"primaryImageOfPage\":{\"@id\":\"https:\\\/\\\/www.apfelpatient.de\\\/news\\\/das-ende-einer-aera-apple-stellt-den-ipod-ein#primaryimage\"},\"image\":{\"@id\":\"https:\\\/\\\/www.apfelpatient.de\\\/news\\\/das-ende-einer-aera-apple-stellt-den-ipod-ein#primaryimage\"},\"thumbnailUrl\":\"https:\\\/\\\/www.apfelpatient.de\\\/wp-content\\\/uploads\\\/2022\\\/05\\\/Apple-iPod-end-of-life-iPod-Nano-2006.png\",\"datePublished\":\"2022-05-10T16:47:46+00:00\",\"dateModified\":\"2022-05-10T17:04:05+00:00\",\"description\":\"Apples letzter iPod, der ehrw\u00fcrdige iPod touch, wurde nun offiziell eingestellt und wird nicht mehr ersetzt.\",\"breadcrumb\":{\"@id\":\"https:\\\/\\\/www.apfelpatient.de\\\/news\\\/das-ende-einer-aera-apple-stellt-den-ipod-ein#breadcrumb\"},\"inLanguage\":\"en-US\",\"potentialAction\":[{\"@type\":\"ReadAction\",\"target\":[\"https:\\\/\\\/www.apfelpatient.de\\\/news\\\/das-ende-einer-aera-apple-stellt-den-ipod-ein\"]}]},{\"@type\":\"ImageObject\",\"inLanguage\":\"en-US\",\"@id\":\"https:\\\/\\\/www.apfelpatient.de\\\/news\\\/das-ende-einer-aera-apple-stellt-den-ipod-ein#primaryimage\",\"url\":\"https:\\\/\\\/www.apfelpatient.de\\\/wp-content\\\/uploads\\\/2022\\\/05\\\/Apple-iPod-end-of-life-iPod-Nano-2006.png\",\"contentUrl\":\"https:\\\/\\\/www.apfelpatient.de\\\/wp-content\\\/uploads\\\/2022\\\/05\\\/Apple-iPod-end-of-life-iPod-Nano-2006.png\",\"width\":1600,\"height\":1143,\"caption\":\"Bild: Apple\"},{\"@type\":\"BreadcrumbList\",\"@id\":\"https:\\\/\\\/www.apfelpatient.de\\\/news\\\/das-ende-einer-aera-apple-stellt-den-ipod-ein#breadcrumb\",\"itemListElement\":[{\"@type\":\"ListItem\",\"position\":1,\"name\":\"Startseite\",\"item\":\"https:\\\/\\\/www.apfelpatient.de\\\/\"},{\"@type\":\"ListItem\",\"position\":2,\"name\":\"Das Ende einer \u00c4ra: Apple stellt den iPod ein\"}]},{\"@type\":\"WebSite\",\"@id\":\"https:\\\/\\\/www.apfelpatient.de\\\/#website\",\"url\":\"https:\\\/\\\/www.apfelpatient.de\\\/\",\"name\":\"Apfelpatient\",\"description\":\"Alles rund um Apple!\",\"publisher\":{\"@type\":\"Organization\",\"@id\":\"https:\\\/\\\/www.apfelpatient.de\\\/en\\\/#organization\",\"name\":\"Apfelpatient\",\"url\":\"https:\\\/\\\/www.apfelpatient.de\\\/en\\\/\"},\"alternateName\":\"Apfelpatient\",\"potentialAction\":[{\"@type\":\"SearchAction\",\"target\":{\"@type\":\"EntryPoint\",\"urlTemplate\":\"https:\\\/\\\/www.apfelpatient.de\\\/?s={search_term_string}\"},\"query-input\":{\"@type\":\"PropertyValueSpecification\",\"valueRequired\":true,\"valueName\":\"search_term_string\"}}],\"inLanguage\":\"en-US\"},{\"@type\":[\"Person\",\"Organization\"],\"@id\":\"https:\\\/\\\/www.apfelpatient.de\\\/#\\\/schema\\\/person\\\/7dc56ad6c8e9824b76d2c08d4c140e13\",\"name\":\"Milan\",\"logo\":{\"@id\":\"https:\\\/\\\/www.apfelpatient.de\\\/#\\\/schema\\\/person\\\/image\\\/\"},\"description\":\"Hallo und herzlich willkommen auf meinem Technik-Blog! Als gro\u00dfer Apple-Fan berichte ich hier \u00fcber alles, was mit Apple zu tun hat: von den neuesten News und spannenden Ger\u00fcchten \u00fcber hilfreiche Tipps und Tricks bis hin zu ausf\u00fchrlichen Produkttests. Wenn du genauso technikbegeistert bist wie ich, bist du hier genau richtig!\",\"sameAs\":[\"https:\\\/\\\/www.facebook.com\\\/apfelpatientOfficial\",\"https:\\\/\\\/www.linkedin.com\\\/in\\\/milan-jovicic-42aa0231b\"],\"url\":\"https:\\\/\\\/www.apfelpatient.de\\\/en\\\/author\\\/apfeladmin\"}]}<\/script>\n<!-- \/ Yoast SEO Premium plugin. -->","yoast_head_json":{"title":"The end of an era: Apple discontinues the iPod Apfelpatient","description":"Apple&#039;s last iPod, the venerable iPod touch, has now been officially discontinued and will not be replaced.","robots":{"index":"index","follow":"follow","max-snippet":"max-snippet:-1","max-image-preview":"max-image-preview:large","max-video-preview":"max-video-preview:-1"},"canonical":"https:\/\/www.apfelpatient.de\/en\/news\/the-end-of-an-era-apple-discontinues-the-ipod","og_locale":"en_US","og_type":"article","og_title":"Das Ende einer \u00c4ra: Apple stellt den iPod ein","og_description":"Apples letzter iPod, der ehrw\u00fcrdige iPod touch, wurde nun offiziell eingestellt und wird nicht mehr ersetzt.","og_url":"https:\/\/www.apfelpatient.de\/en\/news\/the-end-of-an-era-apple-discontinues-the-ipod","og_site_name":"Apfelpatient","article_publisher":"https:\/\/www.facebook.com\/apfelpatientOfficial","article_author":"https:\/\/www.facebook.com\/apfelpatientOfficial","article_published_time":"2022-05-10T16:47:46+00:00","article_modified_time":"2022-05-10T17:04:05+00:00","og_image":[{"width":1600,"height":1143,"url":"https:\/\/www.apfelpatient.de\/wp-content\/uploads\/2022\/05\/Apple-iPod-end-of-life-iPod-Nano-2006.png","type":"image\/png"}],"author":"Milan","twitter_card":"summary_large_image","twitter_description":"Apples letzter iPod, der ehrw\u00fcrdige iPod touch, wurde nun offiziell eingestellt und wird nicht mehr ersetzt.","twitter_misc":{"Written by":"Milan","Est. reading time":"2 minutes"},"schema":{"@context":"https:\/\/schema.org","@graph":[{"@type":"NewsArticle","@id":"https:\/\/www.apfelpatient.de\/news\/das-ende-einer-aera-apple-stellt-den-ipod-ein#article","isPartOf":{"@id":"https:\/\/www.apfelpatient.de\/news\/das-ende-einer-aera-apple-stellt-den-ipod-ein"},"author":{"@type":"Organization","@id":"https:\/\/www.apfelpatient.de\/en\/#organization","name":"Apfelpatient","url":"https:\/\/www.apfelpatient.de\/en\/"},"headline":"Das Ende einer \u00c4ra: Apple stellt den iPod ein","datePublished":"2022-05-10T16:47:46+00:00","dateModified":"2022-05-10T17:04:05+00:00","mainEntityOfPage":{"@id":"https:\/\/www.apfelpatient.de\/news\/das-ende-einer-aera-apple-stellt-den-ipod-ein"},"wordCount":293,"publisher":{"@type":"Organization","@id":"https:\/\/www.apfelpatient.de\/en\/#organization","name":"Apfelpatient","url":"https:\/\/www.apfelpatient.de\/en\/"},"image":{"@id":"https:\/\/www.apfelpatient.de\/news\/das-ende-einer-aera-apple-stellt-den-ipod-ein#primaryimage"},"thumbnailUrl":"https:\/\/www.apfelpatient.de\/wp-content\/uploads\/2022\/05\/Apple-iPod-end-of-life-iPod-Nano-2006.png","keywords":["HomePod","iOS","iPad","iPhone","Mac"],"articleSection":"News","inLanguage":"en-US","copyrightYear":"2022","copyrightHolder":{"@id":"https:\/\/www.apfelpatient.de\/en\/#organization"}},{"@type":"WebPage","@id":"https:\/\/www.apfelpatient.de\/news\/das-ende-einer-aera-apple-stellt-den-ipod-ein","url":"https:\/\/www.apfelpatient.de\/news\/das-ende-einer-aera-apple-stellt-den-ipod-ein","name":"The end of an era: Apple discontinues the iPod Apfelpatient","isPartOf":{"@id":"https:\/\/www.apfelpatient.de\/#website"},"primaryImageOfPage":{"@id":"https:\/\/www.apfelpatient.de\/news\/das-ende-einer-aera-apple-stellt-den-ipod-ein#primaryimage"},"image":{"@id":"https:\/\/www.apfelpatient.de\/news\/das-ende-einer-aera-apple-stellt-den-ipod-ein#primaryimage"},"thumbnailUrl":"https:\/\/www.apfelpatient.de\/wp-content\/uploads\/2022\/05\/Apple-iPod-end-of-life-iPod-Nano-2006.png","datePublished":"2022-05-10T16:47:46+00:00","dateModified":"2022-05-10T17:04:05+00:00","description":"Apple&#039;s last iPod, the venerable iPod touch, has now been officially discontinued and will not be replaced.","breadcrumb":{"@id":"https:\/\/www.apfelpatient.de\/news\/das-ende-einer-aera-apple-stellt-den-ipod-ein#breadcrumb"},"inLanguage":"en-US","potentialAction":[{"@type":"ReadAction","target":["https:\/\/www.apfelpatient.de\/news\/das-ende-einer-aera-apple-stellt-den-ipod-ein"]}]},{"@type":"ImageObject","inLanguage":"en-US","@id":"https:\/\/www.apfelpatient.de\/news\/das-ende-einer-aera-apple-stellt-den-ipod-ein#primaryimage","url":"https:\/\/www.apfelpatient.de\/wp-content\/uploads\/2022\/05\/Apple-iPod-end-of-life-iPod-Nano-2006.png","contentUrl":"https:\/\/www.apfelpatient.de\/wp-content\/uploads\/2022\/05\/Apple-iPod-end-of-life-iPod-Nano-2006.png","width":1600,"height":1143,"caption":"Bild: Apple"},{"@type":"BreadcrumbList","@id":"https:\/\/www.apfelpatient.de\/news\/das-ende-einer-aera-apple-stellt-den-ipod-ein#breadcrumb","itemListElement":[{"@type":"ListItem","position":1,"name":"Startseite","item":"https:\/\/www.apfelpatient.de\/"},{"@type":"ListItem","position":2,"name":"Das Ende einer \u00c4ra: Apple stellt den iPod ein"}]},{"@type":"WebSite","@id":"https:\/\/www.apfelpatient.de\/#website","url":"https:\/\/www.apfelpatient.de\/","name":"apple patient","description":"Everything about Apple!","publisher":{"@type":"Organization","@id":"https:\/\/www.apfelpatient.de\/en\/#organization","name":"Apfelpatient","url":"https:\/\/www.apfelpatient.de\/en\/"},"alternateName":"Apfelpatient","potentialAction":[{"@type":"SearchAction","target":{"@type":"EntryPoint","urlTemplate":"https:\/\/www.apfelpatient.de\/?s={search_term_string}"},"query-input":{"@type":"PropertyValueSpecification","valueRequired":true,"valueName":"search_term_string"}}],"inLanguage":"en-US"},{"@type":["Person","Organization"],"@id":"https:\/\/www.apfelpatient.de\/#\/schema\/person\/7dc56ad6c8e9824b76d2c08d4c140e13","name":"Milan","logo":{"@id":"https:\/\/www.apfelpatient.de\/#\/schema\/person\/image\/"},"description":"Hello and welcome to my technology blog! As a big Apple fan, I report on everything to do with Apple: from the latest news and exciting rumors to helpful tips and tricks and detailed product tests. If you are as enthusiastic about technology as I am, you have come to the right place!","sameAs":["https:\/\/www.facebook.com\/apfelpatientOfficial","https:\/\/www.linkedin.com\/in\/milan-jovicic-42aa0231b"],"url":"https:\/\/www.apfelpatient.de\/en\/author\/apfeladmin"}]}},"_links":{"self":[{"href":"https:\/\/www.apfelpatient.de\/en\/wp-json\/wp\/v2\/posts\/31625","targetHints":{"allow":["GET"]}}],"collection":[{"href":"https:\/\/www.apfelpatient.de\/en\/wp-json\/wp\/v2\/posts"}],"about":[{"href":"https:\/\/www.apfelpatient.de\/en\/wp-json\/wp\/v2\/types\/post"}],"author":[{"embeddable":true,"href":"https:\/\/www.apfelpatient.de\/en\/wp-json\/wp\/v2\/users\/2"}],"replies":[{"embeddable":true,"href":"https:\/\/www.apfelpatient.de\/en\/wp-json\/wp\/v2\/comments?post=31625"}],"version-history":[{"count":0,"href":"https:\/\/www.apfelpatient.de\/en\/wp-json\/wp\/v2\/posts\/31625\/revisions"}],"wp:featuredmedia":[{"embeddable":true,"href":"https:\/\/www.apfelpatient.de\/en\/wp-json\/wp\/v2\/media\/31624"}],"wp:attachment":[{"href":"https:\/\/www.apfelpatient.de\/en\/wp-json\/wp\/v2\/media?parent=31625"}],"wp:term":[{"taxonomy":"category","embeddable":true,"href":"https:\/\/www.apfelpatient.de\/en\/wp-json\/wp\/v2\/categories?post=31625"},{"taxonomy":"post_tag","embeddable":true,"href":"https:\/\/www.apfelpatient.de\/en\/wp-json\/wp\/v2\/tags?post=31625"}],"curies":[{"name":"wp","href":"https:\/\/api.w.org\/{rel}","templated":true}]}}