{"id":31586,"date":"2022-05-08T17:23:28","date_gmt":"2022-05-08T15:23:28","guid":{"rendered":"https:\/\/www.apfelpatient.de\/?p=31586"},"modified":"2022-05-08T17:23:28","modified_gmt":"2022-05-08T15:23:28","slug":"airpods-pro-2-airpods-max-new-details-about-apples-plans","status":"publish","type":"post","link":"https:\/\/www.apfelpatient.de\/en\/rumors\/airpods-pro-2-airpods-max-neue-details-zu-apples-plaenen","title":{"rendered":"AirPods Pro 2 &amp; AirPods Max: New details on Apple&#039;s plans"},"content":{"rendered":"<p class=\"has-drop-cap\"><strong>Rumors about the AirPods Pro 2 have been with us for many months. Now, for the first time, plans regarding the AirPods Max have been discussed.<\/strong><\/p>\n\n\n\n<p>Rumours suggest that Apple will introduce the second generation of AirPods Pro in the fall, which will feature a new design, improved audio quality and possible health integration, at least that&#039;s what Mark Gurman claims in the latest <a href=\"https:\/\/www.bloomberg.com\/account\/newsletters\/power-on\" target=\"_blank\" rel=\"noreferrer noopener\">output<\/a> his \u201cPower On\u201d newsletter for Bloomberg.<\/p>\n\n\n\n<blockquote class=\"wp-block-quote is-layout-flow wp-block-quote-is-layout-flow\"><p>Look for new AirPods Pro in the fall. The current model has been out since fall 2019, so batteries are probably already in trouble for some early adopters. Also look for an update to the AirPods Max with new colors (and hopefully a price drop\u2014$550$ is absurd for these headphones).<\/p><\/blockquote>\n\n\n\n<h3 class=\"wp-block-heading\" id=\"h-neben-airpods-pro-2-sollen-auch-airpods-max-in-neuen-farben-erscheinen\">In addition to AirPods Pro 2, AirPods Max will also be released in new colors<\/h3>\n\n\n\n\n\n\n\n<p>The AirPods Pro have not been updated since their launch in 2019, with various rumors pointing to an update this year. Gurman&#039;s claim of a fall launch is consistent with information from Apple analyst Ming-Chi Kuo, who expects a launch in the second half of the year. The new AirPods Pro could feature a more compact design that eliminates the stem, a new charging case, and lossless audio support via a new protocol. As for the AirPods Max, the company is not expected to develop the second generation. Instead, Apple is believed to be working on new color variants. Gurman said today that the new colors are still being worked on, but would not give a timeline for the launch. For those who don&#039;t want to wait: AirPods Pro, AirPods 3, and AirPods Max <a href=\"https:\/\/www.amazon.de\/shop\/apfelpatientofficial\/list\/2SH1KEP4J41TE?ref=cm_sw_em_r_inf_list_own_apfelpatientofficial_dp_tluyFoxjw3Wss\" target=\"_blank\" rel=\"noreferrer noopener\">buy now cheap on Amazon<\/a>. (Photo by Unsplash \/ Akhil Yerabati)<\/p>\n\n\n\n<ul class=\"wp-block-list\"><li><a href=\"https:\/\/www.apfelpatient.de\/en\/tests-experience-reports\/anker-2-in-1-charging-station-with-removable-magnetic-battery-in-hands-on\">Anker 2-in-1 charging station with removable magnetic battery in hands-on<\/a><\/li><\/ul>\n\n\n\n<h6 class=\"wp-block-heading translation-block\" id=\"h-kennt-ihr-schon-unsere-amazon-storefront-dort-findet-ihr-eine-handverlesene-auswahl-von-diversen-produkten-f-r-euer-iphone-und-co-viel-spa-beim-st-bern\"><em>Have you already visited our Amazon Storefront? There you&#039;ll find a hand-picked selection of various products for your iPhone and other devices \u2013 <span class=\"has-inline-color has-vivid-red-color\"><a href=\"https:\/\/www.amazon.de\/shop\/apfelpatientofficial\" class=\"ek-link\" data-wpel-link=\"exclude\" rel=\"follow noopener\" target=\"_self\"><span style=\"text-decoration: underline\" class=\"ek-underline\">enjoy browsing<\/span><\/a> !<\/span><\/em><\/h6>\n\n\n\n<h6 class=\"wp-block-heading translation-block\" id=\"h-der-beitrag-enthalt-partnerlinks\">This post contains <a data-type=\"URL\" data-id=\"https:\/\/www.apfelpatient.de\/partnerprogramm\" href=\"https:\/\/www.apfelpatient.de\/en\/partner-program\" data-wpel-link=\"internal\" target=\"_self\">affiliate links<\/a>.<\/h6>","protected":false},"excerpt":{"rendered":"<p>Rumors about the AirPods Pro 2 have been circulating for months. Now, for the first time, plans for the AirPods Max have been discussed.<\/p>","protected":false},"author":2,"featured_media":31585,"comment_status":"closed","ping_status":"closed","sticky":false,"template":"","format":"standard","meta":{"jnews-multi-image_gallery":[],"jnews_single_post":{"subtitle":"","format":"standard","video":"","gallery":"","source_name":"","source_url":"","via_name":"","via_url":"","override":[{"single_blog_custom":"","sidebar":"","second_sidebar":"","share_position":"","share_float_style":"","post_date_format":"","post_date_format_custom":"","post_reading_time_wpm":"","zoom_button_out_step":"1","zoom_button_in_step":"1","number_popup_post":"1"}],"image_override":[{"single_post_thumbnail_size":"","single_post_gallery_size":""}],"trending_post_position":"","trending_post_label":"","sponsored_post_label":"","sponsored_post_name":"","sponsored_post_url":"","sponsored_post_logo":"","sponsored_post_desc":""},"jnews_primary_category":{"id":"25"},"footnotes":""},"categories":[25],"tags":[28,409,347],"class_list":["post-31586","post","type-post","status-publish","format-standard","has-post-thumbnail","hentry","category-rumors","tag-airpods","tag-airpods-studio","tag-airpods-pro"],"yoast_head":"<!-- This site is optimized with the Yoast SEO Premium plugin v27.5 (Yoast SEO v27.5) - https:\/\/yoast.com\/product\/yoast-seo-premium-wordpress\/ -->\n<title>AirPods Pro 2 &amp; AirPods Max: Neue Details zu Apples Pl\u00e4nen<\/title>\n<meta name=\"description\" content=\"Ger\u00fcchte rund um die AirPods Pro 2 begleiten uns seit Monaten. Nun wurden erstmals auch Pl\u00e4ne in Bezug auf die AirPods Max thematisiert.\" \/>\n<meta name=\"robots\" content=\"index, follow, max-snippet:-1, max-image-preview:large, max-video-preview:-1\" \/>\n<link rel=\"canonical\" href=\"https:\/\/www.apfelpatient.de\/en\/rumors\/airpods-pro-2-airpods-max-new-details-about-apples-plans\" \/>\n<meta property=\"og:locale\" content=\"en_US\" \/>\n<meta property=\"og:type\" content=\"article\" \/>\n<meta property=\"og:title\" content=\"AirPods Pro 2 &amp; AirPods Max: Neue Details zu Apples Pl\u00e4nen\" \/>\n<meta property=\"og:description\" content=\"Ger\u00fcchte rund um die AirPods Pro 2 begleiten uns seit Monaten. Nun wurden erstmals auch Pl\u00e4ne in Bezug auf die AirPods Max thematisiert.\" \/>\n<meta property=\"og:url\" content=\"https:\/\/www.apfelpatient.de\/en\/rumors\/airpods-pro-2-airpods-max-new-details-about-apples-plans\" \/>\n<meta property=\"og:site_name\" content=\"Apfelpatient\" \/>\n<meta property=\"article:publisher\" content=\"https:\/\/www.facebook.com\/apfelpatientOfficial\" \/>\n<meta property=\"article:author\" content=\"https:\/\/www.facebook.com\/apfelpatientOfficial\" \/>\n<meta property=\"article:published_time\" content=\"2022-05-08T15:23:28+00:00\" \/>\n<meta property=\"og:image\" content=\"https:\/\/www.apfelpatient.de\/wp-content\/uploads\/2022\/05\/akhil-yerabati-Q2uV5TkjNz8-unsplash.jpg\" \/>\n\t<meta property=\"og:image:width\" content=\"1600\" \/>\n\t<meta property=\"og:image:height\" content=\"905\" \/>\n\t<meta property=\"og:image:type\" content=\"image\/jpeg\" \/>\n<meta name=\"author\" content=\"Milan\" \/>\n<meta name=\"twitter:card\" content=\"summary_large_image\" \/>\n<meta name=\"twitter:description\" content=\"Ger\u00fcchte rund um die AirPods Pro 2 begleiten uns seit Monaten. Nun wurden erstmals auch Pl\u00e4ne in Bezug auf die AirPods Max thematisiert.\" \/>\n<meta name=\"twitter:label1\" content=\"Written by\" \/>\n\t<meta name=\"twitter:data1\" content=\"Milan\" \/>\n\t<meta name=\"twitter:label2\" content=\"Est. reading time\" \/>\n\t<meta name=\"twitter:data2\" content=\"2 minutes\" \/>\n<script type=\"application\/ld+json\" class=\"yoast-schema-graph\">{\"@context\":\"https:\\\/\\\/schema.org\",\"@graph\":[{\"@type\":\"NewsArticle\",\"@id\":\"https:\\\/\\\/www.apfelpatient.de\\\/rumors\\\/airpods-pro-2-airpods-max-neue-details-zu-apples-plaenen#article\",\"isPartOf\":{\"@id\":\"https:\\\/\\\/www.apfelpatient.de\\\/rumors\\\/airpods-pro-2-airpods-max-neue-details-zu-apples-plaenen\"},\"author\":{\"@type\":\"Organization\",\"@id\":\"https:\\\/\\\/www.apfelpatient.de\\\/en\\\/#organization\",\"name\":\"Apfelpatient\",\"url\":\"https:\\\/\\\/www.apfelpatient.de\\\/en\\\/\"},\"headline\":\"AirPods Pro 2 &amp; AirPods Max: Neue Details zu Apples Pl\u00e4nen\",\"datePublished\":\"2022-05-08T15:23:28+00:00\",\"mainEntityOfPage\":{\"@id\":\"https:\\\/\\\/www.apfelpatient.de\\\/rumors\\\/airpods-pro-2-airpods-max-neue-details-zu-apples-plaenen\"},\"wordCount\":313,\"publisher\":{\"@type\":\"Organization\",\"@id\":\"https:\\\/\\\/www.apfelpatient.de\\\/en\\\/#organization\",\"name\":\"Apfelpatient\",\"url\":\"https:\\\/\\\/www.apfelpatient.de\\\/en\\\/\"},\"image\":{\"@id\":\"https:\\\/\\\/www.apfelpatient.de\\\/rumors\\\/airpods-pro-2-airpods-max-neue-details-zu-apples-plaenen#primaryimage\"},\"thumbnailUrl\":\"https:\\\/\\\/www.apfelpatient.de\\\/wp-content\\\/uploads\\\/2022\\\/05\\\/akhil-yerabati-Q2uV5TkjNz8-unsplash.jpg\",\"keywords\":[\"AirPods\",\"AirPods Max\",\"AirPods Pro\"],\"articleSection\":\"Rumors\",\"inLanguage\":\"en-US\",\"copyrightYear\":\"2022\",\"copyrightHolder\":{\"@id\":\"https:\\\/\\\/www.apfelpatient.de\\\/en\\\/#organization\"}},{\"@type\":\"WebPage\",\"@id\":\"https:\\\/\\\/www.apfelpatient.de\\\/rumors\\\/airpods-pro-2-airpods-max-neue-details-zu-apples-plaenen\",\"url\":\"https:\\\/\\\/www.apfelpatient.de\\\/rumors\\\/airpods-pro-2-airpods-max-neue-details-zu-apples-plaenen\",\"name\":\"AirPods Pro 2 &amp; AirPods Max: Neue Details zu Apples Pl\u00e4nen\",\"isPartOf\":{\"@id\":\"https:\\\/\\\/www.apfelpatient.de\\\/#website\"},\"primaryImageOfPage\":{\"@id\":\"https:\\\/\\\/www.apfelpatient.de\\\/rumors\\\/airpods-pro-2-airpods-max-neue-details-zu-apples-plaenen#primaryimage\"},\"image\":{\"@id\":\"https:\\\/\\\/www.apfelpatient.de\\\/rumors\\\/airpods-pro-2-airpods-max-neue-details-zu-apples-plaenen#primaryimage\"},\"thumbnailUrl\":\"https:\\\/\\\/www.apfelpatient.de\\\/wp-content\\\/uploads\\\/2022\\\/05\\\/akhil-yerabati-Q2uV5TkjNz8-unsplash.jpg\",\"datePublished\":\"2022-05-08T15:23:28+00:00\",\"description\":\"Ger\u00fcchte rund um die AirPods Pro 2 begleiten uns seit Monaten. Nun wurden erstmals auch Pl\u00e4ne in Bezug auf die AirPods Max thematisiert.\",\"breadcrumb\":{\"@id\":\"https:\\\/\\\/www.apfelpatient.de\\\/rumors\\\/airpods-pro-2-airpods-max-neue-details-zu-apples-plaenen#breadcrumb\"},\"inLanguage\":\"en-US\",\"potentialAction\":[{\"@type\":\"ReadAction\",\"target\":[\"https:\\\/\\\/www.apfelpatient.de\\\/rumors\\\/airpods-pro-2-airpods-max-neue-details-zu-apples-plaenen\"]}]},{\"@type\":\"ImageObject\",\"inLanguage\":\"en-US\",\"@id\":\"https:\\\/\\\/www.apfelpatient.de\\\/rumors\\\/airpods-pro-2-airpods-max-neue-details-zu-apples-plaenen#primaryimage\",\"url\":\"https:\\\/\\\/www.apfelpatient.de\\\/wp-content\\\/uploads\\\/2022\\\/05\\\/akhil-yerabati-Q2uV5TkjNz8-unsplash.jpg\",\"contentUrl\":\"https:\\\/\\\/www.apfelpatient.de\\\/wp-content\\\/uploads\\\/2022\\\/05\\\/akhil-yerabati-Q2uV5TkjNz8-unsplash.jpg\",\"width\":1600,\"height\":905,\"caption\":\"Photo by Unsplash \\\/ Akhil Yerabati\"},{\"@type\":\"BreadcrumbList\",\"@id\":\"https:\\\/\\\/www.apfelpatient.de\\\/rumors\\\/airpods-pro-2-airpods-max-neue-details-zu-apples-plaenen#breadcrumb\",\"itemListElement\":[{\"@type\":\"ListItem\",\"position\":1,\"name\":\"Startseite\",\"item\":\"https:\\\/\\\/www.apfelpatient.de\\\/\"},{\"@type\":\"ListItem\",\"position\":2,\"name\":\"AirPods Pro 2 &amp; AirPods Max: Neue Details zu Apples Pl\u00e4nen\"}]},{\"@type\":\"WebSite\",\"@id\":\"https:\\\/\\\/www.apfelpatient.de\\\/#website\",\"url\":\"https:\\\/\\\/www.apfelpatient.de\\\/\",\"name\":\"Apfelpatient\",\"description\":\"Alles rund um Apple!\",\"publisher\":{\"@type\":\"Organization\",\"@id\":\"https:\\\/\\\/www.apfelpatient.de\\\/en\\\/#organization\",\"name\":\"Apfelpatient\",\"url\":\"https:\\\/\\\/www.apfelpatient.de\\\/en\\\/\"},\"alternateName\":\"Apfelpatient\",\"potentialAction\":[{\"@type\":\"SearchAction\",\"target\":{\"@type\":\"EntryPoint\",\"urlTemplate\":\"https:\\\/\\\/www.apfelpatient.de\\\/?s={search_term_string}\"},\"query-input\":{\"@type\":\"PropertyValueSpecification\",\"valueRequired\":true,\"valueName\":\"search_term_string\"}}],\"inLanguage\":\"en-US\"},{\"@type\":[\"Person\",\"Organization\"],\"@id\":\"https:\\\/\\\/www.apfelpatient.de\\\/#\\\/schema\\\/person\\\/7dc56ad6c8e9824b76d2c08d4c140e13\",\"name\":\"Milan\",\"logo\":{\"@id\":\"https:\\\/\\\/www.apfelpatient.de\\\/#\\\/schema\\\/person\\\/image\\\/\"},\"description\":\"Hallo und herzlich willkommen auf meinem Technik-Blog! Als gro\u00dfer Apple-Fan berichte ich hier \u00fcber alles, was mit Apple zu tun hat: von den neuesten News und spannenden Ger\u00fcchten \u00fcber hilfreiche Tipps und Tricks bis hin zu ausf\u00fchrlichen Produkttests. Wenn du genauso technikbegeistert bist wie ich, bist du hier genau richtig!\",\"sameAs\":[\"https:\\\/\\\/www.facebook.com\\\/apfelpatientOfficial\",\"https:\\\/\\\/www.linkedin.com\\\/in\\\/milan-jovicic-42aa0231b\"],\"url\":\"https:\\\/\\\/www.apfelpatient.de\\\/en\\\/author\\\/apfeladmin\"}]}<\/script>\n<!-- \/ Yoast SEO Premium plugin. -->","yoast_head_json":{"title":"AirPods Pro 2 &amp; AirPods Max: New details on Apple&#039;s plans","description":"Rumors about the AirPods Pro 2 have been circulating for months. Now, for the first time, plans for the AirPods Max have been discussed.","robots":{"index":"index","follow":"follow","max-snippet":"max-snippet:-1","max-image-preview":"max-image-preview:large","max-video-preview":"max-video-preview:-1"},"canonical":"https:\/\/www.apfelpatient.de\/en\/rumors\/airpods-pro-2-airpods-max-new-details-about-apples-plans","og_locale":"en_US","og_type":"article","og_title":"AirPods Pro 2 &amp; AirPods Max: Neue Details zu Apples Pl\u00e4nen","og_description":"Ger\u00fcchte rund um die AirPods Pro 2 begleiten uns seit Monaten. Nun wurden erstmals auch Pl\u00e4ne in Bezug auf die AirPods Max thematisiert.","og_url":"https:\/\/www.apfelpatient.de\/en\/rumors\/airpods-pro-2-airpods-max-new-details-about-apples-plans","og_site_name":"Apfelpatient","article_publisher":"https:\/\/www.facebook.com\/apfelpatientOfficial","article_author":"https:\/\/www.facebook.com\/apfelpatientOfficial","article_published_time":"2022-05-08T15:23:28+00:00","og_image":[{"width":1600,"height":905,"url":"https:\/\/www.apfelpatient.de\/wp-content\/uploads\/2022\/05\/akhil-yerabati-Q2uV5TkjNz8-unsplash.jpg","type":"image\/jpeg"}],"author":"Milan","twitter_card":"summary_large_image","twitter_description":"Ger\u00fcchte rund um die AirPods Pro 2 begleiten uns seit Monaten. Nun wurden erstmals auch Pl\u00e4ne in Bezug auf die AirPods Max thematisiert.","twitter_misc":{"Written by":"Milan","Est. reading time":"2 minutes"},"schema":{"@context":"https:\/\/schema.org","@graph":[{"@type":"NewsArticle","@id":"https:\/\/www.apfelpatient.de\/rumors\/airpods-pro-2-airpods-max-neue-details-zu-apples-plaenen#article","isPartOf":{"@id":"https:\/\/www.apfelpatient.de\/rumors\/airpods-pro-2-airpods-max-neue-details-zu-apples-plaenen"},"author":{"@type":"Organization","@id":"https:\/\/www.apfelpatient.de\/en\/#organization","name":"Apfelpatient","url":"https:\/\/www.apfelpatient.de\/en\/"},"headline":"AirPods Pro 2 &amp; AirPods Max: Neue Details zu Apples Pl\u00e4nen","datePublished":"2022-05-08T15:23:28+00:00","mainEntityOfPage":{"@id":"https:\/\/www.apfelpatient.de\/rumors\/airpods-pro-2-airpods-max-neue-details-zu-apples-plaenen"},"wordCount":313,"publisher":{"@type":"Organization","@id":"https:\/\/www.apfelpatient.de\/en\/#organization","name":"Apfelpatient","url":"https:\/\/www.apfelpatient.de\/en\/"},"image":{"@id":"https:\/\/www.apfelpatient.de\/rumors\/airpods-pro-2-airpods-max-neue-details-zu-apples-plaenen#primaryimage"},"thumbnailUrl":"https:\/\/www.apfelpatient.de\/wp-content\/uploads\/2022\/05\/akhil-yerabati-Q2uV5TkjNz8-unsplash.jpg","keywords":["AirPods","AirPods Max","AirPods Pro"],"articleSection":"Rumors","inLanguage":"en-US","copyrightYear":"2022","copyrightHolder":{"@id":"https:\/\/www.apfelpatient.de\/en\/#organization"}},{"@type":"WebPage","@id":"https:\/\/www.apfelpatient.de\/rumors\/airpods-pro-2-airpods-max-neue-details-zu-apples-plaenen","url":"https:\/\/www.apfelpatient.de\/rumors\/airpods-pro-2-airpods-max-neue-details-zu-apples-plaenen","name":"AirPods Pro 2 &amp; AirPods Max: New details on Apple&#039;s plans","isPartOf":{"@id":"https:\/\/www.apfelpatient.de\/#website"},"primaryImageOfPage":{"@id":"https:\/\/www.apfelpatient.de\/rumors\/airpods-pro-2-airpods-max-neue-details-zu-apples-plaenen#primaryimage"},"image":{"@id":"https:\/\/www.apfelpatient.de\/rumors\/airpods-pro-2-airpods-max-neue-details-zu-apples-plaenen#primaryimage"},"thumbnailUrl":"https:\/\/www.apfelpatient.de\/wp-content\/uploads\/2022\/05\/akhil-yerabati-Q2uV5TkjNz8-unsplash.jpg","datePublished":"2022-05-08T15:23:28+00:00","description":"Rumors about the AirPods Pro 2 have been circulating for months. Now, for the first time, plans for the AirPods Max have been discussed.","breadcrumb":{"@id":"https:\/\/www.apfelpatient.de\/rumors\/airpods-pro-2-airpods-max-neue-details-zu-apples-plaenen#breadcrumb"},"inLanguage":"en-US","potentialAction":[{"@type":"ReadAction","target":["https:\/\/www.apfelpatient.de\/rumors\/airpods-pro-2-airpods-max-neue-details-zu-apples-plaenen"]}]},{"@type":"ImageObject","inLanguage":"en-US","@id":"https:\/\/www.apfelpatient.de\/rumors\/airpods-pro-2-airpods-max-neue-details-zu-apples-plaenen#primaryimage","url":"https:\/\/www.apfelpatient.de\/wp-content\/uploads\/2022\/05\/akhil-yerabati-Q2uV5TkjNz8-unsplash.jpg","contentUrl":"https:\/\/www.apfelpatient.de\/wp-content\/uploads\/2022\/05\/akhil-yerabati-Q2uV5TkjNz8-unsplash.jpg","width":1600,"height":905,"caption":"Photo by Unsplash \/ Akhil Yerabati"},{"@type":"BreadcrumbList","@id":"https:\/\/www.apfelpatient.de\/rumors\/airpods-pro-2-airpods-max-neue-details-zu-apples-plaenen#breadcrumb","itemListElement":[{"@type":"ListItem","position":1,"name":"Startseite","item":"https:\/\/www.apfelpatient.de\/"},{"@type":"ListItem","position":2,"name":"AirPods Pro 2 &amp; AirPods Max: Neue Details zu Apples Pl\u00e4nen"}]},{"@type":"WebSite","@id":"https:\/\/www.apfelpatient.de\/#website","url":"https:\/\/www.apfelpatient.de\/","name":"apple patient","description":"Everything about Apple!","publisher":{"@type":"Organization","@id":"https:\/\/www.apfelpatient.de\/en\/#organization","name":"Apfelpatient","url":"https:\/\/www.apfelpatient.de\/en\/"},"alternateName":"Apfelpatient","potentialAction":[{"@type":"SearchAction","target":{"@type":"EntryPoint","urlTemplate":"https:\/\/www.apfelpatient.de\/?s={search_term_string}"},"query-input":{"@type":"PropertyValueSpecification","valueRequired":true,"valueName":"search_term_string"}}],"inLanguage":"en-US"},{"@type":["Person","Organization"],"@id":"https:\/\/www.apfelpatient.de\/#\/schema\/person\/7dc56ad6c8e9824b76d2c08d4c140e13","name":"Milan","logo":{"@id":"https:\/\/www.apfelpatient.de\/#\/schema\/person\/image\/"},"description":"Hello and welcome to my technology blog! As a big Apple fan, I report on everything to do with Apple: from the latest news and exciting rumors to helpful tips and tricks and detailed product tests. If you are as enthusiastic about technology as I am, you have come to the right place!","sameAs":["https:\/\/www.facebook.com\/apfelpatientOfficial","https:\/\/www.linkedin.com\/in\/milan-jovicic-42aa0231b"],"url":"https:\/\/www.apfelpatient.de\/en\/author\/apfeladmin"}]}},"_links":{"self":[{"href":"https:\/\/www.apfelpatient.de\/en\/wp-json\/wp\/v2\/posts\/31586","targetHints":{"allow":["GET"]}}],"collection":[{"href":"https:\/\/www.apfelpatient.de\/en\/wp-json\/wp\/v2\/posts"}],"about":[{"href":"https:\/\/www.apfelpatient.de\/en\/wp-json\/wp\/v2\/types\/post"}],"author":[{"embeddable":true,"href":"https:\/\/www.apfelpatient.de\/en\/wp-json\/wp\/v2\/users\/2"}],"replies":[{"embeddable":true,"href":"https:\/\/www.apfelpatient.de\/en\/wp-json\/wp\/v2\/comments?post=31586"}],"version-history":[{"count":0,"href":"https:\/\/www.apfelpatient.de\/en\/wp-json\/wp\/v2\/posts\/31586\/revisions"}],"wp:featuredmedia":[{"embeddable":true,"href":"https:\/\/www.apfelpatient.de\/en\/wp-json\/wp\/v2\/media\/31585"}],"wp:attachment":[{"href":"https:\/\/www.apfelpatient.de\/en\/wp-json\/wp\/v2\/media?parent=31586"}],"wp:term":[{"taxonomy":"category","embeddable":true,"href":"https:\/\/www.apfelpatient.de\/en\/wp-json\/wp\/v2\/categories?post=31586"},{"taxonomy":"post_tag","embeddable":true,"href":"https:\/\/www.apfelpatient.de\/en\/wp-json\/wp\/v2\/tags?post=31586"}],"curies":[{"name":"wp","href":"https:\/\/api.w.org\/{rel}","templated":true}]}}