{"id":3156,"date":"2019-01-13T16:37:56","date_gmt":"2019-01-13T15:37:56","guid":{"rendered":"https:\/\/www.apfelpatient.de\/?p=3156"},"modified":"2019-01-13T16:37:56","modified_gmt":"2019-01-13T15:37:56","slug":"airpower-lives-mass-production-starts-soon","status":"publish","type":"post","link":"https:\/\/www.apfelpatient.de\/en\/rumors\/airpower-lebt-massenproduktion-startet-in-kuerze","title":{"rendered":"AirPower is alive \u2013 mass production starts soon"},"content":{"rendered":"<p><strong>To this day, many fans are still waiting in vain. Apple&#039;s charging mat is supposed to be able to charge several devices at the same time - AirPower was introduced in September 2017. Now the time has finally come.<\/strong><\/p>\n<p class=\"p1\"><\/p>\n<p>In September last year, AirPower disappeared almost completely from Apple&#039;s homepage - without comment. Many observers interpreted this as the quiet end of the charging station. Shortly afterwards, a report with insider information appeared. According to this, Apple had two problems with the charging mat. The first major problem was the overheating of the Qi mat. This was said to be so severe that even the connection between the device and the charging station was disrupted. Another problem lay in the arrangement, because the installed power coils were said to have been divided into three equal groups. Each of the coils is a different size. Due to a lack of space, this is said to have led to overlapping one another, which is one of the reasons for this severe overheating.<\/p>\n<p><strong>Apple has done it<\/strong><\/p>\n<p>Now Apple is said to have solved the problem and is close to mass production. ChargeLabs has published a WeChat conversation on the short message service Twitter, among other things. According to this, the Chinese contract manufacturer Luxshare Precision writes that production has started.<\/p>\n<p class=\"p1\"><\/p>\n<p>Pegatron will also be there. The Taiwanese supplier has been mentioned as a possible partner several times in the past - mass production of AirPower is set to start on January 21st. Star analyst Ming-Chi Kuo also believes that Apple will release its charging mat in the first quarter of 2019. The new charging case for the AirPods is also set to be launched - according to Kuo. The AirPower charging mat is now said to have 22 coils distributed in three layers - according to suppliers, these are said to have been installed in an 8-7-7 formation. This means that the user is free to place the device in any position during charging - there is no need to stick to a specific zone. The AirPower charging station allows the iPhone, Apple Watch and the AirPods charging case to be charged at the same time.<\/p>\n<p>https:\/\/www.apfelpatient.de\/news\/apple-patent-airpower-soll-mehr-faehigkeiten-haben-2806<\/p>","protected":false},"excerpt":{"rendered":"<p>Bis heute warten viele Fans vergeblich. Apples Ladematte soll mehrere Ger\u00e4te gleichzeitig laden k\u00f6nnen \u2013 vorgestellt wurde AirPower im September 2017. Nun soll es endlich soweit sein. Im September letzten Jahres verschwand AirPower fast vollst\u00e4ndig von Apples Homepage \u2013 kommentarlos. Viele Beobachter haben dies als stilles Ende der Ladestation gewertet. Kurz danach tauchte ein Bericht [&hellip;]<\/p>\n","protected":false},"author":2,"featured_media":1045,"comment_status":"open","ping_status":"open","sticky":false,"template":"","format":"standard","meta":{"jnews-multi-image_gallery":[],"jnews_single_post":[],"jnews_primary_category":[],"footnotes":""},"categories":[25],"tags":[28,11,14,8],"class_list":["post-3156","post","type-post","status-publish","format-standard","has-post-thumbnail","hentry","category-rumors","tag-airpods","tag-airpower","tag-apple-watch","tag-iphone"],"yoast_head":"<!-- This site is optimized with the Yoast SEO Premium plugin v27.5 (Yoast SEO v27.5) - https:\/\/yoast.com\/product\/yoast-seo-premium-wordpress\/ -->\n<title>AirPower lebt - Massenproduktion startet in K\u00fcrze Apfelpatient<\/title>\n<meta name=\"description\" content=\"Im September letzten Jahres verschwand AirPower fast vollst\u00e4ndig von Apples Homepage \u2013 kommentarlos. Viele Beobachter haben dies als stilles Ende der Ladestation gewertet. Kurz danach tauchte ein Bericht mit Insider-Informationen auf.\" \/>\n<meta name=\"robots\" content=\"index, follow, max-snippet:-1, max-image-preview:large, max-video-preview:-1\" \/>\n<link rel=\"canonical\" href=\"https:\/\/www.apfelpatient.de\/en\/rumors\/airpower-lives-mass-production-starts-soon\" \/>\n<meta property=\"og:locale\" content=\"en_US\" \/>\n<meta property=\"og:type\" content=\"article\" \/>\n<meta property=\"og:title\" content=\"AirPower lebt - Massenproduktion startet in K\u00fcrze\" \/>\n<meta property=\"og:description\" content=\"Im September letzten Jahres verschwand AirPower fast vollst\u00e4ndig von Apples Homepage \u2013 kommentarlos. Viele Beobachter haben dies als stilles Ende der Ladestation gewertet. Kurz danach tauchte ein Bericht mit Insider-Informationen auf.\" \/>\n<meta property=\"og:url\" content=\"https:\/\/www.apfelpatient.de\/en\/rumors\/airpower-lives-mass-production-starts-soon\" \/>\n<meta property=\"og:site_name\" content=\"Apfelpatient\" \/>\n<meta property=\"article:publisher\" content=\"https:\/\/www.facebook.com\/apfelpatientOfficial\" \/>\n<meta property=\"article:author\" content=\"https:\/\/www.facebook.com\/apfelpatientOfficial\" \/>\n<meta property=\"article:published_time\" content=\"2019-01-13T15:37:56+00:00\" \/>\n<meta property=\"og:image\" content=\"https:\/\/www.apfelpatient.de\/wp-content\/uploads\/2018\/07\/IMG_7367.jpg\" \/>\n\t<meta property=\"og:image:width\" content=\"700\" \/>\n\t<meta property=\"og:image:height\" content=\"452\" \/>\n\t<meta property=\"og:image:type\" content=\"image\/jpeg\" \/>\n<meta name=\"author\" content=\"Milan\" \/>\n<meta name=\"twitter:card\" content=\"summary_large_image\" \/>\n<meta name=\"twitter:label1\" content=\"Written by\" \/>\n\t<meta name=\"twitter:data1\" content=\"Milan\" \/>\n\t<meta name=\"twitter:label2\" content=\"Est. reading time\" \/>\n\t<meta name=\"twitter:data2\" content=\"2 minutes\" \/>\n<script type=\"application\/ld+json\" class=\"yoast-schema-graph\">{\"@context\":\"https:\\\/\\\/schema.org\",\"@graph\":[{\"@type\":\"NewsArticle\",\"@id\":\"https:\\\/\\\/www.apfelpatient.de\\\/rumors\\\/airpower-lebt-massenproduktion-startet-in-kuerze#article\",\"isPartOf\":{\"@id\":\"https:\\\/\\\/www.apfelpatient.de\\\/rumors\\\/airpower-lebt-massenproduktion-startet-in-kuerze\"},\"author\":{\"@type\":\"Organization\",\"@id\":\"https:\\\/\\\/www.apfelpatient.de\\\/en\\\/#organization\",\"name\":\"Apfelpatient\",\"url\":\"https:\\\/\\\/www.apfelpatient.de\\\/en\\\/\"},\"headline\":\"AirPower lebt &#8211; Massenproduktion startet in K\u00fcrze\",\"datePublished\":\"2019-01-13T15:37:56+00:00\",\"mainEntityOfPage\":{\"@id\":\"https:\\\/\\\/www.apfelpatient.de\\\/rumors\\\/airpower-lebt-massenproduktion-startet-in-kuerze\"},\"wordCount\":335,\"commentCount\":0,\"publisher\":{\"@type\":\"Organization\",\"@id\":\"https:\\\/\\\/www.apfelpatient.de\\\/en\\\/#organization\",\"name\":\"Apfelpatient\",\"url\":\"https:\\\/\\\/www.apfelpatient.de\\\/en\\\/\"},\"image\":{\"@id\":\"https:\\\/\\\/www.apfelpatient.de\\\/rumors\\\/airpower-lebt-massenproduktion-startet-in-kuerze#primaryimage\"},\"thumbnailUrl\":\"https:\\\/\\\/www.apfelpatient.de\\\/wp-content\\\/uploads\\\/2018\\\/07\\\/IMG_7367.jpg\",\"keywords\":[\"AirPods\",\"AirPower\",\"Apple Watch\",\"iPhone\"],\"articleSection\":\"Rumors\",\"inLanguage\":\"en-US\",\"potentialAction\":[{\"@type\":\"CommentAction\",\"name\":\"Comment\",\"target\":[\"https:\\\/\\\/www.apfelpatient.de\\\/rumors\\\/airpower-lebt-massenproduktion-startet-in-kuerze#respond\"]}],\"copyrightYear\":\"2019\",\"copyrightHolder\":{\"@id\":\"https:\\\/\\\/www.apfelpatient.de\\\/en\\\/#organization\"}},{\"@type\":\"WebPage\",\"@id\":\"https:\\\/\\\/www.apfelpatient.de\\\/rumors\\\/airpower-lebt-massenproduktion-startet-in-kuerze\",\"url\":\"https:\\\/\\\/www.apfelpatient.de\\\/rumors\\\/airpower-lebt-massenproduktion-startet-in-kuerze\",\"name\":\"AirPower lebt - Massenproduktion startet in K\u00fcrze Apfelpatient\",\"isPartOf\":{\"@id\":\"https:\\\/\\\/www.apfelpatient.de\\\/#website\"},\"primaryImageOfPage\":{\"@id\":\"https:\\\/\\\/www.apfelpatient.de\\\/rumors\\\/airpower-lebt-massenproduktion-startet-in-kuerze#primaryimage\"},\"image\":{\"@id\":\"https:\\\/\\\/www.apfelpatient.de\\\/rumors\\\/airpower-lebt-massenproduktion-startet-in-kuerze#primaryimage\"},\"thumbnailUrl\":\"https:\\\/\\\/www.apfelpatient.de\\\/wp-content\\\/uploads\\\/2018\\\/07\\\/IMG_7367.jpg\",\"datePublished\":\"2019-01-13T15:37:56+00:00\",\"description\":\"Im September letzten Jahres verschwand AirPower fast vollst\u00e4ndig von Apples Homepage \u2013 kommentarlos. Viele Beobachter haben dies als stilles Ende der Ladestation gewertet. Kurz danach tauchte ein Bericht mit Insider-Informationen auf.\",\"breadcrumb\":{\"@id\":\"https:\\\/\\\/www.apfelpatient.de\\\/rumors\\\/airpower-lebt-massenproduktion-startet-in-kuerze#breadcrumb\"},\"inLanguage\":\"en-US\",\"potentialAction\":[{\"@type\":\"ReadAction\",\"target\":[\"https:\\\/\\\/www.apfelpatient.de\\\/rumors\\\/airpower-lebt-massenproduktion-startet-in-kuerze\"]}]},{\"@type\":\"ImageObject\",\"inLanguage\":\"en-US\",\"@id\":\"https:\\\/\\\/www.apfelpatient.de\\\/rumors\\\/airpower-lebt-massenproduktion-startet-in-kuerze#primaryimage\",\"url\":\"https:\\\/\\\/www.apfelpatient.de\\\/wp-content\\\/uploads\\\/2018\\\/07\\\/IMG_7367.jpg\",\"contentUrl\":\"https:\\\/\\\/www.apfelpatient.de\\\/wp-content\\\/uploads\\\/2018\\\/07\\\/IMG_7367.jpg\",\"width\":700,\"height\":452,\"caption\":\"Bild: Apple\"},{\"@type\":\"BreadcrumbList\",\"@id\":\"https:\\\/\\\/www.apfelpatient.de\\\/rumors\\\/airpower-lebt-massenproduktion-startet-in-kuerze#breadcrumb\",\"itemListElement\":[{\"@type\":\"ListItem\",\"position\":1,\"name\":\"Startseite\",\"item\":\"https:\\\/\\\/www.apfelpatient.de\\\/\"},{\"@type\":\"ListItem\",\"position\":2,\"name\":\"AirPower lebt &#8211; Massenproduktion startet in K\u00fcrze\"}]},{\"@type\":\"WebSite\",\"@id\":\"https:\\\/\\\/www.apfelpatient.de\\\/#website\",\"url\":\"https:\\\/\\\/www.apfelpatient.de\\\/\",\"name\":\"Apfelpatient\",\"description\":\"Alles rund um Apple!\",\"publisher\":{\"@type\":\"Organization\",\"@id\":\"https:\\\/\\\/www.apfelpatient.de\\\/en\\\/#organization\",\"name\":\"Apfelpatient\",\"url\":\"https:\\\/\\\/www.apfelpatient.de\\\/en\\\/\"},\"alternateName\":\"Apfelpatient\",\"potentialAction\":[{\"@type\":\"SearchAction\",\"target\":{\"@type\":\"EntryPoint\",\"urlTemplate\":\"https:\\\/\\\/www.apfelpatient.de\\\/?s={search_term_string}\"},\"query-input\":{\"@type\":\"PropertyValueSpecification\",\"valueRequired\":true,\"valueName\":\"search_term_string\"}}],\"inLanguage\":\"en-US\"},{\"@type\":[\"Person\",\"Organization\"],\"@id\":\"https:\\\/\\\/www.apfelpatient.de\\\/#\\\/schema\\\/person\\\/7dc56ad6c8e9824b76d2c08d4c140e13\",\"name\":\"Milan\",\"logo\":{\"@id\":\"https:\\\/\\\/www.apfelpatient.de\\\/#\\\/schema\\\/person\\\/image\\\/\"},\"description\":\"Hallo und herzlich willkommen auf meinem Technik-Blog! Als gro\u00dfer Apple-Fan berichte ich hier \u00fcber alles, was mit Apple zu tun hat: von den neuesten News und spannenden Ger\u00fcchten \u00fcber hilfreiche Tipps und Tricks bis hin zu ausf\u00fchrlichen Produkttests. Wenn du genauso technikbegeistert bist wie ich, bist du hier genau richtig!\",\"sameAs\":[\"https:\\\/\\\/www.facebook.com\\\/apfelpatientOfficial\",\"https:\\\/\\\/www.linkedin.com\\\/in\\\/milan-jovicic-42aa0231b\"],\"url\":\"https:\\\/\\\/www.apfelpatient.de\\\/en\\\/author\\\/apfeladmin\"}]}<\/script>\n<!-- \/ Yoast SEO Premium plugin. -->","yoast_head_json":{"title":"AirPower is alive - mass production starts soon Apfelpatient","description":"In September last year, AirPower almost completely disappeared from Apple&#039;s homepage - without comment. Many observers interpreted this as a quiet end to the charging station. Shortly afterwards, a report with insider information appeared.","robots":{"index":"index","follow":"follow","max-snippet":"max-snippet:-1","max-image-preview":"max-image-preview:large","max-video-preview":"max-video-preview:-1"},"canonical":"https:\/\/www.apfelpatient.de\/en\/rumors\/airpower-lives-mass-production-starts-soon","og_locale":"en_US","og_type":"article","og_title":"AirPower lebt - Massenproduktion startet in K\u00fcrze","og_description":"Im September letzten Jahres verschwand AirPower fast vollst\u00e4ndig von Apples Homepage \u2013 kommentarlos. Viele Beobachter haben dies als stilles Ende der Ladestation gewertet. Kurz danach tauchte ein Bericht mit Insider-Informationen auf.","og_url":"https:\/\/www.apfelpatient.de\/en\/rumors\/airpower-lives-mass-production-starts-soon","og_site_name":"Apfelpatient","article_publisher":"https:\/\/www.facebook.com\/apfelpatientOfficial","article_author":"https:\/\/www.facebook.com\/apfelpatientOfficial","article_published_time":"2019-01-13T15:37:56+00:00","og_image":[{"width":700,"height":452,"url":"https:\/\/www.apfelpatient.de\/wp-content\/uploads\/2018\/07\/IMG_7367.jpg","type":"image\/jpeg"}],"author":"Milan","twitter_card":"summary_large_image","twitter_misc":{"Written by":"Milan","Est. reading time":"2 minutes"},"schema":{"@context":"https:\/\/schema.org","@graph":[{"@type":"NewsArticle","@id":"https:\/\/www.apfelpatient.de\/rumors\/airpower-lebt-massenproduktion-startet-in-kuerze#article","isPartOf":{"@id":"https:\/\/www.apfelpatient.de\/rumors\/airpower-lebt-massenproduktion-startet-in-kuerze"},"author":{"@type":"Organization","@id":"https:\/\/www.apfelpatient.de\/en\/#organization","name":"Apfelpatient","url":"https:\/\/www.apfelpatient.de\/en\/"},"headline":"AirPower lebt &#8211; Massenproduktion startet in K\u00fcrze","datePublished":"2019-01-13T15:37:56+00:00","mainEntityOfPage":{"@id":"https:\/\/www.apfelpatient.de\/rumors\/airpower-lebt-massenproduktion-startet-in-kuerze"},"wordCount":335,"commentCount":0,"publisher":{"@type":"Organization","@id":"https:\/\/www.apfelpatient.de\/en\/#organization","name":"Apfelpatient","url":"https:\/\/www.apfelpatient.de\/en\/"},"image":{"@id":"https:\/\/www.apfelpatient.de\/rumors\/airpower-lebt-massenproduktion-startet-in-kuerze#primaryimage"},"thumbnailUrl":"https:\/\/www.apfelpatient.de\/wp-content\/uploads\/2018\/07\/IMG_7367.jpg","keywords":["AirPods","AirPower","Apple Watch","iPhone"],"articleSection":"Rumors","inLanguage":"en-US","potentialAction":[{"@type":"CommentAction","name":"Comment","target":["https:\/\/www.apfelpatient.de\/rumors\/airpower-lebt-massenproduktion-startet-in-kuerze#respond"]}],"copyrightYear":"2019","copyrightHolder":{"@id":"https:\/\/www.apfelpatient.de\/en\/#organization"}},{"@type":"WebPage","@id":"https:\/\/www.apfelpatient.de\/rumors\/airpower-lebt-massenproduktion-startet-in-kuerze","url":"https:\/\/www.apfelpatient.de\/rumors\/airpower-lebt-massenproduktion-startet-in-kuerze","name":"AirPower is alive - mass production starts soon Apfelpatient","isPartOf":{"@id":"https:\/\/www.apfelpatient.de\/#website"},"primaryImageOfPage":{"@id":"https:\/\/www.apfelpatient.de\/rumors\/airpower-lebt-massenproduktion-startet-in-kuerze#primaryimage"},"image":{"@id":"https:\/\/www.apfelpatient.de\/rumors\/airpower-lebt-massenproduktion-startet-in-kuerze#primaryimage"},"thumbnailUrl":"https:\/\/www.apfelpatient.de\/wp-content\/uploads\/2018\/07\/IMG_7367.jpg","datePublished":"2019-01-13T15:37:56+00:00","description":"In September last year, AirPower almost completely disappeared from Apple&#039;s homepage - without comment. Many observers interpreted this as a quiet end to the charging station. Shortly afterwards, a report with insider information appeared.","breadcrumb":{"@id":"https:\/\/www.apfelpatient.de\/rumors\/airpower-lebt-massenproduktion-startet-in-kuerze#breadcrumb"},"inLanguage":"en-US","potentialAction":[{"@type":"ReadAction","target":["https:\/\/www.apfelpatient.de\/rumors\/airpower-lebt-massenproduktion-startet-in-kuerze"]}]},{"@type":"ImageObject","inLanguage":"en-US","@id":"https:\/\/www.apfelpatient.de\/rumors\/airpower-lebt-massenproduktion-startet-in-kuerze#primaryimage","url":"https:\/\/www.apfelpatient.de\/wp-content\/uploads\/2018\/07\/IMG_7367.jpg","contentUrl":"https:\/\/www.apfelpatient.de\/wp-content\/uploads\/2018\/07\/IMG_7367.jpg","width":700,"height":452,"caption":"Bild: Apple"},{"@type":"BreadcrumbList","@id":"https:\/\/www.apfelpatient.de\/rumors\/airpower-lebt-massenproduktion-startet-in-kuerze#breadcrumb","itemListElement":[{"@type":"ListItem","position":1,"name":"Startseite","item":"https:\/\/www.apfelpatient.de\/"},{"@type":"ListItem","position":2,"name":"AirPower lebt &#8211; Massenproduktion startet in K\u00fcrze"}]},{"@type":"WebSite","@id":"https:\/\/www.apfelpatient.de\/#website","url":"https:\/\/www.apfelpatient.de\/","name":"apple patient","description":"Everything about Apple!","publisher":{"@type":"Organization","@id":"https:\/\/www.apfelpatient.de\/en\/#organization","name":"Apfelpatient","url":"https:\/\/www.apfelpatient.de\/en\/"},"alternateName":"Apfelpatient","potentialAction":[{"@type":"SearchAction","target":{"@type":"EntryPoint","urlTemplate":"https:\/\/www.apfelpatient.de\/?s={search_term_string}"},"query-input":{"@type":"PropertyValueSpecification","valueRequired":true,"valueName":"search_term_string"}}],"inLanguage":"en-US"},{"@type":["Person","Organization"],"@id":"https:\/\/www.apfelpatient.de\/#\/schema\/person\/7dc56ad6c8e9824b76d2c08d4c140e13","name":"Milan","logo":{"@id":"https:\/\/www.apfelpatient.de\/#\/schema\/person\/image\/"},"description":"Hello and welcome to my technology blog! As a big Apple fan, I report on everything to do with Apple: from the latest news and exciting rumors to helpful tips and tricks and detailed product tests. If you are as enthusiastic about technology as I am, you have come to the right place!","sameAs":["https:\/\/www.facebook.com\/apfelpatientOfficial","https:\/\/www.linkedin.com\/in\/milan-jovicic-42aa0231b"],"url":"https:\/\/www.apfelpatient.de\/en\/author\/apfeladmin"}]}},"_links":{"self":[{"href":"https:\/\/www.apfelpatient.de\/en\/wp-json\/wp\/v2\/posts\/3156","targetHints":{"allow":["GET"]}}],"collection":[{"href":"https:\/\/www.apfelpatient.de\/en\/wp-json\/wp\/v2\/posts"}],"about":[{"href":"https:\/\/www.apfelpatient.de\/en\/wp-json\/wp\/v2\/types\/post"}],"author":[{"embeddable":true,"href":"https:\/\/www.apfelpatient.de\/en\/wp-json\/wp\/v2\/users\/2"}],"replies":[{"embeddable":true,"href":"https:\/\/www.apfelpatient.de\/en\/wp-json\/wp\/v2\/comments?post=3156"}],"version-history":[{"count":0,"href":"https:\/\/www.apfelpatient.de\/en\/wp-json\/wp\/v2\/posts\/3156\/revisions"}],"wp:featuredmedia":[{"embeddable":true,"href":"https:\/\/www.apfelpatient.de\/en\/wp-json\/wp\/v2\/media\/1045"}],"wp:attachment":[{"href":"https:\/\/www.apfelpatient.de\/en\/wp-json\/wp\/v2\/media?parent=3156"}],"wp:term":[{"taxonomy":"category","embeddable":true,"href":"https:\/\/www.apfelpatient.de\/en\/wp-json\/wp\/v2\/categories?post=3156"},{"taxonomy":"post_tag","embeddable":true,"href":"https:\/\/www.apfelpatient.de\/en\/wp-json\/wp\/v2\/tags?post=3156"}],"curies":[{"name":"wp","href":"https:\/\/api.w.org\/{rel}","templated":true}]}}