{"id":31524,"date":"2022-05-03T19:09:08","date_gmt":"2022-05-03T17:09:08","guid":{"rendered":"https:\/\/www.apfelpatient.de\/?p=31524"},"modified":"2025-04-09T09:24:29","modified_gmt":"2025-04-09T07:24:29","slug":"wwdc-2022-in-person-registration-for-apple-park-starts-soon","status":"publish","type":"post","link":"https:\/\/www.apfelpatient.de\/en\/news\/wwdc-2022-persoenliche-anmeldung-fuer-apple-park-startet-in-kuerze","title":{"rendered":"WWDC 2022: In-person registration for Apple Park starts soon"},"content":{"rendered":"<p class=\"has-drop-cap\"><strong>Apple today updated the WWDC 2022 website for developers and provided more information about the Apple Park Special Event the company is hosting on June 6, 2022.<\/strong><\/p>\n\n\n\n<p>A small number of developers will be invited to campus to watch the WWDC 2022 keynote live. Developers can apply to participate starting Monday, May 9.<\/p>\n\n\n\n<blockquote class=\"wp-block-quote is-layout-flow wp-block-quote-is-layout-flow\"><p>We&#039;re hosting a full-day event at Apple Park on June 6 to kick off WWDC22. Join other developers to watch the keynote and State of the Union videos alongside Apple engineers and experts, explore the all-new Developer Center, and more. We can&#039;t wait to see you in person.<\/p><\/blockquote>\n\n\n\n<h3 class=\"wp-block-heading\" id=\"h-wwdc-2022-nur-registrierte-entwickler-konnen-an-der-auslosung-teilnehmen\">WWDC 2022: Only registered developers can participate in the draw<\/h3>\n\n\n\n\n\n\n\n<p>Apple says it will be a full-day experience at Apple Park, including the keynote and State of the Union address. Developers will also be invited to explore the Developer Center, among other activities. Last year, Apple announced it would build a dedicated Developer Center on the Apple Park campus, but few details about it have been revealed. The event at Apple Park is free, and all members of the Apple Developer Program and Apple Developer Enterprise Program can apply to attend. Invitations will be randomly assigned and are non-transferable. Registrations will begin being accepted Monday, May 9. Developers will be notified of their status by Friday, May 12 at 6:00 p.m. Pacific Time. (Photo by Unsplash \/ Carles Rabada)<\/p>\n\n\n\n<ul class=\"wp-block-list\"><li><a href=\"https:\/\/www.apfelpatient.de\/en\/news\/wwdc-2022-ios-16-more-apple-sends-invitations\">WWDC 2022 \u2013 iOS 16 &amp; more: Apple sends out invitations<\/a><\/li><\/ul>\n\n\n\n<h6 class=\"wp-block-heading translation-block\" id=\"h-kennt-ihr-schon-unsere-amazon-storefront-dort-findet-ihr-eine-handverlesene-auswahl-von-diversen-produkten-f-r-euer-iphone-und-co-viel-spa-beim-st-bern\"><em>Have you already visited our Amazon Storefront? There you&#039;ll find a hand-picked selection of various products for your iPhone and other devices \u2013 <span class=\"has-inline-color has-vivid-red-color\"><a href=\"https:\/\/www.amazon.de\/shop\/apfelpatientofficial\" class=\"ek-link\" data-wpel-link=\"exclude\" rel=\"follow noopener\" target=\"_self\"><span style=\"text-decoration: underline\" class=\"ek-underline\">enjoy browsing<\/span><\/a> !<\/span><\/em><\/h6>\n\n\n\n<h6 class=\"wp-block-heading translation-block\" id=\"h-der-beitrag-enthalt-partnerlinks\">This post contains <a data-type=\"URL\" data-id=\"https:\/\/www.apfelpatient.de\/partnerprogramm\" href=\"https:\/\/www.apfelpatient.de\/en\/partner-program\" data-wpel-link=\"internal\" target=\"_self\">affiliate links<\/a>.<\/h6>","protected":false},"excerpt":{"rendered":"<p>Apple today updated the WWDC 2022 website for developers and provided more information about the Apple Park Special Event.<\/p>","protected":false},"author":2,"featured_media":31531,"comment_status":"closed","ping_status":"closed","sticky":false,"template":"","format":"standard","meta":{"jnews-multi-image_gallery":[],"jnews_single_post":{"subtitle":"","format":"standard","video":"","gallery":"","source_name":"","source_url":"","via_name":"","via_url":"","override":[{"single_blog_custom":"","sidebar":"","second_sidebar":"","share_position":"","share_float_style":"","post_date_format":"","post_date_format_custom":"","post_reading_time_wpm":"","zoom_button_out_step":"1","zoom_button_in_step":"1","number_popup_post":"1"}],"image_override":[{"single_post_thumbnail_size":"","single_post_gallery_size":""}],"trending_post_position":"","trending_post_label":"","sponsored_post_label":"","sponsored_post_name":"","sponsored_post_url":"","sponsored_post_logo":"","sponsored_post_desc":""},"jnews_primary_category":{"id":"9"},"footnotes":""},"categories":[9],"tags":[3,678,33,690,4,95,707,21,679,203,706],"class_list":["post-31524","post","type-post","status-publish","format-standard","has-post-thumbnail","hentry","category-news","tag-ios","tag-ios-16","tag-ipados","tag-ipados-16","tag-macos","tag-tvos","tag-tvos-16","tag-watchos","tag-watchos-9","tag-wwdc","tag-wwdc-2022"],"yoast_head":"<!-- This site is optimized with the Yoast SEO Premium plugin v27.5 (Yoast SEO v27.5) - https:\/\/yoast.com\/product\/yoast-seo-premium-wordpress\/ -->\n<title>WWDC 2022: Pers\u00f6nliche Anmeldung f\u00fcr Apple Park startet in K\u00fcrze<\/title>\n<meta name=\"description\" content=\"Apple hat heute die WWDC 2022 Website f\u00fcr Entwickler aktualisiert und weitere Informationen \u00fcber das Apple Park Special Event bereitgestellt.\" \/>\n<meta name=\"robots\" content=\"index, follow, max-snippet:-1, max-image-preview:large, max-video-preview:-1\" \/>\n<link rel=\"canonical\" href=\"https:\/\/www.apfelpatient.de\/en\/news\/wwdc-2022-in-person-registration-for-apple-park-starts-soon\" \/>\n<meta property=\"og:locale\" content=\"en_US\" \/>\n<meta property=\"og:type\" content=\"article\" \/>\n<meta property=\"og:title\" content=\"WWDC 2022: Pers\u00f6nliche Anmeldung f\u00fcr Apple Park startet in K\u00fcrze\" \/>\n<meta property=\"og:description\" content=\"Apple hat heute die WWDC 2022 Website f\u00fcr Entwickler aktualisiert und weitere Informationen \u00fcber das Apple Park Special Event bereitgestellt.\" \/>\n<meta property=\"og:url\" content=\"https:\/\/www.apfelpatient.de\/en\/news\/wwdc-2022-in-person-registration-for-apple-park-starts-soon\" \/>\n<meta property=\"og:site_name\" content=\"Apfelpatient\" \/>\n<meta property=\"article:publisher\" content=\"https:\/\/www.facebook.com\/apfelpatientOfficial\" \/>\n<meta property=\"article:author\" content=\"https:\/\/www.facebook.com\/apfelpatientOfficial\" \/>\n<meta property=\"article:published_time\" content=\"2022-05-03T17:09:08+00:00\" \/>\n<meta property=\"article:modified_time\" content=\"2025-04-09T07:24:29+00:00\" \/>\n<meta property=\"og:image\" content=\"https:\/\/www.apfelpatient.de\/wp-content\/uploads\/2022\/05\/carles-rabada-GulyvMt9UwI-unsplash-5.jpg\" \/>\n\t<meta property=\"og:image:width\" content=\"1600\" \/>\n\t<meta property=\"og:image:height\" content=\"899\" \/>\n\t<meta property=\"og:image:type\" content=\"image\/jpeg\" \/>\n<meta name=\"author\" content=\"Milan\" \/>\n<meta name=\"twitter:card\" content=\"summary_large_image\" \/>\n<meta name=\"twitter:description\" content=\"Apple hat heute die WWDC 2022 Website f\u00fcr Entwickler aktualisiert und weitere Informationen \u00fcber das Apple Park Special Event bereitgestellt.\" \/>\n<meta name=\"twitter:label1\" content=\"Written by\" \/>\n\t<meta name=\"twitter:data1\" content=\"Milan\" \/>\n\t<meta name=\"twitter:label2\" content=\"Est. reading time\" \/>\n\t<meta name=\"twitter:data2\" content=\"2 minutes\" \/>\n<script type=\"application\/ld+json\" class=\"yoast-schema-graph\">{\"@context\":\"https:\\\/\\\/schema.org\",\"@graph\":[{\"@type\":\"NewsArticle\",\"@id\":\"https:\\\/\\\/www.apfelpatient.de\\\/news\\\/wwdc-2022-persoenliche-anmeldung-fuer-apple-park-startet-in-kuerze#article\",\"isPartOf\":{\"@id\":\"https:\\\/\\\/www.apfelpatient.de\\\/news\\\/wwdc-2022-persoenliche-anmeldung-fuer-apple-park-startet-in-kuerze\"},\"author\":{\"@type\":\"Organization\",\"@id\":\"https:\\\/\\\/www.apfelpatient.de\\\/en\\\/#organization\",\"name\":\"Apfelpatient\",\"url\":\"https:\\\/\\\/www.apfelpatient.de\\\/en\\\/\"},\"headline\":\"WWDC 2022: Pers\u00f6nliche Anmeldung f\u00fcr Apple Park startet in K\u00fcrze\",\"datePublished\":\"2022-05-03T17:09:08+00:00\",\"dateModified\":\"2025-04-09T07:24:29+00:00\",\"mainEntityOfPage\":{\"@id\":\"https:\\\/\\\/www.apfelpatient.de\\\/news\\\/wwdc-2022-persoenliche-anmeldung-fuer-apple-park-startet-in-kuerze\"},\"wordCount\":276,\"publisher\":{\"@type\":\"Organization\",\"@id\":\"https:\\\/\\\/www.apfelpatient.de\\\/en\\\/#organization\",\"name\":\"Apfelpatient\",\"url\":\"https:\\\/\\\/www.apfelpatient.de\\\/en\\\/\"},\"image\":{\"@id\":\"https:\\\/\\\/www.apfelpatient.de\\\/news\\\/wwdc-2022-persoenliche-anmeldung-fuer-apple-park-startet-in-kuerze#primaryimage\"},\"thumbnailUrl\":\"https:\\\/\\\/www.apfelpatient.de\\\/wp-content\\\/uploads\\\/2022\\\/05\\\/carles-rabada-GulyvMt9UwI-unsplash-5.jpg\",\"keywords\":[\"iOS\",\"iOS 16\",\"iPadOS\",\"iPadOS 16\",\"macOS\",\"tvOS\",\"tvOS 16\",\"watchOS\",\"watchOS 9\",\"WWDC\",\"WWDC 2022\"],\"articleSection\":\"News\",\"inLanguage\":\"en-US\",\"copyrightYear\":\"2022\",\"copyrightHolder\":{\"@id\":\"https:\\\/\\\/www.apfelpatient.de\\\/en\\\/#organization\"}},{\"@type\":\"WebPage\",\"@id\":\"https:\\\/\\\/www.apfelpatient.de\\\/news\\\/wwdc-2022-persoenliche-anmeldung-fuer-apple-park-startet-in-kuerze\",\"url\":\"https:\\\/\\\/www.apfelpatient.de\\\/news\\\/wwdc-2022-persoenliche-anmeldung-fuer-apple-park-startet-in-kuerze\",\"name\":\"WWDC 2022: Pers\u00f6nliche Anmeldung f\u00fcr Apple Park startet in K\u00fcrze\",\"isPartOf\":{\"@id\":\"https:\\\/\\\/www.apfelpatient.de\\\/#website\"},\"primaryImageOfPage\":{\"@id\":\"https:\\\/\\\/www.apfelpatient.de\\\/news\\\/wwdc-2022-persoenliche-anmeldung-fuer-apple-park-startet-in-kuerze#primaryimage\"},\"image\":{\"@id\":\"https:\\\/\\\/www.apfelpatient.de\\\/news\\\/wwdc-2022-persoenliche-anmeldung-fuer-apple-park-startet-in-kuerze#primaryimage\"},\"thumbnailUrl\":\"https:\\\/\\\/www.apfelpatient.de\\\/wp-content\\\/uploads\\\/2022\\\/05\\\/carles-rabada-GulyvMt9UwI-unsplash-5.jpg\",\"datePublished\":\"2022-05-03T17:09:08+00:00\",\"dateModified\":\"2025-04-09T07:24:29+00:00\",\"description\":\"Apple hat heute die WWDC 2022 Website f\u00fcr Entwickler aktualisiert und weitere Informationen \u00fcber das Apple Park Special Event bereitgestellt.\",\"breadcrumb\":{\"@id\":\"https:\\\/\\\/www.apfelpatient.de\\\/news\\\/wwdc-2022-persoenliche-anmeldung-fuer-apple-park-startet-in-kuerze#breadcrumb\"},\"inLanguage\":\"en-US\",\"potentialAction\":[{\"@type\":\"ReadAction\",\"target\":[\"https:\\\/\\\/www.apfelpatient.de\\\/news\\\/wwdc-2022-persoenliche-anmeldung-fuer-apple-park-startet-in-kuerze\"]}]},{\"@type\":\"ImageObject\",\"inLanguage\":\"en-US\",\"@id\":\"https:\\\/\\\/www.apfelpatient.de\\\/news\\\/wwdc-2022-persoenliche-anmeldung-fuer-apple-park-startet-in-kuerze#primaryimage\",\"url\":\"https:\\\/\\\/www.apfelpatient.de\\\/wp-content\\\/uploads\\\/2022\\\/05\\\/carles-rabada-GulyvMt9UwI-unsplash-5.jpg\",\"contentUrl\":\"https:\\\/\\\/www.apfelpatient.de\\\/wp-content\\\/uploads\\\/2022\\\/05\\\/carles-rabada-GulyvMt9UwI-unsplash-5.jpg\",\"width\":1600,\"height\":899,\"caption\":\"Photo by Unsplash \\\/ Carles Rabada\"},{\"@type\":\"BreadcrumbList\",\"@id\":\"https:\\\/\\\/www.apfelpatient.de\\\/news\\\/wwdc-2022-persoenliche-anmeldung-fuer-apple-park-startet-in-kuerze#breadcrumb\",\"itemListElement\":[{\"@type\":\"ListItem\",\"position\":1,\"name\":\"Startseite\",\"item\":\"https:\\\/\\\/www.apfelpatient.de\\\/\"},{\"@type\":\"ListItem\",\"position\":2,\"name\":\"WWDC 2022: Pers\u00f6nliche Anmeldung f\u00fcr Apple Park startet in K\u00fcrze\"}]},{\"@type\":\"WebSite\",\"@id\":\"https:\\\/\\\/www.apfelpatient.de\\\/#website\",\"url\":\"https:\\\/\\\/www.apfelpatient.de\\\/\",\"name\":\"Apfelpatient\",\"description\":\"Alles rund um Apple!\",\"publisher\":{\"@type\":\"Organization\",\"@id\":\"https:\\\/\\\/www.apfelpatient.de\\\/en\\\/#organization\",\"name\":\"Apfelpatient\",\"url\":\"https:\\\/\\\/www.apfelpatient.de\\\/en\\\/\"},\"alternateName\":\"Apfelpatient\",\"potentialAction\":[{\"@type\":\"SearchAction\",\"target\":{\"@type\":\"EntryPoint\",\"urlTemplate\":\"https:\\\/\\\/www.apfelpatient.de\\\/?s={search_term_string}\"},\"query-input\":{\"@type\":\"PropertyValueSpecification\",\"valueRequired\":true,\"valueName\":\"search_term_string\"}}],\"inLanguage\":\"en-US\"},{\"@type\":[\"Person\",\"Organization\"],\"@id\":\"https:\\\/\\\/www.apfelpatient.de\\\/#\\\/schema\\\/person\\\/7dc56ad6c8e9824b76d2c08d4c140e13\",\"name\":\"Milan\",\"logo\":{\"@id\":\"https:\\\/\\\/www.apfelpatient.de\\\/#\\\/schema\\\/person\\\/image\\\/\"},\"description\":\"Hallo und herzlich willkommen auf meinem Technik-Blog! Als gro\u00dfer Apple-Fan berichte ich hier \u00fcber alles, was mit Apple zu tun hat: von den neuesten News und spannenden Ger\u00fcchten \u00fcber hilfreiche Tipps und Tricks bis hin zu ausf\u00fchrlichen Produkttests. Wenn du genauso technikbegeistert bist wie ich, bist du hier genau richtig!\",\"sameAs\":[\"https:\\\/\\\/www.facebook.com\\\/apfelpatientOfficial\",\"https:\\\/\\\/www.linkedin.com\\\/in\\\/milan-jovicic-42aa0231b\"],\"url\":\"https:\\\/\\\/www.apfelpatient.de\\\/en\\\/author\\\/apfeladmin\"}]}<\/script>\n<!-- \/ Yoast SEO Premium plugin. -->","yoast_head_json":{"title":"WWDC 2022: In-person registration for Apple Park starts soon","description":"Apple today updated the WWDC 2022 website for developers and provided more information about the Apple Park Special Event.","robots":{"index":"index","follow":"follow","max-snippet":"max-snippet:-1","max-image-preview":"max-image-preview:large","max-video-preview":"max-video-preview:-1"},"canonical":"https:\/\/www.apfelpatient.de\/en\/news\/wwdc-2022-in-person-registration-for-apple-park-starts-soon","og_locale":"en_US","og_type":"article","og_title":"WWDC 2022: Pers\u00f6nliche Anmeldung f\u00fcr Apple Park startet in K\u00fcrze","og_description":"Apple hat heute die WWDC 2022 Website f\u00fcr Entwickler aktualisiert und weitere Informationen \u00fcber das Apple Park Special Event bereitgestellt.","og_url":"https:\/\/www.apfelpatient.de\/en\/news\/wwdc-2022-in-person-registration-for-apple-park-starts-soon","og_site_name":"Apfelpatient","article_publisher":"https:\/\/www.facebook.com\/apfelpatientOfficial","article_author":"https:\/\/www.facebook.com\/apfelpatientOfficial","article_published_time":"2022-05-03T17:09:08+00:00","article_modified_time":"2025-04-09T07:24:29+00:00","og_image":[{"width":1600,"height":899,"url":"https:\/\/www.apfelpatient.de\/wp-content\/uploads\/2022\/05\/carles-rabada-GulyvMt9UwI-unsplash-5.jpg","type":"image\/jpeg"}],"author":"Milan","twitter_card":"summary_large_image","twitter_description":"Apple hat heute die WWDC 2022 Website f\u00fcr Entwickler aktualisiert und weitere Informationen \u00fcber das Apple Park Special Event bereitgestellt.","twitter_misc":{"Written by":"Milan","Est. reading time":"2 minutes"},"schema":{"@context":"https:\/\/schema.org","@graph":[{"@type":"NewsArticle","@id":"https:\/\/www.apfelpatient.de\/news\/wwdc-2022-persoenliche-anmeldung-fuer-apple-park-startet-in-kuerze#article","isPartOf":{"@id":"https:\/\/www.apfelpatient.de\/news\/wwdc-2022-persoenliche-anmeldung-fuer-apple-park-startet-in-kuerze"},"author":{"@type":"Organization","@id":"https:\/\/www.apfelpatient.de\/en\/#organization","name":"Apfelpatient","url":"https:\/\/www.apfelpatient.de\/en\/"},"headline":"WWDC 2022: Pers\u00f6nliche Anmeldung f\u00fcr Apple Park startet in K\u00fcrze","datePublished":"2022-05-03T17:09:08+00:00","dateModified":"2025-04-09T07:24:29+00:00","mainEntityOfPage":{"@id":"https:\/\/www.apfelpatient.de\/news\/wwdc-2022-persoenliche-anmeldung-fuer-apple-park-startet-in-kuerze"},"wordCount":276,"publisher":{"@type":"Organization","@id":"https:\/\/www.apfelpatient.de\/en\/#organization","name":"Apfelpatient","url":"https:\/\/www.apfelpatient.de\/en\/"},"image":{"@id":"https:\/\/www.apfelpatient.de\/news\/wwdc-2022-persoenliche-anmeldung-fuer-apple-park-startet-in-kuerze#primaryimage"},"thumbnailUrl":"https:\/\/www.apfelpatient.de\/wp-content\/uploads\/2022\/05\/carles-rabada-GulyvMt9UwI-unsplash-5.jpg","keywords":["iOS","iOS 16","iPadOS","iPadOS 16","macOS","tvOS","tvOS 16","watchOS","watchOS 9","WWDC","WWDC 2022"],"articleSection":"News","inLanguage":"en-US","copyrightYear":"2022","copyrightHolder":{"@id":"https:\/\/www.apfelpatient.de\/en\/#organization"}},{"@type":"WebPage","@id":"https:\/\/www.apfelpatient.de\/news\/wwdc-2022-persoenliche-anmeldung-fuer-apple-park-startet-in-kuerze","url":"https:\/\/www.apfelpatient.de\/news\/wwdc-2022-persoenliche-anmeldung-fuer-apple-park-startet-in-kuerze","name":"WWDC 2022: In-person registration for Apple Park starts soon","isPartOf":{"@id":"https:\/\/www.apfelpatient.de\/#website"},"primaryImageOfPage":{"@id":"https:\/\/www.apfelpatient.de\/news\/wwdc-2022-persoenliche-anmeldung-fuer-apple-park-startet-in-kuerze#primaryimage"},"image":{"@id":"https:\/\/www.apfelpatient.de\/news\/wwdc-2022-persoenliche-anmeldung-fuer-apple-park-startet-in-kuerze#primaryimage"},"thumbnailUrl":"https:\/\/www.apfelpatient.de\/wp-content\/uploads\/2022\/05\/carles-rabada-GulyvMt9UwI-unsplash-5.jpg","datePublished":"2022-05-03T17:09:08+00:00","dateModified":"2025-04-09T07:24:29+00:00","description":"Apple today updated the WWDC 2022 website for developers and provided more information about the Apple Park Special Event.","breadcrumb":{"@id":"https:\/\/www.apfelpatient.de\/news\/wwdc-2022-persoenliche-anmeldung-fuer-apple-park-startet-in-kuerze#breadcrumb"},"inLanguage":"en-US","potentialAction":[{"@type":"ReadAction","target":["https:\/\/www.apfelpatient.de\/news\/wwdc-2022-persoenliche-anmeldung-fuer-apple-park-startet-in-kuerze"]}]},{"@type":"ImageObject","inLanguage":"en-US","@id":"https:\/\/www.apfelpatient.de\/news\/wwdc-2022-persoenliche-anmeldung-fuer-apple-park-startet-in-kuerze#primaryimage","url":"https:\/\/www.apfelpatient.de\/wp-content\/uploads\/2022\/05\/carles-rabada-GulyvMt9UwI-unsplash-5.jpg","contentUrl":"https:\/\/www.apfelpatient.de\/wp-content\/uploads\/2022\/05\/carles-rabada-GulyvMt9UwI-unsplash-5.jpg","width":1600,"height":899,"caption":"Photo by Unsplash \/ Carles Rabada"},{"@type":"BreadcrumbList","@id":"https:\/\/www.apfelpatient.de\/news\/wwdc-2022-persoenliche-anmeldung-fuer-apple-park-startet-in-kuerze#breadcrumb","itemListElement":[{"@type":"ListItem","position":1,"name":"Startseite","item":"https:\/\/www.apfelpatient.de\/"},{"@type":"ListItem","position":2,"name":"WWDC 2022: Pers\u00f6nliche Anmeldung f\u00fcr Apple Park startet in K\u00fcrze"}]},{"@type":"WebSite","@id":"https:\/\/www.apfelpatient.de\/#website","url":"https:\/\/www.apfelpatient.de\/","name":"apple patient","description":"Everything about Apple!","publisher":{"@type":"Organization","@id":"https:\/\/www.apfelpatient.de\/en\/#organization","name":"Apfelpatient","url":"https:\/\/www.apfelpatient.de\/en\/"},"alternateName":"Apfelpatient","potentialAction":[{"@type":"SearchAction","target":{"@type":"EntryPoint","urlTemplate":"https:\/\/www.apfelpatient.de\/?s={search_term_string}"},"query-input":{"@type":"PropertyValueSpecification","valueRequired":true,"valueName":"search_term_string"}}],"inLanguage":"en-US"},{"@type":["Person","Organization"],"@id":"https:\/\/www.apfelpatient.de\/#\/schema\/person\/7dc56ad6c8e9824b76d2c08d4c140e13","name":"Milan","logo":{"@id":"https:\/\/www.apfelpatient.de\/#\/schema\/person\/image\/"},"description":"Hello and welcome to my technology blog! As a big Apple fan, I report on everything to do with Apple: from the latest news and exciting rumors to helpful tips and tricks and detailed product tests. If you are as enthusiastic about technology as I am, you have come to the right place!","sameAs":["https:\/\/www.facebook.com\/apfelpatientOfficial","https:\/\/www.linkedin.com\/in\/milan-jovicic-42aa0231b"],"url":"https:\/\/www.apfelpatient.de\/en\/author\/apfeladmin"}]}},"_links":{"self":[{"href":"https:\/\/www.apfelpatient.de\/en\/wp-json\/wp\/v2\/posts\/31524","targetHints":{"allow":["GET"]}}],"collection":[{"href":"https:\/\/www.apfelpatient.de\/en\/wp-json\/wp\/v2\/posts"}],"about":[{"href":"https:\/\/www.apfelpatient.de\/en\/wp-json\/wp\/v2\/types\/post"}],"author":[{"embeddable":true,"href":"https:\/\/www.apfelpatient.de\/en\/wp-json\/wp\/v2\/users\/2"}],"replies":[{"embeddable":true,"href":"https:\/\/www.apfelpatient.de\/en\/wp-json\/wp\/v2\/comments?post=31524"}],"version-history":[{"count":0,"href":"https:\/\/www.apfelpatient.de\/en\/wp-json\/wp\/v2\/posts\/31524\/revisions"}],"wp:featuredmedia":[{"embeddable":true,"href":"https:\/\/www.apfelpatient.de\/en\/wp-json\/wp\/v2\/media\/31531"}],"wp:attachment":[{"href":"https:\/\/www.apfelpatient.de\/en\/wp-json\/wp\/v2\/media?parent=31524"}],"wp:term":[{"taxonomy":"category","embeddable":true,"href":"https:\/\/www.apfelpatient.de\/en\/wp-json\/wp\/v2\/categories?post=31524"},{"taxonomy":"post_tag","embeddable":true,"href":"https:\/\/www.apfelpatient.de\/en\/wp-json\/wp\/v2\/tags?post=31524"}],"curies":[{"name":"wp","href":"https:\/\/api.w.org\/{rel}","templated":true}]}}