{"id":31517,"date":"2022-05-03T16:49:35","date_gmt":"2022-05-03T14:49:35","guid":{"rendered":"https:\/\/www.apfelpatient.de\/?p=31517"},"modified":"2022-05-03T16:49:36","modified_gmt":"2022-05-03T14:49:36","slug":"ipad-air-2-ipad-mini-2-land-on-vintage-list","status":"publish","type":"post","link":"https:\/\/www.apfelpatient.de\/en\/news\/ipad-air-2-ipad-mini-2-landen-auf-vintage-liste","title":{"rendered":"iPad Air 2 &amp; iPad mini 2 land on vintage list"},"content":{"rendered":"<p class=\"has-drop-cap\"><strong>The iPad Air 2 and iPad mini 2 are now officially classified as \u201cvintage\u201d products, meaning Apple no longer manufactures components used for repairs.<\/strong><\/p>\n\n\n\n<p>Apple <a href=\"https:\/\/support.apple.com\/en-us\/HT201624\" target=\"_blank\" rel=\"noreferrer noopener\">defined<\/a> A device is only considered &quot;vintage&quot; if it has not been sold for five years. Until then, Apple offers service and spare parts for its devices. But after that, repairs depend on which components are available.<\/p>\n\n\n\n<h3 class=\"wp-block-heading\" id=\"h-apple-setzt-ipad-air-2-ipad-mini-2-auf-vintage-liste\">Apple puts iPad Air 2 &amp; iPad mini 2 on vintage list<\/h3>\n\n\n\n\n\n\n\n<p>The iPad Air 2 was the first iPad to feature the Touch ID biometric sensor, after it was introduced in the iPhone 5s. It also received the same Secure Enclave as the iPhone 6 and iPhone 6 Plus in 2014 to support Apple Pay. In comparison, the iPad mini 2 lacked both Touch ID - which was only introduced with the iPad mini 3 in October 2014 - and the Secure Enclave. However, the iPad mini did get a Retina display and an improved FaceTime HD camera. (Photo by alexey_boldin \/ Bigstockphoto)<\/p>\n\n\n\n<ul class=\"wp-block-list\"><li><a href=\"https:\/\/www.apfelpatient.de\/en\/rumors\/apple-is-reportedly-testing-a-foldable-9-inch-device\">Apple is reportedly testing a foldable 9-inch device<\/a><\/li><\/ul>\n\n\n\n<h6 class=\"wp-block-heading translation-block\" id=\"h-kennt-ihr-schon-unsere-amazon-storefront-dort-findet-ihr-eine-handverlesene-auswahl-von-diversen-produkten-f-r-euer-iphone-und-co-viel-spa-beim-st-bern\"><em>Have you already visited our Amazon Storefront? There you&#039;ll find a hand-picked selection of various products for your iPhone and other devices \u2013 <span class=\"has-inline-color has-vivid-red-color\"><a href=\"https:\/\/www.amazon.de\/shop\/apfelpatientofficial\" class=\"ek-link\" data-wpel-link=\"exclude\" rel=\"follow noopener\" target=\"_self\"><span style=\"text-decoration: underline\" class=\"ek-underline\">enjoy browsing<\/span><\/a> !<\/span><\/em><\/h6>\n\n\n\n<h6 class=\"wp-block-heading translation-block\" id=\"h-der-beitrag-enthalt-partnerlinks\">This post contains <a data-type=\"URL\" data-id=\"https:\/\/www.apfelpatient.de\/partnerprogramm\" href=\"https:\/\/www.apfelpatient.de\/en\/partner-program\" data-wpel-link=\"internal\" target=\"_self\">affiliate links<\/a>.<\/h6>","protected":false},"excerpt":{"rendered":"<p>The iPad Air 2 and iPad mini 2 are now classified as \u201cvintage\u201d products, meaning Apple no longer manufactures components.<\/p>","protected":false},"author":2,"featured_media":31516,"comment_status":"closed","ping_status":"closed","sticky":false,"template":"","format":"standard","meta":{"jnews-multi-image_gallery":[],"jnews_single_post":{"subtitle":"","format":"standard","video":"","gallery":"","source_name":"","source_url":"","via_name":"","via_url":"","override":[{"single_blog_custom":"","sidebar":"","second_sidebar":"","share_position":"","share_float_style":"","post_date_format":"","post_date_format_custom":"","post_reading_time_wpm":"","zoom_button_out_step":"1","zoom_button_in_step":"1","number_popup_post":"1"}],"image_override":[{"single_post_thumbnail_size":"","single_post_gallery_size":""}],"trending_post_position":"","trending_post_label":"","sponsored_post_label":"","sponsored_post_name":"","sponsored_post_url":"","sponsored_post_logo":"","sponsored_post_desc":""},"jnews_primary_category":{"id":"9"},"footnotes":""},"categories":[9],"tags":[18],"class_list":["post-31517","post","type-post","status-publish","format-standard","has-post-thumbnail","hentry","category-news","tag-ipad"],"yoast_head":"<!-- This site is optimized with the Yoast SEO Premium plugin v27.5 (Yoast SEO v27.5) - https:\/\/yoast.com\/product\/yoast-seo-premium-wordpress\/ -->\n<title>iPad Air 2 &amp; iPad mini 2 landen auf Vintage-Liste Apfelpatient<\/title>\n<meta name=\"description\" content=\"Das iPad Air 2 und das iPad mini 2 werden nun als &quot;Vintage&quot;-Produkte eingestuft, was bedeutet, dass Apple keine Komponenten mehr herstellt.\" \/>\n<meta name=\"robots\" content=\"index, follow, max-snippet:-1, max-image-preview:large, max-video-preview:-1\" \/>\n<link rel=\"canonical\" href=\"https:\/\/www.apfelpatient.de\/en\/news\/ipad-air-2-ipad-mini-2-land-on-vintage-list\" \/>\n<meta property=\"og:locale\" content=\"en_US\" \/>\n<meta property=\"og:type\" content=\"article\" \/>\n<meta property=\"og:title\" content=\"iPad Air 2 &amp; iPad mini 2 landen auf Vintage-Liste\" \/>\n<meta property=\"og:description\" content=\"Das iPad Air 2 und das iPad mini 2 werden nun als &quot;Vintage&quot;-Produkte eingestuft, was bedeutet, dass Apple keine Komponenten mehr herstellt.\" \/>\n<meta property=\"og:url\" content=\"https:\/\/www.apfelpatient.de\/en\/news\/ipad-air-2-ipad-mini-2-land-on-vintage-list\" \/>\n<meta property=\"og:site_name\" content=\"Apfelpatient\" \/>\n<meta property=\"article:publisher\" content=\"https:\/\/www.facebook.com\/apfelpatientOfficial\" \/>\n<meta property=\"article:author\" content=\"https:\/\/www.facebook.com\/apfelpatientOfficial\" \/>\n<meta property=\"article:published_time\" content=\"2022-05-03T14:49:35+00:00\" \/>\n<meta property=\"article:modified_time\" content=\"2022-05-03T14:49:36+00:00\" \/>\n<meta property=\"og:image\" content=\"https:\/\/www.apfelpatient.de\/wp-content\/uploads\/2022\/05\/bigstock-Apple-Silver-Ipad-Air-With-I-84025922.jpg\" \/>\n\t<meta property=\"og:image:width\" content=\"1600\" \/>\n\t<meta property=\"og:image:height\" content=\"1052\" \/>\n\t<meta property=\"og:image:type\" content=\"image\/jpeg\" \/>\n<meta name=\"author\" content=\"Milan\" \/>\n<meta name=\"twitter:card\" content=\"summary_large_image\" \/>\n<meta name=\"twitter:description\" content=\"Das iPad Air 2 und das iPad mini 2 werden nun als &quot;Vintage&quot;-Produkte eingestuft, was bedeutet, dass Apple keine Komponenten mehr herstellt.\" \/>\n<meta name=\"twitter:label1\" content=\"Written by\" \/>\n\t<meta name=\"twitter:data1\" content=\"Milan\" \/>\n\t<meta name=\"twitter:label2\" content=\"Est. reading time\" \/>\n\t<meta name=\"twitter:data2\" content=\"2 minutes\" \/>\n<script type=\"application\/ld+json\" class=\"yoast-schema-graph\">{\"@context\":\"https:\\\/\\\/schema.org\",\"@graph\":[{\"@type\":\"NewsArticle\",\"@id\":\"https:\\\/\\\/www.apfelpatient.de\\\/news\\\/ipad-air-2-ipad-mini-2-landen-auf-vintage-liste#article\",\"isPartOf\":{\"@id\":\"https:\\\/\\\/www.apfelpatient.de\\\/news\\\/ipad-air-2-ipad-mini-2-landen-auf-vintage-liste\"},\"author\":{\"@type\":\"Organization\",\"@id\":\"https:\\\/\\\/www.apfelpatient.de\\\/en\\\/#organization\",\"name\":\"Apfelpatient\",\"url\":\"https:\\\/\\\/www.apfelpatient.de\\\/en\\\/\"},\"headline\":\"iPad Air 2 &amp; iPad mini 2 landen auf Vintage-Liste\",\"datePublished\":\"2022-05-03T14:49:35+00:00\",\"dateModified\":\"2022-05-03T14:49:36+00:00\",\"mainEntityOfPage\":{\"@id\":\"https:\\\/\\\/www.apfelpatient.de\\\/news\\\/ipad-air-2-ipad-mini-2-landen-auf-vintage-liste\"},\"wordCount\":192,\"publisher\":{\"@type\":\"Organization\",\"@id\":\"https:\\\/\\\/www.apfelpatient.de\\\/en\\\/#organization\",\"name\":\"Apfelpatient\",\"url\":\"https:\\\/\\\/www.apfelpatient.de\\\/en\\\/\"},\"image\":{\"@id\":\"https:\\\/\\\/www.apfelpatient.de\\\/news\\\/ipad-air-2-ipad-mini-2-landen-auf-vintage-liste#primaryimage\"},\"thumbnailUrl\":\"https:\\\/\\\/www.apfelpatient.de\\\/wp-content\\\/uploads\\\/2022\\\/05\\\/bigstock-Apple-Silver-Ipad-Air-With-I-84025922.jpg\",\"keywords\":[\"iPad\"],\"articleSection\":\"News\",\"inLanguage\":\"en-US\",\"copyrightYear\":\"2022\",\"copyrightHolder\":{\"@id\":\"https:\\\/\\\/www.apfelpatient.de\\\/en\\\/#organization\"}},{\"@type\":\"WebPage\",\"@id\":\"https:\\\/\\\/www.apfelpatient.de\\\/news\\\/ipad-air-2-ipad-mini-2-landen-auf-vintage-liste\",\"url\":\"https:\\\/\\\/www.apfelpatient.de\\\/news\\\/ipad-air-2-ipad-mini-2-landen-auf-vintage-liste\",\"name\":\"iPad Air 2 &amp; iPad mini 2 landen auf Vintage-Liste Apfelpatient\",\"isPartOf\":{\"@id\":\"https:\\\/\\\/www.apfelpatient.de\\\/#website\"},\"primaryImageOfPage\":{\"@id\":\"https:\\\/\\\/www.apfelpatient.de\\\/news\\\/ipad-air-2-ipad-mini-2-landen-auf-vintage-liste#primaryimage\"},\"image\":{\"@id\":\"https:\\\/\\\/www.apfelpatient.de\\\/news\\\/ipad-air-2-ipad-mini-2-landen-auf-vintage-liste#primaryimage\"},\"thumbnailUrl\":\"https:\\\/\\\/www.apfelpatient.de\\\/wp-content\\\/uploads\\\/2022\\\/05\\\/bigstock-Apple-Silver-Ipad-Air-With-I-84025922.jpg\",\"datePublished\":\"2022-05-03T14:49:35+00:00\",\"dateModified\":\"2022-05-03T14:49:36+00:00\",\"description\":\"Das iPad Air 2 und das iPad mini 2 werden nun als \\\"Vintage\\\"-Produkte eingestuft, was bedeutet, dass Apple keine Komponenten mehr herstellt.\",\"breadcrumb\":{\"@id\":\"https:\\\/\\\/www.apfelpatient.de\\\/news\\\/ipad-air-2-ipad-mini-2-landen-auf-vintage-liste#breadcrumb\"},\"inLanguage\":\"en-US\",\"potentialAction\":[{\"@type\":\"ReadAction\",\"target\":[\"https:\\\/\\\/www.apfelpatient.de\\\/news\\\/ipad-air-2-ipad-mini-2-landen-auf-vintage-liste\"]}]},{\"@type\":\"ImageObject\",\"inLanguage\":\"en-US\",\"@id\":\"https:\\\/\\\/www.apfelpatient.de\\\/news\\\/ipad-air-2-ipad-mini-2-landen-auf-vintage-liste#primaryimage\",\"url\":\"https:\\\/\\\/www.apfelpatient.de\\\/wp-content\\\/uploads\\\/2022\\\/05\\\/bigstock-Apple-Silver-Ipad-Air-With-I-84025922.jpg\",\"contentUrl\":\"https:\\\/\\\/www.apfelpatient.de\\\/wp-content\\\/uploads\\\/2022\\\/05\\\/bigstock-Apple-Silver-Ipad-Air-With-I-84025922.jpg\",\"width\":1600,\"height\":1052,\"caption\":\"Varna Bulgaria - February 04 2014: Apple Silver iPad Air 2 with touch ID displaying iOS 8 homescreen lies on the surface designed by Apple. Isolated on white background. The whole image in focus.\"},{\"@type\":\"BreadcrumbList\",\"@id\":\"https:\\\/\\\/www.apfelpatient.de\\\/news\\\/ipad-air-2-ipad-mini-2-landen-auf-vintage-liste#breadcrumb\",\"itemListElement\":[{\"@type\":\"ListItem\",\"position\":1,\"name\":\"Startseite\",\"item\":\"https:\\\/\\\/www.apfelpatient.de\\\/\"},{\"@type\":\"ListItem\",\"position\":2,\"name\":\"iPad Air 2 &amp; iPad mini 2 landen auf Vintage-Liste\"}]},{\"@type\":\"WebSite\",\"@id\":\"https:\\\/\\\/www.apfelpatient.de\\\/#website\",\"url\":\"https:\\\/\\\/www.apfelpatient.de\\\/\",\"name\":\"Apfelpatient\",\"description\":\"Alles rund um Apple!\",\"publisher\":{\"@type\":\"Organization\",\"@id\":\"https:\\\/\\\/www.apfelpatient.de\\\/en\\\/#organization\",\"name\":\"Apfelpatient\",\"url\":\"https:\\\/\\\/www.apfelpatient.de\\\/en\\\/\"},\"alternateName\":\"Apfelpatient\",\"potentialAction\":[{\"@type\":\"SearchAction\",\"target\":{\"@type\":\"EntryPoint\",\"urlTemplate\":\"https:\\\/\\\/www.apfelpatient.de\\\/?s={search_term_string}\"},\"query-input\":{\"@type\":\"PropertyValueSpecification\",\"valueRequired\":true,\"valueName\":\"search_term_string\"}}],\"inLanguage\":\"en-US\"},{\"@type\":[\"Person\",\"Organization\"],\"@id\":\"https:\\\/\\\/www.apfelpatient.de\\\/#\\\/schema\\\/person\\\/7dc56ad6c8e9824b76d2c08d4c140e13\",\"name\":\"Milan\",\"logo\":{\"@id\":\"https:\\\/\\\/www.apfelpatient.de\\\/#\\\/schema\\\/person\\\/image\\\/\"},\"description\":\"Hallo und herzlich willkommen auf meinem Technik-Blog! Als gro\u00dfer Apple-Fan berichte ich hier \u00fcber alles, was mit Apple zu tun hat: von den neuesten News und spannenden Ger\u00fcchten \u00fcber hilfreiche Tipps und Tricks bis hin zu ausf\u00fchrlichen Produkttests. Wenn du genauso technikbegeistert bist wie ich, bist du hier genau richtig!\",\"sameAs\":[\"https:\\\/\\\/www.facebook.com\\\/apfelpatientOfficial\",\"https:\\\/\\\/www.linkedin.com\\\/in\\\/milan-jovicic-42aa0231b\"],\"url\":\"https:\\\/\\\/www.apfelpatient.de\\\/en\\\/author\\\/apfeladmin\"}]}<\/script>\n<!-- \/ Yoast SEO Premium plugin. -->","yoast_head_json":{"title":"iPad Air 2 &amp; iPad mini 2 land on vintage list Apfelpatient","description":"The iPad Air 2 and iPad mini 2 are now classified as &quot;vintage&quot; products, meaning Apple no longer manufactures components.","robots":{"index":"index","follow":"follow","max-snippet":"max-snippet:-1","max-image-preview":"max-image-preview:large","max-video-preview":"max-video-preview:-1"},"canonical":"https:\/\/www.apfelpatient.de\/en\/news\/ipad-air-2-ipad-mini-2-land-on-vintage-list","og_locale":"en_US","og_type":"article","og_title":"iPad Air 2 &amp; iPad mini 2 landen auf Vintage-Liste","og_description":"Das iPad Air 2 und das iPad mini 2 werden nun als \"Vintage\"-Produkte eingestuft, was bedeutet, dass Apple keine Komponenten mehr herstellt.","og_url":"https:\/\/www.apfelpatient.de\/en\/news\/ipad-air-2-ipad-mini-2-land-on-vintage-list","og_site_name":"Apfelpatient","article_publisher":"https:\/\/www.facebook.com\/apfelpatientOfficial","article_author":"https:\/\/www.facebook.com\/apfelpatientOfficial","article_published_time":"2022-05-03T14:49:35+00:00","article_modified_time":"2022-05-03T14:49:36+00:00","og_image":[{"width":1600,"height":1052,"url":"https:\/\/www.apfelpatient.de\/wp-content\/uploads\/2022\/05\/bigstock-Apple-Silver-Ipad-Air-With-I-84025922.jpg","type":"image\/jpeg"}],"author":"Milan","twitter_card":"summary_large_image","twitter_description":"Das iPad Air 2 und das iPad mini 2 werden nun als \"Vintage\"-Produkte eingestuft, was bedeutet, dass Apple keine Komponenten mehr herstellt.","twitter_misc":{"Written by":"Milan","Est. reading time":"2 minutes"},"schema":{"@context":"https:\/\/schema.org","@graph":[{"@type":"NewsArticle","@id":"https:\/\/www.apfelpatient.de\/news\/ipad-air-2-ipad-mini-2-landen-auf-vintage-liste#article","isPartOf":{"@id":"https:\/\/www.apfelpatient.de\/news\/ipad-air-2-ipad-mini-2-landen-auf-vintage-liste"},"author":{"@type":"Organization","@id":"https:\/\/www.apfelpatient.de\/en\/#organization","name":"Apfelpatient","url":"https:\/\/www.apfelpatient.de\/en\/"},"headline":"iPad Air 2 &amp; iPad mini 2 landen auf Vintage-Liste","datePublished":"2022-05-03T14:49:35+00:00","dateModified":"2022-05-03T14:49:36+00:00","mainEntityOfPage":{"@id":"https:\/\/www.apfelpatient.de\/news\/ipad-air-2-ipad-mini-2-landen-auf-vintage-liste"},"wordCount":192,"publisher":{"@type":"Organization","@id":"https:\/\/www.apfelpatient.de\/en\/#organization","name":"Apfelpatient","url":"https:\/\/www.apfelpatient.de\/en\/"},"image":{"@id":"https:\/\/www.apfelpatient.de\/news\/ipad-air-2-ipad-mini-2-landen-auf-vintage-liste#primaryimage"},"thumbnailUrl":"https:\/\/www.apfelpatient.de\/wp-content\/uploads\/2022\/05\/bigstock-Apple-Silver-Ipad-Air-With-I-84025922.jpg","keywords":["iPad"],"articleSection":"News","inLanguage":"en-US","copyrightYear":"2022","copyrightHolder":{"@id":"https:\/\/www.apfelpatient.de\/en\/#organization"}},{"@type":"WebPage","@id":"https:\/\/www.apfelpatient.de\/news\/ipad-air-2-ipad-mini-2-landen-auf-vintage-liste","url":"https:\/\/www.apfelpatient.de\/news\/ipad-air-2-ipad-mini-2-landen-auf-vintage-liste","name":"iPad Air 2 &amp; iPad mini 2 land on vintage list Apfelpatient","isPartOf":{"@id":"https:\/\/www.apfelpatient.de\/#website"},"primaryImageOfPage":{"@id":"https:\/\/www.apfelpatient.de\/news\/ipad-air-2-ipad-mini-2-landen-auf-vintage-liste#primaryimage"},"image":{"@id":"https:\/\/www.apfelpatient.de\/news\/ipad-air-2-ipad-mini-2-landen-auf-vintage-liste#primaryimage"},"thumbnailUrl":"https:\/\/www.apfelpatient.de\/wp-content\/uploads\/2022\/05\/bigstock-Apple-Silver-Ipad-Air-With-I-84025922.jpg","datePublished":"2022-05-03T14:49:35+00:00","dateModified":"2022-05-03T14:49:36+00:00","description":"The iPad Air 2 and iPad mini 2 are now classified as &quot;vintage&quot; products, meaning Apple no longer manufactures components.","breadcrumb":{"@id":"https:\/\/www.apfelpatient.de\/news\/ipad-air-2-ipad-mini-2-landen-auf-vintage-liste#breadcrumb"},"inLanguage":"en-US","potentialAction":[{"@type":"ReadAction","target":["https:\/\/www.apfelpatient.de\/news\/ipad-air-2-ipad-mini-2-landen-auf-vintage-liste"]}]},{"@type":"ImageObject","inLanguage":"en-US","@id":"https:\/\/www.apfelpatient.de\/news\/ipad-air-2-ipad-mini-2-landen-auf-vintage-liste#primaryimage","url":"https:\/\/www.apfelpatient.de\/wp-content\/uploads\/2022\/05\/bigstock-Apple-Silver-Ipad-Air-With-I-84025922.jpg","contentUrl":"https:\/\/www.apfelpatient.de\/wp-content\/uploads\/2022\/05\/bigstock-Apple-Silver-Ipad-Air-With-I-84025922.jpg","width":1600,"height":1052,"caption":"Varna Bulgaria - February 04 2014: Apple Silver iPad Air 2 with touch ID displaying iOS 8 homescreen lies on the surface designed by Apple. Isolated on white background. The whole image in focus."},{"@type":"BreadcrumbList","@id":"https:\/\/www.apfelpatient.de\/news\/ipad-air-2-ipad-mini-2-landen-auf-vintage-liste#breadcrumb","itemListElement":[{"@type":"ListItem","position":1,"name":"Startseite","item":"https:\/\/www.apfelpatient.de\/"},{"@type":"ListItem","position":2,"name":"iPad Air 2 &amp; iPad mini 2 landen auf Vintage-Liste"}]},{"@type":"WebSite","@id":"https:\/\/www.apfelpatient.de\/#website","url":"https:\/\/www.apfelpatient.de\/","name":"apple patient","description":"Everything about Apple!","publisher":{"@type":"Organization","@id":"https:\/\/www.apfelpatient.de\/en\/#organization","name":"Apfelpatient","url":"https:\/\/www.apfelpatient.de\/en\/"},"alternateName":"Apfelpatient","potentialAction":[{"@type":"SearchAction","target":{"@type":"EntryPoint","urlTemplate":"https:\/\/www.apfelpatient.de\/?s={search_term_string}"},"query-input":{"@type":"PropertyValueSpecification","valueRequired":true,"valueName":"search_term_string"}}],"inLanguage":"en-US"},{"@type":["Person","Organization"],"@id":"https:\/\/www.apfelpatient.de\/#\/schema\/person\/7dc56ad6c8e9824b76d2c08d4c140e13","name":"Milan","logo":{"@id":"https:\/\/www.apfelpatient.de\/#\/schema\/person\/image\/"},"description":"Hello and welcome to my technology blog! As a big Apple fan, I report on everything to do with Apple: from the latest news and exciting rumors to helpful tips and tricks and detailed product tests. If you are as enthusiastic about technology as I am, you have come to the right place!","sameAs":["https:\/\/www.facebook.com\/apfelpatientOfficial","https:\/\/www.linkedin.com\/in\/milan-jovicic-42aa0231b"],"url":"https:\/\/www.apfelpatient.de\/en\/author\/apfeladmin"}]}},"_links":{"self":[{"href":"https:\/\/www.apfelpatient.de\/en\/wp-json\/wp\/v2\/posts\/31517","targetHints":{"allow":["GET"]}}],"collection":[{"href":"https:\/\/www.apfelpatient.de\/en\/wp-json\/wp\/v2\/posts"}],"about":[{"href":"https:\/\/www.apfelpatient.de\/en\/wp-json\/wp\/v2\/types\/post"}],"author":[{"embeddable":true,"href":"https:\/\/www.apfelpatient.de\/en\/wp-json\/wp\/v2\/users\/2"}],"replies":[{"embeddable":true,"href":"https:\/\/www.apfelpatient.de\/en\/wp-json\/wp\/v2\/comments?post=31517"}],"version-history":[{"count":0,"href":"https:\/\/www.apfelpatient.de\/en\/wp-json\/wp\/v2\/posts\/31517\/revisions"}],"wp:featuredmedia":[{"embeddable":true,"href":"https:\/\/www.apfelpatient.de\/en\/wp-json\/wp\/v2\/media\/31516"}],"wp:attachment":[{"href":"https:\/\/www.apfelpatient.de\/en\/wp-json\/wp\/v2\/media?parent=31517"}],"wp:term":[{"taxonomy":"category","embeddable":true,"href":"https:\/\/www.apfelpatient.de\/en\/wp-json\/wp\/v2\/categories?post=31517"},{"taxonomy":"post_tag","embeddable":true,"href":"https:\/\/www.apfelpatient.de\/en\/wp-json\/wp\/v2\/tags?post=31517"}],"curies":[{"name":"wp","href":"https:\/\/api.w.org\/{rel}","templated":true}]}}