{"id":31494,"date":"2022-05-01T17:09:31","date_gmt":"2022-05-01T15:09:31","guid":{"rendered":"https:\/\/www.apfelpatient.de\/?p=31494"},"modified":"2022-05-01T17:09:31","modified_gmt":"2022-05-01T15:09:31","slug":"will-the-apple-watch-series-8-be-able-to-measure-body-temperature","status":"publish","type":"post","link":"https:\/\/www.apfelpatient.de\/en\/rumors\/wird-die-apple-watch-series-8-die-koerpertemperatur-messen-koennen","title":{"rendered":"Will the Apple Watch Series 8 be able to measure body temperature?"},"content":{"rendered":"<p class=\"has-drop-cap\"><strong>The body temperature tracking feature is expected in the Apple Watch Series 8. Interestingly, the feature was already planned for the Series 7. But software problems have prevented its introduction.<\/strong><\/p>\n\n\n\n<p>There have been many rumors about the Apple Watch&#039;s fitness sensors and capabilities, with body temperature measurement being one of the most important potential new features. TF Securities analyst Ming-Chi Kuo has suggested that this feature could now be included in the Apple Watch Series 8 if Apple gets the algorithms working. In a new<a href=\"https:\/\/twitter.com\/mingchikuo\/status\/1520711546502250497?s=20&amp;t=570Rx0oB1RWXJLOXN0EgxA\" target=\"_blank\" rel=\"noreferrer noopener\"> Twitter post<\/a> Kuo claims:<\/p>\n\n\n\n<blockquote class=\"wp-block-quote is-layout-flow wp-block-quote-is-layout-flow\"><p>Apple dropped body temperature tracking for the Apple Watch 7 because the algorithm failed to qualify before entering the EVT phase last year.<\/p><\/blockquote>\n\n\n\n<p>Kuo is referring to engineering validation testing, a phase in which hardware features are tested before a design goes into production. Despite missing the Series 7, Kuo adds:<\/p>\n\n\n\n<h3 class=\"wp-block-heading\" id=\"h-apple-watch-series-8-wird-der-algorithmus-apples-hohe-anforderungen-erfullen\">Apple Watch Series 8: Will the algorithm meet Apple&#039;s high standards?<\/h3>\n\n\n\n\n\n\n\n<blockquote class=\"wp-block-quote is-layout-flow wp-block-quote-is-layout-flow\"><p>I believe the Apple Watch 8 could measure body temperature in 2H22 if the algorithm can meet Apple&#039;s high standards before mass production.<\/p><\/blockquote>\n\n\n\n<p>Although this is a seemingly simple task for a device, Kuo explains that it is actually a difficult problem for Apple.<\/p>\n\n\n\n<blockquote class=\"wp-block-quote is-layout-flow wp-block-quote-is-layout-flow\"><p>The challenge in implementing an accurate measurement of body temperature is that skin temperature fluctuates rapidly depending on external influences. A smartwatch cannot support body temperature measurement in hardware, so it needs a great algorithm to work together.<\/p><\/blockquote>\n\n\n\n<p>Kuo points out that Apple is not the only one struggling with this problem, as Samsung is also facing this challenge. Kuo assumes that the South Korean competitor&#039;s Galaxy Watch 5, which is scheduled for late 2022, will lack the same function &quot;due to algorithm limitations.&quot; Are you interested in the Apple Watch SE? The smartwatch is currently priced <a href=\"https:\/\/www.idealo.de\/preisvergleich\/OffersOfProduct\/200654634_-watch-se-apple.html\" target=\"_blank\" rel=\"noreferrer noopener\">from 269 euros<\/a> available. (Photo by TanyaKim \/ Bigstockphoto)<\/p>\n\n\n\n<ul class=\"wp-block-list\"><li><a href=\"https:\/\/www.apfelpatient.de\/en\/rumors\/future-apple-watch-models-to-receive-satellite-connection\">Future Apple Watch models to receive satellite connection<\/a><\/li><\/ul>\n\n\n\n<h6 class=\"wp-block-heading translation-block\" id=\"h-kennt-ihr-schon-unsere-amazon-storefront-dort-findet-ihr-eine-handverlesene-auswahl-von-diversen-produkten-f-r-euer-iphone-und-co-viel-spa-beim-st-bern\"><em>Have you already visited our Amazon Storefront? There you&#039;ll find a hand-picked selection of various products for your iPhone and other devices \u2013 <span class=\"has-inline-color has-vivid-red-color\"><a href=\"https:\/\/www.amazon.de\/shop\/apfelpatientofficial\" class=\"ek-link\" data-wpel-link=\"exclude\" rel=\"follow noopener\" target=\"_self\"><span style=\"text-decoration: underline\" class=\"ek-underline\">enjoy browsing<\/span><\/a> !<\/span><\/em><\/h6>\n\n\n\n<h6 class=\"wp-block-heading translation-block\" id=\"h-der-beitrag-enthalt-partnerlinks\">This post contains <a data-type=\"URL\" data-id=\"https:\/\/www.apfelpatient.de\/partnerprogramm\" href=\"https:\/\/www.apfelpatient.de\/en\/partner-program\" data-wpel-link=\"internal\" target=\"_self\">affiliate links<\/a>.<\/h6>","protected":false},"excerpt":{"rendered":"<p>If Apple fixes software issues: Body temperature tracking feature expected in Apple Watch Series 8.<\/p>","protected":false},"author":2,"featured_media":31493,"comment_status":"closed","ping_status":"closed","sticky":false,"template":"","format":"standard","meta":{"jnews-multi-image_gallery":[],"jnews_single_post":{"subtitle":"","format":"standard","video":"","gallery":"","source_name":"","source_url":"","via_name":"","via_url":"","override":[{"single_blog_custom":"","sidebar":"","second_sidebar":"","share_position":"","share_float_style":"","post_date_format":"","post_date_format_custom":"","post_reading_time_wpm":"","zoom_button_out_step":"1","zoom_button_in_step":"1","number_popup_post":"1"}],"image_override":[{"single_post_thumbnail_size":"","single_post_gallery_size":""}],"trending_post_position":"","trending_post_label":"","sponsored_post_label":"","sponsored_post_name":"","sponsored_post_url":"","sponsored_post_logo":"","sponsored_post_desc":""},"jnews_primary_category":{"id":"25"},"footnotes":""},"categories":[25],"tags":[14,391,626],"class_list":["post-31494","post","type-post","status-publish","format-standard","has-post-thumbnail","hentry","category-rumors","tag-apple-watch","tag-apple-watch-series-7","tag-apple-watch-series-8"],"yoast_head":"<!-- This site is optimized with the Yoast SEO Premium plugin v27.5 (Yoast SEO v27.5) - https:\/\/yoast.com\/product\/yoast-seo-premium-wordpress\/ -->\n<title>Wird die Apple Watch Series 8 die K\u00f6rpertemperatur messen k\u00f6nnen?<\/title>\n<meta name=\"description\" content=\"Wenn Apple Software-Probleme behebt: Die Funktion zur Erfassung der K\u00f6rpertemperatur wird in der Apple Watch Series 8 erwartet.\" \/>\n<meta name=\"robots\" content=\"index, follow, max-snippet:-1, max-image-preview:large, max-video-preview:-1\" \/>\n<link rel=\"canonical\" href=\"https:\/\/www.apfelpatient.de\/en\/rumors\/will-the-apple-watch-series-8-be-able-to-measure-body-temperature\" \/>\n<meta property=\"og:locale\" content=\"en_US\" \/>\n<meta property=\"og:type\" content=\"article\" \/>\n<meta property=\"og:title\" content=\"Wird die Apple Watch Series 8 die K\u00f6rpertemperatur messen k\u00f6nnen?\" \/>\n<meta property=\"og:description\" content=\"Wenn Apple Software-Probleme behebt: Die Funktion zur Erfassung der K\u00f6rpertemperatur wird in der Apple Watch Series 8 erwartet.\" \/>\n<meta property=\"og:url\" content=\"https:\/\/www.apfelpatient.de\/en\/rumors\/will-the-apple-watch-series-8-be-able-to-measure-body-temperature\" \/>\n<meta property=\"og:site_name\" content=\"Apfelpatient\" \/>\n<meta property=\"article:publisher\" content=\"https:\/\/www.facebook.com\/apfelpatientOfficial\" \/>\n<meta property=\"article:author\" content=\"https:\/\/www.facebook.com\/apfelpatientOfficial\" \/>\n<meta property=\"article:published_time\" content=\"2022-05-01T15:09:31+00:00\" \/>\n<meta property=\"og:image\" content=\"https:\/\/www.apfelpatient.de\/wp-content\/uploads\/2022\/05\/bigstock-Seoul-Male-Hand-450228961.jpg\" \/>\n\t<meta property=\"og:image:width\" content=\"1600\" \/>\n\t<meta property=\"og:image:height\" content=\"1067\" \/>\n\t<meta property=\"og:image:type\" content=\"image\/jpeg\" \/>\n<meta name=\"author\" content=\"Milan\" \/>\n<meta name=\"twitter:card\" content=\"summary_large_image\" \/>\n<meta name=\"twitter:description\" content=\"Wenn Apple Software-Probleme behebt: Die Funktion zur Erfassung der K\u00f6rpertemperatur wird in der Apple Watch Series 8 erwartet.\" \/>\n<meta name=\"twitter:label1\" content=\"Written by\" \/>\n\t<meta name=\"twitter:data1\" content=\"Milan\" \/>\n\t<meta name=\"twitter:label2\" content=\"Est. reading time\" \/>\n\t<meta name=\"twitter:data2\" content=\"2 minutes\" \/>\n<script type=\"application\/ld+json\" class=\"yoast-schema-graph\">{\"@context\":\"https:\\\/\\\/schema.org\",\"@graph\":[{\"@type\":\"NewsArticle\",\"@id\":\"https:\\\/\\\/www.apfelpatient.de\\\/rumors\\\/wird-die-apple-watch-series-8-die-koerpertemperatur-messen-koennen#article\",\"isPartOf\":{\"@id\":\"https:\\\/\\\/www.apfelpatient.de\\\/rumors\\\/wird-die-apple-watch-series-8-die-koerpertemperatur-messen-koennen\"},\"author\":{\"@type\":\"Organization\",\"@id\":\"https:\\\/\\\/www.apfelpatient.de\\\/en\\\/#organization\",\"name\":\"Apfelpatient\",\"url\":\"https:\\\/\\\/www.apfelpatient.de\\\/en\\\/\"},\"headline\":\"Wird die Apple Watch Series 8 die K\u00f6rpertemperatur messen k\u00f6nnen?\",\"datePublished\":\"2022-05-01T15:09:31+00:00\",\"mainEntityOfPage\":{\"@id\":\"https:\\\/\\\/www.apfelpatient.de\\\/rumors\\\/wird-die-apple-watch-series-8-die-koerpertemperatur-messen-koennen\"},\"wordCount\":365,\"publisher\":{\"@type\":\"Organization\",\"@id\":\"https:\\\/\\\/www.apfelpatient.de\\\/en\\\/#organization\",\"name\":\"Apfelpatient\",\"url\":\"https:\\\/\\\/www.apfelpatient.de\\\/en\\\/\"},\"image\":{\"@id\":\"https:\\\/\\\/www.apfelpatient.de\\\/rumors\\\/wird-die-apple-watch-series-8-die-koerpertemperatur-messen-koennen#primaryimage\"},\"thumbnailUrl\":\"https:\\\/\\\/www.apfelpatient.de\\\/wp-content\\\/uploads\\\/2022\\\/05\\\/bigstock-Seoul-Male-Hand-450228961.jpg\",\"keywords\":[\"Apple Watch\",\"Apple Watch Series 7\",\"Apple Watch Series 8\"],\"articleSection\":\"Rumors\",\"inLanguage\":\"en-US\",\"copyrightYear\":\"2022\",\"copyrightHolder\":{\"@id\":\"https:\\\/\\\/www.apfelpatient.de\\\/en\\\/#organization\"}},{\"@type\":\"WebPage\",\"@id\":\"https:\\\/\\\/www.apfelpatient.de\\\/rumors\\\/wird-die-apple-watch-series-8-die-koerpertemperatur-messen-koennen\",\"url\":\"https:\\\/\\\/www.apfelpatient.de\\\/rumors\\\/wird-die-apple-watch-series-8-die-koerpertemperatur-messen-koennen\",\"name\":\"Wird die Apple Watch Series 8 die K\u00f6rpertemperatur messen k\u00f6nnen?\",\"isPartOf\":{\"@id\":\"https:\\\/\\\/www.apfelpatient.de\\\/#website\"},\"primaryImageOfPage\":{\"@id\":\"https:\\\/\\\/www.apfelpatient.de\\\/rumors\\\/wird-die-apple-watch-series-8-die-koerpertemperatur-messen-koennen#primaryimage\"},\"image\":{\"@id\":\"https:\\\/\\\/www.apfelpatient.de\\\/rumors\\\/wird-die-apple-watch-series-8-die-koerpertemperatur-messen-koennen#primaryimage\"},\"thumbnailUrl\":\"https:\\\/\\\/www.apfelpatient.de\\\/wp-content\\\/uploads\\\/2022\\\/05\\\/bigstock-Seoul-Male-Hand-450228961.jpg\",\"datePublished\":\"2022-05-01T15:09:31+00:00\",\"description\":\"Wenn Apple Software-Probleme behebt: Die Funktion zur Erfassung der K\u00f6rpertemperatur wird in der Apple Watch Series 8 erwartet.\",\"breadcrumb\":{\"@id\":\"https:\\\/\\\/www.apfelpatient.de\\\/rumors\\\/wird-die-apple-watch-series-8-die-koerpertemperatur-messen-koennen#breadcrumb\"},\"inLanguage\":\"en-US\",\"potentialAction\":[{\"@type\":\"ReadAction\",\"target\":[\"https:\\\/\\\/www.apfelpatient.de\\\/rumors\\\/wird-die-apple-watch-series-8-die-koerpertemperatur-messen-koennen\"]}]},{\"@type\":\"ImageObject\",\"inLanguage\":\"en-US\",\"@id\":\"https:\\\/\\\/www.apfelpatient.de\\\/rumors\\\/wird-die-apple-watch-series-8-die-koerpertemperatur-messen-koennen#primaryimage\",\"url\":\"https:\\\/\\\/www.apfelpatient.de\\\/wp-content\\\/uploads\\\/2022\\\/05\\\/bigstock-Seoul-Male-Hand-450228961.jpg\",\"contentUrl\":\"https:\\\/\\\/www.apfelpatient.de\\\/wp-content\\\/uploads\\\/2022\\\/05\\\/bigstock-Seoul-Male-Hand-450228961.jpg\",\"width\":1600,\"height\":1067,\"caption\":\"Seoul - 05.02.2022: Male hand with two Apple Watches with pink and gray strap on white background close-up.\"},{\"@type\":\"BreadcrumbList\",\"@id\":\"https:\\\/\\\/www.apfelpatient.de\\\/rumors\\\/wird-die-apple-watch-series-8-die-koerpertemperatur-messen-koennen#breadcrumb\",\"itemListElement\":[{\"@type\":\"ListItem\",\"position\":1,\"name\":\"Startseite\",\"item\":\"https:\\\/\\\/www.apfelpatient.de\\\/\"},{\"@type\":\"ListItem\",\"position\":2,\"name\":\"Wird die Apple Watch Series 8 die K\u00f6rpertemperatur messen k\u00f6nnen?\"}]},{\"@type\":\"WebSite\",\"@id\":\"https:\\\/\\\/www.apfelpatient.de\\\/#website\",\"url\":\"https:\\\/\\\/www.apfelpatient.de\\\/\",\"name\":\"Apfelpatient\",\"description\":\"Alles rund um Apple!\",\"publisher\":{\"@type\":\"Organization\",\"@id\":\"https:\\\/\\\/www.apfelpatient.de\\\/en\\\/#organization\",\"name\":\"Apfelpatient\",\"url\":\"https:\\\/\\\/www.apfelpatient.de\\\/en\\\/\"},\"alternateName\":\"Apfelpatient\",\"potentialAction\":[{\"@type\":\"SearchAction\",\"target\":{\"@type\":\"EntryPoint\",\"urlTemplate\":\"https:\\\/\\\/www.apfelpatient.de\\\/?s={search_term_string}\"},\"query-input\":{\"@type\":\"PropertyValueSpecification\",\"valueRequired\":true,\"valueName\":\"search_term_string\"}}],\"inLanguage\":\"en-US\"},{\"@type\":[\"Person\",\"Organization\"],\"@id\":\"https:\\\/\\\/www.apfelpatient.de\\\/#\\\/schema\\\/person\\\/7dc56ad6c8e9824b76d2c08d4c140e13\",\"name\":\"Milan\",\"logo\":{\"@id\":\"https:\\\/\\\/www.apfelpatient.de\\\/#\\\/schema\\\/person\\\/image\\\/\"},\"description\":\"Hallo und herzlich willkommen auf meinem Technik-Blog! Als gro\u00dfer Apple-Fan berichte ich hier \u00fcber alles, was mit Apple zu tun hat: von den neuesten News und spannenden Ger\u00fcchten \u00fcber hilfreiche Tipps und Tricks bis hin zu ausf\u00fchrlichen Produkttests. Wenn du genauso technikbegeistert bist wie ich, bist du hier genau richtig!\",\"sameAs\":[\"https:\\\/\\\/www.facebook.com\\\/apfelpatientOfficial\",\"https:\\\/\\\/www.linkedin.com\\\/in\\\/milan-jovicic-42aa0231b\"],\"url\":\"https:\\\/\\\/www.apfelpatient.de\\\/en\\\/author\\\/apfeladmin\"}]}<\/script>\n<!-- \/ Yoast SEO Premium plugin. -->","yoast_head_json":{"title":"Will the Apple Watch Series 8 be able to measure body temperature?","description":"If Apple fixes software issues: Body temperature tracking feature expected in Apple Watch Series 8.","robots":{"index":"index","follow":"follow","max-snippet":"max-snippet:-1","max-image-preview":"max-image-preview:large","max-video-preview":"max-video-preview:-1"},"canonical":"https:\/\/www.apfelpatient.de\/en\/rumors\/will-the-apple-watch-series-8-be-able-to-measure-body-temperature","og_locale":"en_US","og_type":"article","og_title":"Wird die Apple Watch Series 8 die K\u00f6rpertemperatur messen k\u00f6nnen?","og_description":"Wenn Apple Software-Probleme behebt: Die Funktion zur Erfassung der K\u00f6rpertemperatur wird in der Apple Watch Series 8 erwartet.","og_url":"https:\/\/www.apfelpatient.de\/en\/rumors\/will-the-apple-watch-series-8-be-able-to-measure-body-temperature","og_site_name":"Apfelpatient","article_publisher":"https:\/\/www.facebook.com\/apfelpatientOfficial","article_author":"https:\/\/www.facebook.com\/apfelpatientOfficial","article_published_time":"2022-05-01T15:09:31+00:00","og_image":[{"width":1600,"height":1067,"url":"https:\/\/www.apfelpatient.de\/wp-content\/uploads\/2022\/05\/bigstock-Seoul-Male-Hand-450228961.jpg","type":"image\/jpeg"}],"author":"Milan","twitter_card":"summary_large_image","twitter_description":"Wenn Apple Software-Probleme behebt: Die Funktion zur Erfassung der K\u00f6rpertemperatur wird in der Apple Watch Series 8 erwartet.","twitter_misc":{"Written by":"Milan","Est. reading time":"2 minutes"},"schema":{"@context":"https:\/\/schema.org","@graph":[{"@type":"NewsArticle","@id":"https:\/\/www.apfelpatient.de\/rumors\/wird-die-apple-watch-series-8-die-koerpertemperatur-messen-koennen#article","isPartOf":{"@id":"https:\/\/www.apfelpatient.de\/rumors\/wird-die-apple-watch-series-8-die-koerpertemperatur-messen-koennen"},"author":{"@type":"Organization","@id":"https:\/\/www.apfelpatient.de\/en\/#organization","name":"Apfelpatient","url":"https:\/\/www.apfelpatient.de\/en\/"},"headline":"Wird die Apple Watch Series 8 die K\u00f6rpertemperatur messen k\u00f6nnen?","datePublished":"2022-05-01T15:09:31+00:00","mainEntityOfPage":{"@id":"https:\/\/www.apfelpatient.de\/rumors\/wird-die-apple-watch-series-8-die-koerpertemperatur-messen-koennen"},"wordCount":365,"publisher":{"@type":"Organization","@id":"https:\/\/www.apfelpatient.de\/en\/#organization","name":"Apfelpatient","url":"https:\/\/www.apfelpatient.de\/en\/"},"image":{"@id":"https:\/\/www.apfelpatient.de\/rumors\/wird-die-apple-watch-series-8-die-koerpertemperatur-messen-koennen#primaryimage"},"thumbnailUrl":"https:\/\/www.apfelpatient.de\/wp-content\/uploads\/2022\/05\/bigstock-Seoul-Male-Hand-450228961.jpg","keywords":["Apple Watch","Apple Watch Series 7","Apple Watch Series 8"],"articleSection":"Rumors","inLanguage":"en-US","copyrightYear":"2022","copyrightHolder":{"@id":"https:\/\/www.apfelpatient.de\/en\/#organization"}},{"@type":"WebPage","@id":"https:\/\/www.apfelpatient.de\/rumors\/wird-die-apple-watch-series-8-die-koerpertemperatur-messen-koennen","url":"https:\/\/www.apfelpatient.de\/rumors\/wird-die-apple-watch-series-8-die-koerpertemperatur-messen-koennen","name":"Will the Apple Watch Series 8 be able to measure body temperature?","isPartOf":{"@id":"https:\/\/www.apfelpatient.de\/#website"},"primaryImageOfPage":{"@id":"https:\/\/www.apfelpatient.de\/rumors\/wird-die-apple-watch-series-8-die-koerpertemperatur-messen-koennen#primaryimage"},"image":{"@id":"https:\/\/www.apfelpatient.de\/rumors\/wird-die-apple-watch-series-8-die-koerpertemperatur-messen-koennen#primaryimage"},"thumbnailUrl":"https:\/\/www.apfelpatient.de\/wp-content\/uploads\/2022\/05\/bigstock-Seoul-Male-Hand-450228961.jpg","datePublished":"2022-05-01T15:09:31+00:00","description":"If Apple fixes software issues: Body temperature tracking feature expected in Apple Watch Series 8.","breadcrumb":{"@id":"https:\/\/www.apfelpatient.de\/rumors\/wird-die-apple-watch-series-8-die-koerpertemperatur-messen-koennen#breadcrumb"},"inLanguage":"en-US","potentialAction":[{"@type":"ReadAction","target":["https:\/\/www.apfelpatient.de\/rumors\/wird-die-apple-watch-series-8-die-koerpertemperatur-messen-koennen"]}]},{"@type":"ImageObject","inLanguage":"en-US","@id":"https:\/\/www.apfelpatient.de\/rumors\/wird-die-apple-watch-series-8-die-koerpertemperatur-messen-koennen#primaryimage","url":"https:\/\/www.apfelpatient.de\/wp-content\/uploads\/2022\/05\/bigstock-Seoul-Male-Hand-450228961.jpg","contentUrl":"https:\/\/www.apfelpatient.de\/wp-content\/uploads\/2022\/05\/bigstock-Seoul-Male-Hand-450228961.jpg","width":1600,"height":1067,"caption":"Seoul - 05.02.2022: Male hand with two Apple Watches with pink and gray strap on white background close-up."},{"@type":"BreadcrumbList","@id":"https:\/\/www.apfelpatient.de\/rumors\/wird-die-apple-watch-series-8-die-koerpertemperatur-messen-koennen#breadcrumb","itemListElement":[{"@type":"ListItem","position":1,"name":"Startseite","item":"https:\/\/www.apfelpatient.de\/"},{"@type":"ListItem","position":2,"name":"Wird die Apple Watch Series 8 die K\u00f6rpertemperatur messen k\u00f6nnen?"}]},{"@type":"WebSite","@id":"https:\/\/www.apfelpatient.de\/#website","url":"https:\/\/www.apfelpatient.de\/","name":"apple patient","description":"Everything about Apple!","publisher":{"@type":"Organization","@id":"https:\/\/www.apfelpatient.de\/en\/#organization","name":"Apfelpatient","url":"https:\/\/www.apfelpatient.de\/en\/"},"alternateName":"Apfelpatient","potentialAction":[{"@type":"SearchAction","target":{"@type":"EntryPoint","urlTemplate":"https:\/\/www.apfelpatient.de\/?s={search_term_string}"},"query-input":{"@type":"PropertyValueSpecification","valueRequired":true,"valueName":"search_term_string"}}],"inLanguage":"en-US"},{"@type":["Person","Organization"],"@id":"https:\/\/www.apfelpatient.de\/#\/schema\/person\/7dc56ad6c8e9824b76d2c08d4c140e13","name":"Milan","logo":{"@id":"https:\/\/www.apfelpatient.de\/#\/schema\/person\/image\/"},"description":"Hello and welcome to my technology blog! As a big Apple fan, I report on everything to do with Apple: from the latest news and exciting rumors to helpful tips and tricks and detailed product tests. If you are as enthusiastic about technology as I am, you have come to the right place!","sameAs":["https:\/\/www.facebook.com\/apfelpatientOfficial","https:\/\/www.linkedin.com\/in\/milan-jovicic-42aa0231b"],"url":"https:\/\/www.apfelpatient.de\/en\/author\/apfeladmin"}]}},"_links":{"self":[{"href":"https:\/\/www.apfelpatient.de\/en\/wp-json\/wp\/v2\/posts\/31494","targetHints":{"allow":["GET"]}}],"collection":[{"href":"https:\/\/www.apfelpatient.de\/en\/wp-json\/wp\/v2\/posts"}],"about":[{"href":"https:\/\/www.apfelpatient.de\/en\/wp-json\/wp\/v2\/types\/post"}],"author":[{"embeddable":true,"href":"https:\/\/www.apfelpatient.de\/en\/wp-json\/wp\/v2\/users\/2"}],"replies":[{"embeddable":true,"href":"https:\/\/www.apfelpatient.de\/en\/wp-json\/wp\/v2\/comments?post=31494"}],"version-history":[{"count":0,"href":"https:\/\/www.apfelpatient.de\/en\/wp-json\/wp\/v2\/posts\/31494\/revisions"}],"wp:featuredmedia":[{"embeddable":true,"href":"https:\/\/www.apfelpatient.de\/en\/wp-json\/wp\/v2\/media\/31493"}],"wp:attachment":[{"href":"https:\/\/www.apfelpatient.de\/en\/wp-json\/wp\/v2\/media?parent=31494"}],"wp:term":[{"taxonomy":"category","embeddable":true,"href":"https:\/\/www.apfelpatient.de\/en\/wp-json\/wp\/v2\/categories?post=31494"},{"taxonomy":"post_tag","embeddable":true,"href":"https:\/\/www.apfelpatient.de\/en\/wp-json\/wp\/v2\/tags?post=31494"}],"curies":[{"name":"wp","href":"https:\/\/api.w.org\/{rel}","templated":true}]}}