{"id":31458,"date":"2022-04-28T15:33:23","date_gmt":"2022-04-28T13:33:23","guid":{"rendered":"https:\/\/www.apfelpatient.de\/?p=31458"},"modified":"2022-04-28T15:33:23","modified_gmt":"2022-04-28T13:33:23","slug":"ios-16-could-expand-icloud-private-relay","status":"publish","type":"post","link":"https:\/\/www.apfelpatient.de\/en\/rumors\/ios-16-koennte-icloud-private-relay-erweitern","title":{"rendered":"iOS 16 could expand iCloud Private Relay"},"content":{"rendered":"<p class=\"has-drop-cap\"><strong>As part of the new iCloud+ subscription service unveiled at WWDC 2021, Apple introduced iCloud Private Relay, a feature designed to provide users with an additional layer of privacy and security by sending requests through two separate internet relays to hide user data.<\/strong><\/p>\n\n\n\n<p>The feature is currently available to iCloud+ subscribers as a \u201cbeta\u201d feature. But a new report suggests that this could change with iOS 16 this year. <a href=\"https:\/\/digiday.com\/media\/experts-predict-apple-will-turn-on-private-relay-by-default-in-ios-16\/\" target=\"_blank\" rel=\"noreferrer noopener\">quoted<\/a> Digiday cites &quot;multiple sources&quot; saying that Apple is planning a handful of new features for iOS 16 this year that will further limit user data tracking. One of the sources cited in the article is Charles Manning, CEO of mobile analytics measurement company Kochava. Manning explained that he believes Apple will increase its focus on privacy by expanding Private Relay:<\/p>\n\n\n\n<h3 class=\"wp-block-heading\" id=\"h-wird-apple-unter-ios-16-das-private-relay-erweitern\">Will Apple expand Private Relay in iOS 16?<\/h3>\n\n\n\n\n\n\n\n<blockquote class=\"wp-block-quote is-layout-flow wp-block-quote-is-layout-flow\"><p>The logistical implications of enforcing policy combined with Apple&#039;s tradition of creating technical guardrails suggest that they will rely on Private Relay as (or part of) the technical enforcement mechanism. I believe that Apple will announce that customers love Private Relay and that it is so successful that they will make it an &quot;always-on&quot; feature for in-app behavior.<\/p><\/blockquote>\n\n\n\n<p>At this point, iCloud Private Relay works primarily for iCloud+ subscribers for Safari traffic. It is not available for most other in-app traffic outside of Safari and certain features in Mail. However, if the sources cited in this report are correct, Apple could expand Private Relay as an &quot;always-on&quot; feature for other in-app traffic. It is also worth remembering that Apple already performs IP rerouting for all users in Safari when they visit HTTP websites. This rerouting occurs for all users, regardless of whether the user is an iCloud+ subscriber with iCloud Private Relay enabled or not. Ultimately, the details here are still a bit unclear. But it&#039;s not surprising that industry sources say Apple is planning further privacy-protection changes. One possibility that some sources have suggested is that Apple could do away with app fingerprinting altogether with iOS 16. But details on how such a change would be implemented are unclear. (Photo by DenPhoto \/ Bigstockphoto)<\/p>\n\n\n\n<ul class=\"wp-block-list\"><li><a href=\"https:\/\/www.apfelpatient.de\/en\/news\/flashbacks-in-photos-app-ios-15-5-blocks-sensitive-places\">Memories in Photos app: iOS 15.5 blocks &quot;Sensitive Places&quot;<\/a><\/li><\/ul>\n\n\n\n<h6 class=\"wp-block-heading translation-block\" id=\"h-kennt-ihr-schon-unsere-amazon-storefront-dort-findet-ihr-eine-handverlesene-auswahl-von-diversen-produkten-f-r-euer-iphone-und-co-viel-spa-beim-st-bern\"><em>Have you already visited our Amazon Storefront? There you&#039;ll find a hand-picked selection of various products for your iPhone and other devices \u2013 <span class=\"has-inline-color has-vivid-red-color\"><a href=\"https:\/\/www.amazon.de\/shop\/apfelpatientofficial\" class=\"ek-link\" data-wpel-link=\"exclude\" rel=\"follow noopener\" target=\"_self\"><span style=\"text-decoration: underline\" class=\"ek-underline\">enjoy browsing<\/span><\/a> !<\/span><\/em><\/h6>\n\n\n\n<h6 class=\"wp-block-heading translation-block\" id=\"h-der-beitrag-enthalt-partnerlinks\">This post contains <a data-type=\"URL\" data-id=\"https:\/\/www.apfelpatient.de\/partnerprogramm\" href=\"https:\/\/www.apfelpatient.de\/en\/partner-program\" data-wpel-link=\"internal\" target=\"_self\">affiliate links<\/a>.<\/h6>","protected":false},"excerpt":{"rendered":"<p>iOS 16: As part of the new iCloud+ subscription service unveiled at WWDC 2021, Apple introduced iCloud Private Relay.<\/p>","protected":false},"author":2,"featured_media":31457,"comment_status":"closed","ping_status":"closed","sticky":false,"template":"","format":"standard","meta":{"jnews-multi-image_gallery":[],"jnews_single_post":{"subtitle":"","format":"standard","video":"","gallery":"","source_name":"","source_url":"","via_name":"","via_url":"","override":[{"single_blog_custom":"","sidebar":"","second_sidebar":"","share_position":"","share_float_style":"","post_date_format":"","post_date_format_custom":"","post_reading_time_wpm":"","zoom_button_out_step":"1","zoom_button_in_step":"1","number_popup_post":"1"}],"image_override":[{"single_post_thumbnail_size":"","single_post_gallery_size":""}],"trending_post_position":"","trending_post_label":"","sponsored_post_label":"","sponsored_post_name":"","sponsored_post_url":"","sponsored_post_logo":"","sponsored_post_desc":""},"jnews_primary_category":{"id":"25"},"footnotes":""},"categories":[25],"tags":[34,3,678,33,690],"class_list":["post-31458","post","type-post","status-publish","format-standard","has-post-thumbnail","hentry","category-rumors","tag-apple-dienste","tag-ios","tag-ios-16","tag-ipados","tag-ipados-16"],"yoast_head":"<!-- This site is optimized with the Yoast SEO Premium plugin v27.5 (Yoast SEO v27.5) - https:\/\/yoast.com\/product\/yoast-seo-premium-wordpress\/ -->\n<title>iOS 16 k\u00f6nnte iCloud Private Relay erweitern Apfelpatient<\/title>\n<meta name=\"description\" content=\"iOS 16: Als Teil des neuen iCloud+ Abo-Dienstes, der im Rahmen der WWDC 2021 vorgestellt wurde, hat Apple iCloud Private Relay eingef\u00fchrt.\" \/>\n<meta name=\"robots\" content=\"index, follow, max-snippet:-1, max-image-preview:large, max-video-preview:-1\" \/>\n<link rel=\"canonical\" href=\"https:\/\/www.apfelpatient.de\/en\/rumors\/ios-16-could-expand-icloud-private-relay\" \/>\n<meta property=\"og:locale\" content=\"en_US\" \/>\n<meta property=\"og:type\" content=\"article\" \/>\n<meta property=\"og:title\" content=\"iOS 16 k\u00f6nnte iCloud Private Relay erweitern\" \/>\n<meta property=\"og:description\" content=\"iOS 16: Als Teil des neuen iCloud+ Abo-Dienstes, der im Rahmen der WWDC 2021 vorgestellt wurde, hat Apple iCloud Private Relay eingef\u00fchrt.\" \/>\n<meta property=\"og:url\" content=\"https:\/\/www.apfelpatient.de\/en\/rumors\/ios-16-could-expand-icloud-private-relay\" \/>\n<meta property=\"og:site_name\" content=\"Apfelpatient\" \/>\n<meta property=\"article:publisher\" content=\"https:\/\/www.facebook.com\/apfelpatientOfficial\" \/>\n<meta property=\"article:author\" content=\"https:\/\/www.facebook.com\/apfelpatientOfficial\" \/>\n<meta property=\"article:published_time\" content=\"2022-04-28T13:33:23+00:00\" \/>\n<meta property=\"og:image\" content=\"https:\/\/www.apfelpatient.de\/wp-content\/uploads\/2022\/04\/bigstock-Alanya-Turkey-February-449599059.jpg\" \/>\n\t<meta property=\"og:image:width\" content=\"1600\" \/>\n\t<meta property=\"og:image:height\" content=\"1067\" \/>\n\t<meta property=\"og:image:type\" content=\"image\/jpeg\" \/>\n<meta name=\"author\" content=\"Milan\" \/>\n<meta name=\"twitter:card\" content=\"summary_large_image\" \/>\n<meta name=\"twitter:description\" content=\"iOS 16: Als Teil des neuen iCloud+ Abo-Dienstes, der im Rahmen der WWDC 2021 vorgestellt wurde, hat Apple iCloud Private Relay eingef\u00fchrt.\" \/>\n<meta name=\"twitter:label1\" content=\"Written by\" \/>\n\t<meta name=\"twitter:data1\" content=\"Milan\" \/>\n\t<meta name=\"twitter:label2\" content=\"Est. reading time\" \/>\n\t<meta name=\"twitter:data2\" content=\"3 minutes\" \/>\n<script type=\"application\/ld+json\" class=\"yoast-schema-graph\">{\"@context\":\"https:\\\/\\\/schema.org\",\"@graph\":[{\"@type\":\"NewsArticle\",\"@id\":\"https:\\\/\\\/www.apfelpatient.de\\\/rumors\\\/ios-16-koennte-icloud-private-relay-erweitern#article\",\"isPartOf\":{\"@id\":\"https:\\\/\\\/www.apfelpatient.de\\\/rumors\\\/ios-16-koennte-icloud-private-relay-erweitern\"},\"author\":{\"@type\":\"Organization\",\"@id\":\"https:\\\/\\\/www.apfelpatient.de\\\/en\\\/#organization\",\"name\":\"Apfelpatient\",\"url\":\"https:\\\/\\\/www.apfelpatient.de\\\/en\\\/\"},\"headline\":\"iOS 16 k\u00f6nnte iCloud Private Relay erweitern\",\"datePublished\":\"2022-04-28T13:33:23+00:00\",\"mainEntityOfPage\":{\"@id\":\"https:\\\/\\\/www.apfelpatient.de\\\/rumors\\\/ios-16-koennte-icloud-private-relay-erweitern\"},\"wordCount\":401,\"publisher\":{\"@type\":\"Organization\",\"@id\":\"https:\\\/\\\/www.apfelpatient.de\\\/en\\\/#organization\",\"name\":\"Apfelpatient\",\"url\":\"https:\\\/\\\/www.apfelpatient.de\\\/en\\\/\"},\"image\":{\"@id\":\"https:\\\/\\\/www.apfelpatient.de\\\/rumors\\\/ios-16-koennte-icloud-private-relay-erweitern#primaryimage\"},\"thumbnailUrl\":\"https:\\\/\\\/www.apfelpatient.de\\\/wp-content\\\/uploads\\\/2022\\\/04\\\/bigstock-Alanya-Turkey-February-449599059.jpg\",\"keywords\":[\"Apple Dienste\",\"iOS\",\"iOS 16\",\"iPadOS\",\"iPadOS 16\"],\"articleSection\":\"Rumors\",\"inLanguage\":\"en-US\",\"copyrightYear\":\"2022\",\"copyrightHolder\":{\"@id\":\"https:\\\/\\\/www.apfelpatient.de\\\/en\\\/#organization\"}},{\"@type\":\"WebPage\",\"@id\":\"https:\\\/\\\/www.apfelpatient.de\\\/rumors\\\/ios-16-koennte-icloud-private-relay-erweitern\",\"url\":\"https:\\\/\\\/www.apfelpatient.de\\\/rumors\\\/ios-16-koennte-icloud-private-relay-erweitern\",\"name\":\"iOS 16 k\u00f6nnte iCloud Private Relay erweitern Apfelpatient\",\"isPartOf\":{\"@id\":\"https:\\\/\\\/www.apfelpatient.de\\\/#website\"},\"primaryImageOfPage\":{\"@id\":\"https:\\\/\\\/www.apfelpatient.de\\\/rumors\\\/ios-16-koennte-icloud-private-relay-erweitern#primaryimage\"},\"image\":{\"@id\":\"https:\\\/\\\/www.apfelpatient.de\\\/rumors\\\/ios-16-koennte-icloud-private-relay-erweitern#primaryimage\"},\"thumbnailUrl\":\"https:\\\/\\\/www.apfelpatient.de\\\/wp-content\\\/uploads\\\/2022\\\/04\\\/bigstock-Alanya-Turkey-February-449599059.jpg\",\"datePublished\":\"2022-04-28T13:33:23+00:00\",\"description\":\"iOS 16: Als Teil des neuen iCloud+ Abo-Dienstes, der im Rahmen der WWDC 2021 vorgestellt wurde, hat Apple iCloud Private Relay eingef\u00fchrt.\",\"breadcrumb\":{\"@id\":\"https:\\\/\\\/www.apfelpatient.de\\\/rumors\\\/ios-16-koennte-icloud-private-relay-erweitern#breadcrumb\"},\"inLanguage\":\"en-US\",\"potentialAction\":[{\"@type\":\"ReadAction\",\"target\":[\"https:\\\/\\\/www.apfelpatient.de\\\/rumors\\\/ios-16-koennte-icloud-private-relay-erweitern\"]}]},{\"@type\":\"ImageObject\",\"inLanguage\":\"en-US\",\"@id\":\"https:\\\/\\\/www.apfelpatient.de\\\/rumors\\\/ios-16-koennte-icloud-private-relay-erweitern#primaryimage\",\"url\":\"https:\\\/\\\/www.apfelpatient.de\\\/wp-content\\\/uploads\\\/2022\\\/04\\\/bigstock-Alanya-Turkey-February-449599059.jpg\",\"contentUrl\":\"https:\\\/\\\/www.apfelpatient.de\\\/wp-content\\\/uploads\\\/2022\\\/04\\\/bigstock-Alanya-Turkey-February-449599059.jpg\",\"width\":1600,\"height\":1067,\"caption\":\"Alanya, Turkey - February 15, 2022: Man hand holding iPhone 13 Pro Graphite with home screen IOS 15 on the screen.\"},{\"@type\":\"BreadcrumbList\",\"@id\":\"https:\\\/\\\/www.apfelpatient.de\\\/rumors\\\/ios-16-koennte-icloud-private-relay-erweitern#breadcrumb\",\"itemListElement\":[{\"@type\":\"ListItem\",\"position\":1,\"name\":\"Startseite\",\"item\":\"https:\\\/\\\/www.apfelpatient.de\\\/\"},{\"@type\":\"ListItem\",\"position\":2,\"name\":\"iOS 16 k\u00f6nnte iCloud Private Relay erweitern\"}]},{\"@type\":\"WebSite\",\"@id\":\"https:\\\/\\\/www.apfelpatient.de\\\/#website\",\"url\":\"https:\\\/\\\/www.apfelpatient.de\\\/\",\"name\":\"Apfelpatient\",\"description\":\"Alles rund um Apple!\",\"publisher\":{\"@type\":\"Organization\",\"@id\":\"https:\\\/\\\/www.apfelpatient.de\\\/en\\\/#organization\",\"name\":\"Apfelpatient\",\"url\":\"https:\\\/\\\/www.apfelpatient.de\\\/en\\\/\"},\"alternateName\":\"Apfelpatient\",\"potentialAction\":[{\"@type\":\"SearchAction\",\"target\":{\"@type\":\"EntryPoint\",\"urlTemplate\":\"https:\\\/\\\/www.apfelpatient.de\\\/?s={search_term_string}\"},\"query-input\":{\"@type\":\"PropertyValueSpecification\",\"valueRequired\":true,\"valueName\":\"search_term_string\"}}],\"inLanguage\":\"en-US\"},{\"@type\":[\"Person\",\"Organization\"],\"@id\":\"https:\\\/\\\/www.apfelpatient.de\\\/#\\\/schema\\\/person\\\/7dc56ad6c8e9824b76d2c08d4c140e13\",\"name\":\"Milan\",\"logo\":{\"@id\":\"https:\\\/\\\/www.apfelpatient.de\\\/#\\\/schema\\\/person\\\/image\\\/\"},\"description\":\"Hallo und herzlich willkommen auf meinem Technik-Blog! Als gro\u00dfer Apple-Fan berichte ich hier \u00fcber alles, was mit Apple zu tun hat: von den neuesten News und spannenden Ger\u00fcchten \u00fcber hilfreiche Tipps und Tricks bis hin zu ausf\u00fchrlichen Produkttests. Wenn du genauso technikbegeistert bist wie ich, bist du hier genau richtig!\",\"sameAs\":[\"https:\\\/\\\/www.facebook.com\\\/apfelpatientOfficial\",\"https:\\\/\\\/www.linkedin.com\\\/in\\\/milan-jovicic-42aa0231b\"],\"url\":\"https:\\\/\\\/www.apfelpatient.de\\\/en\\\/author\\\/apfeladmin\"}]}<\/script>\n<!-- \/ Yoast SEO Premium plugin. -->","yoast_head_json":{"title":"iOS 16 could expand iCloud Private Relay Apfelpatient","description":"iOS 16: As part of the new iCloud+ subscription service unveiled at WWDC 2021, Apple introduced iCloud Private Relay.","robots":{"index":"index","follow":"follow","max-snippet":"max-snippet:-1","max-image-preview":"max-image-preview:large","max-video-preview":"max-video-preview:-1"},"canonical":"https:\/\/www.apfelpatient.de\/en\/rumors\/ios-16-could-expand-icloud-private-relay","og_locale":"en_US","og_type":"article","og_title":"iOS 16 k\u00f6nnte iCloud Private Relay erweitern","og_description":"iOS 16: Als Teil des neuen iCloud+ Abo-Dienstes, der im Rahmen der WWDC 2021 vorgestellt wurde, hat Apple iCloud Private Relay eingef\u00fchrt.","og_url":"https:\/\/www.apfelpatient.de\/en\/rumors\/ios-16-could-expand-icloud-private-relay","og_site_name":"Apfelpatient","article_publisher":"https:\/\/www.facebook.com\/apfelpatientOfficial","article_author":"https:\/\/www.facebook.com\/apfelpatientOfficial","article_published_time":"2022-04-28T13:33:23+00:00","og_image":[{"width":1600,"height":1067,"url":"https:\/\/www.apfelpatient.de\/wp-content\/uploads\/2022\/04\/bigstock-Alanya-Turkey-February-449599059.jpg","type":"image\/jpeg"}],"author":"Milan","twitter_card":"summary_large_image","twitter_description":"iOS 16: Als Teil des neuen iCloud+ Abo-Dienstes, der im Rahmen der WWDC 2021 vorgestellt wurde, hat Apple iCloud Private Relay eingef\u00fchrt.","twitter_misc":{"Written by":"Milan","Est. reading time":"3 minutes"},"schema":{"@context":"https:\/\/schema.org","@graph":[{"@type":"NewsArticle","@id":"https:\/\/www.apfelpatient.de\/rumors\/ios-16-koennte-icloud-private-relay-erweitern#article","isPartOf":{"@id":"https:\/\/www.apfelpatient.de\/rumors\/ios-16-koennte-icloud-private-relay-erweitern"},"author":{"@type":"Organization","@id":"https:\/\/www.apfelpatient.de\/en\/#organization","name":"Apfelpatient","url":"https:\/\/www.apfelpatient.de\/en\/"},"headline":"iOS 16 k\u00f6nnte iCloud Private Relay erweitern","datePublished":"2022-04-28T13:33:23+00:00","mainEntityOfPage":{"@id":"https:\/\/www.apfelpatient.de\/rumors\/ios-16-koennte-icloud-private-relay-erweitern"},"wordCount":401,"publisher":{"@type":"Organization","@id":"https:\/\/www.apfelpatient.de\/en\/#organization","name":"Apfelpatient","url":"https:\/\/www.apfelpatient.de\/en\/"},"image":{"@id":"https:\/\/www.apfelpatient.de\/rumors\/ios-16-koennte-icloud-private-relay-erweitern#primaryimage"},"thumbnailUrl":"https:\/\/www.apfelpatient.de\/wp-content\/uploads\/2022\/04\/bigstock-Alanya-Turkey-February-449599059.jpg","keywords":["Apple Dienste","iOS","iOS 16","iPadOS","iPadOS 16"],"articleSection":"Rumors","inLanguage":"en-US","copyrightYear":"2022","copyrightHolder":{"@id":"https:\/\/www.apfelpatient.de\/en\/#organization"}},{"@type":"WebPage","@id":"https:\/\/www.apfelpatient.de\/rumors\/ios-16-koennte-icloud-private-relay-erweitern","url":"https:\/\/www.apfelpatient.de\/rumors\/ios-16-koennte-icloud-private-relay-erweitern","name":"iOS 16 could expand iCloud Private Relay Apfelpatient","isPartOf":{"@id":"https:\/\/www.apfelpatient.de\/#website"},"primaryImageOfPage":{"@id":"https:\/\/www.apfelpatient.de\/rumors\/ios-16-koennte-icloud-private-relay-erweitern#primaryimage"},"image":{"@id":"https:\/\/www.apfelpatient.de\/rumors\/ios-16-koennte-icloud-private-relay-erweitern#primaryimage"},"thumbnailUrl":"https:\/\/www.apfelpatient.de\/wp-content\/uploads\/2022\/04\/bigstock-Alanya-Turkey-February-449599059.jpg","datePublished":"2022-04-28T13:33:23+00:00","description":"iOS 16: As part of the new iCloud+ subscription service unveiled at WWDC 2021, Apple introduced iCloud Private Relay.","breadcrumb":{"@id":"https:\/\/www.apfelpatient.de\/rumors\/ios-16-koennte-icloud-private-relay-erweitern#breadcrumb"},"inLanguage":"en-US","potentialAction":[{"@type":"ReadAction","target":["https:\/\/www.apfelpatient.de\/rumors\/ios-16-koennte-icloud-private-relay-erweitern"]}]},{"@type":"ImageObject","inLanguage":"en-US","@id":"https:\/\/www.apfelpatient.de\/rumors\/ios-16-koennte-icloud-private-relay-erweitern#primaryimage","url":"https:\/\/www.apfelpatient.de\/wp-content\/uploads\/2022\/04\/bigstock-Alanya-Turkey-February-449599059.jpg","contentUrl":"https:\/\/www.apfelpatient.de\/wp-content\/uploads\/2022\/04\/bigstock-Alanya-Turkey-February-449599059.jpg","width":1600,"height":1067,"caption":"Alanya, Turkey - February 15, 2022: Man hand holding iPhone 13 Pro Graphite with home screen IOS 15 on the screen."},{"@type":"BreadcrumbList","@id":"https:\/\/www.apfelpatient.de\/rumors\/ios-16-koennte-icloud-private-relay-erweitern#breadcrumb","itemListElement":[{"@type":"ListItem","position":1,"name":"Startseite","item":"https:\/\/www.apfelpatient.de\/"},{"@type":"ListItem","position":2,"name":"iOS 16 k\u00f6nnte iCloud Private Relay erweitern"}]},{"@type":"WebSite","@id":"https:\/\/www.apfelpatient.de\/#website","url":"https:\/\/www.apfelpatient.de\/","name":"apple patient","description":"Everything about Apple!","publisher":{"@type":"Organization","@id":"https:\/\/www.apfelpatient.de\/en\/#organization","name":"Apfelpatient","url":"https:\/\/www.apfelpatient.de\/en\/"},"alternateName":"Apfelpatient","potentialAction":[{"@type":"SearchAction","target":{"@type":"EntryPoint","urlTemplate":"https:\/\/www.apfelpatient.de\/?s={search_term_string}"},"query-input":{"@type":"PropertyValueSpecification","valueRequired":true,"valueName":"search_term_string"}}],"inLanguage":"en-US"},{"@type":["Person","Organization"],"@id":"https:\/\/www.apfelpatient.de\/#\/schema\/person\/7dc56ad6c8e9824b76d2c08d4c140e13","name":"Milan","logo":{"@id":"https:\/\/www.apfelpatient.de\/#\/schema\/person\/image\/"},"description":"Hello and welcome to my technology blog! As a big Apple fan, I report on everything to do with Apple: from the latest news and exciting rumors to helpful tips and tricks and detailed product tests. If you are as enthusiastic about technology as I am, you have come to the right place!","sameAs":["https:\/\/www.facebook.com\/apfelpatientOfficial","https:\/\/www.linkedin.com\/in\/milan-jovicic-42aa0231b"],"url":"https:\/\/www.apfelpatient.de\/en\/author\/apfeladmin"}]}},"_links":{"self":[{"href":"https:\/\/www.apfelpatient.de\/en\/wp-json\/wp\/v2\/posts\/31458","targetHints":{"allow":["GET"]}}],"collection":[{"href":"https:\/\/www.apfelpatient.de\/en\/wp-json\/wp\/v2\/posts"}],"about":[{"href":"https:\/\/www.apfelpatient.de\/en\/wp-json\/wp\/v2\/types\/post"}],"author":[{"embeddable":true,"href":"https:\/\/www.apfelpatient.de\/en\/wp-json\/wp\/v2\/users\/2"}],"replies":[{"embeddable":true,"href":"https:\/\/www.apfelpatient.de\/en\/wp-json\/wp\/v2\/comments?post=31458"}],"version-history":[{"count":0,"href":"https:\/\/www.apfelpatient.de\/en\/wp-json\/wp\/v2\/posts\/31458\/revisions"}],"wp:featuredmedia":[{"embeddable":true,"href":"https:\/\/www.apfelpatient.de\/en\/wp-json\/wp\/v2\/media\/31457"}],"wp:attachment":[{"href":"https:\/\/www.apfelpatient.de\/en\/wp-json\/wp\/v2\/media?parent=31458"}],"wp:term":[{"taxonomy":"category","embeddable":true,"href":"https:\/\/www.apfelpatient.de\/en\/wp-json\/wp\/v2\/categories?post=31458"},{"taxonomy":"post_tag","embeddable":true,"href":"https:\/\/www.apfelpatient.de\/en\/wp-json\/wp\/v2\/tags?post=31458"}],"curies":[{"name":"wp","href":"https:\/\/api.w.org\/{rel}","templated":true}]}}