{"id":31447,"date":"2022-04-27T16:27:47","date_gmt":"2022-04-27T14:27:47","guid":{"rendered":"https:\/\/www.apfelpatient.de\/?p=31447"},"modified":"2024-05-22T13:00:10","modified_gmt":"2024-05-22T11:00:10","slug":"apple-launches-self-service-repair-program-for-the-iphone","status":"publish","type":"post","link":"https:\/\/www.apfelpatient.de\/en\/news\/apple-startet-self-service-reparaturprogramm-fuer-das-iphone","title":{"rendered":"Apple launches self-service repair program for the iPhone"},"content":{"rendered":"<p class=\"has-drop-cap\"><strong>Apple today launched its self-service repair program for iPhone, announced late last year, which will allow iPhone 12, iPhone 13 and third-generation iPhone SE users in the US to perform certain repairs at home. A launch in Europe is planned for later this year.<\/strong><\/p>\n\n\n\n<p>According to Apple, a new <a href=\"https:\/\/www.selfservicerepair.com\/home\" target=\"_blank\" rel=\"nofollow noopener\">Self Service Repair Store<\/a> Original repair manuals as well as Apple parts and tools will be available. In the store, customers will have access to over 200 individual parts and tools. Initially, the store will only offer tools for the iPhone 12 and iPhone 13, as well as the third-generation iPhone SE. Apple plans to expand the store later this year to include tools, manuals and parts for Macs with Apple silicon chips. To perform a repair, customers must first view the repair manual for their product and the specific repair on Apple&#039;s support website. They can then order the required parts and tools from the Self Service Repair Store and perform the repair. All tools and parts offered in the store undergo &quot;extensive testing to ensure the highest quality, safety and reliability,&quot; Apple says.<\/p>\n\n\n\n<h3 class=\"wp-block-heading\" id=\"h-apple-reparatur-kit-kann-ausgeliehen-werden\">Apple: Repair kit can be borrowed<\/h3>\n\n\n\n\n\n\n\n<p>While customers must order the parts needed for the repair themselves, Apple provides a $49 kit that contains all the essential tools needed for the repair. The loaner kit is available to customers for one week before it must be returned to Apple and will be shipped free of charge. This rental option offers flexibility to customers who may not own and want to purchase all the tools for a single repair. The program is part of Apple&#039;s efforts to &quot;continue to improve access to repair,&quot; <a href=\"https:\/\/www.apple.com\/newsroom\/2022\/04\/apples-self-service-repair-now-available\/\" target=\"_blank\" rel=\"noreferrer noopener\">the company says<\/a>. Nevertheless, Apple points out that the &quot;vast majority&quot; of customers should continue to visit a professional repair provider, such as an Apple Store, to ensure their devices are repaired safely and reliably. Over the past three years, Apple has expanded its repair network to over 3,000 Independent Repair Providers and more than 5,000 Authorized Service Providers worldwide. (Image: Apple)<\/p>\n\n\n\n<ul class=\"wp-block-list\"><li><a href=\"https:\/\/www.apfelpatient.de\/en\/news\/magsafe-battery-pack-apple-increases-charging-speed\">MagSafe Battery Pack: Apple increases charging speed<\/a><\/li><\/ul>\n\n\n\n<h6 class=\"wp-block-heading translation-block\" id=\"h-kennt-ihr-schon-unsere-amazon-storefront-dort-findet-ihr-eine-handverlesene-auswahl-von-diversen-produkten-f-r-euer-iphone-und-co-viel-spa-beim-st-bern\"><em>Have you already visited our Amazon Storefront? There you&#039;ll find a hand-picked selection of various products for your iPhone and other devices \u2013 <span class=\"has-inline-color has-vivid-red-color\"><a href=\"https:\/\/www.amazon.de\/shop\/apfelpatientofficial\" class=\"ek-link\" data-wpel-link=\"exclude\" rel=\"follow noopener\" target=\"_self\"><span style=\"text-decoration: underline\" class=\"ek-underline\">enjoy browsing<\/span><\/a> !<\/span><\/em><\/h6>\n\n\n\n<h6 class=\"wp-block-heading translation-block\" id=\"h-der-beitrag-enthalt-partnerlinks\">This post contains <a data-type=\"URL\" data-id=\"https:\/\/www.apfelpatient.de\/partnerprogramm\" href=\"https:\/\/www.apfelpatient.de\/en\/partner-program\" data-wpel-link=\"internal\" target=\"_self\">affiliate links<\/a>.<\/h6>","protected":false},"excerpt":{"rendered":"<p>Apple today launched its self-service repair program for the iPhone, announced late last year.<\/p>","protected":false},"author":2,"featured_media":31446,"comment_status":"closed","ping_status":"closed","sticky":false,"template":"","format":"standard","meta":{"jnews-multi-image_gallery":[],"jnews_single_post":{"subtitle":"","format":"standard","video":"","gallery":"","source_name":"","source_url":"","via_name":"","via_url":"","override_template":"0","override":[{"template":"4","single_blog_custom":"","parallax":"1","fullscreen":"1","layout":"right-sidebar","sidebar":"","second_sidebar":"","sticky_sidebar":"1","share_position":"","share_float_style":"","show_share_counter":"0","show_view_counter":"0","show_featured":"1","show_post_meta":"1","show_post_author":"1","show_post_author_image":"1","show_post_date":"1","post_date_format":"","post_date_format_custom":"","show_post_category":"1","show_post_reading_time":"0","post_reading_time_wpm":"","show_zoom_button":"0","zoom_button_out_step":"1","zoom_button_in_step":"1","show_post_tag":"1","show_prev_next_post":"1","show_popup_post":"1","number_popup_post":"1","show_author_box":"0","show_post_related":"0","show_inline_post_related":"0"}],"override_image_size":"0","image_override":[{"single_post_thumbnail_size":"","single_post_gallery_size":""}],"trending_post":"0","trending_post_position":"","trending_post_label":"","sponsored_post":"0","sponsored_post_label":"","sponsored_post_name":"","sponsored_post_url":"","sponsored_post_logo_enable":"0","sponsored_post_logo":"","sponsored_post_desc":"","disable_ad":"0"},"jnews_primary_category":{"id":"9","hide":""},"footnotes":""},"categories":[9],"tags":[8],"class_list":["post-31447","post","type-post","status-publish","format-standard","has-post-thumbnail","hentry","category-news","tag-iphone"],"yoast_head":"<!-- This site is optimized with the Yoast SEO Premium plugin v27.5 (Yoast SEO v27.5) - https:\/\/yoast.com\/product\/yoast-seo-premium-wordpress\/ -->\n<title>Apple startet Self-Service-Reparaturprogramm f\u00fcr das iPhone<\/title>\n<meta name=\"description\" content=\"Apple hat heute sein Ende letzten Jahres angek\u00fcndigtes Self-Service-Reparaturprogramm f\u00fcr das iPhone gestartet.\" \/>\n<meta name=\"robots\" content=\"index, follow, max-snippet:-1, max-image-preview:large, max-video-preview:-1\" \/>\n<link rel=\"canonical\" href=\"https:\/\/www.apfelpatient.de\/en\/news\/apple-launches-self-service-repair-program-for-the-iphone\" \/>\n<meta property=\"og:locale\" content=\"en_US\" \/>\n<meta property=\"og:type\" content=\"article\" \/>\n<meta property=\"og:title\" content=\"Apple startet Self-Service-Reparaturprogramm f\u00fcr das iPhone\" \/>\n<meta property=\"og:description\" content=\"Apple hat heute sein Ende letzten Jahres angek\u00fcndigtes Self-Service-Reparaturprogramm f\u00fcr das iPhone gestartet.\" \/>\n<meta property=\"og:url\" content=\"https:\/\/www.apfelpatient.de\/en\/news\/apple-launches-self-service-repair-program-for-the-iphone\" \/>\n<meta property=\"og:site_name\" content=\"Apfelpatient\" \/>\n<meta property=\"article:publisher\" content=\"https:\/\/www.facebook.com\/apfelpatientOfficial\" \/>\n<meta property=\"article:author\" content=\"https:\/\/www.facebook.com\/apfelpatientOfficial\" \/>\n<meta property=\"article:published_time\" content=\"2022-04-27T14:27:47+00:00\" \/>\n<meta property=\"article:modified_time\" content=\"2024-05-22T11:00:10+00:00\" \/>\n<meta property=\"og:image\" content=\"https:\/\/www.apfelpatient.de\/wp-content\/uploads\/2022\/04\/Apple_Right-to-repair_Hero.jpg\" \/>\n\t<meta property=\"og:image:width\" content=\"1600\" \/>\n\t<meta property=\"og:image:height\" content=\"900\" \/>\n\t<meta property=\"og:image:type\" content=\"image\/jpeg\" \/>\n<meta name=\"author\" content=\"Milan\" \/>\n<meta name=\"twitter:card\" content=\"summary_large_image\" \/>\n<meta name=\"twitter:description\" content=\"Apple hat heute sein Ende letzten Jahres angek\u00fcndigtes Self-Service-Reparaturprogramm f\u00fcr das iPhone gestartet.\" \/>\n<meta name=\"twitter:label1\" content=\"Written by\" \/>\n\t<meta name=\"twitter:data1\" content=\"Milan\" \/>\n\t<meta name=\"twitter:label2\" content=\"Est. reading time\" \/>\n\t<meta name=\"twitter:data2\" content=\"6 minutes\" \/>\n<script type=\"application\/ld+json\" class=\"yoast-schema-graph\">{\"@context\":\"https:\\\/\\\/schema.org\",\"@graph\":[{\"@type\":\"NewsArticle\",\"@id\":\"https:\\\/\\\/www.apfelpatient.de\\\/news\\\/apple-startet-self-service-reparaturprogramm-fuer-das-iphone#article\",\"isPartOf\":{\"@id\":\"https:\\\/\\\/www.apfelpatient.de\\\/news\\\/apple-startet-self-service-reparaturprogramm-fuer-das-iphone\"},\"author\":{\"@type\":\"Organization\",\"@id\":\"https:\\\/\\\/www.apfelpatient.de\\\/en\\\/#organization\",\"name\":\"Apfelpatient\",\"url\":\"https:\\\/\\\/www.apfelpatient.de\\\/en\\\/\"},\"headline\":\"Apple startet Self-Service-Reparaturprogramm f\u00fcr das iPhone\",\"datePublished\":\"2022-04-27T14:27:47+00:00\",\"dateModified\":\"2024-05-22T11:00:10+00:00\",\"mainEntityOfPage\":{\"@id\":\"https:\\\/\\\/www.apfelpatient.de\\\/news\\\/apple-startet-self-service-reparaturprogramm-fuer-das-iphone\"},\"wordCount\":378,\"publisher\":{\"@type\":\"Organization\",\"@id\":\"https:\\\/\\\/www.apfelpatient.de\\\/en\\\/#organization\",\"name\":\"Apfelpatient\",\"url\":\"https:\\\/\\\/www.apfelpatient.de\\\/en\\\/\"},\"image\":{\"@id\":\"https:\\\/\\\/www.apfelpatient.de\\\/news\\\/apple-startet-self-service-reparaturprogramm-fuer-das-iphone#primaryimage\"},\"thumbnailUrl\":\"https:\\\/\\\/www.apfelpatient.de\\\/wp-content\\\/uploads\\\/2022\\\/04\\\/Apple_Right-to-repair_Hero.jpg\",\"keywords\":[\"iPhone\"],\"articleSection\":\"News\",\"inLanguage\":\"en-US\",\"copyrightYear\":\"2022\",\"copyrightHolder\":{\"@id\":\"https:\\\/\\\/www.apfelpatient.de\\\/en\\\/#organization\"}},{\"@type\":\"WebPage\",\"@id\":\"https:\\\/\\\/www.apfelpatient.de\\\/news\\\/apple-startet-self-service-reparaturprogramm-fuer-das-iphone\",\"url\":\"https:\\\/\\\/www.apfelpatient.de\\\/news\\\/apple-startet-self-service-reparaturprogramm-fuer-das-iphone\",\"name\":\"Apple startet Self-Service-Reparaturprogramm f\u00fcr das iPhone\",\"isPartOf\":{\"@id\":\"https:\\\/\\\/www.apfelpatient.de\\\/#website\"},\"primaryImageOfPage\":{\"@id\":\"https:\\\/\\\/www.apfelpatient.de\\\/news\\\/apple-startet-self-service-reparaturprogramm-fuer-das-iphone#primaryimage\"},\"image\":{\"@id\":\"https:\\\/\\\/www.apfelpatient.de\\\/news\\\/apple-startet-self-service-reparaturprogramm-fuer-das-iphone#primaryimage\"},\"thumbnailUrl\":\"https:\\\/\\\/www.apfelpatient.de\\\/wp-content\\\/uploads\\\/2022\\\/04\\\/Apple_Right-to-repair_Hero.jpg\",\"datePublished\":\"2022-04-27T14:27:47+00:00\",\"dateModified\":\"2024-05-22T11:00:10+00:00\",\"description\":\"Apple hat heute sein Ende letzten Jahres angek\u00fcndigtes Self-Service-Reparaturprogramm f\u00fcr das iPhone gestartet.\",\"breadcrumb\":{\"@id\":\"https:\\\/\\\/www.apfelpatient.de\\\/news\\\/apple-startet-self-service-reparaturprogramm-fuer-das-iphone#breadcrumb\"},\"inLanguage\":\"en-US\",\"potentialAction\":[{\"@type\":\"ReadAction\",\"target\":[\"https:\\\/\\\/www.apfelpatient.de\\\/news\\\/apple-startet-self-service-reparaturprogramm-fuer-das-iphone\"]}]},{\"@type\":\"ImageObject\",\"inLanguage\":\"en-US\",\"@id\":\"https:\\\/\\\/www.apfelpatient.de\\\/news\\\/apple-startet-self-service-reparaturprogramm-fuer-das-iphone#primaryimage\",\"url\":\"https:\\\/\\\/www.apfelpatient.de\\\/wp-content\\\/uploads\\\/2022\\\/04\\\/Apple_Right-to-repair_Hero.jpg\",\"contentUrl\":\"https:\\\/\\\/www.apfelpatient.de\\\/wp-content\\\/uploads\\\/2022\\\/04\\\/Apple_Right-to-repair_Hero.jpg\",\"width\":1600,\"height\":900,\"caption\":\"Bild: Apple\"},{\"@type\":\"BreadcrumbList\",\"@id\":\"https:\\\/\\\/www.apfelpatient.de\\\/news\\\/apple-startet-self-service-reparaturprogramm-fuer-das-iphone#breadcrumb\",\"itemListElement\":[{\"@type\":\"ListItem\",\"position\":1,\"name\":\"Startseite\",\"item\":\"https:\\\/\\\/www.apfelpatient.de\\\/\"},{\"@type\":\"ListItem\",\"position\":2,\"name\":\"Apple startet Self-Service-Reparaturprogramm f\u00fcr das iPhone\"}]},{\"@type\":\"WebSite\",\"@id\":\"https:\\\/\\\/www.apfelpatient.de\\\/#website\",\"url\":\"https:\\\/\\\/www.apfelpatient.de\\\/\",\"name\":\"Apfelpatient\",\"description\":\"Alles rund um Apple!\",\"publisher\":{\"@type\":\"Organization\",\"@id\":\"https:\\\/\\\/www.apfelpatient.de\\\/en\\\/#organization\",\"name\":\"Apfelpatient\",\"url\":\"https:\\\/\\\/www.apfelpatient.de\\\/en\\\/\"},\"alternateName\":\"Apfelpatient\",\"potentialAction\":[{\"@type\":\"SearchAction\",\"target\":{\"@type\":\"EntryPoint\",\"urlTemplate\":\"https:\\\/\\\/www.apfelpatient.de\\\/?s={search_term_string}\"},\"query-input\":{\"@type\":\"PropertyValueSpecification\",\"valueRequired\":true,\"valueName\":\"search_term_string\"}}],\"inLanguage\":\"en-US\"},{\"@type\":[\"Person\",\"Organization\"],\"@id\":\"https:\\\/\\\/www.apfelpatient.de\\\/#\\\/schema\\\/person\\\/35b3ddba5832f2bfc7fff5206d4f6b7b\",\"name\":\"Milan\",\"logo\":{\"@id\":\"https:\\\/\\\/www.apfelpatient.de\\\/#\\\/schema\\\/person\\\/image\\\/\"},\"description\":\"Hallo und herzlich willkommen auf meinem Technik-Blog! Als gro\u00dfer Apple-Fan berichte ich hier \u00fcber alles, was mit Apple zu tun hat: von den neuesten News und spannenden Ger\u00fcchten \u00fcber hilfreiche Tipps und Tricks bis hin zu ausf\u00fchrlichen Produkttests. Wenn du genauso technikbegeistert bist wie ich, bist du hier genau richtig!\",\"sameAs\":[\"https:\\\/\\\/www.facebook.com\\\/apfelpatientOfficial\",\"https:\\\/\\\/www.linkedin.com\\\/in\\\/milan-jovicic-42aa0231b\"],\"url\":\"https:\\\/\\\/www.apfelpatient.de\\\/en\\\/author\\\/apfeladmin\"}]}<\/script>\n<!-- \/ Yoast SEO Premium plugin. -->","yoast_head_json":{"title":"Apple launches self-service repair program for the iPhone","description":"Apple today launched its self-service repair program for the iPhone, announced late last year.","robots":{"index":"index","follow":"follow","max-snippet":"max-snippet:-1","max-image-preview":"max-image-preview:large","max-video-preview":"max-video-preview:-1"},"canonical":"https:\/\/www.apfelpatient.de\/en\/news\/apple-launches-self-service-repair-program-for-the-iphone","og_locale":"en_US","og_type":"article","og_title":"Apple startet Self-Service-Reparaturprogramm f\u00fcr das iPhone","og_description":"Apple hat heute sein Ende letzten Jahres angek\u00fcndigtes Self-Service-Reparaturprogramm f\u00fcr das iPhone gestartet.","og_url":"https:\/\/www.apfelpatient.de\/en\/news\/apple-launches-self-service-repair-program-for-the-iphone","og_site_name":"Apfelpatient","article_publisher":"https:\/\/www.facebook.com\/apfelpatientOfficial","article_author":"https:\/\/www.facebook.com\/apfelpatientOfficial","article_published_time":"2022-04-27T14:27:47+00:00","article_modified_time":"2024-05-22T11:00:10+00:00","og_image":[{"width":1600,"height":900,"url":"https:\/\/www.apfelpatient.de\/wp-content\/uploads\/2022\/04\/Apple_Right-to-repair_Hero.jpg","type":"image\/jpeg"}],"author":"Milan","twitter_card":"summary_large_image","twitter_description":"Apple hat heute sein Ende letzten Jahres angek\u00fcndigtes Self-Service-Reparaturprogramm f\u00fcr das iPhone gestartet.","twitter_misc":{"Written by":"Milan","Est. reading time":"6 minutes"},"schema":{"@context":"https:\/\/schema.org","@graph":[{"@type":"NewsArticle","@id":"https:\/\/www.apfelpatient.de\/news\/apple-startet-self-service-reparaturprogramm-fuer-das-iphone#article","isPartOf":{"@id":"https:\/\/www.apfelpatient.de\/news\/apple-startet-self-service-reparaturprogramm-fuer-das-iphone"},"author":{"@type":"Organization","@id":"https:\/\/www.apfelpatient.de\/en\/#organization","name":"Apfelpatient","url":"https:\/\/www.apfelpatient.de\/en\/"},"headline":"Apple startet Self-Service-Reparaturprogramm f\u00fcr das iPhone","datePublished":"2022-04-27T14:27:47+00:00","dateModified":"2024-05-22T11:00:10+00:00","mainEntityOfPage":{"@id":"https:\/\/www.apfelpatient.de\/news\/apple-startet-self-service-reparaturprogramm-fuer-das-iphone"},"wordCount":378,"publisher":{"@type":"Organization","@id":"https:\/\/www.apfelpatient.de\/en\/#organization","name":"Apfelpatient","url":"https:\/\/www.apfelpatient.de\/en\/"},"image":{"@id":"https:\/\/www.apfelpatient.de\/news\/apple-startet-self-service-reparaturprogramm-fuer-das-iphone#primaryimage"},"thumbnailUrl":"https:\/\/www.apfelpatient.de\/wp-content\/uploads\/2022\/04\/Apple_Right-to-repair_Hero.jpg","keywords":["iPhone"],"articleSection":"News","inLanguage":"en-US","copyrightYear":"2022","copyrightHolder":{"@id":"https:\/\/www.apfelpatient.de\/en\/#organization"}},{"@type":"WebPage","@id":"https:\/\/www.apfelpatient.de\/news\/apple-startet-self-service-reparaturprogramm-fuer-das-iphone","url":"https:\/\/www.apfelpatient.de\/news\/apple-startet-self-service-reparaturprogramm-fuer-das-iphone","name":"Apple launches self-service repair program for the iPhone","isPartOf":{"@id":"https:\/\/www.apfelpatient.de\/#website"},"primaryImageOfPage":{"@id":"https:\/\/www.apfelpatient.de\/news\/apple-startet-self-service-reparaturprogramm-fuer-das-iphone#primaryimage"},"image":{"@id":"https:\/\/www.apfelpatient.de\/news\/apple-startet-self-service-reparaturprogramm-fuer-das-iphone#primaryimage"},"thumbnailUrl":"https:\/\/www.apfelpatient.de\/wp-content\/uploads\/2022\/04\/Apple_Right-to-repair_Hero.jpg","datePublished":"2022-04-27T14:27:47+00:00","dateModified":"2024-05-22T11:00:10+00:00","description":"Apple today launched its self-service repair program for the iPhone, announced late last year.","breadcrumb":{"@id":"https:\/\/www.apfelpatient.de\/news\/apple-startet-self-service-reparaturprogramm-fuer-das-iphone#breadcrumb"},"inLanguage":"en-US","potentialAction":[{"@type":"ReadAction","target":["https:\/\/www.apfelpatient.de\/news\/apple-startet-self-service-reparaturprogramm-fuer-das-iphone"]}]},{"@type":"ImageObject","inLanguage":"en-US","@id":"https:\/\/www.apfelpatient.de\/news\/apple-startet-self-service-reparaturprogramm-fuer-das-iphone#primaryimage","url":"https:\/\/www.apfelpatient.de\/wp-content\/uploads\/2022\/04\/Apple_Right-to-repair_Hero.jpg","contentUrl":"https:\/\/www.apfelpatient.de\/wp-content\/uploads\/2022\/04\/Apple_Right-to-repair_Hero.jpg","width":1600,"height":900,"caption":"Bild: Apple"},{"@type":"BreadcrumbList","@id":"https:\/\/www.apfelpatient.de\/news\/apple-startet-self-service-reparaturprogramm-fuer-das-iphone#breadcrumb","itemListElement":[{"@type":"ListItem","position":1,"name":"Startseite","item":"https:\/\/www.apfelpatient.de\/"},{"@type":"ListItem","position":2,"name":"Apple startet Self-Service-Reparaturprogramm f\u00fcr das iPhone"}]},{"@type":"WebSite","@id":"https:\/\/www.apfelpatient.de\/#website","url":"https:\/\/www.apfelpatient.de\/","name":"apple patient","description":"Everything about Apple!","publisher":{"@type":"Organization","@id":"https:\/\/www.apfelpatient.de\/en\/#organization","name":"Apfelpatient","url":"https:\/\/www.apfelpatient.de\/en\/"},"alternateName":"Apfelpatient","potentialAction":[{"@type":"SearchAction","target":{"@type":"EntryPoint","urlTemplate":"https:\/\/www.apfelpatient.de\/?s={search_term_string}"},"query-input":{"@type":"PropertyValueSpecification","valueRequired":true,"valueName":"search_term_string"}}],"inLanguage":"en-US"},{"@type":["Person","Organization"],"@id":"https:\/\/www.apfelpatient.de\/#\/schema\/person\/35b3ddba5832f2bfc7fff5206d4f6b7b","name":"Milan","logo":{"@id":"https:\/\/www.apfelpatient.de\/#\/schema\/person\/image\/"},"description":"Hello and welcome to my technology blog! As a big Apple fan, I report on everything to do with Apple: from the latest news and exciting rumors to helpful tips and tricks and detailed product tests. If you are as enthusiastic about technology as I am, you have come to the right place!","sameAs":["https:\/\/www.facebook.com\/apfelpatientOfficial","https:\/\/www.linkedin.com\/in\/milan-jovicic-42aa0231b"],"url":"https:\/\/www.apfelpatient.de\/en\/author\/apfeladmin"}]}},"_links":{"self":[{"href":"https:\/\/www.apfelpatient.de\/en\/wp-json\/wp\/v2\/posts\/31447","targetHints":{"allow":["GET"]}}],"collection":[{"href":"https:\/\/www.apfelpatient.de\/en\/wp-json\/wp\/v2\/posts"}],"about":[{"href":"https:\/\/www.apfelpatient.de\/en\/wp-json\/wp\/v2\/types\/post"}],"author":[{"embeddable":true,"href":"https:\/\/www.apfelpatient.de\/en\/wp-json\/wp\/v2\/users\/2"}],"replies":[{"embeddable":true,"href":"https:\/\/www.apfelpatient.de\/en\/wp-json\/wp\/v2\/comments?post=31447"}],"version-history":[{"count":0,"href":"https:\/\/www.apfelpatient.de\/en\/wp-json\/wp\/v2\/posts\/31447\/revisions"}],"wp:featuredmedia":[{"embeddable":true,"href":"https:\/\/www.apfelpatient.de\/en\/wp-json\/wp\/v2\/media\/31446"}],"wp:attachment":[{"href":"https:\/\/www.apfelpatient.de\/en\/wp-json\/wp\/v2\/media?parent=31447"}],"wp:term":[{"taxonomy":"category","embeddable":true,"href":"https:\/\/www.apfelpatient.de\/en\/wp-json\/wp\/v2\/categories?post=31447"},{"taxonomy":"post_tag","embeddable":true,"href":"https:\/\/www.apfelpatient.de\/en\/wp-json\/wp\/v2\/tags?post=31447"}],"curies":[{"name":"wp","href":"https:\/\/api.w.org\/{rel}","templated":true}]}}