{"id":31398,"date":"2022-04-25T18:10:00","date_gmt":"2022-04-25T16:10:00","guid":{"rendered":"https:\/\/www.apfelpatient.de\/?p=31398"},"modified":"2022-04-25T18:10:01","modified_gmt":"2022-04-25T16:10:01","slug":"app-store-imessage-co-eu-wants-to-take-on-apple","status":"publish","type":"post","link":"https:\/\/www.apfelpatient.de\/en\/news\/app-store-imessage-co-eu-will-apple-an-den-kragen-gehen","title":{"rendered":"App Store, iMessage &amp; Co.: EU wants to go after Apple"},"content":{"rendered":"<p class=\"has-drop-cap\"><strong>Apple will be forced by the European Union&#039;s Digital Markets Act (DMA) to allow third-party app stores and payment systems and make iMessage compatible with other messaging services, according to a recently published European Commission document.<\/strong><\/p>\n\n\n\n<p>In a document with questions and answers on the Digital Markets Act entitled \u201cEnsuring fair and open digital markets\u201d, published over the weekend <a href=\"https:\/\/ec.europa.eu\/commission\/presscorner\/detail\/en\/QANDA_20_2349\" target=\"_blank\" rel=\"noreferrer noopener\">published<\/a> , the European Commission explains and clarifies what the Digital Markets Act means for companies classified as &quot;gatekeepers&quot;. It is almost certain that Apple will be classified as a &quot;gatekeeper&quot; and thus subject to the rules of the DMA due to the level of its annual turnover in the EU, its ownership and operation of platforms with a large number of active users, and its &quot;established and durable position&quot; resulting from the length of time it has met these criteria.<\/p>\n\n\n\n<h3 class=\"wp-block-heading\" id=\"h-dma-nachrichten-sprach-und-videotelefoniedienste-mussen-interoperabel-sein\">DMA: Messaging, voice and video telephony services must be interoperable<\/h3>\n\n\n\n<p>Last week, a leaked version of the DMA suggested that Apple could be forced to make major changes to the App Store, Messages, FaceTime, third-party browsers and Siri in Europe. The latest document reiterates that gatekeepers must allow users to install third-party app stores, while developers must be able to interact with a gatekeeper&#039;s own services, promote their offerings outside the gatekeeper&#039;s platform and use third-party payment systems, as well as access data collected by a gatekeeper. One of the new additions to the DMA is the requirement that messaging, voice and video calling services must be interoperable. The document clarifies that a third-party developer must request interoperability with a gatekeeper&#039;s service and the gatekeeper must comply within a certain timeframe.<\/p>\n\n\n\n<h3 class=\"wp-block-heading\">Apple&#039;s fight against governments<\/h3>\n\n\n\n<p>In other words, gatekeepers must support messaging between users on different platforms. But the DMA will allow group chats after two years and video and audio calls after four years. The interoperability rules theoretically mean that meta-apps like WhatsApp or Messenger could request to interact with Apple&#039;s iMessage framework and Apple would be forced to comply. So far, Apple has strongly resisted attempts by governments to force changes to its operating systems and services. In the Netherlands, for example, Apple simply chose to pay a $5.5 million fine every week for ten weeks rather than comply with the Authority for Consumers and Markets&#039; (ACM) orders to allow third-party payment systems in Dutch dating apps.<\/p>\n\n\n\n<h3 class=\"wp-block-heading\">European Commission could impose various sanctions against gatekeepers<\/h3>\n\n\n\n\n\n\n\n<p>The DMA says gatekeepers who ignore the rules face fines of up to 10 percent of the company&#039;s total annual global turnover, or 20 percent for repeated violations, as well as periodic penalties of up to 5 percent of the company&#039;s total annual global turnover. If gatekeepers commit &quot;systematic violations,&quot; the European Commission can impose additional sanctions, such as requiring a gatekeeper to sell a business or parts of it, including units, assets, intellectual property rights or trademarks, or prohibiting a gatekeeper from acquiring a company that provides services in the digital sector.<\/p>\n\n\n\n<h3 class=\"wp-block-heading\">DMA could come into force sometime in October<\/h3>\n\n\n\n<p>EU lawmakers provisionally approved the DMA in March. Once the final document is officially published, the European Parliament and Council will have to approve it before it can come into force. Digital Competition Commissioner Margrethe Vestager said last month that she expects the DMA to come into force \u201csometime in October.\u201d Looking for new accessories? Then take a look\u00a0<a href=\"https:\/\/www.amazon.de\/shop\/apfelpatientofficial\" target=\"_blank\" rel=\"noreferrer noopener\">in our Amazon Storefront<\/a>\u00a0- there you will find numerous products from leading suppliers, also for HomeKit and Co.! (Photo by rarrarorro \/ Bigstockphoto)<\/p>\n\n\n\n<ul class=\"wp-block-list\"><li><a href=\"https:\/\/www.apfelpatient.de\/en\/news\/new-charging-standard-eu-strives-for-usb-c\">New charging standard: EU strives for USB-C<\/a><\/li><\/ul>\n\n\n\n<h6 class=\"wp-block-heading translation-block\" id=\"h-kennt-ihr-schon-unsere-amazon-storefront-dort-findet-ihr-eine-handverlesene-auswahl-von-diversen-produkten-f-r-euer-iphone-und-co-viel-spa-beim-st-bern\"><em>Have you already visited our Amazon Storefront? There you&#039;ll find a hand-picked selection of various products for your iPhone and other devices \u2013 <span class=\"has-inline-color has-vivid-red-color\"><a href=\"https:\/\/www.amazon.de\/shop\/apfelpatientofficial\" class=\"ek-link\" data-wpel-link=\"exclude\" rel=\"follow noopener\" target=\"_self\"><span style=\"text-decoration: underline\" class=\"ek-underline\">enjoy browsing<\/span><\/a> !<\/span><\/em><\/h6>\n\n\n\n<h6 class=\"wp-block-heading translation-block\" id=\"h-der-beitrag-enthalt-partnerlinks\">This post contains <a data-type=\"URL\" data-id=\"https:\/\/www.apfelpatient.de\/partnerprogramm\" href=\"https:\/\/www.apfelpatient.de\/en\/partner-program\" data-wpel-link=\"internal\" target=\"_self\">affiliate links<\/a>.<\/h6>","protected":false},"excerpt":{"rendered":"<p>Apple is forced by the European Union&#039;s Digital Markets Act (DMA) to allow third-party app stores and much more.<\/p>","protected":false},"author":2,"featured_media":31396,"comment_status":"closed","ping_status":"closed","sticky":false,"template":"","format":"standard","meta":{"jnews-multi-image_gallery":[],"jnews_single_post":{"subtitle":"","format":"standard","video":"","gallery":"","source_name":"","source_url":"","via_name":"","via_url":"","override":[{"single_blog_custom":"","sidebar":"","second_sidebar":"","share_position":"","share_float_style":"","post_date_format":"","post_date_format_custom":"","post_reading_time_wpm":"","zoom_button_out_step":"1","zoom_button_in_step":"1","number_popup_post":"1"}],"image_override":[{"single_post_thumbnail_size":"","single_post_gallery_size":""}],"trending_post_position":"","trending_post_label":"","sponsored_post_label":"","sponsored_post_name":"","sponsored_post_url":"","sponsored_post_logo":"","sponsored_post_desc":""},"jnews_primary_category":{"id":"9"},"footnotes":""},"categories":[9],"tags":[34,3,18,33,8],"class_list":["post-31398","post","type-post","status-publish","format-standard","has-post-thumbnail","hentry","category-news","tag-apple-dienste","tag-ios","tag-ipad","tag-ipados","tag-iphone"],"yoast_head":"<!-- This site is optimized with the Yoast SEO Premium plugin v27.5 (Yoast SEO v27.5) - https:\/\/yoast.com\/product\/yoast-seo-premium-wordpress\/ -->\n<title>App Store, iMessage &amp; Co.: EU will Apple an den Kragen gehen<\/title>\n<meta name=\"description\" content=\"Apple wird durch den Digital Markets Act (DMA) der Europ\u00e4ischen Union dazu gezwungen, App Stores und vieles mehr von Dritten zuzulassen.\" \/>\n<meta name=\"robots\" content=\"index, follow, max-snippet:-1, max-image-preview:large, max-video-preview:-1\" \/>\n<link rel=\"canonical\" href=\"https:\/\/www.apfelpatient.de\/en\/news\/app-store-imessage-co-eu-wants-to-take-on-apple\" \/>\n<meta property=\"og:locale\" content=\"en_US\" \/>\n<meta property=\"og:type\" content=\"article\" \/>\n<meta property=\"og:title\" content=\"App Store, iMessage &amp; Co.: EU will Apple an den Kragen gehen\" \/>\n<meta property=\"og:description\" content=\"Apple wird durch den Digital Markets Act (DMA) der Europ\u00e4ischen Union dazu gezwungen, App Stores und vieles mehr von Dritten zuzulassen.\" \/>\n<meta property=\"og:url\" content=\"https:\/\/www.apfelpatient.de\/en\/news\/app-store-imessage-co-eu-wants-to-take-on-apple\" \/>\n<meta property=\"og:site_name\" content=\"Apfelpatient\" \/>\n<meta property=\"article:publisher\" content=\"https:\/\/www.facebook.com\/apfelpatientOfficial\" \/>\n<meta property=\"article:author\" content=\"https:\/\/www.facebook.com\/apfelpatientOfficial\" \/>\n<meta property=\"article:published_time\" content=\"2022-04-25T16:10:00+00:00\" \/>\n<meta property=\"article:modified_time\" content=\"2022-04-25T16:10:01+00:00\" \/>\n<meta property=\"og:image\" content=\"https:\/\/www.apfelpatient.de\/wp-content\/uploads\/2022\/04\/bigstock-The-Flag-Of-The-European-Union-427556462.jpg\" \/>\n\t<meta property=\"og:image:width\" content=\"1600\" \/>\n\t<meta property=\"og:image:height\" content=\"844\" \/>\n\t<meta property=\"og:image:type\" content=\"image\/jpeg\" \/>\n<meta name=\"author\" content=\"Milan\" \/>\n<meta name=\"twitter:card\" content=\"summary_large_image\" \/>\n<meta name=\"twitter:description\" content=\"Apple wird durch den Digital Markets Act (DMA) der Europ\u00e4ischen Union dazu gezwungen, App Stores und vieles mehr von Dritten zuzulassen.\" \/>\n<meta name=\"twitter:label1\" content=\"Written by\" \/>\n\t<meta name=\"twitter:data1\" content=\"Milan\" \/>\n\t<meta name=\"twitter:label2\" content=\"Est. reading time\" \/>\n\t<meta name=\"twitter:data2\" content=\"4 minutes\" \/>\n<script type=\"application\/ld+json\" class=\"yoast-schema-graph\">{\"@context\":\"https:\\\/\\\/schema.org\",\"@graph\":[{\"@type\":\"NewsArticle\",\"@id\":\"https:\\\/\\\/www.apfelpatient.de\\\/news\\\/app-store-imessage-co-eu-will-apple-an-den-kragen-gehen#article\",\"isPartOf\":{\"@id\":\"https:\\\/\\\/www.apfelpatient.de\\\/news\\\/app-store-imessage-co-eu-will-apple-an-den-kragen-gehen\"},\"author\":{\"@type\":\"Organization\",\"@id\":\"https:\\\/\\\/www.apfelpatient.de\\\/en\\\/#organization\",\"name\":\"Apfelpatient\",\"url\":\"https:\\\/\\\/www.apfelpatient.de\\\/en\\\/\"},\"headline\":\"App Store, iMessage &amp; Co.: EU will Apple an den Kragen gehen\",\"datePublished\":\"2022-04-25T16:10:00+00:00\",\"dateModified\":\"2022-04-25T16:10:01+00:00\",\"mainEntityOfPage\":{\"@id\":\"https:\\\/\\\/www.apfelpatient.de\\\/news\\\/app-store-imessage-co-eu-will-apple-an-den-kragen-gehen\"},\"wordCount\":671,\"publisher\":{\"@type\":\"Organization\",\"@id\":\"https:\\\/\\\/www.apfelpatient.de\\\/en\\\/#organization\",\"name\":\"Apfelpatient\",\"url\":\"https:\\\/\\\/www.apfelpatient.de\\\/en\\\/\"},\"image\":{\"@id\":\"https:\\\/\\\/www.apfelpatient.de\\\/news\\\/app-store-imessage-co-eu-will-apple-an-den-kragen-gehen#primaryimage\"},\"thumbnailUrl\":\"https:\\\/\\\/www.apfelpatient.de\\\/wp-content\\\/uploads\\\/2022\\\/04\\\/bigstock-The-Flag-Of-The-European-Union-427556462.jpg\",\"keywords\":[\"Apple Dienste\",\"iOS\",\"iPad\",\"iPadOS\",\"iPhone\"],\"articleSection\":\"News\",\"inLanguage\":\"en-US\",\"copyrightYear\":\"2022\",\"copyrightHolder\":{\"@id\":\"https:\\\/\\\/www.apfelpatient.de\\\/en\\\/#organization\"}},{\"@type\":\"WebPage\",\"@id\":\"https:\\\/\\\/www.apfelpatient.de\\\/news\\\/app-store-imessage-co-eu-will-apple-an-den-kragen-gehen\",\"url\":\"https:\\\/\\\/www.apfelpatient.de\\\/news\\\/app-store-imessage-co-eu-will-apple-an-den-kragen-gehen\",\"name\":\"App Store, iMessage &amp; Co.: EU will Apple an den Kragen gehen\",\"isPartOf\":{\"@id\":\"https:\\\/\\\/www.apfelpatient.de\\\/#website\"},\"primaryImageOfPage\":{\"@id\":\"https:\\\/\\\/www.apfelpatient.de\\\/news\\\/app-store-imessage-co-eu-will-apple-an-den-kragen-gehen#primaryimage\"},\"image\":{\"@id\":\"https:\\\/\\\/www.apfelpatient.de\\\/news\\\/app-store-imessage-co-eu-will-apple-an-den-kragen-gehen#primaryimage\"},\"thumbnailUrl\":\"https:\\\/\\\/www.apfelpatient.de\\\/wp-content\\\/uploads\\\/2022\\\/04\\\/bigstock-The-Flag-Of-The-European-Union-427556462.jpg\",\"datePublished\":\"2022-04-25T16:10:00+00:00\",\"dateModified\":\"2022-04-25T16:10:01+00:00\",\"description\":\"Apple wird durch den Digital Markets Act (DMA) der Europ\u00e4ischen Union dazu gezwungen, App Stores und vieles mehr von Dritten zuzulassen.\",\"breadcrumb\":{\"@id\":\"https:\\\/\\\/www.apfelpatient.de\\\/news\\\/app-store-imessage-co-eu-will-apple-an-den-kragen-gehen#breadcrumb\"},\"inLanguage\":\"en-US\",\"potentialAction\":[{\"@type\":\"ReadAction\",\"target\":[\"https:\\\/\\\/www.apfelpatient.de\\\/news\\\/app-store-imessage-co-eu-will-apple-an-den-kragen-gehen\"]}]},{\"@type\":\"ImageObject\",\"inLanguage\":\"en-US\",\"@id\":\"https:\\\/\\\/www.apfelpatient.de\\\/news\\\/app-store-imessage-co-eu-will-apple-an-den-kragen-gehen#primaryimage\",\"url\":\"https:\\\/\\\/www.apfelpatient.de\\\/wp-content\\\/uploads\\\/2022\\\/04\\\/bigstock-The-Flag-Of-The-European-Union-427556462.jpg\",\"contentUrl\":\"https:\\\/\\\/www.apfelpatient.de\\\/wp-content\\\/uploads\\\/2022\\\/04\\\/bigstock-The-Flag-Of-The-European-Union-427556462.jpg\",\"width\":1600,\"height\":844,\"caption\":\"The flag of The European Union flapping in the wind. Economic and finance Community. Politics and Economy. Transnational political government\"},{\"@type\":\"BreadcrumbList\",\"@id\":\"https:\\\/\\\/www.apfelpatient.de\\\/news\\\/app-store-imessage-co-eu-will-apple-an-den-kragen-gehen#breadcrumb\",\"itemListElement\":[{\"@type\":\"ListItem\",\"position\":1,\"name\":\"Startseite\",\"item\":\"https:\\\/\\\/www.apfelpatient.de\\\/\"},{\"@type\":\"ListItem\",\"position\":2,\"name\":\"App Store, iMessage &amp; Co.: EU will Apple an den Kragen gehen\"}]},{\"@type\":\"WebSite\",\"@id\":\"https:\\\/\\\/www.apfelpatient.de\\\/#website\",\"url\":\"https:\\\/\\\/www.apfelpatient.de\\\/\",\"name\":\"Apfelpatient\",\"description\":\"Alles rund um Apple!\",\"publisher\":{\"@type\":\"Organization\",\"@id\":\"https:\\\/\\\/www.apfelpatient.de\\\/en\\\/#organization\",\"name\":\"Apfelpatient\",\"url\":\"https:\\\/\\\/www.apfelpatient.de\\\/en\\\/\"},\"alternateName\":\"Apfelpatient\",\"potentialAction\":[{\"@type\":\"SearchAction\",\"target\":{\"@type\":\"EntryPoint\",\"urlTemplate\":\"https:\\\/\\\/www.apfelpatient.de\\\/?s={search_term_string}\"},\"query-input\":{\"@type\":\"PropertyValueSpecification\",\"valueRequired\":true,\"valueName\":\"search_term_string\"}}],\"inLanguage\":\"en-US\"},{\"@type\":[\"Person\",\"Organization\"],\"@id\":\"https:\\\/\\\/www.apfelpatient.de\\\/#\\\/schema\\\/person\\\/7dc56ad6c8e9824b76d2c08d4c140e13\",\"name\":\"Milan\",\"logo\":{\"@id\":\"https:\\\/\\\/www.apfelpatient.de\\\/#\\\/schema\\\/person\\\/image\\\/\"},\"description\":\"Hallo und herzlich willkommen auf meinem Technik-Blog! Als gro\u00dfer Apple-Fan berichte ich hier \u00fcber alles, was mit Apple zu tun hat: von den neuesten News und spannenden Ger\u00fcchten \u00fcber hilfreiche Tipps und Tricks bis hin zu ausf\u00fchrlichen Produkttests. Wenn du genauso technikbegeistert bist wie ich, bist du hier genau richtig!\",\"sameAs\":[\"https:\\\/\\\/www.facebook.com\\\/apfelpatientOfficial\",\"https:\\\/\\\/www.linkedin.com\\\/in\\\/milan-jovicic-42aa0231b\"],\"url\":\"https:\\\/\\\/www.apfelpatient.de\\\/en\\\/author\\\/apfeladmin\"}]}<\/script>\n<!-- \/ Yoast SEO Premium plugin. -->","yoast_head_json":{"title":"App Store, iMessage &amp; Co.: EU wants to go after Apple","description":"Apple is forced by the European Union&#039;s Digital Markets Act (DMA) to allow third-party app stores and much more.","robots":{"index":"index","follow":"follow","max-snippet":"max-snippet:-1","max-image-preview":"max-image-preview:large","max-video-preview":"max-video-preview:-1"},"canonical":"https:\/\/www.apfelpatient.de\/en\/news\/app-store-imessage-co-eu-wants-to-take-on-apple","og_locale":"en_US","og_type":"article","og_title":"App Store, iMessage &amp; Co.: EU will Apple an den Kragen gehen","og_description":"Apple wird durch den Digital Markets Act (DMA) der Europ\u00e4ischen Union dazu gezwungen, App Stores und vieles mehr von Dritten zuzulassen.","og_url":"https:\/\/www.apfelpatient.de\/en\/news\/app-store-imessage-co-eu-wants-to-take-on-apple","og_site_name":"Apfelpatient","article_publisher":"https:\/\/www.facebook.com\/apfelpatientOfficial","article_author":"https:\/\/www.facebook.com\/apfelpatientOfficial","article_published_time":"2022-04-25T16:10:00+00:00","article_modified_time":"2022-04-25T16:10:01+00:00","og_image":[{"width":1600,"height":844,"url":"https:\/\/www.apfelpatient.de\/wp-content\/uploads\/2022\/04\/bigstock-The-Flag-Of-The-European-Union-427556462.jpg","type":"image\/jpeg"}],"author":"Milan","twitter_card":"summary_large_image","twitter_description":"Apple wird durch den Digital Markets Act (DMA) der Europ\u00e4ischen Union dazu gezwungen, App Stores und vieles mehr von Dritten zuzulassen.","twitter_misc":{"Written by":"Milan","Est. reading time":"4 minutes"},"schema":{"@context":"https:\/\/schema.org","@graph":[{"@type":"NewsArticle","@id":"https:\/\/www.apfelpatient.de\/news\/app-store-imessage-co-eu-will-apple-an-den-kragen-gehen#article","isPartOf":{"@id":"https:\/\/www.apfelpatient.de\/news\/app-store-imessage-co-eu-will-apple-an-den-kragen-gehen"},"author":{"@type":"Organization","@id":"https:\/\/www.apfelpatient.de\/en\/#organization","name":"Apfelpatient","url":"https:\/\/www.apfelpatient.de\/en\/"},"headline":"App Store, iMessage &amp; Co.: EU will Apple an den Kragen gehen","datePublished":"2022-04-25T16:10:00+00:00","dateModified":"2022-04-25T16:10:01+00:00","mainEntityOfPage":{"@id":"https:\/\/www.apfelpatient.de\/news\/app-store-imessage-co-eu-will-apple-an-den-kragen-gehen"},"wordCount":671,"publisher":{"@type":"Organization","@id":"https:\/\/www.apfelpatient.de\/en\/#organization","name":"Apfelpatient","url":"https:\/\/www.apfelpatient.de\/en\/"},"image":{"@id":"https:\/\/www.apfelpatient.de\/news\/app-store-imessage-co-eu-will-apple-an-den-kragen-gehen#primaryimage"},"thumbnailUrl":"https:\/\/www.apfelpatient.de\/wp-content\/uploads\/2022\/04\/bigstock-The-Flag-Of-The-European-Union-427556462.jpg","keywords":["Apple Dienste","iOS","iPad","iPadOS","iPhone"],"articleSection":"News","inLanguage":"en-US","copyrightYear":"2022","copyrightHolder":{"@id":"https:\/\/www.apfelpatient.de\/en\/#organization"}},{"@type":"WebPage","@id":"https:\/\/www.apfelpatient.de\/news\/app-store-imessage-co-eu-will-apple-an-den-kragen-gehen","url":"https:\/\/www.apfelpatient.de\/news\/app-store-imessage-co-eu-will-apple-an-den-kragen-gehen","name":"App Store, iMessage &amp; Co.: EU wants to go after Apple","isPartOf":{"@id":"https:\/\/www.apfelpatient.de\/#website"},"primaryImageOfPage":{"@id":"https:\/\/www.apfelpatient.de\/news\/app-store-imessage-co-eu-will-apple-an-den-kragen-gehen#primaryimage"},"image":{"@id":"https:\/\/www.apfelpatient.de\/news\/app-store-imessage-co-eu-will-apple-an-den-kragen-gehen#primaryimage"},"thumbnailUrl":"https:\/\/www.apfelpatient.de\/wp-content\/uploads\/2022\/04\/bigstock-The-Flag-Of-The-European-Union-427556462.jpg","datePublished":"2022-04-25T16:10:00+00:00","dateModified":"2022-04-25T16:10:01+00:00","description":"Apple is forced by the European Union&#039;s Digital Markets Act (DMA) to allow third-party app stores and much more.","breadcrumb":{"@id":"https:\/\/www.apfelpatient.de\/news\/app-store-imessage-co-eu-will-apple-an-den-kragen-gehen#breadcrumb"},"inLanguage":"en-US","potentialAction":[{"@type":"ReadAction","target":["https:\/\/www.apfelpatient.de\/news\/app-store-imessage-co-eu-will-apple-an-den-kragen-gehen"]}]},{"@type":"ImageObject","inLanguage":"en-US","@id":"https:\/\/www.apfelpatient.de\/news\/app-store-imessage-co-eu-will-apple-an-den-kragen-gehen#primaryimage","url":"https:\/\/www.apfelpatient.de\/wp-content\/uploads\/2022\/04\/bigstock-The-Flag-Of-The-European-Union-427556462.jpg","contentUrl":"https:\/\/www.apfelpatient.de\/wp-content\/uploads\/2022\/04\/bigstock-The-Flag-Of-The-European-Union-427556462.jpg","width":1600,"height":844,"caption":"The flag of The European Union flapping in the wind. Economic and finance Community. Politics and Economy. Transnational political government"},{"@type":"BreadcrumbList","@id":"https:\/\/www.apfelpatient.de\/news\/app-store-imessage-co-eu-will-apple-an-den-kragen-gehen#breadcrumb","itemListElement":[{"@type":"ListItem","position":1,"name":"Startseite","item":"https:\/\/www.apfelpatient.de\/"},{"@type":"ListItem","position":2,"name":"App Store, iMessage &amp; Co.: EU will Apple an den Kragen gehen"}]},{"@type":"WebSite","@id":"https:\/\/www.apfelpatient.de\/#website","url":"https:\/\/www.apfelpatient.de\/","name":"apple patient","description":"Everything about Apple!","publisher":{"@type":"Organization","@id":"https:\/\/www.apfelpatient.de\/en\/#organization","name":"Apfelpatient","url":"https:\/\/www.apfelpatient.de\/en\/"},"alternateName":"Apfelpatient","potentialAction":[{"@type":"SearchAction","target":{"@type":"EntryPoint","urlTemplate":"https:\/\/www.apfelpatient.de\/?s={search_term_string}"},"query-input":{"@type":"PropertyValueSpecification","valueRequired":true,"valueName":"search_term_string"}}],"inLanguage":"en-US"},{"@type":["Person","Organization"],"@id":"https:\/\/www.apfelpatient.de\/#\/schema\/person\/7dc56ad6c8e9824b76d2c08d4c140e13","name":"Milan","logo":{"@id":"https:\/\/www.apfelpatient.de\/#\/schema\/person\/image\/"},"description":"Hello and welcome to my technology blog! As a big Apple fan, I report on everything to do with Apple: from the latest news and exciting rumors to helpful tips and tricks and detailed product tests. If you are as enthusiastic about technology as I am, you have come to the right place!","sameAs":["https:\/\/www.facebook.com\/apfelpatientOfficial","https:\/\/www.linkedin.com\/in\/milan-jovicic-42aa0231b"],"url":"https:\/\/www.apfelpatient.de\/en\/author\/apfeladmin"}]}},"_links":{"self":[{"href":"https:\/\/www.apfelpatient.de\/en\/wp-json\/wp\/v2\/posts\/31398","targetHints":{"allow":["GET"]}}],"collection":[{"href":"https:\/\/www.apfelpatient.de\/en\/wp-json\/wp\/v2\/posts"}],"about":[{"href":"https:\/\/www.apfelpatient.de\/en\/wp-json\/wp\/v2\/types\/post"}],"author":[{"embeddable":true,"href":"https:\/\/www.apfelpatient.de\/en\/wp-json\/wp\/v2\/users\/2"}],"replies":[{"embeddable":true,"href":"https:\/\/www.apfelpatient.de\/en\/wp-json\/wp\/v2\/comments?post=31398"}],"version-history":[{"count":0,"href":"https:\/\/www.apfelpatient.de\/en\/wp-json\/wp\/v2\/posts\/31398\/revisions"}],"wp:featuredmedia":[{"embeddable":true,"href":"https:\/\/www.apfelpatient.de\/en\/wp-json\/wp\/v2\/media\/31396"}],"wp:attachment":[{"href":"https:\/\/www.apfelpatient.de\/en\/wp-json\/wp\/v2\/media?parent=31398"}],"wp:term":[{"taxonomy":"category","embeddable":true,"href":"https:\/\/www.apfelpatient.de\/en\/wp-json\/wp\/v2\/categories?post=31398"},{"taxonomy":"post_tag","embeddable":true,"href":"https:\/\/www.apfelpatient.de\/en\/wp-json\/wp\/v2\/tags?post=31398"}],"curies":[{"name":"wp","href":"https:\/\/api.w.org\/{rel}","templated":true}]}}