{"id":31065,"date":"2022-04-05T17:56:03","date_gmt":"2022-04-05T15:56:03","guid":{"rendered":"https:\/\/www.apfelpatient.de\/?p=31065"},"modified":"2022-04-05T17:56:32","modified_gmt":"2022-04-05T15:56:32","slug":"airpods-pro-2-are-expected-to-be-released-by-the-end-of-the-year","status":"publish","type":"post","link":"https:\/\/www.apfelpatient.de\/en\/rumors\/airpods-pro-2-sollen-bis-ende-des-jahres-erscheinen","title":{"rendered":"AirPods Pro 2 to be released by the end of the year"},"content":{"rendered":"<p class=\"has-drop-cap\"><strong>According to a new report, Apple plans to introduce the AirPods Pro 2 in the second half of 2022. Well-known analyst Ming-Chi Kuo claims to have learned this.<\/strong><\/p>\n\n\n\n<p>While the second generation AirPods are still available, even though the third generation has been available since last year, things might be a little different with the Pro series, so <a href=\"https:\/\/twitter.com\/mingchikuo\/status\/1511358915426263046?s=20&amp;t=-8Cfnapq5Q5D66VzkO0nRg\" target=\"_blank\" rel=\"noreferrer noopener\">Kuo<\/a>. This means that when Apple introduces the AirPods Pro 2, the company will most likely discontinue the previous models. Apple announced the AirPods Pro on October 30, 2019 - so they are almost two and a half years old.<\/p>\n\n\n\n<h3 class=\"wp-block-heading\" id=\"h-wird-apple-einen-neuen-chip-vorstellen\">Will Apple introduce a new chip?<\/h3>\n\n\n\n<p>Kuo also said that demand for the third-generation AirPods is &quot;significantly weaker&quot; than that for the second-generation AirPods, which has led Apple to reduce its orders for the third-generation AirPods from suppliers by at least 30% in the second to third quarters of this year. Kuo has previously claimed that the second-generation AirPods Pro will have a &quot;significantly improved&quot; wireless chip compared to the H1 chip in the original AirPods Pro. The chip controls audio-related features such as active noise cancellation. Improvements to this technology could lead to improved battery life, allowing for longer listening time per charge.<\/p>\n\n\n\n<h3 class=\"wp-block-heading\">AirPods Pro 2 could get new motion sensors<\/h3>\n\n\n\n\n\n\n\n<p>Kuo also expects the new AirPods Pro to support lossless audio on Apple Music. Kuo has also claimed that the new AirPods Pro charging case will be able to emit a sound to help users find it if they misplace it. It&#039;s likely that the charging case will also be water-resistant, like the AirPods 3. Bloomberg&#039;s Mark Gurman and Debby Wu have previously reported that Apple has been testing a more compact design for the new AirPods Pro that would do away with the stems under the earbuds entirely. If this is the final design, the new AirPods Pro could look similar to the Beats Studio Buds that Apple unveiled last year. Gurman and Wu also claimed that the new AirPods Pro will come with motion sensors to enable fitness tracking alongside the Apple Watch. (Photo by Unsplash \/ Jatin Jangid)<\/p>\n\n\n\n<ul class=\"wp-block-list\"><li><a href=\"https:\/\/www.apfelpatient.de\/en\/news\/pitaka-magez-slider-launched-in-germany\">Pitaka MagEZ Slider launched in Germany<\/a><\/li><\/ul>\n\n\n\n<h6 class=\"wp-block-heading translation-block\" id=\"h-kennt-ihr-schon-unsere-amazon-storefront-dort-findet-ihr-eine-handverlesene-auswahl-von-diversen-produkten-f-r-euer-iphone-und-co-viel-spa-beim-st-bern\"><em>Have you already visited our Amazon Storefront? There you&#039;ll find a hand-picked selection of various products for your iPhone and other devices \u2013 <span class=\"has-inline-color has-vivid-red-color\"><a href=\"https:\/\/www.amazon.de\/shop\/apfelpatientofficial\" class=\"ek-link\" data-wpel-link=\"exclude\" rel=\"follow noopener\" target=\"_self\"><span style=\"text-decoration: underline\" class=\"ek-underline\">enjoy browsing<\/span><\/a> !<\/span><\/em><\/h6>\n\n\n\n<h6 class=\"wp-block-heading translation-block\" id=\"h-der-beitrag-enthalt-partnerlinks\">This post contains <a data-type=\"URL\" data-id=\"https:\/\/www.apfelpatient.de\/partnerprogramm\" href=\"https:\/\/www.apfelpatient.de\/en\/partner-program\" data-wpel-link=\"internal\" target=\"_self\">affiliate links<\/a>.<\/h6>","protected":false},"excerpt":{"rendered":"<p>What innovations are planned? According to a new report, Apple plans to introduce the AirPods Pro 2 in the second half of 2022.<\/p>","protected":false},"author":2,"featured_media":31067,"comment_status":"closed","ping_status":"closed","sticky":false,"template":"","format":"standard","meta":{"jnews-multi-image_gallery":[],"jnews_single_post":{"subtitle":"","format":"standard","video":"","gallery":"","source_name":"","source_url":"","via_name":"","via_url":"","override":[{"single_blog_custom":"","sidebar":"","second_sidebar":"","share_position":"","share_float_style":"","post_date_format":"","post_date_format_custom":"","post_reading_time_wpm":"","zoom_button_out_step":"1","zoom_button_in_step":"1","number_popup_post":"1"}],"image_override":[{"single_post_thumbnail_size":"","single_post_gallery_size":""}],"trending_post_position":"","trending_post_label":"","sponsored_post_label":"","sponsored_post_name":"","sponsored_post_url":"","sponsored_post_logo":"","sponsored_post_desc":""},"jnews_primary_category":{"id":"25"},"footnotes":""},"categories":[25],"tags":[28,347],"class_list":["post-31065","post","type-post","status-publish","format-standard","has-post-thumbnail","hentry","category-rumors","tag-airpods","tag-airpods-pro"],"yoast_head":"<!-- This site is optimized with the Yoast SEO Premium plugin v27.5 (Yoast SEO v27.5) - https:\/\/yoast.com\/product\/yoast-seo-premium-wordpress\/ -->\n<title>AirPods Pro 2 sollen bis Ende des Jahres erscheinen Apfelpatient<\/title>\n<meta name=\"description\" content=\"Welche Neuerungen sind geplant? Einem neuen Bericht zufolge plant Apple die AirPods Pro 2 in der zweiten Jahresh\u00e4lfte 2022 vorzustellen.\" \/>\n<meta name=\"robots\" content=\"index, follow, max-snippet:-1, max-image-preview:large, max-video-preview:-1\" \/>\n<link rel=\"canonical\" href=\"https:\/\/www.apfelpatient.de\/en\/rumors\/airpods-pro-2-are-expected-to-be-released-by-the-end-of-the-year\" \/>\n<meta property=\"og:locale\" content=\"en_US\" \/>\n<meta property=\"og:type\" content=\"article\" \/>\n<meta property=\"og:title\" content=\"AirPods Pro 2 sollen bis Ende des Jahres erscheinen\" \/>\n<meta property=\"og:description\" content=\"Welche Neuerungen sind geplant? Einem neuen Bericht zufolge plant Apple die AirPods Pro 2 in der zweiten Jahresh\u00e4lfte 2022 vorzustellen.\" \/>\n<meta property=\"og:url\" content=\"https:\/\/www.apfelpatient.de\/en\/rumors\/airpods-pro-2-are-expected-to-be-released-by-the-end-of-the-year\" \/>\n<meta property=\"og:site_name\" content=\"Apfelpatient\" \/>\n<meta property=\"article:publisher\" content=\"https:\/\/www.facebook.com\/apfelpatientOfficial\" \/>\n<meta property=\"article:author\" content=\"https:\/\/www.facebook.com\/apfelpatientOfficial\" \/>\n<meta property=\"article:published_time\" content=\"2022-04-05T15:56:03+00:00\" \/>\n<meta property=\"article:modified_time\" content=\"2022-04-05T15:56:32+00:00\" \/>\n<meta property=\"og:image\" content=\"https:\/\/www.apfelpatient.de\/wp-content\/uploads\/2022\/04\/jatin-jangid-mHXOMt3WlF8-unsplash-3.jpg\" \/>\n\t<meta property=\"og:image:width\" content=\"1600\" \/>\n\t<meta property=\"og:image:height\" content=\"990\" \/>\n\t<meta property=\"og:image:type\" content=\"image\/jpeg\" \/>\n<meta name=\"author\" content=\"Milan\" \/>\n<meta name=\"twitter:card\" content=\"summary_large_image\" \/>\n<meta name=\"twitter:description\" content=\"Welche Neuerungen sind geplant? Einem neuen Bericht zufolge plant Apple die AirPods Pro 2 in der zweiten Jahresh\u00e4lfte 2022 vorzustellen.\" \/>\n<meta name=\"twitter:label1\" content=\"Written by\" \/>\n\t<meta name=\"twitter:data1\" content=\"Milan\" \/>\n\t<meta name=\"twitter:label2\" content=\"Est. reading time\" \/>\n\t<meta name=\"twitter:data2\" content=\"2 minutes\" \/>\n<script type=\"application\/ld+json\" class=\"yoast-schema-graph\">{\"@context\":\"https:\\\/\\\/schema.org\",\"@graph\":[{\"@type\":\"NewsArticle\",\"@id\":\"https:\\\/\\\/www.apfelpatient.de\\\/rumors\\\/airpods-pro-2-sollen-bis-ende-des-jahres-erscheinen#article\",\"isPartOf\":{\"@id\":\"https:\\\/\\\/www.apfelpatient.de\\\/rumors\\\/airpods-pro-2-sollen-bis-ende-des-jahres-erscheinen\"},\"author\":{\"@type\":\"Organization\",\"@id\":\"https:\\\/\\\/www.apfelpatient.de\\\/en\\\/#organization\",\"name\":\"Apfelpatient\",\"url\":\"https:\\\/\\\/www.apfelpatient.de\\\/en\\\/\"},\"headline\":\"AirPods Pro 2 sollen bis Ende des Jahres erscheinen\",\"datePublished\":\"2022-04-05T15:56:03+00:00\",\"dateModified\":\"2022-04-05T15:56:32+00:00\",\"mainEntityOfPage\":{\"@id\":\"https:\\\/\\\/www.apfelpatient.de\\\/rumors\\\/airpods-pro-2-sollen-bis-ende-des-jahres-erscheinen\"},\"wordCount\":392,\"publisher\":{\"@type\":\"Organization\",\"@id\":\"https:\\\/\\\/www.apfelpatient.de\\\/en\\\/#organization\",\"name\":\"Apfelpatient\",\"url\":\"https:\\\/\\\/www.apfelpatient.de\\\/en\\\/\"},\"image\":{\"@id\":\"https:\\\/\\\/www.apfelpatient.de\\\/rumors\\\/airpods-pro-2-sollen-bis-ende-des-jahres-erscheinen#primaryimage\"},\"thumbnailUrl\":\"https:\\\/\\\/www.apfelpatient.de\\\/wp-content\\\/uploads\\\/2022\\\/04\\\/jatin-jangid-mHXOMt3WlF8-unsplash-3.jpg\",\"keywords\":[\"AirPods\",\"AirPods Pro\"],\"articleSection\":\"Rumors\",\"inLanguage\":\"en-US\",\"copyrightYear\":\"2022\",\"copyrightHolder\":{\"@id\":\"https:\\\/\\\/www.apfelpatient.de\\\/en\\\/#organization\"}},{\"@type\":\"WebPage\",\"@id\":\"https:\\\/\\\/www.apfelpatient.de\\\/rumors\\\/airpods-pro-2-sollen-bis-ende-des-jahres-erscheinen\",\"url\":\"https:\\\/\\\/www.apfelpatient.de\\\/rumors\\\/airpods-pro-2-sollen-bis-ende-des-jahres-erscheinen\",\"name\":\"AirPods Pro 2 sollen bis Ende des Jahres erscheinen Apfelpatient\",\"isPartOf\":{\"@id\":\"https:\\\/\\\/www.apfelpatient.de\\\/#website\"},\"primaryImageOfPage\":{\"@id\":\"https:\\\/\\\/www.apfelpatient.de\\\/rumors\\\/airpods-pro-2-sollen-bis-ende-des-jahres-erscheinen#primaryimage\"},\"image\":{\"@id\":\"https:\\\/\\\/www.apfelpatient.de\\\/rumors\\\/airpods-pro-2-sollen-bis-ende-des-jahres-erscheinen#primaryimage\"},\"thumbnailUrl\":\"https:\\\/\\\/www.apfelpatient.de\\\/wp-content\\\/uploads\\\/2022\\\/04\\\/jatin-jangid-mHXOMt3WlF8-unsplash-3.jpg\",\"datePublished\":\"2022-04-05T15:56:03+00:00\",\"dateModified\":\"2022-04-05T15:56:32+00:00\",\"description\":\"Welche Neuerungen sind geplant? Einem neuen Bericht zufolge plant Apple die AirPods Pro 2 in der zweiten Jahresh\u00e4lfte 2022 vorzustellen.\",\"breadcrumb\":{\"@id\":\"https:\\\/\\\/www.apfelpatient.de\\\/rumors\\\/airpods-pro-2-sollen-bis-ende-des-jahres-erscheinen#breadcrumb\"},\"inLanguage\":\"en-US\",\"potentialAction\":[{\"@type\":\"ReadAction\",\"target\":[\"https:\\\/\\\/www.apfelpatient.de\\\/rumors\\\/airpods-pro-2-sollen-bis-ende-des-jahres-erscheinen\"]}]},{\"@type\":\"ImageObject\",\"inLanguage\":\"en-US\",\"@id\":\"https:\\\/\\\/www.apfelpatient.de\\\/rumors\\\/airpods-pro-2-sollen-bis-ende-des-jahres-erscheinen#primaryimage\",\"url\":\"https:\\\/\\\/www.apfelpatient.de\\\/wp-content\\\/uploads\\\/2022\\\/04\\\/jatin-jangid-mHXOMt3WlF8-unsplash-3.jpg\",\"contentUrl\":\"https:\\\/\\\/www.apfelpatient.de\\\/wp-content\\\/uploads\\\/2022\\\/04\\\/jatin-jangid-mHXOMt3WlF8-unsplash-3.jpg\",\"width\":1600,\"height\":990,\"caption\":\"Photo by Unsplash \\\/ Jatin Jangid\"},{\"@type\":\"BreadcrumbList\",\"@id\":\"https:\\\/\\\/www.apfelpatient.de\\\/rumors\\\/airpods-pro-2-sollen-bis-ende-des-jahres-erscheinen#breadcrumb\",\"itemListElement\":[{\"@type\":\"ListItem\",\"position\":1,\"name\":\"Startseite\",\"item\":\"https:\\\/\\\/www.apfelpatient.de\\\/\"},{\"@type\":\"ListItem\",\"position\":2,\"name\":\"AirPods Pro 2 sollen bis Ende des Jahres erscheinen\"}]},{\"@type\":\"WebSite\",\"@id\":\"https:\\\/\\\/www.apfelpatient.de\\\/#website\",\"url\":\"https:\\\/\\\/www.apfelpatient.de\\\/\",\"name\":\"Apfelpatient\",\"description\":\"Alles rund um Apple!\",\"publisher\":{\"@type\":\"Organization\",\"@id\":\"https:\\\/\\\/www.apfelpatient.de\\\/en\\\/#organization\",\"name\":\"Apfelpatient\",\"url\":\"https:\\\/\\\/www.apfelpatient.de\\\/en\\\/\"},\"alternateName\":\"Apfelpatient\",\"potentialAction\":[{\"@type\":\"SearchAction\",\"target\":{\"@type\":\"EntryPoint\",\"urlTemplate\":\"https:\\\/\\\/www.apfelpatient.de\\\/?s={search_term_string}\"},\"query-input\":{\"@type\":\"PropertyValueSpecification\",\"valueRequired\":true,\"valueName\":\"search_term_string\"}}],\"inLanguage\":\"en-US\"},{\"@type\":[\"Person\",\"Organization\"],\"@id\":\"https:\\\/\\\/www.apfelpatient.de\\\/#\\\/schema\\\/person\\\/7dc56ad6c8e9824b76d2c08d4c140e13\",\"name\":\"Milan\",\"logo\":{\"@id\":\"https:\\\/\\\/www.apfelpatient.de\\\/#\\\/schema\\\/person\\\/image\\\/\"},\"description\":\"Hallo und herzlich willkommen auf meinem Technik-Blog! Als gro\u00dfer Apple-Fan berichte ich hier \u00fcber alles, was mit Apple zu tun hat: von den neuesten News und spannenden Ger\u00fcchten \u00fcber hilfreiche Tipps und Tricks bis hin zu ausf\u00fchrlichen Produkttests. Wenn du genauso technikbegeistert bist wie ich, bist du hier genau richtig!\",\"sameAs\":[\"https:\\\/\\\/www.facebook.com\\\/apfelpatientOfficial\",\"https:\\\/\\\/www.linkedin.com\\\/in\\\/milan-jovicic-42aa0231b\"],\"url\":\"https:\\\/\\\/www.apfelpatient.de\\\/en\\\/author\\\/apfeladmin\"}]}<\/script>\n<!-- \/ Yoast SEO Premium plugin. -->","yoast_head_json":{"title":"AirPods Pro 2 to be released by the end of the year Apfelpatient","description":"What innovations are planned? According to a new report, Apple plans to introduce the AirPods Pro 2 in the second half of 2022.","robots":{"index":"index","follow":"follow","max-snippet":"max-snippet:-1","max-image-preview":"max-image-preview:large","max-video-preview":"max-video-preview:-1"},"canonical":"https:\/\/www.apfelpatient.de\/en\/rumors\/airpods-pro-2-are-expected-to-be-released-by-the-end-of-the-year","og_locale":"en_US","og_type":"article","og_title":"AirPods Pro 2 sollen bis Ende des Jahres erscheinen","og_description":"Welche Neuerungen sind geplant? Einem neuen Bericht zufolge plant Apple die AirPods Pro 2 in der zweiten Jahresh\u00e4lfte 2022 vorzustellen.","og_url":"https:\/\/www.apfelpatient.de\/en\/rumors\/airpods-pro-2-are-expected-to-be-released-by-the-end-of-the-year","og_site_name":"Apfelpatient","article_publisher":"https:\/\/www.facebook.com\/apfelpatientOfficial","article_author":"https:\/\/www.facebook.com\/apfelpatientOfficial","article_published_time":"2022-04-05T15:56:03+00:00","article_modified_time":"2022-04-05T15:56:32+00:00","og_image":[{"width":1600,"height":990,"url":"https:\/\/www.apfelpatient.de\/wp-content\/uploads\/2022\/04\/jatin-jangid-mHXOMt3WlF8-unsplash-3.jpg","type":"image\/jpeg"}],"author":"Milan","twitter_card":"summary_large_image","twitter_description":"Welche Neuerungen sind geplant? Einem neuen Bericht zufolge plant Apple die AirPods Pro 2 in der zweiten Jahresh\u00e4lfte 2022 vorzustellen.","twitter_misc":{"Written by":"Milan","Est. reading time":"2 minutes"},"schema":{"@context":"https:\/\/schema.org","@graph":[{"@type":"NewsArticle","@id":"https:\/\/www.apfelpatient.de\/rumors\/airpods-pro-2-sollen-bis-ende-des-jahres-erscheinen#article","isPartOf":{"@id":"https:\/\/www.apfelpatient.de\/rumors\/airpods-pro-2-sollen-bis-ende-des-jahres-erscheinen"},"author":{"@type":"Organization","@id":"https:\/\/www.apfelpatient.de\/en\/#organization","name":"Apfelpatient","url":"https:\/\/www.apfelpatient.de\/en\/"},"headline":"AirPods Pro 2 sollen bis Ende des Jahres erscheinen","datePublished":"2022-04-05T15:56:03+00:00","dateModified":"2022-04-05T15:56:32+00:00","mainEntityOfPage":{"@id":"https:\/\/www.apfelpatient.de\/rumors\/airpods-pro-2-sollen-bis-ende-des-jahres-erscheinen"},"wordCount":392,"publisher":{"@type":"Organization","@id":"https:\/\/www.apfelpatient.de\/en\/#organization","name":"Apfelpatient","url":"https:\/\/www.apfelpatient.de\/en\/"},"image":{"@id":"https:\/\/www.apfelpatient.de\/rumors\/airpods-pro-2-sollen-bis-ende-des-jahres-erscheinen#primaryimage"},"thumbnailUrl":"https:\/\/www.apfelpatient.de\/wp-content\/uploads\/2022\/04\/jatin-jangid-mHXOMt3WlF8-unsplash-3.jpg","keywords":["AirPods","AirPods Pro"],"articleSection":"Rumors","inLanguage":"en-US","copyrightYear":"2022","copyrightHolder":{"@id":"https:\/\/www.apfelpatient.de\/en\/#organization"}},{"@type":"WebPage","@id":"https:\/\/www.apfelpatient.de\/rumors\/airpods-pro-2-sollen-bis-ende-des-jahres-erscheinen","url":"https:\/\/www.apfelpatient.de\/rumors\/airpods-pro-2-sollen-bis-ende-des-jahres-erscheinen","name":"AirPods Pro 2 to be released by the end of the year Apfelpatient","isPartOf":{"@id":"https:\/\/www.apfelpatient.de\/#website"},"primaryImageOfPage":{"@id":"https:\/\/www.apfelpatient.de\/rumors\/airpods-pro-2-sollen-bis-ende-des-jahres-erscheinen#primaryimage"},"image":{"@id":"https:\/\/www.apfelpatient.de\/rumors\/airpods-pro-2-sollen-bis-ende-des-jahres-erscheinen#primaryimage"},"thumbnailUrl":"https:\/\/www.apfelpatient.de\/wp-content\/uploads\/2022\/04\/jatin-jangid-mHXOMt3WlF8-unsplash-3.jpg","datePublished":"2022-04-05T15:56:03+00:00","dateModified":"2022-04-05T15:56:32+00:00","description":"What innovations are planned? According to a new report, Apple plans to introduce the AirPods Pro 2 in the second half of 2022.","breadcrumb":{"@id":"https:\/\/www.apfelpatient.de\/rumors\/airpods-pro-2-sollen-bis-ende-des-jahres-erscheinen#breadcrumb"},"inLanguage":"en-US","potentialAction":[{"@type":"ReadAction","target":["https:\/\/www.apfelpatient.de\/rumors\/airpods-pro-2-sollen-bis-ende-des-jahres-erscheinen"]}]},{"@type":"ImageObject","inLanguage":"en-US","@id":"https:\/\/www.apfelpatient.de\/rumors\/airpods-pro-2-sollen-bis-ende-des-jahres-erscheinen#primaryimage","url":"https:\/\/www.apfelpatient.de\/wp-content\/uploads\/2022\/04\/jatin-jangid-mHXOMt3WlF8-unsplash-3.jpg","contentUrl":"https:\/\/www.apfelpatient.de\/wp-content\/uploads\/2022\/04\/jatin-jangid-mHXOMt3WlF8-unsplash-3.jpg","width":1600,"height":990,"caption":"Photo by Unsplash \/ Jatin Jangid"},{"@type":"BreadcrumbList","@id":"https:\/\/www.apfelpatient.de\/rumors\/airpods-pro-2-sollen-bis-ende-des-jahres-erscheinen#breadcrumb","itemListElement":[{"@type":"ListItem","position":1,"name":"Startseite","item":"https:\/\/www.apfelpatient.de\/"},{"@type":"ListItem","position":2,"name":"AirPods Pro 2 sollen bis Ende des Jahres erscheinen"}]},{"@type":"WebSite","@id":"https:\/\/www.apfelpatient.de\/#website","url":"https:\/\/www.apfelpatient.de\/","name":"apple patient","description":"Everything about Apple!","publisher":{"@type":"Organization","@id":"https:\/\/www.apfelpatient.de\/en\/#organization","name":"Apfelpatient","url":"https:\/\/www.apfelpatient.de\/en\/"},"alternateName":"Apfelpatient","potentialAction":[{"@type":"SearchAction","target":{"@type":"EntryPoint","urlTemplate":"https:\/\/www.apfelpatient.de\/?s={search_term_string}"},"query-input":{"@type":"PropertyValueSpecification","valueRequired":true,"valueName":"search_term_string"}}],"inLanguage":"en-US"},{"@type":["Person","Organization"],"@id":"https:\/\/www.apfelpatient.de\/#\/schema\/person\/7dc56ad6c8e9824b76d2c08d4c140e13","name":"Milan","logo":{"@id":"https:\/\/www.apfelpatient.de\/#\/schema\/person\/image\/"},"description":"Hello and welcome to my technology blog! As a big Apple fan, I report on everything to do with Apple: from the latest news and exciting rumors to helpful tips and tricks and detailed product tests. If you are as enthusiastic about technology as I am, you have come to the right place!","sameAs":["https:\/\/www.facebook.com\/apfelpatientOfficial","https:\/\/www.linkedin.com\/in\/milan-jovicic-42aa0231b"],"url":"https:\/\/www.apfelpatient.de\/en\/author\/apfeladmin"}]}},"_links":{"self":[{"href":"https:\/\/www.apfelpatient.de\/en\/wp-json\/wp\/v2\/posts\/31065","targetHints":{"allow":["GET"]}}],"collection":[{"href":"https:\/\/www.apfelpatient.de\/en\/wp-json\/wp\/v2\/posts"}],"about":[{"href":"https:\/\/www.apfelpatient.de\/en\/wp-json\/wp\/v2\/types\/post"}],"author":[{"embeddable":true,"href":"https:\/\/www.apfelpatient.de\/en\/wp-json\/wp\/v2\/users\/2"}],"replies":[{"embeddable":true,"href":"https:\/\/www.apfelpatient.de\/en\/wp-json\/wp\/v2\/comments?post=31065"}],"version-history":[{"count":0,"href":"https:\/\/www.apfelpatient.de\/en\/wp-json\/wp\/v2\/posts\/31065\/revisions"}],"wp:featuredmedia":[{"embeddable":true,"href":"https:\/\/www.apfelpatient.de\/en\/wp-json\/wp\/v2\/media\/31067"}],"wp:attachment":[{"href":"https:\/\/www.apfelpatient.de\/en\/wp-json\/wp\/v2\/media?parent=31065"}],"wp:term":[{"taxonomy":"category","embeddable":true,"href":"https:\/\/www.apfelpatient.de\/en\/wp-json\/wp\/v2\/categories?post=31065"},{"taxonomy":"post_tag","embeddable":true,"href":"https:\/\/www.apfelpatient.de\/en\/wp-json\/wp\/v2\/tags?post=31065"}],"curies":[{"name":"wp","href":"https:\/\/api.w.org\/{rel}","templated":true}]}}