{"id":30849,"date":"2022-03-23T16:46:48","date_gmt":"2022-03-23T15:46:48","guid":{"rendered":"https:\/\/www.apfelpatient.de\/?p=30849"},"modified":"2022-03-23T16:46:49","modified_gmt":"2022-03-23T15:46:49","slug":"face-id-under-the-display-expected-at-the-earliest-with-the-iphone-16","status":"publish","type":"post","link":"https:\/\/www.apfelpatient.de\/en\/rumors\/face-id-unter-dem-display-fruehestens-mit-dem-iphone-16-zu-erwarten","title":{"rendered":"Face ID under the display: Expected with the iPhone 16 at the earliest"},"content":{"rendered":"<p class=\"has-drop-cap\"><strong>Rumors about an iPhone with Face ID under the display have been with us for quite some time. A few hours ago, the Korean website The Elec reported that the new system will debut in the iPhone 15 Pro next year. Now an analyst has spoken out.<\/strong><\/p>\n\n\n\n<p>According to a recent report by The Elec, Apple will introduce an under-display Face ID sensor on the iPhone 15 Pro in 2023. DSCC analyst Ross Young, who has been teasing many Apple plans in recent months, contradicts the report and says that the technology could be introduced with the iPhone 16 at the earliest. Rumors of under-display Face ID have been surfacing online for some time now. For the iPhone 14 Pro, for example, Apple might add some sensors under the display and turn the notch into a hole-punch with a pill cutout. Regarding the iPhone 15 series, The Elec reported that Apple will use Samsung&#039;s technology to hide the Face ID sensor under the display of the next iPhone. In the <a href=\"http:\/\/www.thelec.net\/news\/articleView.html?idxno=3931\" target=\"_blank\" rel=\"noreferrer noopener\">Article<\/a> is it [called:<\/p>\n\n\n\n<h3 class=\"wp-block-heading\" id=\"h-iphone-16-konnte-face-id-unter-dem-display-bieten\">iPhone 16 could offer Face ID under the display<\/h3>\n\n\n\n\n\n\n\n<blockquote class=\"wp-block-quote is-layout-flow wp-block-quote-is-layout-flow\"><p>TheElec has learned that Samsung Display is currently developing a new camera technology for its client Apple to hide the Face ID sensor under the display in the next iPhone. Samsung Display&#039;s technology is expected to be used first for Samsung Electronics&#039; foldable phones launching next year and then for the iPhone 15 series Pro lineup, the sources said.<\/p><\/blockquote>\n\n\n\n<p>The DSCC roadmap for future iPhones, on the other hand, shows that Apple would offer a different solution for the iPhone 15 series by extending the hole punch and pill cutout to all models, while the iPhone 16 in 2024 could see the Face ID technology under the display for the first time. <a href=\"https:\/\/twitter.com\/DSCCRoss\/status\/1506468496242266113?s=20&amp;t=n6h9bVTOWCN4SZcmOGFamA\" target=\"_blank\" rel=\"noreferrer noopener\">writes<\/a> Ross Young on Twitter:<\/p>\n\n\n\n<blockquote class=\"wp-block-quote is-layout-flow wp-block-quote-is-layout-flow\"><p>We have reaffirmed that under-display IR technology for iPhones is not expected to be available until 2024, with the iPhone 16. But we need to start development and submit samples now.<\/p><\/blockquote>\n\n\n\n<p>This means that although tests are scheduled to begin in 2022, under-display facial recognition is not expected to land on the iPhone before 2024. However, further delays cannot be ruled out. (Photo by DenPhoto \/ Bigstockphoto)<\/p>\n\n\n\n<ul class=\"wp-block-list\"><li><a href=\"https:\/\/www.apfelpatient.de\/en\/rumors\/schematics-reveal-iphone-14-pro-models-are-increasing\">Schematics reveal: iPhone 14 Pro models are increasing<\/a><\/li><\/ul>\n\n\n\n<h6 class=\"wp-block-heading translation-block\" id=\"h-kennt-ihr-schon-unsere-amazon-storefront-dort-findet-ihr-eine-handverlesene-auswahl-von-diversen-produkten-f-r-euer-iphone-und-co-viel-spa-beim-st-bern\"><em>Have you already visited our Amazon Storefront? There you&#039;ll find a hand-picked selection of various products for your iPhone and other devices \u2013 <span class=\"has-inline-color has-vivid-red-color\"><a href=\"https:\/\/www.amazon.de\/shop\/apfelpatientofficial\" class=\"ek-link\" data-wpel-link=\"exclude\" rel=\"follow noopener\" target=\"_self\"><span style=\"text-decoration: underline\" class=\"ek-underline\">enjoy browsing<\/span><\/a> !<\/span><\/em><\/h6>\n\n\n\n<h6 class=\"wp-block-heading translation-block\" id=\"h-der-beitrag-enthalt-partnerlinks\">This post contains <a data-type=\"URL\" data-id=\"https:\/\/www.apfelpatient.de\/partnerprogramm\" href=\"https:\/\/www.apfelpatient.de\/en\/partner-program\" data-wpel-link=\"internal\" target=\"_self\">affiliate links<\/a>.<\/h6>","protected":false},"excerpt":{"rendered":"<p>With the iPhone 16? Rumors about an iPhone with Face ID under the display have been with us for quite some time.<\/p>","protected":false},"author":2,"featured_media":30848,"comment_status":"closed","ping_status":"closed","sticky":false,"template":"","format":"standard","meta":{"jnews-multi-image_gallery":[],"jnews_single_post":{"subtitle":"","format":"standard","video":"","gallery":"","source_name":"","source_url":"","via_name":"","via_url":"","override":[{"single_blog_custom":"","sidebar":"","second_sidebar":"","share_position":"","share_float_style":"","post_date_format":"","post_date_format_custom":"","post_reading_time_wpm":"","zoom_button_out_step":"1","zoom_button_in_step":"1","number_popup_post":"1"}],"image_override":[{"single_post_thumbnail_size":"","single_post_gallery_size":""}],"trending_post_position":"","trending_post_label":"","sponsored_post_label":"","sponsored_post_name":"","sponsored_post_url":"","sponsored_post_logo":"","sponsored_post_desc":""},"jnews_primary_category":{"id":"25"},"footnotes":""},"categories":[25],"tags":[8,689,705,579,657],"class_list":["post-30849","post","type-post","status-publish","format-standard","has-post-thumbnail","hentry","category-rumors","tag-iphone","tag-iphone-15","tag-iphone-16","tag-iphone-2023","tag-iphone-2024"],"yoast_head":"<!-- This site is optimized with the Yoast SEO Premium plugin v27.5 (Yoast SEO v27.5) - https:\/\/yoast.com\/product\/yoast-seo-premium-wordpress\/ -->\n<title>Face ID unter dem Display: Fr\u00fchestens mit dem iPhone 16 zu erwarten<\/title>\n<meta name=\"description\" content=\"Mit dem iPhone 16? Ger\u00fcchte rund um ein iPhone mit Face ID unter dem Display begleiten uns schon eine ganze Weile.\" \/>\n<meta name=\"robots\" content=\"index, follow, max-snippet:-1, max-image-preview:large, max-video-preview:-1\" \/>\n<link rel=\"canonical\" href=\"https:\/\/www.apfelpatient.de\/en\/rumors\/face-id-under-the-display-expected-at-the-earliest-with-the-iphone-16\" \/>\n<meta property=\"og:locale\" content=\"en_US\" \/>\n<meta property=\"og:type\" content=\"article\" \/>\n<meta property=\"og:title\" content=\"Face ID unter dem Display: Fr\u00fchestens mit dem iPhone 16 zu erwarten\" \/>\n<meta property=\"og:description\" content=\"Mit dem iPhone 16? Ger\u00fcchte rund um ein iPhone mit Face ID unter dem Display begleiten uns schon eine ganze Weile.\" \/>\n<meta property=\"og:url\" content=\"https:\/\/www.apfelpatient.de\/en\/rumors\/face-id-under-the-display-expected-at-the-earliest-with-the-iphone-16\" \/>\n<meta property=\"og:site_name\" content=\"Apfelpatient\" \/>\n<meta property=\"article:publisher\" content=\"https:\/\/www.facebook.com\/apfelpatientOfficial\" \/>\n<meta property=\"article:author\" content=\"https:\/\/www.facebook.com\/apfelpatientOfficial\" \/>\n<meta property=\"article:published_time\" content=\"2022-03-23T15:46:48+00:00\" \/>\n<meta property=\"article:modified_time\" content=\"2022-03-23T15:46:49+00:00\" \/>\n<meta property=\"og:image\" content=\"https:\/\/www.apfelpatient.de\/wp-content\/uploads\/2022\/03\/bigstock-Alanya-Turkey-April-418748119-2-scaled.jpg\" \/>\n\t<meta property=\"og:image:width\" content=\"2560\" \/>\n\t<meta property=\"og:image:height\" content=\"1707\" \/>\n\t<meta property=\"og:image:type\" content=\"image\/jpeg\" \/>\n<meta name=\"author\" content=\"Milan\" \/>\n<meta name=\"twitter:card\" content=\"summary_large_image\" \/>\n<meta name=\"twitter:description\" content=\"Mit dem iPhone 16? Ger\u00fcchte rund um ein iPhone mit Face ID unter dem Display begleiten uns schon eine ganze Weile.\" \/>\n<meta name=\"twitter:label1\" content=\"Written by\" \/>\n\t<meta name=\"twitter:data1\" content=\"Milan\" \/>\n\t<meta name=\"twitter:label2\" content=\"Est. reading time\" \/>\n\t<meta name=\"twitter:data2\" content=\"3 minutes\" \/>\n<script type=\"application\/ld+json\" class=\"yoast-schema-graph\">{\"@context\":\"https:\\\/\\\/schema.org\",\"@graph\":[{\"@type\":\"NewsArticle\",\"@id\":\"https:\\\/\\\/www.apfelpatient.de\\\/rumors\\\/face-id-unter-dem-display-fruehestens-mit-dem-iphone-16-zu-erwarten#article\",\"isPartOf\":{\"@id\":\"https:\\\/\\\/www.apfelpatient.de\\\/rumors\\\/face-id-unter-dem-display-fruehestens-mit-dem-iphone-16-zu-erwarten\"},\"author\":{\"@type\":\"Organization\",\"@id\":\"https:\\\/\\\/www.apfelpatient.de\\\/en\\\/#organization\",\"name\":\"Apfelpatient\",\"url\":\"https:\\\/\\\/www.apfelpatient.de\\\/en\\\/\"},\"headline\":\"Face ID unter dem Display: Fr\u00fchestens mit dem iPhone 16 zu erwarten\",\"datePublished\":\"2022-03-23T15:46:48+00:00\",\"dateModified\":\"2022-03-23T15:46:49+00:00\",\"mainEntityOfPage\":{\"@id\":\"https:\\\/\\\/www.apfelpatient.de\\\/rumors\\\/face-id-unter-dem-display-fruehestens-mit-dem-iphone-16-zu-erwarten\"},\"wordCount\":414,\"publisher\":{\"@type\":\"Organization\",\"@id\":\"https:\\\/\\\/www.apfelpatient.de\\\/en\\\/#organization\",\"name\":\"Apfelpatient\",\"url\":\"https:\\\/\\\/www.apfelpatient.de\\\/en\\\/\"},\"image\":{\"@id\":\"https:\\\/\\\/www.apfelpatient.de\\\/rumors\\\/face-id-unter-dem-display-fruehestens-mit-dem-iphone-16-zu-erwarten#primaryimage\"},\"thumbnailUrl\":\"https:\\\/\\\/www.apfelpatient.de\\\/wp-content\\\/uploads\\\/2022\\\/03\\\/bigstock-Alanya-Turkey-April-418748119-2-scaled.jpg\",\"keywords\":[\"iPhone\",\"iPhone 15\",\"iPhone 16\",\"iPhone 2023\",\"iPhone 2024\"],\"articleSection\":\"Rumors\",\"inLanguage\":\"en-US\",\"copyrightYear\":\"2022\",\"copyrightHolder\":{\"@id\":\"https:\\\/\\\/www.apfelpatient.de\\\/en\\\/#organization\"}},{\"@type\":\"WebPage\",\"@id\":\"https:\\\/\\\/www.apfelpatient.de\\\/rumors\\\/face-id-unter-dem-display-fruehestens-mit-dem-iphone-16-zu-erwarten\",\"url\":\"https:\\\/\\\/www.apfelpatient.de\\\/rumors\\\/face-id-unter-dem-display-fruehestens-mit-dem-iphone-16-zu-erwarten\",\"name\":\"Face ID unter dem Display: Fr\u00fchestens mit dem iPhone 16 zu erwarten\",\"isPartOf\":{\"@id\":\"https:\\\/\\\/www.apfelpatient.de\\\/#website\"},\"primaryImageOfPage\":{\"@id\":\"https:\\\/\\\/www.apfelpatient.de\\\/rumors\\\/face-id-unter-dem-display-fruehestens-mit-dem-iphone-16-zu-erwarten#primaryimage\"},\"image\":{\"@id\":\"https:\\\/\\\/www.apfelpatient.de\\\/rumors\\\/face-id-unter-dem-display-fruehestens-mit-dem-iphone-16-zu-erwarten#primaryimage\"},\"thumbnailUrl\":\"https:\\\/\\\/www.apfelpatient.de\\\/wp-content\\\/uploads\\\/2022\\\/03\\\/bigstock-Alanya-Turkey-April-418748119-2-scaled.jpg\",\"datePublished\":\"2022-03-23T15:46:48+00:00\",\"dateModified\":\"2022-03-23T15:46:49+00:00\",\"description\":\"Mit dem iPhone 16? Ger\u00fcchte rund um ein iPhone mit Face ID unter dem Display begleiten uns schon eine ganze Weile.\",\"breadcrumb\":{\"@id\":\"https:\\\/\\\/www.apfelpatient.de\\\/rumors\\\/face-id-unter-dem-display-fruehestens-mit-dem-iphone-16-zu-erwarten#breadcrumb\"},\"inLanguage\":\"en-US\",\"potentialAction\":[{\"@type\":\"ReadAction\",\"target\":[\"https:\\\/\\\/www.apfelpatient.de\\\/rumors\\\/face-id-unter-dem-display-fruehestens-mit-dem-iphone-16-zu-erwarten\"]}]},{\"@type\":\"ImageObject\",\"inLanguage\":\"en-US\",\"@id\":\"https:\\\/\\\/www.apfelpatient.de\\\/rumors\\\/face-id-unter-dem-display-fruehestens-mit-dem-iphone-16-zu-erwarten#primaryimage\",\"url\":\"https:\\\/\\\/www.apfelpatient.de\\\/wp-content\\\/uploads\\\/2022\\\/03\\\/bigstock-Alanya-Turkey-April-418748119-2-scaled.jpg\",\"contentUrl\":\"https:\\\/\\\/www.apfelpatient.de\\\/wp-content\\\/uploads\\\/2022\\\/03\\\/bigstock-Alanya-Turkey-April-418748119-2-scaled.jpg\",\"width\":2560,\"height\":1707,\"caption\":\"Alanya, Turkey - April 7, 2021: Man hand holding iPhone 12 Pro Max Gold with scanning Face ID on the screen. iPhone 12 was created and developed by the Apple inc.\"},{\"@type\":\"BreadcrumbList\",\"@id\":\"https:\\\/\\\/www.apfelpatient.de\\\/rumors\\\/face-id-unter-dem-display-fruehestens-mit-dem-iphone-16-zu-erwarten#breadcrumb\",\"itemListElement\":[{\"@type\":\"ListItem\",\"position\":1,\"name\":\"Startseite\",\"item\":\"https:\\\/\\\/www.apfelpatient.de\\\/\"},{\"@type\":\"ListItem\",\"position\":2,\"name\":\"Face ID unter dem Display: Fr\u00fchestens mit dem iPhone 16 zu erwarten\"}]},{\"@type\":\"WebSite\",\"@id\":\"https:\\\/\\\/www.apfelpatient.de\\\/#website\",\"url\":\"https:\\\/\\\/www.apfelpatient.de\\\/\",\"name\":\"Apfelpatient\",\"description\":\"Alles rund um Apple!\",\"publisher\":{\"@type\":\"Organization\",\"@id\":\"https:\\\/\\\/www.apfelpatient.de\\\/en\\\/#organization\",\"name\":\"Apfelpatient\",\"url\":\"https:\\\/\\\/www.apfelpatient.de\\\/en\\\/\"},\"alternateName\":\"Apfelpatient\",\"potentialAction\":[{\"@type\":\"SearchAction\",\"target\":{\"@type\":\"EntryPoint\",\"urlTemplate\":\"https:\\\/\\\/www.apfelpatient.de\\\/?s={search_term_string}\"},\"query-input\":{\"@type\":\"PropertyValueSpecification\",\"valueRequired\":true,\"valueName\":\"search_term_string\"}}],\"inLanguage\":\"en-US\"},{\"@type\":[\"Person\",\"Organization\"],\"@id\":\"https:\\\/\\\/www.apfelpatient.de\\\/#\\\/schema\\\/person\\\/7dc56ad6c8e9824b76d2c08d4c140e13\",\"name\":\"Milan\",\"logo\":{\"@id\":\"https:\\\/\\\/www.apfelpatient.de\\\/#\\\/schema\\\/person\\\/image\\\/\"},\"description\":\"Hallo und herzlich willkommen auf meinem Technik-Blog! Als gro\u00dfer Apple-Fan berichte ich hier \u00fcber alles, was mit Apple zu tun hat: von den neuesten News und spannenden Ger\u00fcchten \u00fcber hilfreiche Tipps und Tricks bis hin zu ausf\u00fchrlichen Produkttests. Wenn du genauso technikbegeistert bist wie ich, bist du hier genau richtig!\",\"sameAs\":[\"https:\\\/\\\/www.facebook.com\\\/apfelpatientOfficial\",\"https:\\\/\\\/www.linkedin.com\\\/in\\\/milan-jovicic-42aa0231b\"],\"url\":\"https:\\\/\\\/www.apfelpatient.de\\\/en\\\/author\\\/apfeladmin\"}]}<\/script>\n<!-- \/ Yoast SEO Premium plugin. -->","yoast_head_json":{"title":"Face ID under the display: Expected with the iPhone 16 at the earliest","description":"With the iPhone 16? Rumors about an iPhone with Face ID under the display have been with us for quite some time.","robots":{"index":"index","follow":"follow","max-snippet":"max-snippet:-1","max-image-preview":"max-image-preview:large","max-video-preview":"max-video-preview:-1"},"canonical":"https:\/\/www.apfelpatient.de\/en\/rumors\/face-id-under-the-display-expected-at-the-earliest-with-the-iphone-16","og_locale":"en_US","og_type":"article","og_title":"Face ID unter dem Display: Fr\u00fchestens mit dem iPhone 16 zu erwarten","og_description":"Mit dem iPhone 16? Ger\u00fcchte rund um ein iPhone mit Face ID unter dem Display begleiten uns schon eine ganze Weile.","og_url":"https:\/\/www.apfelpatient.de\/en\/rumors\/face-id-under-the-display-expected-at-the-earliest-with-the-iphone-16","og_site_name":"Apfelpatient","article_publisher":"https:\/\/www.facebook.com\/apfelpatientOfficial","article_author":"https:\/\/www.facebook.com\/apfelpatientOfficial","article_published_time":"2022-03-23T15:46:48+00:00","article_modified_time":"2022-03-23T15:46:49+00:00","og_image":[{"width":2560,"height":1707,"url":"https:\/\/www.apfelpatient.de\/wp-content\/uploads\/2022\/03\/bigstock-Alanya-Turkey-April-418748119-2-scaled.jpg","type":"image\/jpeg"}],"author":"Milan","twitter_card":"summary_large_image","twitter_description":"Mit dem iPhone 16? Ger\u00fcchte rund um ein iPhone mit Face ID unter dem Display begleiten uns schon eine ganze Weile.","twitter_misc":{"Written by":"Milan","Est. reading time":"3 minutes"},"schema":{"@context":"https:\/\/schema.org","@graph":[{"@type":"NewsArticle","@id":"https:\/\/www.apfelpatient.de\/rumors\/face-id-unter-dem-display-fruehestens-mit-dem-iphone-16-zu-erwarten#article","isPartOf":{"@id":"https:\/\/www.apfelpatient.de\/rumors\/face-id-unter-dem-display-fruehestens-mit-dem-iphone-16-zu-erwarten"},"author":{"@type":"Organization","@id":"https:\/\/www.apfelpatient.de\/en\/#organization","name":"Apfelpatient","url":"https:\/\/www.apfelpatient.de\/en\/"},"headline":"Face ID unter dem Display: Fr\u00fchestens mit dem iPhone 16 zu erwarten","datePublished":"2022-03-23T15:46:48+00:00","dateModified":"2022-03-23T15:46:49+00:00","mainEntityOfPage":{"@id":"https:\/\/www.apfelpatient.de\/rumors\/face-id-unter-dem-display-fruehestens-mit-dem-iphone-16-zu-erwarten"},"wordCount":414,"publisher":{"@type":"Organization","@id":"https:\/\/www.apfelpatient.de\/en\/#organization","name":"Apfelpatient","url":"https:\/\/www.apfelpatient.de\/en\/"},"image":{"@id":"https:\/\/www.apfelpatient.de\/rumors\/face-id-unter-dem-display-fruehestens-mit-dem-iphone-16-zu-erwarten#primaryimage"},"thumbnailUrl":"https:\/\/www.apfelpatient.de\/wp-content\/uploads\/2022\/03\/bigstock-Alanya-Turkey-April-418748119-2-scaled.jpg","keywords":["iPhone","iPhone 15","iPhone 16","iPhone 2023","iPhone 2024"],"articleSection":"Rumors","inLanguage":"en-US","copyrightYear":"2022","copyrightHolder":{"@id":"https:\/\/www.apfelpatient.de\/en\/#organization"}},{"@type":"WebPage","@id":"https:\/\/www.apfelpatient.de\/rumors\/face-id-unter-dem-display-fruehestens-mit-dem-iphone-16-zu-erwarten","url":"https:\/\/www.apfelpatient.de\/rumors\/face-id-unter-dem-display-fruehestens-mit-dem-iphone-16-zu-erwarten","name":"Face ID under the display: Expected with the iPhone 16 at the earliest","isPartOf":{"@id":"https:\/\/www.apfelpatient.de\/#website"},"primaryImageOfPage":{"@id":"https:\/\/www.apfelpatient.de\/rumors\/face-id-unter-dem-display-fruehestens-mit-dem-iphone-16-zu-erwarten#primaryimage"},"image":{"@id":"https:\/\/www.apfelpatient.de\/rumors\/face-id-unter-dem-display-fruehestens-mit-dem-iphone-16-zu-erwarten#primaryimage"},"thumbnailUrl":"https:\/\/www.apfelpatient.de\/wp-content\/uploads\/2022\/03\/bigstock-Alanya-Turkey-April-418748119-2-scaled.jpg","datePublished":"2022-03-23T15:46:48+00:00","dateModified":"2022-03-23T15:46:49+00:00","description":"With the iPhone 16? Rumors about an iPhone with Face ID under the display have been with us for quite some time.","breadcrumb":{"@id":"https:\/\/www.apfelpatient.de\/rumors\/face-id-unter-dem-display-fruehestens-mit-dem-iphone-16-zu-erwarten#breadcrumb"},"inLanguage":"en-US","potentialAction":[{"@type":"ReadAction","target":["https:\/\/www.apfelpatient.de\/rumors\/face-id-unter-dem-display-fruehestens-mit-dem-iphone-16-zu-erwarten"]}]},{"@type":"ImageObject","inLanguage":"en-US","@id":"https:\/\/www.apfelpatient.de\/rumors\/face-id-unter-dem-display-fruehestens-mit-dem-iphone-16-zu-erwarten#primaryimage","url":"https:\/\/www.apfelpatient.de\/wp-content\/uploads\/2022\/03\/bigstock-Alanya-Turkey-April-418748119-2-scaled.jpg","contentUrl":"https:\/\/www.apfelpatient.de\/wp-content\/uploads\/2022\/03\/bigstock-Alanya-Turkey-April-418748119-2-scaled.jpg","width":2560,"height":1707,"caption":"Alanya, Turkey - April 7, 2021: Man hand holding iPhone 12 Pro Max Gold with scanning Face ID on the screen. iPhone 12 was created and developed by the Apple inc."},{"@type":"BreadcrumbList","@id":"https:\/\/www.apfelpatient.de\/rumors\/face-id-unter-dem-display-fruehestens-mit-dem-iphone-16-zu-erwarten#breadcrumb","itemListElement":[{"@type":"ListItem","position":1,"name":"Startseite","item":"https:\/\/www.apfelpatient.de\/"},{"@type":"ListItem","position":2,"name":"Face ID unter dem Display: Fr\u00fchestens mit dem iPhone 16 zu erwarten"}]},{"@type":"WebSite","@id":"https:\/\/www.apfelpatient.de\/#website","url":"https:\/\/www.apfelpatient.de\/","name":"apple patient","description":"Everything about Apple!","publisher":{"@type":"Organization","@id":"https:\/\/www.apfelpatient.de\/en\/#organization","name":"Apfelpatient","url":"https:\/\/www.apfelpatient.de\/en\/"},"alternateName":"Apfelpatient","potentialAction":[{"@type":"SearchAction","target":{"@type":"EntryPoint","urlTemplate":"https:\/\/www.apfelpatient.de\/?s={search_term_string}"},"query-input":{"@type":"PropertyValueSpecification","valueRequired":true,"valueName":"search_term_string"}}],"inLanguage":"en-US"},{"@type":["Person","Organization"],"@id":"https:\/\/www.apfelpatient.de\/#\/schema\/person\/7dc56ad6c8e9824b76d2c08d4c140e13","name":"Milan","logo":{"@id":"https:\/\/www.apfelpatient.de\/#\/schema\/person\/image\/"},"description":"Hello and welcome to my technology blog! As a big Apple fan, I report on everything to do with Apple: from the latest news and exciting rumors to helpful tips and tricks and detailed product tests. If you are as enthusiastic about technology as I am, you have come to the right place!","sameAs":["https:\/\/www.facebook.com\/apfelpatientOfficial","https:\/\/www.linkedin.com\/in\/milan-jovicic-42aa0231b"],"url":"https:\/\/www.apfelpatient.de\/en\/author\/apfeladmin"}]}},"_links":{"self":[{"href":"https:\/\/www.apfelpatient.de\/en\/wp-json\/wp\/v2\/posts\/30849","targetHints":{"allow":["GET"]}}],"collection":[{"href":"https:\/\/www.apfelpatient.de\/en\/wp-json\/wp\/v2\/posts"}],"about":[{"href":"https:\/\/www.apfelpatient.de\/en\/wp-json\/wp\/v2\/types\/post"}],"author":[{"embeddable":true,"href":"https:\/\/www.apfelpatient.de\/en\/wp-json\/wp\/v2\/users\/2"}],"replies":[{"embeddable":true,"href":"https:\/\/www.apfelpatient.de\/en\/wp-json\/wp\/v2\/comments?post=30849"}],"version-history":[{"count":0,"href":"https:\/\/www.apfelpatient.de\/en\/wp-json\/wp\/v2\/posts\/30849\/revisions"}],"wp:featuredmedia":[{"embeddable":true,"href":"https:\/\/www.apfelpatient.de\/en\/wp-json\/wp\/v2\/media\/30848"}],"wp:attachment":[{"href":"https:\/\/www.apfelpatient.de\/en\/wp-json\/wp\/v2\/media?parent=30849"}],"wp:term":[{"taxonomy":"category","embeddable":true,"href":"https:\/\/www.apfelpatient.de\/en\/wp-json\/wp\/v2\/categories?post=30849"},{"taxonomy":"post_tag","embeddable":true,"href":"https:\/\/www.apfelpatient.de\/en\/wp-json\/wp\/v2\/tags?post=30849"}],"curies":[{"name":"wp","href":"https:\/\/api.w.org\/{rel}","templated":true}]}}