{"id":30824,"date":"2022-03-21T16:53:44","date_gmt":"2022-03-21T15:53:44","guid":{"rendered":"https:\/\/www.apfelpatient.de\/?p=30824"},"modified":"2022-03-21T16:53:44","modified_gmt":"2022-03-21T15:53:44","slug":"apple-watch-series-3-could-be-discontinued-this-year","status":"publish","type":"post","link":"https:\/\/www.apfelpatient.de\/en\/rumors\/apple-watch-series-3-koennte-dieses-jahr-endgueltig-eingestellt-werden","title":{"rendered":"Apple Watch Series 3 could be discontinued this year"},"content":{"rendered":"<p class=\"has-drop-cap\"><strong>The days of the Apple Watch Series 3 are reportedly numbered: Apple analyst Ming-Chi Kuo believes the five-year-old smartwatch could reach the end of its life in the third quarter of 2022.<\/strong><\/p>\n\n\n\n<p>The Apple Watch Series 3 has survived the last few years, despite the availability of an affordable Apple Watch SE and users complaining about how difficult it is to update the watch with each new software version. According to <a href=\"https:\/\/twitter.com\/mingchikuo\/status\/1505886362880573445?s=20&amp;t=Idu6eawl3pXnkJR3lCKNRg\" target=\"_blank\" rel=\"noreferrer noopener\">Kuo<\/a> However, the product could be discontinued because its computing power no longer meets the requirements of the new watchOS. Apple will probably present watchOS 9 as part of WWDC 2022, which has not yet been announced.<\/p>\n\n\n\n<h3 class=\"wp-block-heading\" id=\"h-watchos-9-konnte-apple-watch-series-3-in-rente-schicken\">watchOS 9 could retire Apple Watch Series 3<\/h3>\n\n\n\n\n\n\n\n<p>Apple will also reportedly introduce three new watches this year: Apple Watch Series 8, a second generation of the Apple Watch SE, and a sport version of the Apple Watch with a rugged finish. Although Apple will likely discontinue the Apple Watch Series 3, users will be able to enjoy the benefits of Apple Fitness+ for a while longer, as the company is ensuring that users can enjoy its fitness service even with an entry-level watch. (Photo by Eremin \/ Bigstockphoto)<\/p>\n\n\n\n<ul class=\"wp-block-list\"><li><a href=\"https:\/\/www.apfelpatient.de\/en\/rumors\/new-details-about-apple-watch-series-8-and-more\">New details about Apple Watch Series 8 and more<\/a><\/li><\/ul>\n\n\n\n<h6 class=\"wp-block-heading translation-block\" id=\"h-kennt-ihr-schon-unsere-amazon-storefront-dort-findet-ihr-eine-handverlesene-auswahl-von-diversen-produkten-f-r-euer-iphone-und-co-viel-spa-beim-st-bern\"><em>Have you already visited our Amazon Storefront? There you&#039;ll find a hand-picked selection of various products for your iPhone and other devices \u2013 <span class=\"has-inline-color has-vivid-red-color\"><a href=\"https:\/\/www.amazon.de\/shop\/apfelpatientofficial\" class=\"ek-link\" data-wpel-link=\"exclude\" rel=\"follow noopener\" target=\"_self\"><span style=\"text-decoration: underline\" class=\"ek-underline\">enjoy browsing<\/span><\/a> !<\/span><\/em><\/h6>\n\n\n\n<h6 class=\"wp-block-heading translation-block\" id=\"h-der-beitrag-enthalt-partnerlinks\">This post contains <a data-type=\"URL\" data-id=\"https:\/\/www.apfelpatient.de\/partnerprogramm\" href=\"https:\/\/www.apfelpatient.de\/en\/partner-program\" data-wpel-link=\"internal\" target=\"_self\">affiliate links<\/a>.<\/h6>","protected":false},"excerpt":{"rendered":"<p>The days of the Apple Watch Series 3 are reportedly numbered. watchOS 9 could send the smartwatch into retirement.<\/p>","protected":false},"author":2,"featured_media":30826,"comment_status":"closed","ping_status":"closed","sticky":false,"template":"","format":"standard","meta":{"jnews-multi-image_gallery":[],"jnews_single_post":{"subtitle":"","format":"standard","video":"","gallery":"","source_name":"","source_url":"","via_name":"","via_url":"","override":[{"single_blog_custom":"","sidebar":"","second_sidebar":"","share_position":"","share_float_style":"","post_date_format":"","post_date_format_custom":"","post_reading_time_wpm":"","zoom_button_out_step":"1","zoom_button_in_step":"1","number_popup_post":"1"}],"image_override":[{"single_post_thumbnail_size":"","single_post_gallery_size":""}],"trending_post_position":"","trending_post_label":"","sponsored_post_label":"","sponsored_post_name":"","sponsored_post_url":"","sponsored_post_logo":"","sponsored_post_desc":""},"jnews_primary_category":{"id":"25"},"footnotes":""},"categories":[25],"tags":[14,21,679],"class_list":["post-30824","post","type-post","status-publish","format-standard","has-post-thumbnail","hentry","category-rumors","tag-apple-watch","tag-watchos","tag-watchos-9"],"yoast_head":"<!-- This site is optimized with the Yoast SEO Premium plugin v27.5 (Yoast SEO v27.5) - https:\/\/yoast.com\/product\/yoast-seo-premium-wordpress\/ -->\n<title>Apple Watch Series 3 k\u00f6nnte dieses Jahr endg\u00fcltig eingestellt werden<\/title>\n<meta name=\"description\" content=\"Die Tage der Apple Watch Series 3 sind angeblich gez\u00e4hlt. watchOS 9 k\u00f6nnte die Smartwatch in Rente schicken.\" \/>\n<meta name=\"robots\" content=\"index, follow, max-snippet:-1, max-image-preview:large, max-video-preview:-1\" \/>\n<link rel=\"canonical\" href=\"https:\/\/www.apfelpatient.de\/en\/rumors\/apple-watch-series-3-could-be-discontinued-this-year\" \/>\n<meta property=\"og:locale\" content=\"en_US\" \/>\n<meta property=\"og:type\" content=\"article\" \/>\n<meta property=\"og:title\" content=\"Apple Watch Series 3 k\u00f6nnte dieses Jahr endg\u00fcltig eingestellt werden\" \/>\n<meta property=\"og:description\" content=\"Die Tage der Apple Watch Series 3 sind angeblich gez\u00e4hlt. watchOS 9 k\u00f6nnte die Smartwatch in Rente schicken.\" \/>\n<meta property=\"og:url\" content=\"https:\/\/www.apfelpatient.de\/en\/rumors\/apple-watch-series-3-could-be-discontinued-this-year\" \/>\n<meta property=\"og:site_name\" content=\"Apfelpatient\" \/>\n<meta property=\"article:publisher\" content=\"https:\/\/www.facebook.com\/apfelpatientOfficial\" \/>\n<meta property=\"article:author\" content=\"https:\/\/www.facebook.com\/apfelpatientOfficial\" \/>\n<meta property=\"article:published_time\" content=\"2022-03-21T15:53:44+00:00\" \/>\n<meta property=\"og:image\" content=\"https:\/\/www.apfelpatient.de\/wp-content\/uploads\/2022\/03\/bigstock-February-Apple-Watch-Ser-230605954.jpg\" \/>\n\t<meta property=\"og:image:width\" content=\"1600\" \/>\n\t<meta property=\"og:image:height\" content=\"1067\" \/>\n\t<meta property=\"og:image:type\" content=\"image\/jpeg\" \/>\n<meta name=\"author\" content=\"Milan\" \/>\n<meta name=\"twitter:card\" content=\"summary_large_image\" \/>\n<meta name=\"twitter:description\" content=\"Die Tage der Apple Watch Series 3 sind angeblich gez\u00e4hlt. watchOS 9 k\u00f6nnte die Smartwatch in Rente schicken.\" \/>\n<meta name=\"twitter:label1\" content=\"Written by\" \/>\n\t<meta name=\"twitter:data1\" content=\"Milan\" \/>\n\t<meta name=\"twitter:label2\" content=\"Est. reading time\" \/>\n\t<meta name=\"twitter:data2\" content=\"2 minutes\" \/>\n<script type=\"application\/ld+json\" class=\"yoast-schema-graph\">{\"@context\":\"https:\\\/\\\/schema.org\",\"@graph\":[{\"@type\":\"NewsArticle\",\"@id\":\"https:\\\/\\\/www.apfelpatient.de\\\/rumors\\\/apple-watch-series-3-koennte-dieses-jahr-endgueltig-eingestellt-werden#article\",\"isPartOf\":{\"@id\":\"https:\\\/\\\/www.apfelpatient.de\\\/rumors\\\/apple-watch-series-3-koennte-dieses-jahr-endgueltig-eingestellt-werden\"},\"author\":{\"@type\":\"Organization\",\"@id\":\"https:\\\/\\\/www.apfelpatient.de\\\/en\\\/#organization\",\"name\":\"Apfelpatient\",\"url\":\"https:\\\/\\\/www.apfelpatient.de\\\/en\\\/\"},\"headline\":\"Apple Watch Series 3 k\u00f6nnte dieses Jahr endg\u00fcltig eingestellt werden\",\"datePublished\":\"2022-03-21T15:53:44+00:00\",\"mainEntityOfPage\":{\"@id\":\"https:\\\/\\\/www.apfelpatient.de\\\/rumors\\\/apple-watch-series-3-koennte-dieses-jahr-endgueltig-eingestellt-werden\"},\"wordCount\":208,\"publisher\":{\"@type\":\"Organization\",\"@id\":\"https:\\\/\\\/www.apfelpatient.de\\\/en\\\/#organization\",\"name\":\"Apfelpatient\",\"url\":\"https:\\\/\\\/www.apfelpatient.de\\\/en\\\/\"},\"image\":{\"@id\":\"https:\\\/\\\/www.apfelpatient.de\\\/rumors\\\/apple-watch-series-3-koennte-dieses-jahr-endgueltig-eingestellt-werden#primaryimage\"},\"thumbnailUrl\":\"https:\\\/\\\/www.apfelpatient.de\\\/wp-content\\\/uploads\\\/2022\\\/03\\\/bigstock-February-Apple-Watch-Ser-230605954.jpg\",\"keywords\":[\"Apple Watch\",\"watchOS\",\"watchOS 9\"],\"articleSection\":\"Rumors\",\"inLanguage\":\"en-US\",\"copyrightYear\":\"2022\",\"copyrightHolder\":{\"@id\":\"https:\\\/\\\/www.apfelpatient.de\\\/en\\\/#organization\"}},{\"@type\":\"WebPage\",\"@id\":\"https:\\\/\\\/www.apfelpatient.de\\\/rumors\\\/apple-watch-series-3-koennte-dieses-jahr-endgueltig-eingestellt-werden\",\"url\":\"https:\\\/\\\/www.apfelpatient.de\\\/rumors\\\/apple-watch-series-3-koennte-dieses-jahr-endgueltig-eingestellt-werden\",\"name\":\"Apple Watch Series 3 k\u00f6nnte dieses Jahr endg\u00fcltig eingestellt werden\",\"isPartOf\":{\"@id\":\"https:\\\/\\\/www.apfelpatient.de\\\/#website\"},\"primaryImageOfPage\":{\"@id\":\"https:\\\/\\\/www.apfelpatient.de\\\/rumors\\\/apple-watch-series-3-koennte-dieses-jahr-endgueltig-eingestellt-werden#primaryimage\"},\"image\":{\"@id\":\"https:\\\/\\\/www.apfelpatient.de\\\/rumors\\\/apple-watch-series-3-koennte-dieses-jahr-endgueltig-eingestellt-werden#primaryimage\"},\"thumbnailUrl\":\"https:\\\/\\\/www.apfelpatient.de\\\/wp-content\\\/uploads\\\/2022\\\/03\\\/bigstock-February-Apple-Watch-Ser-230605954.jpg\",\"datePublished\":\"2022-03-21T15:53:44+00:00\",\"description\":\"Die Tage der Apple Watch Series 3 sind angeblich gez\u00e4hlt. watchOS 9 k\u00f6nnte die Smartwatch in Rente schicken.\",\"breadcrumb\":{\"@id\":\"https:\\\/\\\/www.apfelpatient.de\\\/rumors\\\/apple-watch-series-3-koennte-dieses-jahr-endgueltig-eingestellt-werden#breadcrumb\"},\"inLanguage\":\"en-US\",\"potentialAction\":[{\"@type\":\"ReadAction\",\"target\":[\"https:\\\/\\\/www.apfelpatient.de\\\/rumors\\\/apple-watch-series-3-koennte-dieses-jahr-endgueltig-eingestellt-werden\"]}]},{\"@type\":\"ImageObject\",\"inLanguage\":\"en-US\",\"@id\":\"https:\\\/\\\/www.apfelpatient.de\\\/rumors\\\/apple-watch-series-3-koennte-dieses-jahr-endgueltig-eingestellt-werden#primaryimage\",\"url\":\"https:\\\/\\\/www.apfelpatient.de\\\/wp-content\\\/uploads\\\/2022\\\/03\\\/bigstock-February-Apple-Watch-Ser-230605954.jpg\",\"contentUrl\":\"https:\\\/\\\/www.apfelpatient.de\\\/wp-content\\\/uploads\\\/2022\\\/03\\\/bigstock-February-Apple-Watch-Ser-230605954.jpg\",\"width\":1600,\"height\":1067,\"caption\":\"February 2018. Apple Watch Series 3 on a white background. A new watch from an APPLE company close-up isolated on a white background.\"},{\"@type\":\"BreadcrumbList\",\"@id\":\"https:\\\/\\\/www.apfelpatient.de\\\/rumors\\\/apple-watch-series-3-koennte-dieses-jahr-endgueltig-eingestellt-werden#breadcrumb\",\"itemListElement\":[{\"@type\":\"ListItem\",\"position\":1,\"name\":\"Startseite\",\"item\":\"https:\\\/\\\/www.apfelpatient.de\\\/\"},{\"@type\":\"ListItem\",\"position\":2,\"name\":\"Apple Watch Series 3 k\u00f6nnte dieses Jahr endg\u00fcltig eingestellt werden\"}]},{\"@type\":\"WebSite\",\"@id\":\"https:\\\/\\\/www.apfelpatient.de\\\/#website\",\"url\":\"https:\\\/\\\/www.apfelpatient.de\\\/\",\"name\":\"Apfelpatient\",\"description\":\"Alles rund um Apple!\",\"publisher\":{\"@type\":\"Organization\",\"@id\":\"https:\\\/\\\/www.apfelpatient.de\\\/en\\\/#organization\",\"name\":\"Apfelpatient\",\"url\":\"https:\\\/\\\/www.apfelpatient.de\\\/en\\\/\"},\"alternateName\":\"Apfelpatient\",\"potentialAction\":[{\"@type\":\"SearchAction\",\"target\":{\"@type\":\"EntryPoint\",\"urlTemplate\":\"https:\\\/\\\/www.apfelpatient.de\\\/?s={search_term_string}\"},\"query-input\":{\"@type\":\"PropertyValueSpecification\",\"valueRequired\":true,\"valueName\":\"search_term_string\"}}],\"inLanguage\":\"en-US\"},{\"@type\":[\"Person\",\"Organization\"],\"@id\":\"https:\\\/\\\/www.apfelpatient.de\\\/#\\\/schema\\\/person\\\/7dc56ad6c8e9824b76d2c08d4c140e13\",\"name\":\"Milan\",\"logo\":{\"@id\":\"https:\\\/\\\/www.apfelpatient.de\\\/#\\\/schema\\\/person\\\/image\\\/\"},\"description\":\"Hallo und herzlich willkommen auf meinem Technik-Blog! Als gro\u00dfer Apple-Fan berichte ich hier \u00fcber alles, was mit Apple zu tun hat: von den neuesten News und spannenden Ger\u00fcchten \u00fcber hilfreiche Tipps und Tricks bis hin zu ausf\u00fchrlichen Produkttests. Wenn du genauso technikbegeistert bist wie ich, bist du hier genau richtig!\",\"sameAs\":[\"https:\\\/\\\/www.facebook.com\\\/apfelpatientOfficial\",\"https:\\\/\\\/www.linkedin.com\\\/in\\\/milan-jovicic-42aa0231b\"],\"url\":\"https:\\\/\\\/www.apfelpatient.de\\\/en\\\/author\\\/apfeladmin\"}]}<\/script>\n<!-- \/ Yoast SEO Premium plugin. -->","yoast_head_json":{"title":"Apple Watch Series 3 could be discontinued this year","description":"The days of the Apple Watch Series 3 are reportedly numbered. watchOS 9 could send the smartwatch into retirement.","robots":{"index":"index","follow":"follow","max-snippet":"max-snippet:-1","max-image-preview":"max-image-preview:large","max-video-preview":"max-video-preview:-1"},"canonical":"https:\/\/www.apfelpatient.de\/en\/rumors\/apple-watch-series-3-could-be-discontinued-this-year","og_locale":"en_US","og_type":"article","og_title":"Apple Watch Series 3 k\u00f6nnte dieses Jahr endg\u00fcltig eingestellt werden","og_description":"Die Tage der Apple Watch Series 3 sind angeblich gez\u00e4hlt. watchOS 9 k\u00f6nnte die Smartwatch in Rente schicken.","og_url":"https:\/\/www.apfelpatient.de\/en\/rumors\/apple-watch-series-3-could-be-discontinued-this-year","og_site_name":"Apfelpatient","article_publisher":"https:\/\/www.facebook.com\/apfelpatientOfficial","article_author":"https:\/\/www.facebook.com\/apfelpatientOfficial","article_published_time":"2022-03-21T15:53:44+00:00","og_image":[{"width":1600,"height":1067,"url":"https:\/\/www.apfelpatient.de\/wp-content\/uploads\/2022\/03\/bigstock-February-Apple-Watch-Ser-230605954.jpg","type":"image\/jpeg"}],"author":"Milan","twitter_card":"summary_large_image","twitter_description":"Die Tage der Apple Watch Series 3 sind angeblich gez\u00e4hlt. watchOS 9 k\u00f6nnte die Smartwatch in Rente schicken.","twitter_misc":{"Written by":"Milan","Est. reading time":"2 minutes"},"schema":{"@context":"https:\/\/schema.org","@graph":[{"@type":"NewsArticle","@id":"https:\/\/www.apfelpatient.de\/rumors\/apple-watch-series-3-koennte-dieses-jahr-endgueltig-eingestellt-werden#article","isPartOf":{"@id":"https:\/\/www.apfelpatient.de\/rumors\/apple-watch-series-3-koennte-dieses-jahr-endgueltig-eingestellt-werden"},"author":{"@type":"Organization","@id":"https:\/\/www.apfelpatient.de\/en\/#organization","name":"Apfelpatient","url":"https:\/\/www.apfelpatient.de\/en\/"},"headline":"Apple Watch Series 3 k\u00f6nnte dieses Jahr endg\u00fcltig eingestellt werden","datePublished":"2022-03-21T15:53:44+00:00","mainEntityOfPage":{"@id":"https:\/\/www.apfelpatient.de\/rumors\/apple-watch-series-3-koennte-dieses-jahr-endgueltig-eingestellt-werden"},"wordCount":208,"publisher":{"@type":"Organization","@id":"https:\/\/www.apfelpatient.de\/en\/#organization","name":"Apfelpatient","url":"https:\/\/www.apfelpatient.de\/en\/"},"image":{"@id":"https:\/\/www.apfelpatient.de\/rumors\/apple-watch-series-3-koennte-dieses-jahr-endgueltig-eingestellt-werden#primaryimage"},"thumbnailUrl":"https:\/\/www.apfelpatient.de\/wp-content\/uploads\/2022\/03\/bigstock-February-Apple-Watch-Ser-230605954.jpg","keywords":["Apple Watch","watchOS","watchOS 9"],"articleSection":"Rumors","inLanguage":"en-US","copyrightYear":"2022","copyrightHolder":{"@id":"https:\/\/www.apfelpatient.de\/en\/#organization"}},{"@type":"WebPage","@id":"https:\/\/www.apfelpatient.de\/rumors\/apple-watch-series-3-koennte-dieses-jahr-endgueltig-eingestellt-werden","url":"https:\/\/www.apfelpatient.de\/rumors\/apple-watch-series-3-koennte-dieses-jahr-endgueltig-eingestellt-werden","name":"Apple Watch Series 3 could be discontinued this year","isPartOf":{"@id":"https:\/\/www.apfelpatient.de\/#website"},"primaryImageOfPage":{"@id":"https:\/\/www.apfelpatient.de\/rumors\/apple-watch-series-3-koennte-dieses-jahr-endgueltig-eingestellt-werden#primaryimage"},"image":{"@id":"https:\/\/www.apfelpatient.de\/rumors\/apple-watch-series-3-koennte-dieses-jahr-endgueltig-eingestellt-werden#primaryimage"},"thumbnailUrl":"https:\/\/www.apfelpatient.de\/wp-content\/uploads\/2022\/03\/bigstock-February-Apple-Watch-Ser-230605954.jpg","datePublished":"2022-03-21T15:53:44+00:00","description":"The days of the Apple Watch Series 3 are reportedly numbered. watchOS 9 could send the smartwatch into retirement.","breadcrumb":{"@id":"https:\/\/www.apfelpatient.de\/rumors\/apple-watch-series-3-koennte-dieses-jahr-endgueltig-eingestellt-werden#breadcrumb"},"inLanguage":"en-US","potentialAction":[{"@type":"ReadAction","target":["https:\/\/www.apfelpatient.de\/rumors\/apple-watch-series-3-koennte-dieses-jahr-endgueltig-eingestellt-werden"]}]},{"@type":"ImageObject","inLanguage":"en-US","@id":"https:\/\/www.apfelpatient.de\/rumors\/apple-watch-series-3-koennte-dieses-jahr-endgueltig-eingestellt-werden#primaryimage","url":"https:\/\/www.apfelpatient.de\/wp-content\/uploads\/2022\/03\/bigstock-February-Apple-Watch-Ser-230605954.jpg","contentUrl":"https:\/\/www.apfelpatient.de\/wp-content\/uploads\/2022\/03\/bigstock-February-Apple-Watch-Ser-230605954.jpg","width":1600,"height":1067,"caption":"February 2018. Apple Watch Series 3 on a white background. A new watch from an APPLE company close-up isolated on a white background."},{"@type":"BreadcrumbList","@id":"https:\/\/www.apfelpatient.de\/rumors\/apple-watch-series-3-koennte-dieses-jahr-endgueltig-eingestellt-werden#breadcrumb","itemListElement":[{"@type":"ListItem","position":1,"name":"Startseite","item":"https:\/\/www.apfelpatient.de\/"},{"@type":"ListItem","position":2,"name":"Apple Watch Series 3 k\u00f6nnte dieses Jahr endg\u00fcltig eingestellt werden"}]},{"@type":"WebSite","@id":"https:\/\/www.apfelpatient.de\/#website","url":"https:\/\/www.apfelpatient.de\/","name":"apple patient","description":"Everything about Apple!","publisher":{"@type":"Organization","@id":"https:\/\/www.apfelpatient.de\/en\/#organization","name":"Apfelpatient","url":"https:\/\/www.apfelpatient.de\/en\/"},"alternateName":"Apfelpatient","potentialAction":[{"@type":"SearchAction","target":{"@type":"EntryPoint","urlTemplate":"https:\/\/www.apfelpatient.de\/?s={search_term_string}"},"query-input":{"@type":"PropertyValueSpecification","valueRequired":true,"valueName":"search_term_string"}}],"inLanguage":"en-US"},{"@type":["Person","Organization"],"@id":"https:\/\/www.apfelpatient.de\/#\/schema\/person\/7dc56ad6c8e9824b76d2c08d4c140e13","name":"Milan","logo":{"@id":"https:\/\/www.apfelpatient.de\/#\/schema\/person\/image\/"},"description":"Hello and welcome to my technology blog! As a big Apple fan, I report on everything to do with Apple: from the latest news and exciting rumors to helpful tips and tricks and detailed product tests. If you are as enthusiastic about technology as I am, you have come to the right place!","sameAs":["https:\/\/www.facebook.com\/apfelpatientOfficial","https:\/\/www.linkedin.com\/in\/milan-jovicic-42aa0231b"],"url":"https:\/\/www.apfelpatient.de\/en\/author\/apfeladmin"}]}},"_links":{"self":[{"href":"https:\/\/www.apfelpatient.de\/en\/wp-json\/wp\/v2\/posts\/30824","targetHints":{"allow":["GET"]}}],"collection":[{"href":"https:\/\/www.apfelpatient.de\/en\/wp-json\/wp\/v2\/posts"}],"about":[{"href":"https:\/\/www.apfelpatient.de\/en\/wp-json\/wp\/v2\/types\/post"}],"author":[{"embeddable":true,"href":"https:\/\/www.apfelpatient.de\/en\/wp-json\/wp\/v2\/users\/2"}],"replies":[{"embeddable":true,"href":"https:\/\/www.apfelpatient.de\/en\/wp-json\/wp\/v2\/comments?post=30824"}],"version-history":[{"count":0,"href":"https:\/\/www.apfelpatient.de\/en\/wp-json\/wp\/v2\/posts\/30824\/revisions"}],"wp:featuredmedia":[{"embeddable":true,"href":"https:\/\/www.apfelpatient.de\/en\/wp-json\/wp\/v2\/media\/30826"}],"wp:attachment":[{"href":"https:\/\/www.apfelpatient.de\/en\/wp-json\/wp\/v2\/media?parent=30824"}],"wp:term":[{"taxonomy":"category","embeddable":true,"href":"https:\/\/www.apfelpatient.de\/en\/wp-json\/wp\/v2\/categories?post=30824"},{"taxonomy":"post_tag","embeddable":true,"href":"https:\/\/www.apfelpatient.de\/en\/wp-json\/wp\/v2\/tags?post=30824"}],"curies":[{"name":"wp","href":"https:\/\/api.w.org\/{rel}","templated":true}]}}