{"id":30820,"date":"2022-03-21T16:26:31","date_gmt":"2022-03-21T15:26:31","guid":{"rendered":"https:\/\/www.apfelpatient.de\/?p=30820"},"modified":"2025-02-16T15:48:26","modified_gmt":"2025-02-16T14:48:26","slug":"apple-studio-display-has-integrated-storage","status":"publish","type":"post","link":"https:\/\/www.apfelpatient.de\/en\/news\/apple-studio-display-verfuegt-ueber-integrierten-speicherplatz","title":{"rendered":"Apple Studio Display has built-in storage"},"content":{"rendered":"<p class=\"has-drop-cap\"><strong>Apple&#039;s Studio Display apparently has 64GB of internal storage. But only 2GB is actually used by the display, as one developer discovered.<\/strong><\/p>\n\n\n\n<p>As the developer \u201cKhaos Tian\u201d on Twitter <a href=\"https:\/\/twitter.com\/KhaosT\/status\/1505696683677532163?s=20&amp;t=myeO0nROG-ic3ygOiTu7MQ\" target=\"_blank\" rel=\"noreferrer noopener\">reported<\/a>, the Studio Display only uses 2GB of its 64GB internal NAND storage. Some free space is likely needed for firmware updates, but the 62GB of unused space is apparently useless at this point. Apple has not confirmed the size of the Studio Display&#039;s internal storage in the specs. The discovery may not be surprising considering the Studio Display includes an A13 Bionic chip.<\/p>\n\n\n\n<h3 class=\"wp-block-heading\" id=\"h-produktionskosten-konnten-die-antwort-sein\">Production costs could be the answer<\/h3>\n\n\n\n<p>The A13 Bionic was introduced with the iPhone 11 in 2019 before being used in the second-generation iPhone SE and the ninth-generation iPad. None of those devices were ever available in storage configurations below 64GB, which could indicate that smaller amounts of NAND memory are incompatible with the A13&#039;s memory controller. Economies of scale may also be to blame. The production costs of combining the A13 with a smaller amount of storage could be higher than the cost of the same 64GB system currently used in the iPhone 11 and the ninth-generation iPad, which is still on sale.<\/p>\n\n\n\n<h3 class=\"wp-block-heading\">Apple Studio Display runs full version of iOS<\/h3>\n\n\n\n\n\n\n\n<p>Overall, that means the Studio Display packs exactly the same 2.65GHz A13 Bionic chip, 12MP ultra-wide front-facing camera with Center Stage, and 64GB base configuration of storage as the ninth-generation iPad. Plus, it&#039;s now clear that the Studio Display has better specs than the second-generation Apple TV 4K, which comes with an A12 Bionic chip and base storage of just 32GB. Last week, it was revealed that the Studio Display runs the full version of iOS 15.4, exactly the same version as the iPhone and iPad, meaning updates to the display&#039;s features will arrive as part of iOS updates. (Image: Apple)<\/p>\n\n\n\n<ul class=\"wp-block-list\"><li><a href=\"https:\/\/www.apfelpatient.de\/en\/news\/mac-studio-is-the-ssd-memory-upgradeable\">Mac Studio: Is the SSD storage upgradeable?<\/a><\/li><\/ul>\n\n\n\n<h6 class=\"wp-block-heading translation-block\" id=\"h-kennt-ihr-schon-unsere-amazon-storefront-dort-findet-ihr-eine-handverlesene-auswahl-von-diversen-produkten-f-r-euer-iphone-und-co-viel-spa-beim-st-bern\"><em>Have you already visited our Amazon Storefront? There you&#039;ll find a hand-picked selection of various products for your iPhone and other devices \u2013 <span class=\"has-inline-color has-vivid-red-color\"><a href=\"https:\/\/www.amazon.de\/shop\/apfelpatientofficial\" class=\"ek-link\" data-wpel-link=\"exclude\" rel=\"follow noopener\" target=\"_self\"><span style=\"text-decoration: underline\" class=\"ek-underline\">enjoy browsing<\/span><\/a> !<\/span><\/em><\/h6>\n\n\n\n<h6 class=\"wp-block-heading translation-block\" id=\"h-der-beitrag-enthalt-partnerlinks\">This post contains <a data-type=\"URL\" data-id=\"https:\/\/www.apfelpatient.de\/partnerprogramm\" href=\"https:\/\/www.apfelpatient.de\/en\/partner-program\" data-wpel-link=\"internal\" target=\"_self\">affiliate links<\/a>.<\/h6>","protected":false},"excerpt":{"rendered":"<p>Apple&#039;s Studio Display apparently has 64 GB of internal storage. But only 2 GB is actually used by the display.<\/p>","protected":false},"author":2,"featured_media":30531,"comment_status":"closed","ping_status":"closed","sticky":false,"template":"","format":"standard","meta":{"jnews-multi-image_gallery":[],"jnews_single_post":{"subtitle":"","format":"standard","video":"","gallery":"","source_name":"","source_url":"","via_name":"","via_url":"","override":[{"single_blog_custom":"","sidebar":"","second_sidebar":"","share_position":"","share_float_style":"","post_date_format":"","post_date_format_custom":"","post_reading_time_wpm":"","zoom_button_out_step":"1","zoom_button_in_step":"1","number_popup_post":"1"}],"image_override":[{"single_post_thumbnail_size":"","single_post_gallery_size":""}],"trending_post_position":"","trending_post_label":"","sponsored_post_label":"","sponsored_post_name":"","sponsored_post_url":"","sponsored_post_logo":"","sponsored_post_desc":""},"jnews_primary_category":{"id":"9"},"footnotes":""},"categories":[9],"tags":[40,704,1186],"class_list":["post-30820","post","type-post","status-publish","format-standard","has-post-thumbnail","hentry","category-news","tag-mac","tag-mac-studio","tag-studio-display"],"yoast_head":"<!-- This site is optimized with the Yoast SEO Premium plugin v27.5 (Yoast SEO v27.5) - https:\/\/yoast.com\/product\/yoast-seo-premium-wordpress\/ -->\n<title>Apple Studio Display verf\u00fcgt \u00fcber integrierten Speicherplatz Apfelpatient<\/title>\n<meta name=\"description\" content=\"Apples Studio Display verf\u00fcgt offensichtlich \u00fcber 64 GB internen Speicher. Doch nur 2 GB werden tats\u00e4chlich vom Display verwendet.\" \/>\n<meta name=\"robots\" content=\"index, follow, max-snippet:-1, max-image-preview:large, max-video-preview:-1\" \/>\n<link rel=\"canonical\" href=\"https:\/\/www.apfelpatient.de\/en\/news\/apple-studio-display-has-integrated-storage\" \/>\n<meta property=\"og:locale\" content=\"en_US\" \/>\n<meta property=\"og:type\" content=\"article\" \/>\n<meta property=\"og:title\" content=\"Apple Studio Display verf\u00fcgt \u00fcber integrierten Speicherplatz\" \/>\n<meta property=\"og:description\" content=\"Apples Studio Display verf\u00fcgt offensichtlich \u00fcber 64 GB internen Speicher. Doch nur 2 GB werden tats\u00e4chlich vom Display verwendet.\" \/>\n<meta property=\"og:url\" content=\"https:\/\/www.apfelpatient.de\/en\/news\/apple-studio-display-has-integrated-storage\" \/>\n<meta property=\"og:site_name\" content=\"Apfelpatient\" \/>\n<meta property=\"article:publisher\" content=\"https:\/\/www.facebook.com\/apfelpatientOfficial\" \/>\n<meta property=\"article:author\" content=\"https:\/\/www.facebook.com\/apfelpatientOfficial\" \/>\n<meta property=\"article:published_time\" content=\"2022-03-21T15:26:31+00:00\" \/>\n<meta property=\"article:modified_time\" content=\"2025-02-16T14:48:26+00:00\" \/>\n<meta property=\"og:image\" content=\"https:\/\/www.apfelpatient.de\/wp-content\/uploads\/2022\/03\/Apple-Mac-Studio-Studio-Display-lifestyle-02-220308.jpg\" \/>\n\t<meta property=\"og:image:width\" content=\"1600\" \/>\n\t<meta property=\"og:image:height\" content=\"1066\" \/>\n\t<meta property=\"og:image:type\" content=\"image\/jpeg\" \/>\n<meta name=\"author\" content=\"Milan\" \/>\n<meta name=\"twitter:card\" content=\"summary_large_image\" \/>\n<meta name=\"twitter:description\" content=\"Apples Studio Display verf\u00fcgt offensichtlich \u00fcber 64 GB internen Speicher. Doch nur 2 GB werden tats\u00e4chlich vom Display verwendet.\" \/>\n<meta name=\"twitter:label1\" content=\"Written by\" \/>\n\t<meta name=\"twitter:data1\" content=\"Milan\" \/>\n\t<meta name=\"twitter:label2\" content=\"Est. reading time\" \/>\n\t<meta name=\"twitter:data2\" content=\"2 minutes\" \/>\n<script type=\"application\/ld+json\" class=\"yoast-schema-graph\">{\"@context\":\"https:\\\/\\\/schema.org\",\"@graph\":[{\"@type\":\"NewsArticle\",\"@id\":\"https:\\\/\\\/www.apfelpatient.de\\\/news\\\/apple-studio-display-verfuegt-ueber-integrierten-speicherplatz#article\",\"isPartOf\":{\"@id\":\"https:\\\/\\\/www.apfelpatient.de\\\/news\\\/apple-studio-display-verfuegt-ueber-integrierten-speicherplatz\"},\"author\":{\"@type\":\"Organization\",\"@id\":\"https:\\\/\\\/www.apfelpatient.de\\\/en\\\/#organization\",\"name\":\"Apfelpatient\",\"url\":\"https:\\\/\\\/www.apfelpatient.de\\\/en\\\/\"},\"headline\":\"Apple Studio Display verf\u00fcgt \u00fcber integrierten Speicherplatz\",\"datePublished\":\"2022-03-21T15:26:31+00:00\",\"dateModified\":\"2025-02-16T14:48:26+00:00\",\"mainEntityOfPage\":{\"@id\":\"https:\\\/\\\/www.apfelpatient.de\\\/news\\\/apple-studio-display-verfuegt-ueber-integrierten-speicherplatz\"},\"wordCount\":357,\"publisher\":{\"@type\":\"Organization\",\"@id\":\"https:\\\/\\\/www.apfelpatient.de\\\/en\\\/#organization\",\"name\":\"Apfelpatient\",\"url\":\"https:\\\/\\\/www.apfelpatient.de\\\/en\\\/\"},\"image\":{\"@id\":\"https:\\\/\\\/www.apfelpatient.de\\\/news\\\/apple-studio-display-verfuegt-ueber-integrierten-speicherplatz#primaryimage\"},\"thumbnailUrl\":\"https:\\\/\\\/www.apfelpatient.de\\\/wp-content\\\/uploads\\\/2022\\\/03\\\/Apple-Mac-Studio-Studio-Display-lifestyle-02-220308.jpg\",\"keywords\":[\"Mac\",\"Mac Studio\",\"Studio Display\"],\"articleSection\":\"News\",\"inLanguage\":\"en-US\",\"copyrightYear\":\"2022\",\"copyrightHolder\":{\"@id\":\"https:\\\/\\\/www.apfelpatient.de\\\/en\\\/#organization\"}},{\"@type\":\"WebPage\",\"@id\":\"https:\\\/\\\/www.apfelpatient.de\\\/news\\\/apple-studio-display-verfuegt-ueber-integrierten-speicherplatz\",\"url\":\"https:\\\/\\\/www.apfelpatient.de\\\/news\\\/apple-studio-display-verfuegt-ueber-integrierten-speicherplatz\",\"name\":\"Apple Studio Display verf\u00fcgt \u00fcber integrierten Speicherplatz Apfelpatient\",\"isPartOf\":{\"@id\":\"https:\\\/\\\/www.apfelpatient.de\\\/#website\"},\"primaryImageOfPage\":{\"@id\":\"https:\\\/\\\/www.apfelpatient.de\\\/news\\\/apple-studio-display-verfuegt-ueber-integrierten-speicherplatz#primaryimage\"},\"image\":{\"@id\":\"https:\\\/\\\/www.apfelpatient.de\\\/news\\\/apple-studio-display-verfuegt-ueber-integrierten-speicherplatz#primaryimage\"},\"thumbnailUrl\":\"https:\\\/\\\/www.apfelpatient.de\\\/wp-content\\\/uploads\\\/2022\\\/03\\\/Apple-Mac-Studio-Studio-Display-lifestyle-02-220308.jpg\",\"datePublished\":\"2022-03-21T15:26:31+00:00\",\"dateModified\":\"2025-02-16T14:48:26+00:00\",\"description\":\"Apples Studio Display verf\u00fcgt offensichtlich \u00fcber 64 GB internen Speicher. Doch nur 2 GB werden tats\u00e4chlich vom Display verwendet.\",\"breadcrumb\":{\"@id\":\"https:\\\/\\\/www.apfelpatient.de\\\/news\\\/apple-studio-display-verfuegt-ueber-integrierten-speicherplatz#breadcrumb\"},\"inLanguage\":\"en-US\",\"potentialAction\":[{\"@type\":\"ReadAction\",\"target\":[\"https:\\\/\\\/www.apfelpatient.de\\\/news\\\/apple-studio-display-verfuegt-ueber-integrierten-speicherplatz\"]}]},{\"@type\":\"ImageObject\",\"inLanguage\":\"en-US\",\"@id\":\"https:\\\/\\\/www.apfelpatient.de\\\/news\\\/apple-studio-display-verfuegt-ueber-integrierten-speicherplatz#primaryimage\",\"url\":\"https:\\\/\\\/www.apfelpatient.de\\\/wp-content\\\/uploads\\\/2022\\\/03\\\/Apple-Mac-Studio-Studio-Display-lifestyle-02-220308.jpg\",\"contentUrl\":\"https:\\\/\\\/www.apfelpatient.de\\\/wp-content\\\/uploads\\\/2022\\\/03\\\/Apple-Mac-Studio-Studio-Display-lifestyle-02-220308.jpg\",\"width\":1600,\"height\":1066,\"caption\":\"Bild: Apple\"},{\"@type\":\"BreadcrumbList\",\"@id\":\"https:\\\/\\\/www.apfelpatient.de\\\/news\\\/apple-studio-display-verfuegt-ueber-integrierten-speicherplatz#breadcrumb\",\"itemListElement\":[{\"@type\":\"ListItem\",\"position\":1,\"name\":\"Startseite\",\"item\":\"https:\\\/\\\/www.apfelpatient.de\\\/\"},{\"@type\":\"ListItem\",\"position\":2,\"name\":\"Apple Studio Display verf\u00fcgt \u00fcber integrierten Speicherplatz\"}]},{\"@type\":\"WebSite\",\"@id\":\"https:\\\/\\\/www.apfelpatient.de\\\/#website\",\"url\":\"https:\\\/\\\/www.apfelpatient.de\\\/\",\"name\":\"Apfelpatient\",\"description\":\"Alles rund um Apple!\",\"publisher\":{\"@type\":\"Organization\",\"@id\":\"https:\\\/\\\/www.apfelpatient.de\\\/en\\\/#organization\",\"name\":\"Apfelpatient\",\"url\":\"https:\\\/\\\/www.apfelpatient.de\\\/en\\\/\"},\"alternateName\":\"Apfelpatient\",\"potentialAction\":[{\"@type\":\"SearchAction\",\"target\":{\"@type\":\"EntryPoint\",\"urlTemplate\":\"https:\\\/\\\/www.apfelpatient.de\\\/?s={search_term_string}\"},\"query-input\":{\"@type\":\"PropertyValueSpecification\",\"valueRequired\":true,\"valueName\":\"search_term_string\"}}],\"inLanguage\":\"en-US\"},{\"@type\":[\"Person\",\"Organization\"],\"@id\":\"https:\\\/\\\/www.apfelpatient.de\\\/#\\\/schema\\\/person\\\/7dc56ad6c8e9824b76d2c08d4c140e13\",\"name\":\"Milan\",\"logo\":{\"@id\":\"https:\\\/\\\/www.apfelpatient.de\\\/#\\\/schema\\\/person\\\/image\\\/\"},\"description\":\"Hallo und herzlich willkommen auf meinem Technik-Blog! Als gro\u00dfer Apple-Fan berichte ich hier \u00fcber alles, was mit Apple zu tun hat: von den neuesten News und spannenden Ger\u00fcchten \u00fcber hilfreiche Tipps und Tricks bis hin zu ausf\u00fchrlichen Produkttests. Wenn du genauso technikbegeistert bist wie ich, bist du hier genau richtig!\",\"sameAs\":[\"https:\\\/\\\/www.facebook.com\\\/apfelpatientOfficial\",\"https:\\\/\\\/www.linkedin.com\\\/in\\\/milan-jovicic-42aa0231b\"],\"url\":\"https:\\\/\\\/www.apfelpatient.de\\\/en\\\/author\\\/apfeladmin\"}]}<\/script>\n<!-- \/ Yoast SEO Premium plugin. -->","yoast_head_json":{"title":"Apple Studio Display has built-in storage Apfelpatient","description":"Apple&#039;s Studio Display apparently has 64 GB of internal storage. But only 2 GB is actually used by the display.","robots":{"index":"index","follow":"follow","max-snippet":"max-snippet:-1","max-image-preview":"max-image-preview:large","max-video-preview":"max-video-preview:-1"},"canonical":"https:\/\/www.apfelpatient.de\/en\/news\/apple-studio-display-has-integrated-storage","og_locale":"en_US","og_type":"article","og_title":"Apple Studio Display verf\u00fcgt \u00fcber integrierten Speicherplatz","og_description":"Apples Studio Display verf\u00fcgt offensichtlich \u00fcber 64 GB internen Speicher. Doch nur 2 GB werden tats\u00e4chlich vom Display verwendet.","og_url":"https:\/\/www.apfelpatient.de\/en\/news\/apple-studio-display-has-integrated-storage","og_site_name":"Apfelpatient","article_publisher":"https:\/\/www.facebook.com\/apfelpatientOfficial","article_author":"https:\/\/www.facebook.com\/apfelpatientOfficial","article_published_time":"2022-03-21T15:26:31+00:00","article_modified_time":"2025-02-16T14:48:26+00:00","og_image":[{"width":1600,"height":1066,"url":"https:\/\/www.apfelpatient.de\/wp-content\/uploads\/2022\/03\/Apple-Mac-Studio-Studio-Display-lifestyle-02-220308.jpg","type":"image\/jpeg"}],"author":"Milan","twitter_card":"summary_large_image","twitter_description":"Apples Studio Display verf\u00fcgt offensichtlich \u00fcber 64 GB internen Speicher. Doch nur 2 GB werden tats\u00e4chlich vom Display verwendet.","twitter_misc":{"Written by":"Milan","Est. reading time":"2 minutes"},"schema":{"@context":"https:\/\/schema.org","@graph":[{"@type":"NewsArticle","@id":"https:\/\/www.apfelpatient.de\/news\/apple-studio-display-verfuegt-ueber-integrierten-speicherplatz#article","isPartOf":{"@id":"https:\/\/www.apfelpatient.de\/news\/apple-studio-display-verfuegt-ueber-integrierten-speicherplatz"},"author":{"@type":"Organization","@id":"https:\/\/www.apfelpatient.de\/en\/#organization","name":"Apfelpatient","url":"https:\/\/www.apfelpatient.de\/en\/"},"headline":"Apple Studio Display verf\u00fcgt \u00fcber integrierten Speicherplatz","datePublished":"2022-03-21T15:26:31+00:00","dateModified":"2025-02-16T14:48:26+00:00","mainEntityOfPage":{"@id":"https:\/\/www.apfelpatient.de\/news\/apple-studio-display-verfuegt-ueber-integrierten-speicherplatz"},"wordCount":357,"publisher":{"@type":"Organization","@id":"https:\/\/www.apfelpatient.de\/en\/#organization","name":"Apfelpatient","url":"https:\/\/www.apfelpatient.de\/en\/"},"image":{"@id":"https:\/\/www.apfelpatient.de\/news\/apple-studio-display-verfuegt-ueber-integrierten-speicherplatz#primaryimage"},"thumbnailUrl":"https:\/\/www.apfelpatient.de\/wp-content\/uploads\/2022\/03\/Apple-Mac-Studio-Studio-Display-lifestyle-02-220308.jpg","keywords":["Mac","Mac Studio","Studio Display"],"articleSection":"News","inLanguage":"en-US","copyrightYear":"2022","copyrightHolder":{"@id":"https:\/\/www.apfelpatient.de\/en\/#organization"}},{"@type":"WebPage","@id":"https:\/\/www.apfelpatient.de\/news\/apple-studio-display-verfuegt-ueber-integrierten-speicherplatz","url":"https:\/\/www.apfelpatient.de\/news\/apple-studio-display-verfuegt-ueber-integrierten-speicherplatz","name":"Apple Studio Display has built-in storage Apfelpatient","isPartOf":{"@id":"https:\/\/www.apfelpatient.de\/#website"},"primaryImageOfPage":{"@id":"https:\/\/www.apfelpatient.de\/news\/apple-studio-display-verfuegt-ueber-integrierten-speicherplatz#primaryimage"},"image":{"@id":"https:\/\/www.apfelpatient.de\/news\/apple-studio-display-verfuegt-ueber-integrierten-speicherplatz#primaryimage"},"thumbnailUrl":"https:\/\/www.apfelpatient.de\/wp-content\/uploads\/2022\/03\/Apple-Mac-Studio-Studio-Display-lifestyle-02-220308.jpg","datePublished":"2022-03-21T15:26:31+00:00","dateModified":"2025-02-16T14:48:26+00:00","description":"Apple&#039;s Studio Display apparently has 64 GB of internal storage. But only 2 GB is actually used by the display.","breadcrumb":{"@id":"https:\/\/www.apfelpatient.de\/news\/apple-studio-display-verfuegt-ueber-integrierten-speicherplatz#breadcrumb"},"inLanguage":"en-US","potentialAction":[{"@type":"ReadAction","target":["https:\/\/www.apfelpatient.de\/news\/apple-studio-display-verfuegt-ueber-integrierten-speicherplatz"]}]},{"@type":"ImageObject","inLanguage":"en-US","@id":"https:\/\/www.apfelpatient.de\/news\/apple-studio-display-verfuegt-ueber-integrierten-speicherplatz#primaryimage","url":"https:\/\/www.apfelpatient.de\/wp-content\/uploads\/2022\/03\/Apple-Mac-Studio-Studio-Display-lifestyle-02-220308.jpg","contentUrl":"https:\/\/www.apfelpatient.de\/wp-content\/uploads\/2022\/03\/Apple-Mac-Studio-Studio-Display-lifestyle-02-220308.jpg","width":1600,"height":1066,"caption":"Bild: Apple"},{"@type":"BreadcrumbList","@id":"https:\/\/www.apfelpatient.de\/news\/apple-studio-display-verfuegt-ueber-integrierten-speicherplatz#breadcrumb","itemListElement":[{"@type":"ListItem","position":1,"name":"Startseite","item":"https:\/\/www.apfelpatient.de\/"},{"@type":"ListItem","position":2,"name":"Apple Studio Display verf\u00fcgt \u00fcber integrierten Speicherplatz"}]},{"@type":"WebSite","@id":"https:\/\/www.apfelpatient.de\/#website","url":"https:\/\/www.apfelpatient.de\/","name":"apple patient","description":"Everything about Apple!","publisher":{"@type":"Organization","@id":"https:\/\/www.apfelpatient.de\/en\/#organization","name":"Apfelpatient","url":"https:\/\/www.apfelpatient.de\/en\/"},"alternateName":"Apfelpatient","potentialAction":[{"@type":"SearchAction","target":{"@type":"EntryPoint","urlTemplate":"https:\/\/www.apfelpatient.de\/?s={search_term_string}"},"query-input":{"@type":"PropertyValueSpecification","valueRequired":true,"valueName":"search_term_string"}}],"inLanguage":"en-US"},{"@type":["Person","Organization"],"@id":"https:\/\/www.apfelpatient.de\/#\/schema\/person\/7dc56ad6c8e9824b76d2c08d4c140e13","name":"Milan","logo":{"@id":"https:\/\/www.apfelpatient.de\/#\/schema\/person\/image\/"},"description":"Hello and welcome to my technology blog! As a big Apple fan, I report on everything to do with Apple: from the latest news and exciting rumors to helpful tips and tricks and detailed product tests. If you are as enthusiastic about technology as I am, you have come to the right place!","sameAs":["https:\/\/www.facebook.com\/apfelpatientOfficial","https:\/\/www.linkedin.com\/in\/milan-jovicic-42aa0231b"],"url":"https:\/\/www.apfelpatient.de\/en\/author\/apfeladmin"}]}},"_links":{"self":[{"href":"https:\/\/www.apfelpatient.de\/en\/wp-json\/wp\/v2\/posts\/30820","targetHints":{"allow":["GET"]}}],"collection":[{"href":"https:\/\/www.apfelpatient.de\/en\/wp-json\/wp\/v2\/posts"}],"about":[{"href":"https:\/\/www.apfelpatient.de\/en\/wp-json\/wp\/v2\/types\/post"}],"author":[{"embeddable":true,"href":"https:\/\/www.apfelpatient.de\/en\/wp-json\/wp\/v2\/users\/2"}],"replies":[{"embeddable":true,"href":"https:\/\/www.apfelpatient.de\/en\/wp-json\/wp\/v2\/comments?post=30820"}],"version-history":[{"count":0,"href":"https:\/\/www.apfelpatient.de\/en\/wp-json\/wp\/v2\/posts\/30820\/revisions"}],"wp:featuredmedia":[{"embeddable":true,"href":"https:\/\/www.apfelpatient.de\/en\/wp-json\/wp\/v2\/media\/30531"}],"wp:attachment":[{"href":"https:\/\/www.apfelpatient.de\/en\/wp-json\/wp\/v2\/media?parent=30820"}],"wp:term":[{"taxonomy":"category","embeddable":true,"href":"https:\/\/www.apfelpatient.de\/en\/wp-json\/wp\/v2\/categories?post=30820"},{"taxonomy":"post_tag","embeddable":true,"href":"https:\/\/www.apfelpatient.de\/en\/wp-json\/wp\/v2\/tags?post=30820"}],"curies":[{"name":"wp","href":"https:\/\/api.w.org\/{rel}","templated":true}]}}