{"id":30808,"date":"2022-03-20T16:05:46","date_gmt":"2022-03-20T15:05:46","guid":{"rendered":"https:\/\/www.apfelpatient.de\/?p=30808"},"modified":"2022-03-20T16:05:47","modified_gmt":"2022-03-20T15:05:47","slug":"new-macbook-air-to-launch-in-late-2022","status":"publish","type":"post","link":"https:\/\/www.apfelpatient.de\/en\/rumors\/neues-macbook-air-soll-ende-2022-starten","title":{"rendered":"New MacBook Air to launch in late 2022"},"content":{"rendered":"<p class=\"has-drop-cap\"><strong>Rumors about a brand new MacBook Air have been circulating for many months. Now Mark Gurman reports that Apple has postponed the launch of the redesigned MacBook Air.<\/strong><\/p>\n\n\n\n<p>In his latest \u201cPower On\u201d newsletter <a href=\"https:\/\/www.bloomberg.com\/news\/newsletters\/2022-03-20\/does-apple-aapl-sell-a-wireless-router-what-happened-to-the-apple-airport-l0zbztrg\" target=\"_blank\" rel=\"noreferrer noopener\">explained<\/a> Gurman said Apple originally planned to launch its new MacBook Air with &quot;an all-new design, MagSafe, the M2 chip, and more&quot; in late 2021 or early 2022. But that timeframe has now apparently been pushed back to the second half of 2022. Apple analyst Ming-Chi Kuo expects mass production of the new MacBook Air to begin in late second or early third quarter, suggesting the device could be released around September or October. Gurman also claims he doesn&#039;t expect Apple to update the high-end MacBook Pro models (14 and 16 inches) this year.<\/p>\n\n\n\n<h3 class=\"wp-block-heading\" id=\"h-brandneues-macbook-air-konnte-im-herbst-2022-erscheinen\">Brand new MacBook Air could be released in fall 2022<\/h3>\n\n\n\n\n\n\n\n<p>An update with the &quot;M2 Pro&quot; and &quot;M2 Max&quot; chips is more likely to be expected next year. According to Gurman, the only MacBook Pro update this year will likely be an updated entry-level MacBook Pro with a 13-inch display and the M2 chip. The launch of a series of new Macs with the M2 chip towards the end of 2022 could look similar to the unveiling of the M1 MacBook Air, 13-inch MacBook Pro and entry-level Mac mini in November 2020, suggesting that the M-series chips have a two-year refresh cycle. In addition to the MacBook Air and 13-inch MacBook Pro, the Mac mini, 24-inch iMac and iPad Pro are also eligible for the M2 chip. But the timeframe for updating these devices is still unclear. (Image: Jon Prosser x Rendersbyan)<\/p>\n\n\n\n<ul class=\"wp-block-list\"><li><a href=\"https:\/\/www.apfelpatient.de\/en\/rumors\/will-apple-introduce-a-new-27-mini-led-product-in-summer\">Will Apple introduce a new 27\u2033 mini-LED product in the summer?<\/a><\/li><\/ul>\n\n\n\n<h6 class=\"wp-block-heading translation-block\" id=\"h-kennt-ihr-schon-unsere-amazon-storefront-dort-findet-ihr-eine-handverlesene-auswahl-von-diversen-produkten-f-r-euer-iphone-und-co-viel-spa-beim-st-bern\"><em>Have you already visited our Amazon Storefront? There you&#039;ll find a hand-picked selection of various products for your iPhone and other devices \u2013 <span class=\"has-inline-color has-vivid-red-color\"><a href=\"https:\/\/www.amazon.de\/shop\/apfelpatientofficial\" class=\"ek-link\" data-wpel-link=\"exclude\" rel=\"follow noopener\" target=\"_self\"><span style=\"text-decoration: underline\" class=\"ek-underline\">enjoy browsing<\/span><\/a> !<\/span><\/em><\/h6>\n\n\n\n<h6 class=\"wp-block-heading translation-block\" id=\"h-der-beitrag-enthalt-partnerlinks\">This post contains <a data-type=\"URL\" data-id=\"https:\/\/www.apfelpatient.de\/partnerprogramm\" href=\"https:\/\/www.apfelpatient.de\/en\/partner-program\" data-wpel-link=\"internal\" target=\"_self\">affiliate links<\/a>.<\/h6>","protected":false},"excerpt":{"rendered":"<p>New design, new chip &amp; more: Now Mark Gurman reports that Apple has postponed the launch of the redesigned MacBook Air.<\/p>","protected":false},"author":2,"featured_media":27816,"comment_status":"closed","ping_status":"closed","sticky":false,"template":"","format":"standard","meta":{"jnews-multi-image_gallery":[],"jnews_single_post":{"subtitle":"","format":"standard","video":"","gallery":"","source_name":"","source_url":"","via_name":"","via_url":"","override":[{"single_blog_custom":"","sidebar":"","second_sidebar":"","share_position":"","share_float_style":"","post_date_format":"","post_date_format_custom":"","post_reading_time_wpm":"","zoom_button_out_step":"1","zoom_button_in_step":"1","number_popup_post":"1"}],"image_override":[{"single_post_thumbnail_size":"","single_post_gallery_size":""}],"trending_post_position":"","trending_post_label":"","sponsored_post_label":"","sponsored_post_name":"","sponsored_post_url":"","sponsored_post_logo":"","sponsored_post_desc":""},"jnews_primary_category":{"id":"25"},"footnotes":""},"categories":[25],"tags":[40,41],"class_list":["post-30808","post","type-post","status-publish","format-standard","has-post-thumbnail","hentry","category-rumors","tag-mac","tag-macbook-air"],"yoast_head":"<!-- This site is optimized with the Yoast SEO Premium plugin v27.5 (Yoast SEO v27.5) - https:\/\/yoast.com\/product\/yoast-seo-premium-wordpress\/ -->\n<title>Neues MacBook Air soll Ende 2022 starten Apfelpatient<\/title>\n<meta name=\"description\" content=\"Neues Design, neuer Chip &amp; mehr: Nun berichtet Mark Gurman, wonach Apple die Markteinf\u00fchrung des neu gestalteten MacBook Air verschoben hat.\" \/>\n<meta name=\"robots\" content=\"index, follow, max-snippet:-1, max-image-preview:large, max-video-preview:-1\" \/>\n<link rel=\"canonical\" href=\"https:\/\/www.apfelpatient.de\/en\/rumors\/new-macbook-air-to-launch-in-late-2022\" \/>\n<meta property=\"og:locale\" content=\"en_US\" \/>\n<meta property=\"og:type\" content=\"article\" \/>\n<meta property=\"og:title\" content=\"Neues MacBook Air soll Ende 2022 starten\" \/>\n<meta property=\"og:description\" content=\"Neues Design, neuer Chip &amp; mehr: Nun berichtet Mark Gurman, wonach Apple die Markteinf\u00fchrung des neu gestalteten MacBook Air verschoben hat.\" \/>\n<meta property=\"og:url\" content=\"https:\/\/www.apfelpatient.de\/en\/rumors\/new-macbook-air-to-launch-in-late-2022\" \/>\n<meta property=\"og:site_name\" content=\"Apfelpatient\" \/>\n<meta property=\"article:publisher\" content=\"https:\/\/www.facebook.com\/apfelpatientOfficial\" \/>\n<meta property=\"article:author\" content=\"https:\/\/www.facebook.com\/apfelpatientOfficial\" \/>\n<meta property=\"article:published_time\" content=\"2022-03-20T15:05:46+00:00\" \/>\n<meta property=\"article:modified_time\" content=\"2022-03-20T15:05:47+00:00\" \/>\n<meta property=\"og:image\" content=\"https:\/\/www.apfelpatient.de\/wp-content\/uploads\/2021\/10\/twitter-macbook-air-1-2048x1181-1.jpg\" \/>\n\t<meta property=\"og:image:width\" content=\"1600\" \/>\n\t<meta property=\"og:image:height\" content=\"923\" \/>\n\t<meta property=\"og:image:type\" content=\"image\/jpeg\" \/>\n<meta name=\"author\" content=\"Milan\" \/>\n<meta name=\"twitter:card\" content=\"summary_large_image\" \/>\n<meta name=\"twitter:description\" content=\"Neues Design, neuer Chip &amp; mehr: Nun berichtet Mark Gurman, wonach Apple die Markteinf\u00fchrung des neu gestalteten MacBook Air verschoben hat.\" \/>\n<meta name=\"twitter:label1\" content=\"Written by\" \/>\n\t<meta name=\"twitter:data1\" content=\"Milan\" \/>\n\t<meta name=\"twitter:label2\" content=\"Est. reading time\" \/>\n\t<meta name=\"twitter:data2\" content=\"2 minutes\" \/>\n<script type=\"application\/ld+json\" class=\"yoast-schema-graph\">{\"@context\":\"https:\\\/\\\/schema.org\",\"@graph\":[{\"@type\":\"NewsArticle\",\"@id\":\"https:\\\/\\\/www.apfelpatient.de\\\/rumors\\\/neues-macbook-air-soll-ende-2022-starten#article\",\"isPartOf\":{\"@id\":\"https:\\\/\\\/www.apfelpatient.de\\\/rumors\\\/neues-macbook-air-soll-ende-2022-starten\"},\"author\":{\"@type\":\"Organization\",\"@id\":\"https:\\\/\\\/www.apfelpatient.de\\\/en\\\/#organization\",\"name\":\"Apfelpatient\",\"url\":\"https:\\\/\\\/www.apfelpatient.de\\\/en\\\/\"},\"headline\":\"Neues MacBook Air soll Ende 2022 starten\",\"datePublished\":\"2022-03-20T15:05:46+00:00\",\"dateModified\":\"2022-03-20T15:05:47+00:00\",\"mainEntityOfPage\":{\"@id\":\"https:\\\/\\\/www.apfelpatient.de\\\/rumors\\\/neues-macbook-air-soll-ende-2022-starten\"},\"wordCount\":305,\"publisher\":{\"@type\":\"Organization\",\"@id\":\"https:\\\/\\\/www.apfelpatient.de\\\/en\\\/#organization\",\"name\":\"Apfelpatient\",\"url\":\"https:\\\/\\\/www.apfelpatient.de\\\/en\\\/\"},\"image\":{\"@id\":\"https:\\\/\\\/www.apfelpatient.de\\\/rumors\\\/neues-macbook-air-soll-ende-2022-starten#primaryimage\"},\"thumbnailUrl\":\"https:\\\/\\\/www.apfelpatient.de\\\/wp-content\\\/uploads\\\/2021\\\/10\\\/twitter-macbook-air-1-2048x1181-1.jpg\",\"keywords\":[\"Mac\",\"MacBook Air\"],\"articleSection\":\"Rumors\",\"inLanguage\":\"en-US\",\"copyrightYear\":\"2022\",\"copyrightHolder\":{\"@id\":\"https:\\\/\\\/www.apfelpatient.de\\\/en\\\/#organization\"}},{\"@type\":\"WebPage\",\"@id\":\"https:\\\/\\\/www.apfelpatient.de\\\/rumors\\\/neues-macbook-air-soll-ende-2022-starten\",\"url\":\"https:\\\/\\\/www.apfelpatient.de\\\/rumors\\\/neues-macbook-air-soll-ende-2022-starten\",\"name\":\"Neues MacBook Air soll Ende 2022 starten Apfelpatient\",\"isPartOf\":{\"@id\":\"https:\\\/\\\/www.apfelpatient.de\\\/#website\"},\"primaryImageOfPage\":{\"@id\":\"https:\\\/\\\/www.apfelpatient.de\\\/rumors\\\/neues-macbook-air-soll-ende-2022-starten#primaryimage\"},\"image\":{\"@id\":\"https:\\\/\\\/www.apfelpatient.de\\\/rumors\\\/neues-macbook-air-soll-ende-2022-starten#primaryimage\"},\"thumbnailUrl\":\"https:\\\/\\\/www.apfelpatient.de\\\/wp-content\\\/uploads\\\/2021\\\/10\\\/twitter-macbook-air-1-2048x1181-1.jpg\",\"datePublished\":\"2022-03-20T15:05:46+00:00\",\"dateModified\":\"2022-03-20T15:05:47+00:00\",\"description\":\"Neues Design, neuer Chip & mehr: Nun berichtet Mark Gurman, wonach Apple die Markteinf\u00fchrung des neu gestalteten MacBook Air verschoben hat.\",\"breadcrumb\":{\"@id\":\"https:\\\/\\\/www.apfelpatient.de\\\/rumors\\\/neues-macbook-air-soll-ende-2022-starten#breadcrumb\"},\"inLanguage\":\"en-US\",\"potentialAction\":[{\"@type\":\"ReadAction\",\"target\":[\"https:\\\/\\\/www.apfelpatient.de\\\/rumors\\\/neues-macbook-air-soll-ende-2022-starten\"]}]},{\"@type\":\"ImageObject\",\"inLanguage\":\"en-US\",\"@id\":\"https:\\\/\\\/www.apfelpatient.de\\\/rumors\\\/neues-macbook-air-soll-ende-2022-starten#primaryimage\",\"url\":\"https:\\\/\\\/www.apfelpatient.de\\\/wp-content\\\/uploads\\\/2021\\\/10\\\/twitter-macbook-air-1-2048x1181-1.jpg\",\"contentUrl\":\"https:\\\/\\\/www.apfelpatient.de\\\/wp-content\\\/uploads\\\/2021\\\/10\\\/twitter-macbook-air-1-2048x1181-1.jpg\",\"width\":1600,\"height\":923,\"caption\":\"Bild: Jon Prosser x Rendersbyan - MacBook Air 2022\"},{\"@type\":\"BreadcrumbList\",\"@id\":\"https:\\\/\\\/www.apfelpatient.de\\\/rumors\\\/neues-macbook-air-soll-ende-2022-starten#breadcrumb\",\"itemListElement\":[{\"@type\":\"ListItem\",\"position\":1,\"name\":\"Startseite\",\"item\":\"https:\\\/\\\/www.apfelpatient.de\\\/\"},{\"@type\":\"ListItem\",\"position\":2,\"name\":\"Neues MacBook Air soll Ende 2022 starten\"}]},{\"@type\":\"WebSite\",\"@id\":\"https:\\\/\\\/www.apfelpatient.de\\\/#website\",\"url\":\"https:\\\/\\\/www.apfelpatient.de\\\/\",\"name\":\"Apfelpatient\",\"description\":\"Alles rund um Apple!\",\"publisher\":{\"@type\":\"Organization\",\"@id\":\"https:\\\/\\\/www.apfelpatient.de\\\/en\\\/#organization\",\"name\":\"Apfelpatient\",\"url\":\"https:\\\/\\\/www.apfelpatient.de\\\/en\\\/\"},\"alternateName\":\"Apfelpatient\",\"potentialAction\":[{\"@type\":\"SearchAction\",\"target\":{\"@type\":\"EntryPoint\",\"urlTemplate\":\"https:\\\/\\\/www.apfelpatient.de\\\/?s={search_term_string}\"},\"query-input\":{\"@type\":\"PropertyValueSpecification\",\"valueRequired\":true,\"valueName\":\"search_term_string\"}}],\"inLanguage\":\"en-US\"},{\"@type\":[\"Person\",\"Organization\"],\"@id\":\"https:\\\/\\\/www.apfelpatient.de\\\/#\\\/schema\\\/person\\\/35b3ddba5832f2bfc7fff5206d4f6b7b\",\"name\":\"Milan\",\"logo\":{\"@id\":\"https:\\\/\\\/www.apfelpatient.de\\\/#\\\/schema\\\/person\\\/image\\\/\"},\"description\":\"Hallo und herzlich willkommen auf meinem Technik-Blog! Als gro\u00dfer Apple-Fan berichte ich hier \u00fcber alles, was mit Apple zu tun hat: von den neuesten News und spannenden Ger\u00fcchten \u00fcber hilfreiche Tipps und Tricks bis hin zu ausf\u00fchrlichen Produkttests. Wenn du genauso technikbegeistert bist wie ich, bist du hier genau richtig!\",\"sameAs\":[\"https:\\\/\\\/www.facebook.com\\\/apfelpatientOfficial\",\"https:\\\/\\\/www.linkedin.com\\\/in\\\/milan-jovicic-42aa0231b\"],\"url\":\"https:\\\/\\\/www.apfelpatient.de\\\/en\\\/author\\\/apfeladmin\"}]}<\/script>\n<!-- \/ Yoast SEO Premium plugin. -->","yoast_head_json":{"title":"New MacBook Air to launch in late 2022 Apfelpatient","description":"New design, new chip &amp; more: Now Mark Gurman reports that Apple has postponed the launch of the redesigned MacBook Air.","robots":{"index":"index","follow":"follow","max-snippet":"max-snippet:-1","max-image-preview":"max-image-preview:large","max-video-preview":"max-video-preview:-1"},"canonical":"https:\/\/www.apfelpatient.de\/en\/rumors\/new-macbook-air-to-launch-in-late-2022","og_locale":"en_US","og_type":"article","og_title":"Neues MacBook Air soll Ende 2022 starten","og_description":"Neues Design, neuer Chip & mehr: Nun berichtet Mark Gurman, wonach Apple die Markteinf\u00fchrung des neu gestalteten MacBook Air verschoben hat.","og_url":"https:\/\/www.apfelpatient.de\/en\/rumors\/new-macbook-air-to-launch-in-late-2022","og_site_name":"Apfelpatient","article_publisher":"https:\/\/www.facebook.com\/apfelpatientOfficial","article_author":"https:\/\/www.facebook.com\/apfelpatientOfficial","article_published_time":"2022-03-20T15:05:46+00:00","article_modified_time":"2022-03-20T15:05:47+00:00","og_image":[{"width":1600,"height":923,"url":"https:\/\/www.apfelpatient.de\/wp-content\/uploads\/2021\/10\/twitter-macbook-air-1-2048x1181-1.jpg","type":"image\/jpeg"}],"author":"Milan","twitter_card":"summary_large_image","twitter_description":"Neues Design, neuer Chip & mehr: Nun berichtet Mark Gurman, wonach Apple die Markteinf\u00fchrung des neu gestalteten MacBook Air verschoben hat.","twitter_misc":{"Written by":"Milan","Est. reading time":"2 minutes"},"schema":{"@context":"https:\/\/schema.org","@graph":[{"@type":"NewsArticle","@id":"https:\/\/www.apfelpatient.de\/rumors\/neues-macbook-air-soll-ende-2022-starten#article","isPartOf":{"@id":"https:\/\/www.apfelpatient.de\/rumors\/neues-macbook-air-soll-ende-2022-starten"},"author":{"@type":"Organization","@id":"https:\/\/www.apfelpatient.de\/en\/#organization","name":"Apfelpatient","url":"https:\/\/www.apfelpatient.de\/en\/"},"headline":"Neues MacBook Air soll Ende 2022 starten","datePublished":"2022-03-20T15:05:46+00:00","dateModified":"2022-03-20T15:05:47+00:00","mainEntityOfPage":{"@id":"https:\/\/www.apfelpatient.de\/rumors\/neues-macbook-air-soll-ende-2022-starten"},"wordCount":305,"publisher":{"@type":"Organization","@id":"https:\/\/www.apfelpatient.de\/en\/#organization","name":"Apfelpatient","url":"https:\/\/www.apfelpatient.de\/en\/"},"image":{"@id":"https:\/\/www.apfelpatient.de\/rumors\/neues-macbook-air-soll-ende-2022-starten#primaryimage"},"thumbnailUrl":"https:\/\/www.apfelpatient.de\/wp-content\/uploads\/2021\/10\/twitter-macbook-air-1-2048x1181-1.jpg","keywords":["Mac","MacBook Air"],"articleSection":"Rumors","inLanguage":"en-US","copyrightYear":"2022","copyrightHolder":{"@id":"https:\/\/www.apfelpatient.de\/en\/#organization"}},{"@type":"WebPage","@id":"https:\/\/www.apfelpatient.de\/rumors\/neues-macbook-air-soll-ende-2022-starten","url":"https:\/\/www.apfelpatient.de\/rumors\/neues-macbook-air-soll-ende-2022-starten","name":"New MacBook Air to launch in late 2022 Apfelpatient","isPartOf":{"@id":"https:\/\/www.apfelpatient.de\/#website"},"primaryImageOfPage":{"@id":"https:\/\/www.apfelpatient.de\/rumors\/neues-macbook-air-soll-ende-2022-starten#primaryimage"},"image":{"@id":"https:\/\/www.apfelpatient.de\/rumors\/neues-macbook-air-soll-ende-2022-starten#primaryimage"},"thumbnailUrl":"https:\/\/www.apfelpatient.de\/wp-content\/uploads\/2021\/10\/twitter-macbook-air-1-2048x1181-1.jpg","datePublished":"2022-03-20T15:05:46+00:00","dateModified":"2022-03-20T15:05:47+00:00","description":"New design, new chip &amp; more: Now Mark Gurman reports that Apple has postponed the launch of the redesigned MacBook Air.","breadcrumb":{"@id":"https:\/\/www.apfelpatient.de\/rumors\/neues-macbook-air-soll-ende-2022-starten#breadcrumb"},"inLanguage":"en-US","potentialAction":[{"@type":"ReadAction","target":["https:\/\/www.apfelpatient.de\/rumors\/neues-macbook-air-soll-ende-2022-starten"]}]},{"@type":"ImageObject","inLanguage":"en-US","@id":"https:\/\/www.apfelpatient.de\/rumors\/neues-macbook-air-soll-ende-2022-starten#primaryimage","url":"https:\/\/www.apfelpatient.de\/wp-content\/uploads\/2021\/10\/twitter-macbook-air-1-2048x1181-1.jpg","contentUrl":"https:\/\/www.apfelpatient.de\/wp-content\/uploads\/2021\/10\/twitter-macbook-air-1-2048x1181-1.jpg","width":1600,"height":923,"caption":"Bild: Jon Prosser x Rendersbyan - MacBook Air 2022"},{"@type":"BreadcrumbList","@id":"https:\/\/www.apfelpatient.de\/rumors\/neues-macbook-air-soll-ende-2022-starten#breadcrumb","itemListElement":[{"@type":"ListItem","position":1,"name":"Startseite","item":"https:\/\/www.apfelpatient.de\/"},{"@type":"ListItem","position":2,"name":"Neues MacBook Air soll Ende 2022 starten"}]},{"@type":"WebSite","@id":"https:\/\/www.apfelpatient.de\/#website","url":"https:\/\/www.apfelpatient.de\/","name":"apple patient","description":"Everything about Apple!","publisher":{"@type":"Organization","@id":"https:\/\/www.apfelpatient.de\/en\/#organization","name":"Apfelpatient","url":"https:\/\/www.apfelpatient.de\/en\/"},"alternateName":"Apfelpatient","potentialAction":[{"@type":"SearchAction","target":{"@type":"EntryPoint","urlTemplate":"https:\/\/www.apfelpatient.de\/?s={search_term_string}"},"query-input":{"@type":"PropertyValueSpecification","valueRequired":true,"valueName":"search_term_string"}}],"inLanguage":"en-US"},{"@type":["Person","Organization"],"@id":"https:\/\/www.apfelpatient.de\/#\/schema\/person\/35b3ddba5832f2bfc7fff5206d4f6b7b","name":"Milan","logo":{"@id":"https:\/\/www.apfelpatient.de\/#\/schema\/person\/image\/"},"description":"Hello and welcome to my technology blog! As a big Apple fan, I report on everything to do with Apple: from the latest news and exciting rumors to helpful tips and tricks and detailed product tests. If you are as enthusiastic about technology as I am, you have come to the right place!","sameAs":["https:\/\/www.facebook.com\/apfelpatientOfficial","https:\/\/www.linkedin.com\/in\/milan-jovicic-42aa0231b"],"url":"https:\/\/www.apfelpatient.de\/en\/author\/apfeladmin"}]}},"_links":{"self":[{"href":"https:\/\/www.apfelpatient.de\/en\/wp-json\/wp\/v2\/posts\/30808","targetHints":{"allow":["GET"]}}],"collection":[{"href":"https:\/\/www.apfelpatient.de\/en\/wp-json\/wp\/v2\/posts"}],"about":[{"href":"https:\/\/www.apfelpatient.de\/en\/wp-json\/wp\/v2\/types\/post"}],"author":[{"embeddable":true,"href":"https:\/\/www.apfelpatient.de\/en\/wp-json\/wp\/v2\/users\/2"}],"replies":[{"embeddable":true,"href":"https:\/\/www.apfelpatient.de\/en\/wp-json\/wp\/v2\/comments?post=30808"}],"version-history":[{"count":0,"href":"https:\/\/www.apfelpatient.de\/en\/wp-json\/wp\/v2\/posts\/30808\/revisions"}],"wp:featuredmedia":[{"embeddable":true,"href":"https:\/\/www.apfelpatient.de\/en\/wp-json\/wp\/v2\/media\/27816"}],"wp:attachment":[{"href":"https:\/\/www.apfelpatient.de\/en\/wp-json\/wp\/v2\/media?parent=30808"}],"wp:term":[{"taxonomy":"category","embeddable":true,"href":"https:\/\/www.apfelpatient.de\/en\/wp-json\/wp\/v2\/categories?post=30808"},{"taxonomy":"post_tag","embeddable":true,"href":"https:\/\/www.apfelpatient.de\/en\/wp-json\/wp\/v2\/tags?post=30808"}],"curies":[{"name":"wp","href":"https:\/\/api.w.org\/{rel}","templated":true}]}}