{"id":30774,"date":"2022-03-17T18:17:49","date_gmt":"2022-03-17T17:17:49","guid":{"rendered":"https:\/\/www.apfelpatient.de\/?p=30774"},"modified":"2022-03-17T18:17:50","modified_gmt":"2022-03-17T17:17:50","slug":"will-apple-introduce-a-new-27-mini-led-product-in-summer","status":"publish","type":"post","link":"https:\/\/www.apfelpatient.de\/en\/rumors\/wird-apple-ein-neues-27-mini-led-produkt-im-sommer-vorstellen","title":{"rendered":"Will Apple introduce a new 27\u2033 mini-LED product in the summer?"},"content":{"rendered":"<p class=\"has-drop-cap\"><strong>Reliable display analyst Ross Young has reiterated his belief that Apple will unveil a new product with a 27-inch mini-LED display in June, although another well-known analyst claims that new mini-LED products from Apple are unlikely this year.<\/strong><\/p>\n\n\n\n<p>On Wednesday, Ming-Chi Kuo said there may not be any new products with mini-LED displays from Apple in 2022 because the cost of acquiring the technology is too high. Kuo expects only Apple&#039;s existing mini-LED products, such as the 12.9-inch iPad Pro, to be updated in 2022. But he does not expect any more products to be equipped with or switch to this advanced display technology. In a response to Kuo&#039;s prediction <a href=\"https:\/\/twitter.com\/DSCCRoss\/status\/1504181472869199876?s=20&amp;t=DpotzXlBazZCyySuq1zlwg\" target=\"_blank\" rel=\"noreferrer noopener\">tweeted<\/a> Young later said he was still &quot;pretty confident&quot; that a 27-inch mini-LED display would be included in a new Apple product due to launch in or around June, but he was not sure what Apple would call it. Young had previously hinted that the product could be a Studio Display &quot;Pro,&quot; but acknowledged that this was just a guess.<\/p>\n\n\n\n<h3 class=\"wp-block-heading\" id=\"h-wird-apple-in-2022-weitere-mini-led-produkte-vorstellen\">Will Apple introduce more mini-LED products in 2022?<\/h3>\n\n\n\n\n\n\n\n<p>Young says he has confirmed the existence of this panel with several companies in Apple&#039;s supply chain, and today reminded the community that his consulting firm has &quot;pre-revealed every mini-LED product Apple has made so far.&quot; In February, Young claimed that Apple will launch an iMac Pro as early as summer 2022. But the analyst immediately retracted that prediction when Apple unveiled the Mac Studio, which only hit the rumor mill at the last minute. Young explained that his sources were unaware of the difference between the iMac, Mac Studio, and Studio Display, leading to confusion about Apple&#039;s exact plans. Kuo and Young both have a strong track record of leaking information about future Apple products, so it will be interesting to see if Apple announces any new mini-LED products this year. (Image: rendersbyian)<\/p>\n\n\n\n<ul class=\"wp-block-list\"><li><a href=\"https:\/\/www.apfelpatient.de\/en\/news\/studio-display-this-is-how-the-first-test-reports-turn-out\">Studio Display: This is what the first test reports say<\/a><\/li><\/ul>\n\n\n\n<h6 class=\"wp-block-heading translation-block\" id=\"h-kennt-ihr-schon-unsere-amazon-storefront-dort-findet-ihr-eine-handverlesene-auswahl-von-diversen-produkten-f-r-euer-iphone-und-co-viel-spa-beim-st-bern\"><em>Have you already visited our Amazon Storefront? There you&#039;ll find a hand-picked selection of various products for your iPhone and other devices \u2013 <span class=\"has-inline-color has-vivid-red-color\"><a href=\"https:\/\/www.amazon.de\/shop\/apfelpatientofficial\" class=\"ek-link\" data-wpel-link=\"exclude\" rel=\"follow noopener\" target=\"_self\"><span style=\"text-decoration: underline\" class=\"ek-underline\">enjoy browsing<\/span><\/a> !<\/span><\/em><\/h6>\n\n\n\n<h6 class=\"wp-block-heading translation-block\" id=\"h-der-beitrag-enthalt-partnerlinks\">This post contains <a data-type=\"URL\" data-id=\"https:\/\/www.apfelpatient.de\/partnerprogramm\" href=\"https:\/\/www.apfelpatient.de\/en\/partner-program\" data-wpel-link=\"internal\" target=\"_self\">affiliate links<\/a>.<\/h6>","protected":false},"excerpt":{"rendered":"<p>Analyst Ross Young has reiterated his belief that Apple will introduce a new product with a mini-LED display in June.<\/p>","protected":false},"author":2,"featured_media":30644,"comment_status":"closed","ping_status":"closed","sticky":false,"template":"","format":"standard","meta":{"jnews-multi-image_gallery":[],"jnews_single_post":{"subtitle":"","format":"standard","video":"","gallery":"","source_name":"","source_url":"","via_name":"","via_url":"","override":[{"single_blog_custom":"","sidebar":"","second_sidebar":"","share_position":"","share_float_style":"","post_date_format":"","post_date_format_custom":"","post_reading_time_wpm":"","zoom_button_out_step":"1","zoom_button_in_step":"1","number_popup_post":"1"}],"image_override":[{"single_post_thumbnail_size":"","single_post_gallery_size":""}],"trending_post_position":"","trending_post_label":"","sponsored_post_label":"","sponsored_post_name":"","sponsored_post_url":"","sponsored_post_logo":"","sponsored_post_desc":""},"jnews_primary_category":{"id":"25"},"footnotes":""},"categories":[25],"tags":[40],"class_list":["post-30774","post","type-post","status-publish","format-standard","has-post-thumbnail","hentry","category-rumors","tag-mac"],"yoast_head":"<!-- This site is optimized with the Yoast SEO Premium plugin v27.5 (Yoast SEO v27.5) - https:\/\/yoast.com\/product\/yoast-seo-premium-wordpress\/ -->\n<title>Wird Apple ein neues 27&quot; Mini-LED-Produkt im Sommer vorstellen?<\/title>\n<meta name=\"description\" content=\"Der Analyst Ross Young hat seine \u00dcberzeugung bekr\u00e4ftigt, dass Apple im Juni ein neues Produkt mit einem Mini-LED-Display vorstellen wird.\" \/>\n<meta name=\"robots\" content=\"index, follow, max-snippet:-1, max-image-preview:large, max-video-preview:-1\" \/>\n<link rel=\"canonical\" href=\"https:\/\/www.apfelpatient.de\/en\/rumors\/will-apple-introduce-a-new-27-mini-led-product-in-summer\" \/>\n<meta property=\"og:locale\" content=\"en_US\" \/>\n<meta property=\"og:type\" content=\"article\" \/>\n<meta property=\"og:title\" content=\"Wird Apple ein neues 27&quot; Mini-LED-Produkt im Sommer vorstellen?\" \/>\n<meta property=\"og:description\" content=\"Der Analyst Ross Young hat seine \u00dcberzeugung bekr\u00e4ftigt, dass Apple im Juni ein neues Produkt mit einem Mini-LED-Display vorstellen wird.\" \/>\n<meta property=\"og:url\" content=\"https:\/\/www.apfelpatient.de\/en\/rumors\/will-apple-introduce-a-new-27-mini-led-product-in-summer\" \/>\n<meta property=\"og:site_name\" content=\"Apfelpatient\" \/>\n<meta property=\"article:publisher\" content=\"https:\/\/www.facebook.com\/apfelpatientOfficial\" \/>\n<meta property=\"article:author\" content=\"https:\/\/www.facebook.com\/apfelpatientOfficial\" \/>\n<meta property=\"article:published_time\" content=\"2022-03-17T17:17:49+00:00\" \/>\n<meta property=\"article:modified_time\" content=\"2022-03-17T17:17:50+00:00\" \/>\n<meta property=\"og:image\" content=\"https:\/\/www.apfelpatient.de\/wp-content\/uploads\/2022\/03\/iMac-Pro-Dual.png\" \/>\n\t<meta property=\"og:image:width\" content=\"1600\" \/>\n\t<meta property=\"og:image:height\" content=\"929\" \/>\n\t<meta property=\"og:image:type\" content=\"image\/png\" \/>\n<meta name=\"author\" content=\"Milan\" \/>\n<meta name=\"twitter:card\" content=\"summary_large_image\" \/>\n<meta name=\"twitter:description\" content=\"Der Analyst Ross Young hat seine \u00dcberzeugung bekr\u00e4ftigt, dass Apple im Juni ein neues Produkt mit einem Mini-LED-Display vorstellen wird.\" \/>\n<meta name=\"twitter:label1\" content=\"Written by\" \/>\n\t<meta name=\"twitter:data1\" content=\"Milan\" \/>\n\t<meta name=\"twitter:label2\" content=\"Est. reading time\" \/>\n\t<meta name=\"twitter:data2\" content=\"2 minutes\" \/>\n<script type=\"application\/ld+json\" class=\"yoast-schema-graph\">{\"@context\":\"https:\\\/\\\/schema.org\",\"@graph\":[{\"@type\":\"NewsArticle\",\"@id\":\"https:\\\/\\\/www.apfelpatient.de\\\/rumors\\\/wird-apple-ein-neues-27-mini-led-produkt-im-sommer-vorstellen#article\",\"isPartOf\":{\"@id\":\"https:\\\/\\\/www.apfelpatient.de\\\/rumors\\\/wird-apple-ein-neues-27-mini-led-produkt-im-sommer-vorstellen\"},\"author\":{\"@type\":\"Organization\",\"@id\":\"https:\\\/\\\/www.apfelpatient.de\\\/en\\\/#organization\",\"name\":\"Apfelpatient\",\"url\":\"https:\\\/\\\/www.apfelpatient.de\\\/en\\\/\"},\"headline\":\"Wird Apple ein neues 27&#8243; Mini-LED-Produkt im Sommer vorstellen?\",\"datePublished\":\"2022-03-17T17:17:49+00:00\",\"dateModified\":\"2022-03-17T17:17:50+00:00\",\"mainEntityOfPage\":{\"@id\":\"https:\\\/\\\/www.apfelpatient.de\\\/rumors\\\/wird-apple-ein-neues-27-mini-led-produkt-im-sommer-vorstellen\"},\"wordCount\":353,\"publisher\":{\"@type\":\"Organization\",\"@id\":\"https:\\\/\\\/www.apfelpatient.de\\\/en\\\/#organization\",\"name\":\"Apfelpatient\",\"url\":\"https:\\\/\\\/www.apfelpatient.de\\\/en\\\/\"},\"image\":{\"@id\":\"https:\\\/\\\/www.apfelpatient.de\\\/rumors\\\/wird-apple-ein-neues-27-mini-led-produkt-im-sommer-vorstellen#primaryimage\"},\"thumbnailUrl\":\"https:\\\/\\\/www.apfelpatient.de\\\/wp-content\\\/uploads\\\/2022\\\/03\\\/iMac-Pro-Dual.png\",\"keywords\":[\"Mac\"],\"articleSection\":\"Rumors\",\"inLanguage\":\"en-US\",\"copyrightYear\":\"2022\",\"copyrightHolder\":{\"@id\":\"https:\\\/\\\/www.apfelpatient.de\\\/en\\\/#organization\"}},{\"@type\":\"WebPage\",\"@id\":\"https:\\\/\\\/www.apfelpatient.de\\\/rumors\\\/wird-apple-ein-neues-27-mini-led-produkt-im-sommer-vorstellen\",\"url\":\"https:\\\/\\\/www.apfelpatient.de\\\/rumors\\\/wird-apple-ein-neues-27-mini-led-produkt-im-sommer-vorstellen\",\"name\":\"Wird Apple ein neues 27\\\" Mini-LED-Produkt im Sommer vorstellen?\",\"isPartOf\":{\"@id\":\"https:\\\/\\\/www.apfelpatient.de\\\/#website\"},\"primaryImageOfPage\":{\"@id\":\"https:\\\/\\\/www.apfelpatient.de\\\/rumors\\\/wird-apple-ein-neues-27-mini-led-produkt-im-sommer-vorstellen#primaryimage\"},\"image\":{\"@id\":\"https:\\\/\\\/www.apfelpatient.de\\\/rumors\\\/wird-apple-ein-neues-27-mini-led-produkt-im-sommer-vorstellen#primaryimage\"},\"thumbnailUrl\":\"https:\\\/\\\/www.apfelpatient.de\\\/wp-content\\\/uploads\\\/2022\\\/03\\\/iMac-Pro-Dual.png\",\"datePublished\":\"2022-03-17T17:17:49+00:00\",\"dateModified\":\"2022-03-17T17:17:50+00:00\",\"description\":\"Der Analyst Ross Young hat seine \u00dcberzeugung bekr\u00e4ftigt, dass Apple im Juni ein neues Produkt mit einem Mini-LED-Display vorstellen wird.\",\"breadcrumb\":{\"@id\":\"https:\\\/\\\/www.apfelpatient.de\\\/rumors\\\/wird-apple-ein-neues-27-mini-led-produkt-im-sommer-vorstellen#breadcrumb\"},\"inLanguage\":\"en-US\",\"potentialAction\":[{\"@type\":\"ReadAction\",\"target\":[\"https:\\\/\\\/www.apfelpatient.de\\\/rumors\\\/wird-apple-ein-neues-27-mini-led-produkt-im-sommer-vorstellen\"]}]},{\"@type\":\"ImageObject\",\"inLanguage\":\"en-US\",\"@id\":\"https:\\\/\\\/www.apfelpatient.de\\\/rumors\\\/wird-apple-ein-neues-27-mini-led-produkt-im-sommer-vorstellen#primaryimage\",\"url\":\"https:\\\/\\\/www.apfelpatient.de\\\/wp-content\\\/uploads\\\/2022\\\/03\\\/iMac-Pro-Dual.png\",\"contentUrl\":\"https:\\\/\\\/www.apfelpatient.de\\\/wp-content\\\/uploads\\\/2022\\\/03\\\/iMac-Pro-Dual.png\",\"width\":1600,\"height\":929,\"caption\":\"Bild: rendersbyian\"},{\"@type\":\"BreadcrumbList\",\"@id\":\"https:\\\/\\\/www.apfelpatient.de\\\/rumors\\\/wird-apple-ein-neues-27-mini-led-produkt-im-sommer-vorstellen#breadcrumb\",\"itemListElement\":[{\"@type\":\"ListItem\",\"position\":1,\"name\":\"Startseite\",\"item\":\"https:\\\/\\\/www.apfelpatient.de\\\/\"},{\"@type\":\"ListItem\",\"position\":2,\"name\":\"Wird Apple ein neues 27&#8243; Mini-LED-Produkt im Sommer vorstellen?\"}]},{\"@type\":\"WebSite\",\"@id\":\"https:\\\/\\\/www.apfelpatient.de\\\/#website\",\"url\":\"https:\\\/\\\/www.apfelpatient.de\\\/\",\"name\":\"Apfelpatient\",\"description\":\"Alles rund um Apple!\",\"publisher\":{\"@type\":\"Organization\",\"@id\":\"https:\\\/\\\/www.apfelpatient.de\\\/en\\\/#organization\",\"name\":\"Apfelpatient\",\"url\":\"https:\\\/\\\/www.apfelpatient.de\\\/en\\\/\"},\"alternateName\":\"Apfelpatient\",\"potentialAction\":[{\"@type\":\"SearchAction\",\"target\":{\"@type\":\"EntryPoint\",\"urlTemplate\":\"https:\\\/\\\/www.apfelpatient.de\\\/?s={search_term_string}\"},\"query-input\":{\"@type\":\"PropertyValueSpecification\",\"valueRequired\":true,\"valueName\":\"search_term_string\"}}],\"inLanguage\":\"en-US\"},{\"@type\":[\"Person\",\"Organization\"],\"@id\":\"https:\\\/\\\/www.apfelpatient.de\\\/#\\\/schema\\\/person\\\/35b3ddba5832f2bfc7fff5206d4f6b7b\",\"name\":\"Milan\",\"logo\":{\"@id\":\"https:\\\/\\\/www.apfelpatient.de\\\/#\\\/schema\\\/person\\\/image\\\/\"},\"description\":\"Hallo und herzlich willkommen auf meinem Technik-Blog! Als gro\u00dfer Apple-Fan berichte ich hier \u00fcber alles, was mit Apple zu tun hat: von den neuesten News und spannenden Ger\u00fcchten \u00fcber hilfreiche Tipps und Tricks bis hin zu ausf\u00fchrlichen Produkttests. Wenn du genauso technikbegeistert bist wie ich, bist du hier genau richtig!\",\"sameAs\":[\"https:\\\/\\\/www.facebook.com\\\/apfelpatientOfficial\",\"https:\\\/\\\/www.linkedin.com\\\/in\\\/milan-jovicic-42aa0231b\"],\"url\":\"https:\\\/\\\/www.apfelpatient.de\\\/en\\\/author\\\/apfeladmin\"}]}<\/script>\n<!-- \/ Yoast SEO Premium plugin. -->","yoast_head_json":{"title":"Will Apple introduce a new 27&quot; mini-LED product in the summer?","description":"Analyst Ross Young has reiterated his belief that Apple will introduce a new product with a mini-LED display in June.","robots":{"index":"index","follow":"follow","max-snippet":"max-snippet:-1","max-image-preview":"max-image-preview:large","max-video-preview":"max-video-preview:-1"},"canonical":"https:\/\/www.apfelpatient.de\/en\/rumors\/will-apple-introduce-a-new-27-mini-led-product-in-summer","og_locale":"en_US","og_type":"article","og_title":"Wird Apple ein neues 27\" Mini-LED-Produkt im Sommer vorstellen?","og_description":"Der Analyst Ross Young hat seine \u00dcberzeugung bekr\u00e4ftigt, dass Apple im Juni ein neues Produkt mit einem Mini-LED-Display vorstellen wird.","og_url":"https:\/\/www.apfelpatient.de\/en\/rumors\/will-apple-introduce-a-new-27-mini-led-product-in-summer","og_site_name":"Apfelpatient","article_publisher":"https:\/\/www.facebook.com\/apfelpatientOfficial","article_author":"https:\/\/www.facebook.com\/apfelpatientOfficial","article_published_time":"2022-03-17T17:17:49+00:00","article_modified_time":"2022-03-17T17:17:50+00:00","og_image":[{"width":1600,"height":929,"url":"https:\/\/www.apfelpatient.de\/wp-content\/uploads\/2022\/03\/iMac-Pro-Dual.png","type":"image\/png"}],"author":"Milan","twitter_card":"summary_large_image","twitter_description":"Der Analyst Ross Young hat seine \u00dcberzeugung bekr\u00e4ftigt, dass Apple im Juni ein neues Produkt mit einem Mini-LED-Display vorstellen wird.","twitter_misc":{"Written by":"Milan","Est. reading time":"2 minutes"},"schema":{"@context":"https:\/\/schema.org","@graph":[{"@type":"NewsArticle","@id":"https:\/\/www.apfelpatient.de\/rumors\/wird-apple-ein-neues-27-mini-led-produkt-im-sommer-vorstellen#article","isPartOf":{"@id":"https:\/\/www.apfelpatient.de\/rumors\/wird-apple-ein-neues-27-mini-led-produkt-im-sommer-vorstellen"},"author":{"@type":"Organization","@id":"https:\/\/www.apfelpatient.de\/en\/#organization","name":"Apfelpatient","url":"https:\/\/www.apfelpatient.de\/en\/"},"headline":"Wird Apple ein neues 27&#8243; Mini-LED-Produkt im Sommer vorstellen?","datePublished":"2022-03-17T17:17:49+00:00","dateModified":"2022-03-17T17:17:50+00:00","mainEntityOfPage":{"@id":"https:\/\/www.apfelpatient.de\/rumors\/wird-apple-ein-neues-27-mini-led-produkt-im-sommer-vorstellen"},"wordCount":353,"publisher":{"@type":"Organization","@id":"https:\/\/www.apfelpatient.de\/en\/#organization","name":"Apfelpatient","url":"https:\/\/www.apfelpatient.de\/en\/"},"image":{"@id":"https:\/\/www.apfelpatient.de\/rumors\/wird-apple-ein-neues-27-mini-led-produkt-im-sommer-vorstellen#primaryimage"},"thumbnailUrl":"https:\/\/www.apfelpatient.de\/wp-content\/uploads\/2022\/03\/iMac-Pro-Dual.png","keywords":["Mac"],"articleSection":"Rumors","inLanguage":"en-US","copyrightYear":"2022","copyrightHolder":{"@id":"https:\/\/www.apfelpatient.de\/en\/#organization"}},{"@type":"WebPage","@id":"https:\/\/www.apfelpatient.de\/rumors\/wird-apple-ein-neues-27-mini-led-produkt-im-sommer-vorstellen","url":"https:\/\/www.apfelpatient.de\/rumors\/wird-apple-ein-neues-27-mini-led-produkt-im-sommer-vorstellen","name":"Will Apple introduce a new 27&quot; mini-LED product in the summer?","isPartOf":{"@id":"https:\/\/www.apfelpatient.de\/#website"},"primaryImageOfPage":{"@id":"https:\/\/www.apfelpatient.de\/rumors\/wird-apple-ein-neues-27-mini-led-produkt-im-sommer-vorstellen#primaryimage"},"image":{"@id":"https:\/\/www.apfelpatient.de\/rumors\/wird-apple-ein-neues-27-mini-led-produkt-im-sommer-vorstellen#primaryimage"},"thumbnailUrl":"https:\/\/www.apfelpatient.de\/wp-content\/uploads\/2022\/03\/iMac-Pro-Dual.png","datePublished":"2022-03-17T17:17:49+00:00","dateModified":"2022-03-17T17:17:50+00:00","description":"Analyst Ross Young has reiterated his belief that Apple will introduce a new product with a mini-LED display in June.","breadcrumb":{"@id":"https:\/\/www.apfelpatient.de\/rumors\/wird-apple-ein-neues-27-mini-led-produkt-im-sommer-vorstellen#breadcrumb"},"inLanguage":"en-US","potentialAction":[{"@type":"ReadAction","target":["https:\/\/www.apfelpatient.de\/rumors\/wird-apple-ein-neues-27-mini-led-produkt-im-sommer-vorstellen"]}]},{"@type":"ImageObject","inLanguage":"en-US","@id":"https:\/\/www.apfelpatient.de\/rumors\/wird-apple-ein-neues-27-mini-led-produkt-im-sommer-vorstellen#primaryimage","url":"https:\/\/www.apfelpatient.de\/wp-content\/uploads\/2022\/03\/iMac-Pro-Dual.png","contentUrl":"https:\/\/www.apfelpatient.de\/wp-content\/uploads\/2022\/03\/iMac-Pro-Dual.png","width":1600,"height":929,"caption":"Bild: rendersbyian"},{"@type":"BreadcrumbList","@id":"https:\/\/www.apfelpatient.de\/rumors\/wird-apple-ein-neues-27-mini-led-produkt-im-sommer-vorstellen#breadcrumb","itemListElement":[{"@type":"ListItem","position":1,"name":"Startseite","item":"https:\/\/www.apfelpatient.de\/"},{"@type":"ListItem","position":2,"name":"Wird Apple ein neues 27&#8243; Mini-LED-Produkt im Sommer vorstellen?"}]},{"@type":"WebSite","@id":"https:\/\/www.apfelpatient.de\/#website","url":"https:\/\/www.apfelpatient.de\/","name":"apple patient","description":"Everything about Apple!","publisher":{"@type":"Organization","@id":"https:\/\/www.apfelpatient.de\/en\/#organization","name":"Apfelpatient","url":"https:\/\/www.apfelpatient.de\/en\/"},"alternateName":"Apfelpatient","potentialAction":[{"@type":"SearchAction","target":{"@type":"EntryPoint","urlTemplate":"https:\/\/www.apfelpatient.de\/?s={search_term_string}"},"query-input":{"@type":"PropertyValueSpecification","valueRequired":true,"valueName":"search_term_string"}}],"inLanguage":"en-US"},{"@type":["Person","Organization"],"@id":"https:\/\/www.apfelpatient.de\/#\/schema\/person\/35b3ddba5832f2bfc7fff5206d4f6b7b","name":"Milan","logo":{"@id":"https:\/\/www.apfelpatient.de\/#\/schema\/person\/image\/"},"description":"Hello and welcome to my technology blog! As a big Apple fan, I report on everything to do with Apple: from the latest news and exciting rumors to helpful tips and tricks and detailed product tests. If you are as enthusiastic about technology as I am, you have come to the right place!","sameAs":["https:\/\/www.facebook.com\/apfelpatientOfficial","https:\/\/www.linkedin.com\/in\/milan-jovicic-42aa0231b"],"url":"https:\/\/www.apfelpatient.de\/en\/author\/apfeladmin"}]}},"_links":{"self":[{"href":"https:\/\/www.apfelpatient.de\/en\/wp-json\/wp\/v2\/posts\/30774","targetHints":{"allow":["GET"]}}],"collection":[{"href":"https:\/\/www.apfelpatient.de\/en\/wp-json\/wp\/v2\/posts"}],"about":[{"href":"https:\/\/www.apfelpatient.de\/en\/wp-json\/wp\/v2\/types\/post"}],"author":[{"embeddable":true,"href":"https:\/\/www.apfelpatient.de\/en\/wp-json\/wp\/v2\/users\/2"}],"replies":[{"embeddable":true,"href":"https:\/\/www.apfelpatient.de\/en\/wp-json\/wp\/v2\/comments?post=30774"}],"version-history":[{"count":0,"href":"https:\/\/www.apfelpatient.de\/en\/wp-json\/wp\/v2\/posts\/30774\/revisions"}],"wp:featuredmedia":[{"embeddable":true,"href":"https:\/\/www.apfelpatient.de\/en\/wp-json\/wp\/v2\/media\/30644"}],"wp:attachment":[{"href":"https:\/\/www.apfelpatient.de\/en\/wp-json\/wp\/v2\/media?parent=30774"}],"wp:term":[{"taxonomy":"category","embeddable":true,"href":"https:\/\/www.apfelpatient.de\/en\/wp-json\/wp\/v2\/categories?post=30774"},{"taxonomy":"post_tag","embeddable":true,"href":"https:\/\/www.apfelpatient.de\/en\/wp-json\/wp\/v2\/tags?post=30774"}],"curies":[{"name":"wp","href":"https:\/\/api.w.org\/{rel}","templated":true}]}}