{"id":30716,"date":"2022-03-15T18:52:41","date_gmt":"2022-03-15T17:52:41","guid":{"rendered":"https:\/\/www.apfelpatient.de\/?p=30716"},"modified":"2022-03-15T18:52:42","modified_gmt":"2022-03-15T17:52:42","slug":"electric-vehicle-apple-car-team-needs-to-be-reorganized","status":"publish","type":"post","link":"https:\/\/www.apfelpatient.de\/en\/rumors\/elektrofahrzeug-apple-car-team-muss-reorganisiert-werden","title":{"rendered":"Electric vehicle: Apple Car team needs to be reorganized"},"content":{"rendered":"<p class=\"has-drop-cap\"><strong>Apple&#039;s team working on the company&#039;s long-discussed electric vehicle has been &quot;disbanded for some time&quot; and will soon need to be reorganized so that mass production of the vehicle can begin by 2025. This is now reported by renowned Apple analyst Ming-Chi Kuo.<\/strong><\/p>\n\n\n\n<p>Apple&#039;s plans for an electric vehicle have <a href=\"https:\/\/twitter.com\/mingchikuo\/status\/1503736699889000453?s=20&amp;t=kU_THC6UQUnVGH3judMs8w\" target=\"_blank\" rel=\"noreferrer noopener\">Report<\/a> Apple has suffered numerous setbacks since the project was approved in 2014, including several leadership changes. In November 2021, Bloomberg&#039;s Mark Gurman reported that Apple is accelerating work on the project and is aiming for an electric vehicle with full self-driving capabilities - currently known as the Apple Car. Gurman said Apple is aiming for a 2025 launch, but the timeline could still shift due to development challenges.<\/p>\n\n\n\n<h3 class=\"wp-block-heading\" id=\"h-apple-car-vorstellung-nicht-vor-2025-moglich\">Apple Car: Presentation not possible before 2025<\/h3>\n\n\n\n\n\n\n\n<p>Apple&#039;s vice president of technology, Kevin Lynch, took over the leadership of the Apple Car project last year, according to Gurman. Lynch, who is known for his work on the Apple Watch, has been with Apple since 2013 and previously held a senior position at Adobe. Rumors surrounding the Apple Car vary widely, but if the team is successfully reorganized, the vehicle could be unveiled in three years at the earliest. (Photo by Vladislav27 \/ Bigstockphoto)<\/p>\n\n\n\n<ul class=\"wp-block-list\"><li><a href=\"https:\/\/www.apfelpatient.de\/en\/rumors\/apple-car-apple-develops-autopilot-function\">Apple Car: Apple develops autopilot function<\/a><\/li><\/ul>\n\n\n\n<h6 class=\"wp-block-heading translation-block\" id=\"h-kennt-ihr-schon-unsere-amazon-storefront-dort-findet-ihr-eine-handverlesene-auswahl-von-diversen-produkten-f-r-euer-iphone-und-co-viel-spa-beim-st-bern\"><em>Have you already visited our Amazon Storefront? There you&#039;ll find a hand-picked selection of various products for your iPhone and other devices \u2013 <span class=\"has-inline-color has-vivid-red-color\"><a href=\"https:\/\/www.amazon.de\/shop\/apfelpatientofficial\" class=\"ek-link\" data-wpel-link=\"exclude\" rel=\"follow noopener\" target=\"_self\"><span style=\"text-decoration: underline\" class=\"ek-underline\">enjoy browsing<\/span><\/a> !<\/span><\/em><\/h6>\n\n\n\n<h6 class=\"wp-block-heading translation-block\" id=\"h-der-beitrag-enthalt-partnerlinks\">This post contains <a data-type=\"URL\" data-id=\"https:\/\/www.apfelpatient.de\/partnerprogramm\" href=\"https:\/\/www.apfelpatient.de\/en\/partner-program\" data-wpel-link=\"internal\" target=\"_self\">affiliate links<\/a>.<\/h6>","protected":false},"excerpt":{"rendered":"<p>Apple&#039;s plans for an Apple Car have reportedly suffered numerous setbacks since the project was approved in 2014.<\/p>","protected":false},"author":2,"featured_media":30710,"comment_status":"closed","ping_status":"closed","sticky":false,"template":"","format":"standard","meta":{"jnews-multi-image_gallery":[],"jnews_single_post":{"subtitle":"","format":"standard","video":"","gallery":"","source_name":"","source_url":"","via_name":"","via_url":"","override":[{"single_blog_custom":"","sidebar":"","second_sidebar":"","share_position":"","share_float_style":"","post_date_format":"","post_date_format_custom":"","post_reading_time_wpm":"","zoom_button_out_step":"1","zoom_button_in_step":"1","number_popup_post":"1"}],"image_override":[{"single_post_thumbnail_size":"","single_post_gallery_size":""}],"trending_post_position":"","trending_post_label":"","sponsored_post_label":"","sponsored_post_name":"","sponsored_post_url":"","sponsored_post_logo":"","sponsored_post_desc":""},"jnews_primary_category":{"id":"25"},"footnotes":""},"categories":[25],"tags":[115,13],"class_list":["post-30716","post","type-post","status-publish","format-standard","has-post-thumbnail","hentry","category-rumors","tag-apple-car","tag-techpatient"],"yoast_head":"<!-- This site is optimized with the Yoast SEO Premium plugin v27.5 (Yoast SEO v27.5) - https:\/\/yoast.com\/product\/yoast-seo-premium-wordpress\/ -->\n<title>Elektrofahrzeug: Apple Car Team muss reorganisiert werden Apfelpatient<\/title>\n<meta name=\"description\" content=\"Apples Pl\u00e4ne f\u00fcr ein Apple Car haben Berichten zufolge seit der Genehmigung des Projekts im Jahr 2014 zahlreiche R\u00fcckschl\u00e4ge erlitten.\" \/>\n<meta name=\"robots\" content=\"index, follow, max-snippet:-1, max-image-preview:large, max-video-preview:-1\" \/>\n<link rel=\"canonical\" href=\"https:\/\/www.apfelpatient.de\/en\/rumors\/electric-vehicle-apple-car-team-needs-to-be-reorganized\" \/>\n<meta property=\"og:locale\" content=\"en_US\" \/>\n<meta property=\"og:type\" content=\"article\" \/>\n<meta property=\"og:title\" content=\"Elektrofahrzeug: Apple Car Team muss reorganisiert werden\" \/>\n<meta property=\"og:description\" content=\"Apples Pl\u00e4ne f\u00fcr ein Apple Car haben Berichten zufolge seit der Genehmigung des Projekts im Jahr 2014 zahlreiche R\u00fcckschl\u00e4ge erlitten.\" \/>\n<meta property=\"og:url\" content=\"https:\/\/www.apfelpatient.de\/en\/rumors\/electric-vehicle-apple-car-team-needs-to-be-reorganized\" \/>\n<meta property=\"og:site_name\" content=\"Apfelpatient\" \/>\n<meta property=\"article:publisher\" content=\"https:\/\/www.facebook.com\/apfelpatientOfficial\" \/>\n<meta property=\"article:author\" content=\"https:\/\/www.facebook.com\/apfelpatientOfficial\" \/>\n<meta property=\"article:published_time\" content=\"2022-03-15T17:52:41+00:00\" \/>\n<meta property=\"article:modified_time\" content=\"2022-03-15T17:52:42+00:00\" \/>\n<meta property=\"og:image\" content=\"https:\/\/www.apfelpatient.de\/wp-content\/uploads\/2022\/03\/bigstock-Polygonal-Vector-Illustration-439754666.jpg\" \/>\n\t<meta property=\"og:image:width\" content=\"1600\" \/>\n\t<meta property=\"og:image:height\" content=\"900\" \/>\n\t<meta property=\"og:image:type\" content=\"image\/jpeg\" \/>\n<meta name=\"author\" content=\"Milan\" \/>\n<meta name=\"twitter:card\" content=\"summary_large_image\" \/>\n<meta name=\"twitter:description\" content=\"Apples Pl\u00e4ne f\u00fcr ein Apple Car haben Berichten zufolge seit der Genehmigung des Projekts im Jahr 2014 zahlreiche R\u00fcckschl\u00e4ge erlitten.\" \/>\n<meta name=\"twitter:label1\" content=\"Written by\" \/>\n\t<meta name=\"twitter:data1\" content=\"Milan\" \/>\n\t<meta name=\"twitter:label2\" content=\"Est. reading time\" \/>\n\t<meta name=\"twitter:data2\" content=\"2 minutes\" \/>\n<script type=\"application\/ld+json\" class=\"yoast-schema-graph\">{\"@context\":\"https:\\\/\\\/schema.org\",\"@graph\":[{\"@type\":\"NewsArticle\",\"@id\":\"https:\\\/\\\/www.apfelpatient.de\\\/rumors\\\/elektrofahrzeug-apple-car-team-muss-reorganisiert-werden#article\",\"isPartOf\":{\"@id\":\"https:\\\/\\\/www.apfelpatient.de\\\/rumors\\\/elektrofahrzeug-apple-car-team-muss-reorganisiert-werden\"},\"author\":{\"@type\":\"Organization\",\"@id\":\"https:\\\/\\\/www.apfelpatient.de\\\/en\\\/#organization\",\"name\":\"Apfelpatient\",\"url\":\"https:\\\/\\\/www.apfelpatient.de\\\/en\\\/\"},\"headline\":\"Elektrofahrzeug: Apple Car Team muss reorganisiert werden\",\"datePublished\":\"2022-03-15T17:52:41+00:00\",\"dateModified\":\"2022-03-15T17:52:42+00:00\",\"mainEntityOfPage\":{\"@id\":\"https:\\\/\\\/www.apfelpatient.de\\\/rumors\\\/elektrofahrzeug-apple-car-team-muss-reorganisiert-werden\"},\"wordCount\":216,\"publisher\":{\"@type\":\"Organization\",\"@id\":\"https:\\\/\\\/www.apfelpatient.de\\\/en\\\/#organization\",\"name\":\"Apfelpatient\",\"url\":\"https:\\\/\\\/www.apfelpatient.de\\\/en\\\/\"},\"image\":{\"@id\":\"https:\\\/\\\/www.apfelpatient.de\\\/rumors\\\/elektrofahrzeug-apple-car-team-muss-reorganisiert-werden#primaryimage\"},\"thumbnailUrl\":\"https:\\\/\\\/www.apfelpatient.de\\\/wp-content\\\/uploads\\\/2022\\\/03\\\/bigstock-Polygonal-Vector-Illustration-439754666.jpg\",\"keywords\":[\"Apple Car\",\"TechPatient\"],\"articleSection\":\"Rumors\",\"inLanguage\":\"en-US\",\"copyrightYear\":\"2022\",\"copyrightHolder\":{\"@id\":\"https:\\\/\\\/www.apfelpatient.de\\\/en\\\/#organization\"}},{\"@type\":\"WebPage\",\"@id\":\"https:\\\/\\\/www.apfelpatient.de\\\/rumors\\\/elektrofahrzeug-apple-car-team-muss-reorganisiert-werden\",\"url\":\"https:\\\/\\\/www.apfelpatient.de\\\/rumors\\\/elektrofahrzeug-apple-car-team-muss-reorganisiert-werden\",\"name\":\"Elektrofahrzeug: Apple Car Team muss reorganisiert werden Apfelpatient\",\"isPartOf\":{\"@id\":\"https:\\\/\\\/www.apfelpatient.de\\\/#website\"},\"primaryImageOfPage\":{\"@id\":\"https:\\\/\\\/www.apfelpatient.de\\\/rumors\\\/elektrofahrzeug-apple-car-team-muss-reorganisiert-werden#primaryimage\"},\"image\":{\"@id\":\"https:\\\/\\\/www.apfelpatient.de\\\/rumors\\\/elektrofahrzeug-apple-car-team-muss-reorganisiert-werden#primaryimage\"},\"thumbnailUrl\":\"https:\\\/\\\/www.apfelpatient.de\\\/wp-content\\\/uploads\\\/2022\\\/03\\\/bigstock-Polygonal-Vector-Illustration-439754666.jpg\",\"datePublished\":\"2022-03-15T17:52:41+00:00\",\"dateModified\":\"2022-03-15T17:52:42+00:00\",\"description\":\"Apples Pl\u00e4ne f\u00fcr ein Apple Car haben Berichten zufolge seit der Genehmigung des Projekts im Jahr 2014 zahlreiche R\u00fcckschl\u00e4ge erlitten.\",\"breadcrumb\":{\"@id\":\"https:\\\/\\\/www.apfelpatient.de\\\/rumors\\\/elektrofahrzeug-apple-car-team-muss-reorganisiert-werden#breadcrumb\"},\"inLanguage\":\"en-US\",\"potentialAction\":[{\"@type\":\"ReadAction\",\"target\":[\"https:\\\/\\\/www.apfelpatient.de\\\/rumors\\\/elektrofahrzeug-apple-car-team-muss-reorganisiert-werden\"]}]},{\"@type\":\"ImageObject\",\"inLanguage\":\"en-US\",\"@id\":\"https:\\\/\\\/www.apfelpatient.de\\\/rumors\\\/elektrofahrzeug-apple-car-team-muss-reorganisiert-werden#primaryimage\",\"url\":\"https:\\\/\\\/www.apfelpatient.de\\\/wp-content\\\/uploads\\\/2022\\\/03\\\/bigstock-Polygonal-Vector-Illustration-439754666.jpg\",\"contentUrl\":\"https:\\\/\\\/www.apfelpatient.de\\\/wp-content\\\/uploads\\\/2022\\\/03\\\/bigstock-Polygonal-Vector-Illustration-439754666.jpg\",\"width\":1600,\"height\":900,\"caption\":\"Polygonal vector illustration of a moving car, car driving, speed race, car made of dots and lines, creative vehicle banner or template.\"},{\"@type\":\"BreadcrumbList\",\"@id\":\"https:\\\/\\\/www.apfelpatient.de\\\/rumors\\\/elektrofahrzeug-apple-car-team-muss-reorganisiert-werden#breadcrumb\",\"itemListElement\":[{\"@type\":\"ListItem\",\"position\":1,\"name\":\"Startseite\",\"item\":\"https:\\\/\\\/www.apfelpatient.de\\\/\"},{\"@type\":\"ListItem\",\"position\":2,\"name\":\"Elektrofahrzeug: Apple Car Team muss reorganisiert werden\"}]},{\"@type\":\"WebSite\",\"@id\":\"https:\\\/\\\/www.apfelpatient.de\\\/#website\",\"url\":\"https:\\\/\\\/www.apfelpatient.de\\\/\",\"name\":\"Apfelpatient\",\"description\":\"Alles rund um Apple!\",\"publisher\":{\"@type\":\"Organization\",\"@id\":\"https:\\\/\\\/www.apfelpatient.de\\\/en\\\/#organization\",\"name\":\"Apfelpatient\",\"url\":\"https:\\\/\\\/www.apfelpatient.de\\\/en\\\/\"},\"alternateName\":\"Apfelpatient\",\"potentialAction\":[{\"@type\":\"SearchAction\",\"target\":{\"@type\":\"EntryPoint\",\"urlTemplate\":\"https:\\\/\\\/www.apfelpatient.de\\\/?s={search_term_string}\"},\"query-input\":{\"@type\":\"PropertyValueSpecification\",\"valueRequired\":true,\"valueName\":\"search_term_string\"}}],\"inLanguage\":\"en-US\"},{\"@type\":[\"Person\",\"Organization\"],\"@id\":\"https:\\\/\\\/www.apfelpatient.de\\\/#\\\/schema\\\/person\\\/7dc56ad6c8e9824b76d2c08d4c140e13\",\"name\":\"Milan\",\"logo\":{\"@id\":\"https:\\\/\\\/www.apfelpatient.de\\\/#\\\/schema\\\/person\\\/image\\\/\"},\"description\":\"Hallo und herzlich willkommen auf meinem Technik-Blog! Als gro\u00dfer Apple-Fan berichte ich hier \u00fcber alles, was mit Apple zu tun hat: von den neuesten News und spannenden Ger\u00fcchten \u00fcber hilfreiche Tipps und Tricks bis hin zu ausf\u00fchrlichen Produkttests. Wenn du genauso technikbegeistert bist wie ich, bist du hier genau richtig!\",\"sameAs\":[\"https:\\\/\\\/www.facebook.com\\\/apfelpatientOfficial\",\"https:\\\/\\\/www.linkedin.com\\\/in\\\/milan-jovicic-42aa0231b\"],\"url\":\"https:\\\/\\\/www.apfelpatient.de\\\/en\\\/author\\\/apfeladmin\"}]}<\/script>\n<!-- \/ Yoast SEO Premium plugin. -->","yoast_head_json":{"title":"Electric vehicle: Apple Car team needs to be reorganized Apfelpatient","description":"Apple&#039;s plans for an Apple Car have reportedly suffered numerous setbacks since the project was approved in 2014.","robots":{"index":"index","follow":"follow","max-snippet":"max-snippet:-1","max-image-preview":"max-image-preview:large","max-video-preview":"max-video-preview:-1"},"canonical":"https:\/\/www.apfelpatient.de\/en\/rumors\/electric-vehicle-apple-car-team-needs-to-be-reorganized","og_locale":"en_US","og_type":"article","og_title":"Elektrofahrzeug: Apple Car Team muss reorganisiert werden","og_description":"Apples Pl\u00e4ne f\u00fcr ein Apple Car haben Berichten zufolge seit der Genehmigung des Projekts im Jahr 2014 zahlreiche R\u00fcckschl\u00e4ge erlitten.","og_url":"https:\/\/www.apfelpatient.de\/en\/rumors\/electric-vehicle-apple-car-team-needs-to-be-reorganized","og_site_name":"Apfelpatient","article_publisher":"https:\/\/www.facebook.com\/apfelpatientOfficial","article_author":"https:\/\/www.facebook.com\/apfelpatientOfficial","article_published_time":"2022-03-15T17:52:41+00:00","article_modified_time":"2022-03-15T17:52:42+00:00","og_image":[{"width":1600,"height":900,"url":"https:\/\/www.apfelpatient.de\/wp-content\/uploads\/2022\/03\/bigstock-Polygonal-Vector-Illustration-439754666.jpg","type":"image\/jpeg"}],"author":"Milan","twitter_card":"summary_large_image","twitter_description":"Apples Pl\u00e4ne f\u00fcr ein Apple Car haben Berichten zufolge seit der Genehmigung des Projekts im Jahr 2014 zahlreiche R\u00fcckschl\u00e4ge erlitten.","twitter_misc":{"Written by":"Milan","Est. reading time":"2 minutes"},"schema":{"@context":"https:\/\/schema.org","@graph":[{"@type":"NewsArticle","@id":"https:\/\/www.apfelpatient.de\/rumors\/elektrofahrzeug-apple-car-team-muss-reorganisiert-werden#article","isPartOf":{"@id":"https:\/\/www.apfelpatient.de\/rumors\/elektrofahrzeug-apple-car-team-muss-reorganisiert-werden"},"author":{"@type":"Organization","@id":"https:\/\/www.apfelpatient.de\/en\/#organization","name":"Apfelpatient","url":"https:\/\/www.apfelpatient.de\/en\/"},"headline":"Elektrofahrzeug: Apple Car Team muss reorganisiert werden","datePublished":"2022-03-15T17:52:41+00:00","dateModified":"2022-03-15T17:52:42+00:00","mainEntityOfPage":{"@id":"https:\/\/www.apfelpatient.de\/rumors\/elektrofahrzeug-apple-car-team-muss-reorganisiert-werden"},"wordCount":216,"publisher":{"@type":"Organization","@id":"https:\/\/www.apfelpatient.de\/en\/#organization","name":"Apfelpatient","url":"https:\/\/www.apfelpatient.de\/en\/"},"image":{"@id":"https:\/\/www.apfelpatient.de\/rumors\/elektrofahrzeug-apple-car-team-muss-reorganisiert-werden#primaryimage"},"thumbnailUrl":"https:\/\/www.apfelpatient.de\/wp-content\/uploads\/2022\/03\/bigstock-Polygonal-Vector-Illustration-439754666.jpg","keywords":["Apple Car","TechPatient"],"articleSection":"Rumors","inLanguage":"en-US","copyrightYear":"2022","copyrightHolder":{"@id":"https:\/\/www.apfelpatient.de\/en\/#organization"}},{"@type":"WebPage","@id":"https:\/\/www.apfelpatient.de\/rumors\/elektrofahrzeug-apple-car-team-muss-reorganisiert-werden","url":"https:\/\/www.apfelpatient.de\/rumors\/elektrofahrzeug-apple-car-team-muss-reorganisiert-werden","name":"Electric vehicle: Apple Car team needs to be reorganized Apfelpatient","isPartOf":{"@id":"https:\/\/www.apfelpatient.de\/#website"},"primaryImageOfPage":{"@id":"https:\/\/www.apfelpatient.de\/rumors\/elektrofahrzeug-apple-car-team-muss-reorganisiert-werden#primaryimage"},"image":{"@id":"https:\/\/www.apfelpatient.de\/rumors\/elektrofahrzeug-apple-car-team-muss-reorganisiert-werden#primaryimage"},"thumbnailUrl":"https:\/\/www.apfelpatient.de\/wp-content\/uploads\/2022\/03\/bigstock-Polygonal-Vector-Illustration-439754666.jpg","datePublished":"2022-03-15T17:52:41+00:00","dateModified":"2022-03-15T17:52:42+00:00","description":"Apple&#039;s plans for an Apple Car have reportedly suffered numerous setbacks since the project was approved in 2014.","breadcrumb":{"@id":"https:\/\/www.apfelpatient.de\/rumors\/elektrofahrzeug-apple-car-team-muss-reorganisiert-werden#breadcrumb"},"inLanguage":"en-US","potentialAction":[{"@type":"ReadAction","target":["https:\/\/www.apfelpatient.de\/rumors\/elektrofahrzeug-apple-car-team-muss-reorganisiert-werden"]}]},{"@type":"ImageObject","inLanguage":"en-US","@id":"https:\/\/www.apfelpatient.de\/rumors\/elektrofahrzeug-apple-car-team-muss-reorganisiert-werden#primaryimage","url":"https:\/\/www.apfelpatient.de\/wp-content\/uploads\/2022\/03\/bigstock-Polygonal-Vector-Illustration-439754666.jpg","contentUrl":"https:\/\/www.apfelpatient.de\/wp-content\/uploads\/2022\/03\/bigstock-Polygonal-Vector-Illustration-439754666.jpg","width":1600,"height":900,"caption":"Polygonal vector illustration of a moving car, car driving, speed race, car made of dots and lines, creative vehicle banner or template."},{"@type":"BreadcrumbList","@id":"https:\/\/www.apfelpatient.de\/rumors\/elektrofahrzeug-apple-car-team-muss-reorganisiert-werden#breadcrumb","itemListElement":[{"@type":"ListItem","position":1,"name":"Startseite","item":"https:\/\/www.apfelpatient.de\/"},{"@type":"ListItem","position":2,"name":"Elektrofahrzeug: Apple Car Team muss reorganisiert werden"}]},{"@type":"WebSite","@id":"https:\/\/www.apfelpatient.de\/#website","url":"https:\/\/www.apfelpatient.de\/","name":"apple patient","description":"Everything about Apple!","publisher":{"@type":"Organization","@id":"https:\/\/www.apfelpatient.de\/en\/#organization","name":"Apfelpatient","url":"https:\/\/www.apfelpatient.de\/en\/"},"alternateName":"Apfelpatient","potentialAction":[{"@type":"SearchAction","target":{"@type":"EntryPoint","urlTemplate":"https:\/\/www.apfelpatient.de\/?s={search_term_string}"},"query-input":{"@type":"PropertyValueSpecification","valueRequired":true,"valueName":"search_term_string"}}],"inLanguage":"en-US"},{"@type":["Person","Organization"],"@id":"https:\/\/www.apfelpatient.de\/#\/schema\/person\/7dc56ad6c8e9824b76d2c08d4c140e13","name":"Milan","logo":{"@id":"https:\/\/www.apfelpatient.de\/#\/schema\/person\/image\/"},"description":"Hello and welcome to my technology blog! As a big Apple fan, I report on everything to do with Apple: from the latest news and exciting rumors to helpful tips and tricks and detailed product tests. If you are as enthusiastic about technology as I am, you have come to the right place!","sameAs":["https:\/\/www.facebook.com\/apfelpatientOfficial","https:\/\/www.linkedin.com\/in\/milan-jovicic-42aa0231b"],"url":"https:\/\/www.apfelpatient.de\/en\/author\/apfeladmin"}]}},"_links":{"self":[{"href":"https:\/\/www.apfelpatient.de\/en\/wp-json\/wp\/v2\/posts\/30716","targetHints":{"allow":["GET"]}}],"collection":[{"href":"https:\/\/www.apfelpatient.de\/en\/wp-json\/wp\/v2\/posts"}],"about":[{"href":"https:\/\/www.apfelpatient.de\/en\/wp-json\/wp\/v2\/types\/post"}],"author":[{"embeddable":true,"href":"https:\/\/www.apfelpatient.de\/en\/wp-json\/wp\/v2\/users\/2"}],"replies":[{"embeddable":true,"href":"https:\/\/www.apfelpatient.de\/en\/wp-json\/wp\/v2\/comments?post=30716"}],"version-history":[{"count":0,"href":"https:\/\/www.apfelpatient.de\/en\/wp-json\/wp\/v2\/posts\/30716\/revisions"}],"wp:featuredmedia":[{"embeddable":true,"href":"https:\/\/www.apfelpatient.de\/en\/wp-json\/wp\/v2\/media\/30710"}],"wp:attachment":[{"href":"https:\/\/www.apfelpatient.de\/en\/wp-json\/wp\/v2\/media?parent=30716"}],"wp:term":[{"taxonomy":"category","embeddable":true,"href":"https:\/\/www.apfelpatient.de\/en\/wp-json\/wp\/v2\/categories?post=30716"},{"taxonomy":"post_tag","embeddable":true,"href":"https:\/\/www.apfelpatient.de\/en\/wp-json\/wp\/v2\/tags?post=30716"}],"curies":[{"name":"wp","href":"https:\/\/api.w.org\/{rel}","templated":true}]}}