{"id":30705,"date":"2022-03-14T21:59:00","date_gmt":"2022-03-14T20:59:00","guid":{"rendered":"https:\/\/www.apfelpatient.de\/?p=30705"},"modified":"2022-03-14T23:50:21","modified_gmt":"2022-03-14T22:50:21","slug":"iphone-14-series-more-details-on-specifications","status":"publish","type":"post","link":"https:\/\/www.apfelpatient.de\/en\/rumors\/iphone-14-reihe-weitere-details-zu-spezifikationen","title":{"rendered":"iPhone 14 series: Further details on specifications"},"content":{"rendered":"<p class=\"has-drop-cap\"><strong>According to a new report, some models of Apple&#039;s upcoming iPhone 14 series could feature larger screens and new satellite features. However, there will definitely no longer be a &quot;mini&quot; variant.<\/strong><\/p>\n\n\n\n<p>The iPhone 14 is expected to launch this fall. According to recent rumors, the iPhone 14 Pro models could switch to A16 chips while the base models of the iPhone 14 could work with an improved version of Apple&#039;s A15. Now <a href=\"https:\/\/9to5mac.com\/2022\/03\/14\/exclusive-iphone-14-coming-in-four-models-without-mini-version-pro-models-with-taller-screen-satellite-features-still-coming\/\" target=\"_blank\" rel=\"noreferrer noopener\">reported<\/a> 9to5Mac reported that a source confirmed the different chips in the &quot;iPhone 14.&quot; The report also contained new details about the upcoming smartphones.<\/p>\n\n\n\n<h3 class=\"wp-block-heading\" id=\"h-iphone-14-konnte-satellitenkommunikation-unterstutzen\">iPhone 14 could support satellite communications<\/h3>\n\n\n\n\n\n\n\n<p>For example, Apple will reportedly ditch the 5.4-inch &quot;mini&quot; model in favor of two 6.1-inch versions and two 6.7-inch variants. The new devices will have the same display resolution as their iPhone 13 predecessors. However, the iPhone 14 Pro and iPhone 14 Pro Max could have a slightly larger screen due to the pill shape and punch-hole design. Previous rumors suggested that the new notch replacement will come first to the Pro models in 2022. Other sources have told 9to5Mac that Apple is working on satellite communication features. However, it&#039;s unclear whether these features - codenamed &quot;Stewie&quot; - will be ready in time for the fall 2022 lineup. (Image: Jon Prosser x Rendersbyan)<\/p>\n\n\n\n<ul class=\"wp-block-list\"><li><a href=\"https:\/\/www.apfelpatient.de\/en\/tips-tricks\/ios-15-4-how-to-use-visual-lookup\">iOS 15.4: How to use Visual Lookup<\/a><\/li><\/ul>\n\n\n\n<h6 class=\"wp-block-heading translation-block\" id=\"h-kennt-ihr-schon-unsere-amazon-storefront-dort-findet-ihr-eine-handverlesene-auswahl-von-diversen-produkten-f-r-euer-iphone-und-co-viel-spa-beim-st-bern\"><em>Have you already visited our Amazon Storefront? There you&#039;ll find a hand-picked selection of various products for your iPhone and other devices \u2013 <span class=\"has-inline-color has-vivid-red-color\"><a href=\"https:\/\/www.amazon.de\/shop\/apfelpatientofficial\" class=\"ek-link\" data-wpel-link=\"exclude\" rel=\"follow noopener\" target=\"_self\"><span style=\"text-decoration: underline\" class=\"ek-underline\">enjoy browsing<\/span><\/a> !<\/span><\/em><\/h6>\n\n\n\n<h6 class=\"wp-block-heading translation-block\" id=\"h-der-beitrag-enthalt-partnerlinks\">This post contains <a data-type=\"URL\" data-id=\"https:\/\/www.apfelpatient.de\/partnerprogramm\" href=\"https:\/\/www.apfelpatient.de\/en\/partner-program\" data-wpel-link=\"internal\" target=\"_self\">affiliate links<\/a>.<\/h6>","protected":false},"excerpt":{"rendered":"<p>The iPhone 14 is scheduled to launch this fall. However, there will definitely no longer be a &quot;mini&quot; version.<\/p>","protected":false},"author":2,"featured_media":26056,"comment_status":"closed","ping_status":"closed","sticky":false,"template":"","format":"standard","meta":{"jnews-multi-image_gallery":[],"jnews_single_post":{"subtitle":"","format":"standard","video":"","gallery":"","source_name":"","source_url":"","via_name":"","via_url":"","override":[{"single_blog_custom":"","sidebar":"","second_sidebar":"","share_position":"","share_float_style":"","post_date_format":"","post_date_format_custom":"","post_reading_time_wpm":"","zoom_button_out_step":"1","zoom_button_in_step":"1","number_popup_post":"1"}],"image_override":[{"single_post_thumbnail_size":"","single_post_gallery_size":""}],"trending_post_position":"","trending_post_label":"","sponsored_post_label":"","sponsored_post_name":"","sponsored_post_url":"","sponsored_post_logo":"","sponsored_post_desc":""},"jnews_primary_category":{"id":"25"},"footnotes":""},"categories":[25],"tags":[8,683,422],"class_list":["post-30705","post","type-post","status-publish","format-standard","has-post-thumbnail","hentry","category-rumors","tag-iphone","tag-iphone-14","tag-iphone-2022"],"yoast_head":"<!-- This site is optimized with the Yoast SEO Premium plugin v27.5 (Yoast SEO v27.5) - https:\/\/yoast.com\/product\/yoast-seo-premium-wordpress\/ -->\n<title>iPhone 14 Reihe: Weitere Details zu Spezifikationen Apfelpatient<\/title>\n<meta name=\"description\" content=\"Das iPhone 14 soll im Herbst diesen Jahres auf den Markt kommen. Eine &quot;Mini&quot;-Variante soll es allerdings definitiv nicht mehr geben.\" \/>\n<meta name=\"robots\" content=\"index, follow, max-snippet:-1, max-image-preview:large, max-video-preview:-1\" \/>\n<link rel=\"canonical\" href=\"https:\/\/www.apfelpatient.de\/en\/rumors\/iphone-14-series-more-details-on-specifications\" \/>\n<meta property=\"og:locale\" content=\"en_US\" \/>\n<meta property=\"og:type\" content=\"article\" \/>\n<meta property=\"og:title\" content=\"iPhone 14 Reihe: Weitere Details zu Spezifikationen\" \/>\n<meta property=\"og:description\" content=\"Das iPhone 14 soll im Herbst diesen Jahres auf den Markt kommen. Eine &quot;Mini&quot;-Variante soll es allerdings definitiv nicht mehr geben.\" \/>\n<meta property=\"og:url\" content=\"https:\/\/www.apfelpatient.de\/en\/rumors\/iphone-14-series-more-details-on-specifications\" \/>\n<meta property=\"og:site_name\" content=\"Apfelpatient\" \/>\n<meta property=\"article:publisher\" content=\"https:\/\/www.facebook.com\/apfelpatientOfficial\" \/>\n<meta property=\"article:author\" content=\"https:\/\/www.facebook.com\/apfelpatientOfficial\" \/>\n<meta property=\"article:published_time\" content=\"2022-03-14T20:59:00+00:00\" \/>\n<meta property=\"article:modified_time\" content=\"2022-03-14T22:50:21+00:00\" \/>\n<meta property=\"og:image\" content=\"https:\/\/www.apfelpatient.de\/wp-content\/uploads\/2021\/09\/iphone14_bonus_4@0.5x.jpg\" \/>\n\t<meta property=\"og:image:width\" content=\"1600\" \/>\n\t<meta property=\"og:image:height\" content=\"899\" \/>\n\t<meta property=\"og:image:type\" content=\"image\/jpeg\" \/>\n<meta name=\"author\" content=\"Milan\" \/>\n<meta name=\"twitter:card\" content=\"summary_large_image\" \/>\n<meta name=\"twitter:description\" content=\"Das iPhone 14 soll im Herbst diesen Jahres auf den Markt kommen. Eine &quot;Mini&quot;-Variante soll es allerdings definitiv nicht mehr geben.\" \/>\n<meta name=\"twitter:label1\" content=\"Written by\" \/>\n\t<meta name=\"twitter:data1\" content=\"Milan\" \/>\n\t<meta name=\"twitter:label2\" content=\"Est. reading time\" \/>\n\t<meta name=\"twitter:data2\" content=\"2 minutes\" \/>\n<script type=\"application\/ld+json\" class=\"yoast-schema-graph\">{\"@context\":\"https:\\\/\\\/schema.org\",\"@graph\":[{\"@type\":\"NewsArticle\",\"@id\":\"https:\\\/\\\/www.apfelpatient.de\\\/rumors\\\/iphone-14-reihe-weitere-details-zu-spezifikationen#article\",\"isPartOf\":{\"@id\":\"https:\\\/\\\/www.apfelpatient.de\\\/rumors\\\/iphone-14-reihe-weitere-details-zu-spezifikationen\"},\"author\":{\"@type\":\"Organization\",\"@id\":\"https:\\\/\\\/www.apfelpatient.de\\\/en\\\/#organization\",\"name\":\"Apfelpatient\",\"url\":\"https:\\\/\\\/www.apfelpatient.de\\\/en\\\/\"},\"headline\":\"iPhone 14 Reihe: Weitere Details zu Spezifikationen\",\"datePublished\":\"2022-03-14T20:59:00+00:00\",\"dateModified\":\"2022-03-14T22:50:21+00:00\",\"mainEntityOfPage\":{\"@id\":\"https:\\\/\\\/www.apfelpatient.de\\\/rumors\\\/iphone-14-reihe-weitere-details-zu-spezifikationen\"},\"wordCount\":235,\"publisher\":{\"@type\":\"Organization\",\"@id\":\"https:\\\/\\\/www.apfelpatient.de\\\/en\\\/#organization\",\"name\":\"Apfelpatient\",\"url\":\"https:\\\/\\\/www.apfelpatient.de\\\/en\\\/\"},\"image\":{\"@id\":\"https:\\\/\\\/www.apfelpatient.de\\\/rumors\\\/iphone-14-reihe-weitere-details-zu-spezifikationen#primaryimage\"},\"thumbnailUrl\":\"https:\\\/\\\/www.apfelpatient.de\\\/wp-content\\\/uploads\\\/2021\\\/09\\\/iphone14_bonus_4@0.5x.jpg\",\"keywords\":[\"iPhone\",\"iPhone 14\",\"iPhone 2022\"],\"articleSection\":\"Rumors\",\"inLanguage\":\"en-US\",\"copyrightYear\":\"2022\",\"copyrightHolder\":{\"@id\":\"https:\\\/\\\/www.apfelpatient.de\\\/en\\\/#organization\"}},{\"@type\":\"WebPage\",\"@id\":\"https:\\\/\\\/www.apfelpatient.de\\\/rumors\\\/iphone-14-reihe-weitere-details-zu-spezifikationen\",\"url\":\"https:\\\/\\\/www.apfelpatient.de\\\/rumors\\\/iphone-14-reihe-weitere-details-zu-spezifikationen\",\"name\":\"iPhone 14 Reihe: Weitere Details zu Spezifikationen Apfelpatient\",\"isPartOf\":{\"@id\":\"https:\\\/\\\/www.apfelpatient.de\\\/#website\"},\"primaryImageOfPage\":{\"@id\":\"https:\\\/\\\/www.apfelpatient.de\\\/rumors\\\/iphone-14-reihe-weitere-details-zu-spezifikationen#primaryimage\"},\"image\":{\"@id\":\"https:\\\/\\\/www.apfelpatient.de\\\/rumors\\\/iphone-14-reihe-weitere-details-zu-spezifikationen#primaryimage\"},\"thumbnailUrl\":\"https:\\\/\\\/www.apfelpatient.de\\\/wp-content\\\/uploads\\\/2021\\\/09\\\/iphone14_bonus_4@0.5x.jpg\",\"datePublished\":\"2022-03-14T20:59:00+00:00\",\"dateModified\":\"2022-03-14T22:50:21+00:00\",\"description\":\"Das iPhone 14 soll im Herbst diesen Jahres auf den Markt kommen. Eine \\\"Mini\\\"-Variante soll es allerdings definitiv nicht mehr geben.\",\"breadcrumb\":{\"@id\":\"https:\\\/\\\/www.apfelpatient.de\\\/rumors\\\/iphone-14-reihe-weitere-details-zu-spezifikationen#breadcrumb\"},\"inLanguage\":\"en-US\",\"potentialAction\":[{\"@type\":\"ReadAction\",\"target\":[\"https:\\\/\\\/www.apfelpatient.de\\\/rumors\\\/iphone-14-reihe-weitere-details-zu-spezifikationen\"]}]},{\"@type\":\"ImageObject\",\"inLanguage\":\"en-US\",\"@id\":\"https:\\\/\\\/www.apfelpatient.de\\\/rumors\\\/iphone-14-reihe-weitere-details-zu-spezifikationen#primaryimage\",\"url\":\"https:\\\/\\\/www.apfelpatient.de\\\/wp-content\\\/uploads\\\/2021\\\/09\\\/iphone14_bonus_4@0.5x.jpg\",\"contentUrl\":\"https:\\\/\\\/www.apfelpatient.de\\\/wp-content\\\/uploads\\\/2021\\\/09\\\/iphone14_bonus_4@0.5x.jpg\",\"width\":1600,\"height\":899,\"caption\":\"Bild: Jon Prosser x Rendersbyan - iPhone 14\"},{\"@type\":\"BreadcrumbList\",\"@id\":\"https:\\\/\\\/www.apfelpatient.de\\\/rumors\\\/iphone-14-reihe-weitere-details-zu-spezifikationen#breadcrumb\",\"itemListElement\":[{\"@type\":\"ListItem\",\"position\":1,\"name\":\"Startseite\",\"item\":\"https:\\\/\\\/www.apfelpatient.de\\\/\"},{\"@type\":\"ListItem\",\"position\":2,\"name\":\"iPhone 14 Reihe: Weitere Details zu Spezifikationen\"}]},{\"@type\":\"WebSite\",\"@id\":\"https:\\\/\\\/www.apfelpatient.de\\\/#website\",\"url\":\"https:\\\/\\\/www.apfelpatient.de\\\/\",\"name\":\"Apfelpatient\",\"description\":\"Alles rund um Apple!\",\"publisher\":{\"@type\":\"Organization\",\"@id\":\"https:\\\/\\\/www.apfelpatient.de\\\/en\\\/#organization\",\"name\":\"Apfelpatient\",\"url\":\"https:\\\/\\\/www.apfelpatient.de\\\/en\\\/\"},\"alternateName\":\"Apfelpatient\",\"potentialAction\":[{\"@type\":\"SearchAction\",\"target\":{\"@type\":\"EntryPoint\",\"urlTemplate\":\"https:\\\/\\\/www.apfelpatient.de\\\/?s={search_term_string}\"},\"query-input\":{\"@type\":\"PropertyValueSpecification\",\"valueRequired\":true,\"valueName\":\"search_term_string\"}}],\"inLanguage\":\"en-US\"},{\"@type\":[\"Person\",\"Organization\"],\"@id\":\"https:\\\/\\\/www.apfelpatient.de\\\/#\\\/schema\\\/person\\\/7dc56ad6c8e9824b76d2c08d4c140e13\",\"name\":\"Milan\",\"logo\":{\"@id\":\"https:\\\/\\\/www.apfelpatient.de\\\/#\\\/schema\\\/person\\\/image\\\/\"},\"description\":\"Hallo und herzlich willkommen auf meinem Technik-Blog! Als gro\u00dfer Apple-Fan berichte ich hier \u00fcber alles, was mit Apple zu tun hat: von den neuesten News und spannenden Ger\u00fcchten \u00fcber hilfreiche Tipps und Tricks bis hin zu ausf\u00fchrlichen Produkttests. Wenn du genauso technikbegeistert bist wie ich, bist du hier genau richtig!\",\"sameAs\":[\"https:\\\/\\\/www.facebook.com\\\/apfelpatientOfficial\",\"https:\\\/\\\/www.linkedin.com\\\/in\\\/milan-jovicic-42aa0231b\"],\"url\":\"https:\\\/\\\/www.apfelpatient.de\\\/en\\\/author\\\/apfeladmin\"}]}<\/script>\n<!-- \/ Yoast SEO Premium plugin. -->","yoast_head_json":{"title":"iPhone 14 series: More details on specifications Apfelpatient","description":"The iPhone 14 is expected to hit the market this fall. However, there will definitely no longer be a &quot;mini&quot; version.","robots":{"index":"index","follow":"follow","max-snippet":"max-snippet:-1","max-image-preview":"max-image-preview:large","max-video-preview":"max-video-preview:-1"},"canonical":"https:\/\/www.apfelpatient.de\/en\/rumors\/iphone-14-series-more-details-on-specifications","og_locale":"en_US","og_type":"article","og_title":"iPhone 14 Reihe: Weitere Details zu Spezifikationen","og_description":"Das iPhone 14 soll im Herbst diesen Jahres auf den Markt kommen. Eine \"Mini\"-Variante soll es allerdings definitiv nicht mehr geben.","og_url":"https:\/\/www.apfelpatient.de\/en\/rumors\/iphone-14-series-more-details-on-specifications","og_site_name":"Apfelpatient","article_publisher":"https:\/\/www.facebook.com\/apfelpatientOfficial","article_author":"https:\/\/www.facebook.com\/apfelpatientOfficial","article_published_time":"2022-03-14T20:59:00+00:00","article_modified_time":"2022-03-14T22:50:21+00:00","og_image":[{"width":1600,"height":899,"url":"https:\/\/www.apfelpatient.de\/wp-content\/uploads\/2021\/09\/iphone14_bonus_4@0.5x.jpg","type":"image\/jpeg"}],"author":"Milan","twitter_card":"summary_large_image","twitter_description":"Das iPhone 14 soll im Herbst diesen Jahres auf den Markt kommen. Eine \"Mini\"-Variante soll es allerdings definitiv nicht mehr geben.","twitter_misc":{"Written by":"Milan","Est. reading time":"2 minutes"},"schema":{"@context":"https:\/\/schema.org","@graph":[{"@type":"NewsArticle","@id":"https:\/\/www.apfelpatient.de\/rumors\/iphone-14-reihe-weitere-details-zu-spezifikationen#article","isPartOf":{"@id":"https:\/\/www.apfelpatient.de\/rumors\/iphone-14-reihe-weitere-details-zu-spezifikationen"},"author":{"@type":"Organization","@id":"https:\/\/www.apfelpatient.de\/en\/#organization","name":"Apfelpatient","url":"https:\/\/www.apfelpatient.de\/en\/"},"headline":"iPhone 14 Reihe: Weitere Details zu Spezifikationen","datePublished":"2022-03-14T20:59:00+00:00","dateModified":"2022-03-14T22:50:21+00:00","mainEntityOfPage":{"@id":"https:\/\/www.apfelpatient.de\/rumors\/iphone-14-reihe-weitere-details-zu-spezifikationen"},"wordCount":235,"publisher":{"@type":"Organization","@id":"https:\/\/www.apfelpatient.de\/en\/#organization","name":"Apfelpatient","url":"https:\/\/www.apfelpatient.de\/en\/"},"image":{"@id":"https:\/\/www.apfelpatient.de\/rumors\/iphone-14-reihe-weitere-details-zu-spezifikationen#primaryimage"},"thumbnailUrl":"https:\/\/www.apfelpatient.de\/wp-content\/uploads\/2021\/09\/iphone14_bonus_4@0.5x.jpg","keywords":["iPhone","iPhone 14","iPhone 2022"],"articleSection":"Rumors","inLanguage":"en-US","copyrightYear":"2022","copyrightHolder":{"@id":"https:\/\/www.apfelpatient.de\/en\/#organization"}},{"@type":"WebPage","@id":"https:\/\/www.apfelpatient.de\/rumors\/iphone-14-reihe-weitere-details-zu-spezifikationen","url":"https:\/\/www.apfelpatient.de\/rumors\/iphone-14-reihe-weitere-details-zu-spezifikationen","name":"iPhone 14 series: More details on specifications Apfelpatient","isPartOf":{"@id":"https:\/\/www.apfelpatient.de\/#website"},"primaryImageOfPage":{"@id":"https:\/\/www.apfelpatient.de\/rumors\/iphone-14-reihe-weitere-details-zu-spezifikationen#primaryimage"},"image":{"@id":"https:\/\/www.apfelpatient.de\/rumors\/iphone-14-reihe-weitere-details-zu-spezifikationen#primaryimage"},"thumbnailUrl":"https:\/\/www.apfelpatient.de\/wp-content\/uploads\/2021\/09\/iphone14_bonus_4@0.5x.jpg","datePublished":"2022-03-14T20:59:00+00:00","dateModified":"2022-03-14T22:50:21+00:00","description":"The iPhone 14 is expected to hit the market this fall. However, there will definitely no longer be a &quot;mini&quot; version.","breadcrumb":{"@id":"https:\/\/www.apfelpatient.de\/rumors\/iphone-14-reihe-weitere-details-zu-spezifikationen#breadcrumb"},"inLanguage":"en-US","potentialAction":[{"@type":"ReadAction","target":["https:\/\/www.apfelpatient.de\/rumors\/iphone-14-reihe-weitere-details-zu-spezifikationen"]}]},{"@type":"ImageObject","inLanguage":"en-US","@id":"https:\/\/www.apfelpatient.de\/rumors\/iphone-14-reihe-weitere-details-zu-spezifikationen#primaryimage","url":"https:\/\/www.apfelpatient.de\/wp-content\/uploads\/2021\/09\/iphone14_bonus_4@0.5x.jpg","contentUrl":"https:\/\/www.apfelpatient.de\/wp-content\/uploads\/2021\/09\/iphone14_bonus_4@0.5x.jpg","width":1600,"height":899,"caption":"Bild: Jon Prosser x Rendersbyan - iPhone 14"},{"@type":"BreadcrumbList","@id":"https:\/\/www.apfelpatient.de\/rumors\/iphone-14-reihe-weitere-details-zu-spezifikationen#breadcrumb","itemListElement":[{"@type":"ListItem","position":1,"name":"Startseite","item":"https:\/\/www.apfelpatient.de\/"},{"@type":"ListItem","position":2,"name":"iPhone 14 Reihe: Weitere Details zu Spezifikationen"}]},{"@type":"WebSite","@id":"https:\/\/www.apfelpatient.de\/#website","url":"https:\/\/www.apfelpatient.de\/","name":"apple patient","description":"Everything about Apple!","publisher":{"@type":"Organization","@id":"https:\/\/www.apfelpatient.de\/en\/#organization","name":"Apfelpatient","url":"https:\/\/www.apfelpatient.de\/en\/"},"alternateName":"Apfelpatient","potentialAction":[{"@type":"SearchAction","target":{"@type":"EntryPoint","urlTemplate":"https:\/\/www.apfelpatient.de\/?s={search_term_string}"},"query-input":{"@type":"PropertyValueSpecification","valueRequired":true,"valueName":"search_term_string"}}],"inLanguage":"en-US"},{"@type":["Person","Organization"],"@id":"https:\/\/www.apfelpatient.de\/#\/schema\/person\/7dc56ad6c8e9824b76d2c08d4c140e13","name":"Milan","logo":{"@id":"https:\/\/www.apfelpatient.de\/#\/schema\/person\/image\/"},"description":"Hello and welcome to my technology blog! As a big Apple fan, I report on everything to do with Apple: from the latest news and exciting rumors to helpful tips and tricks and detailed product tests. If you are as enthusiastic about technology as I am, you have come to the right place!","sameAs":["https:\/\/www.facebook.com\/apfelpatientOfficial","https:\/\/www.linkedin.com\/in\/milan-jovicic-42aa0231b"],"url":"https:\/\/www.apfelpatient.de\/en\/author\/apfeladmin"}]}},"_links":{"self":[{"href":"https:\/\/www.apfelpatient.de\/en\/wp-json\/wp\/v2\/posts\/30705","targetHints":{"allow":["GET"]}}],"collection":[{"href":"https:\/\/www.apfelpatient.de\/en\/wp-json\/wp\/v2\/posts"}],"about":[{"href":"https:\/\/www.apfelpatient.de\/en\/wp-json\/wp\/v2\/types\/post"}],"author":[{"embeddable":true,"href":"https:\/\/www.apfelpatient.de\/en\/wp-json\/wp\/v2\/users\/2"}],"replies":[{"embeddable":true,"href":"https:\/\/www.apfelpatient.de\/en\/wp-json\/wp\/v2\/comments?post=30705"}],"version-history":[{"count":0,"href":"https:\/\/www.apfelpatient.de\/en\/wp-json\/wp\/v2\/posts\/30705\/revisions"}],"wp:featuredmedia":[{"embeddable":true,"href":"https:\/\/www.apfelpatient.de\/en\/wp-json\/wp\/v2\/media\/26056"}],"wp:attachment":[{"href":"https:\/\/www.apfelpatient.de\/en\/wp-json\/wp\/v2\/media?parent=30705"}],"wp:term":[{"taxonomy":"category","embeddable":true,"href":"https:\/\/www.apfelpatient.de\/en\/wp-json\/wp\/v2\/categories?post=30705"},{"taxonomy":"post_tag","embeddable":true,"href":"https:\/\/www.apfelpatient.de\/en\/wp-json\/wp\/v2\/tags?post=30705"}],"curies":[{"name":"wp","href":"https:\/\/api.w.org\/{rel}","templated":true}]}}