{"id":30520,"date":"2022-03-08T19:39:52","date_gmt":"2022-03-08T18:39:52","guid":{"rendered":"https:\/\/www.apfelpatient.de\/?p=30520"},"modified":"2025-02-06T08:11:47","modified_gmt":"2025-02-06T07:11:47","slug":"peek-performance-event-apple-introduces-iphone-13-in-new-color","status":"publish","type":"post","link":"https:\/\/www.apfelpatient.de\/en\/news\/peek-performance-event-apple-stellt-iphone-13-in-neuer-farbe-vor","title":{"rendered":"&quot;Peek performance.&quot; event: Apple introduces iPhone 13 in new color"},"content":{"rendered":"<p class=\"has-drop-cap\"><strong>Apple unveiled a new version of the iPhone 13 and 13 mini as well as the iPhone 13 Pro and 13 Pro Max at the \u201cPeek Performance\u201d event. The devices introduced in September are now available in a new color.<\/strong><\/p>\n\n\n\n<p>Noting that it is a new finish, Apple briefly mentioned the upcoming new iPhone 13 model during the event. The new color is available for the entire iPhone 13 range. The green iPhone 13 can be pre-ordered starting Friday, March 11. It will ship a week later, on March 18. Bob Borchers, Apple&#039;s vice president of Worldwide Product Marketing, <a href=\"https:\/\/www.apple.com\/newsroom\/2022\/03\/apple-introduces-gorgeous-new-green-finishes-for-the-iphone-13-lineup\/\" target=\"_blank\" rel=\"noreferrer noopener\">expressed<\/a> as follows:<\/p>\n\n\n\n<h3 class=\"wp-block-heading\" id=\"h-iphone-13-in-neuer-farbe-spezifikationen-bleiben-unverandert\">iPhone 13 in new color: specifications remain unchanged<\/h3>\n\n\n\n\n\n\n\n<blockquote class=\"wp-block-quote is-layout-flow wp-block-quote-is-layout-flow\"><p>People love the design of iPhone 13 Pro and iPhone 13, and we&#039;re excited to unveil stunning new Alpine Green and Green colors, joining the wide range of beautiful colors in the iPhone 13 lineup. These new colors give customers even more options when choosing their iPhone, and we can&#039;t wait for them to experience all the benefits of iPhone 13, including the unmatched performance of A15 Bionic, our best-in-class camera systems, massive improvements in battery life for everyday needs, fast 5G, incredible durability, and more.<\/p><\/blockquote>\n\n\n\n<figure class=\"wp-block-image size-large\"><img decoding=\"async\" width=\"1024\" height=\"1024\" src=\"https:\/\/www.apfelpatient.de\/wp-content\/uploads\/2022\/03\/Apple-iPhone13-family-lineup-220308-1024x1024.jpg\" alt=\"\" class=\"wp-image-30511\" srcset=\"https:\/\/www.apfelpatient.de\/wp-content\/uploads\/2022\/03\/Apple-iPhone13-family-lineup-220308-1024x1024.jpg 1024w, https:\/\/www.apfelpatient.de\/wp-content\/uploads\/2022\/03\/Apple-iPhone13-family-lineup-220308-300x300.jpg 300w, https:\/\/www.apfelpatient.de\/wp-content\/uploads\/2022\/03\/Apple-iPhone13-family-lineup-220308-150x150.jpg 150w, https:\/\/www.apfelpatient.de\/wp-content\/uploads\/2022\/03\/Apple-iPhone13-family-lineup-220308-768x768.jpg 768w, https:\/\/www.apfelpatient.de\/wp-content\/uploads\/2022\/03\/Apple-iPhone13-family-lineup-220308-1536x1536.jpg 1536w, https:\/\/www.apfelpatient.de\/wp-content\/uploads\/2022\/03\/Apple-iPhone13-family-lineup-220308-75x75.jpg 75w, https:\/\/www.apfelpatient.de\/wp-content\/uploads\/2022\/03\/Apple-iPhone13-family-lineup-220308-350x350.jpg 350w, https:\/\/www.apfelpatient.de\/wp-content\/uploads\/2022\/03\/Apple-iPhone13-family-lineup-220308-750x750.jpg 750w, https:\/\/www.apfelpatient.de\/wp-content\/uploads\/2022\/03\/Apple-iPhone13-family-lineup-220308-1140x1140.jpg 1140w, https:\/\/www.apfelpatient.de\/wp-content\/uploads\/2022\/03\/Apple-iPhone13-family-lineup-220308.jpg 1600w\" sizes=\"(max-width: 1024px) 100vw, 1024px\" \/><figcaption>Image: Apple<\/figcaption><\/figure>\n\n\n\n<p>While the iPhone 13 starts at 899 euros with 128 GB of storage, the iPhone 13 mini can be purchased from 799 euros. The phones have the same A15 chip, 5G support and a Super Retina XDR display as the models that were released in the fall. (Image: Apple)<\/p>\n\n\n\n<ul class=\"wp-block-list\"><li><a href=\"https:\/\/www.apfelpatient.de\/en\/news\/peek-performance-event-apple-introduces-iphone-se-3\">&quot;Peek performance.&quot; event: Apple introduces iPhone SE 3<\/a><\/li><\/ul>\n\n\n\n<h6 class=\"wp-block-heading translation-block\" id=\"h-kennt-ihr-schon-unsere-amazon-storefront-dort-findet-ihr-eine-handverlesene-auswahl-von-diversen-produkten-f-r-euer-iphone-und-co-viel-spa-beim-st-bern\"><em>Have you already visited our Amazon Storefront? There you&#039;ll find a hand-picked selection of various products for your iPhone and other devices \u2013 <span class=\"has-inline-color has-vivid-red-color\"><a href=\"https:\/\/www.amazon.de\/shop\/apfelpatientofficial\" class=\"ek-link\" data-wpel-link=\"exclude\" rel=\"follow noopener\" target=\"_self\"><span style=\"text-decoration: underline\" class=\"ek-underline\">enjoy browsing<\/span><\/a> !<\/span><\/em><\/h6>\n\n\n\n<h6 class=\"wp-block-heading translation-block\" id=\"h-der-beitrag-enthalt-partnerlinks\">This post contains <a data-type=\"URL\" data-id=\"https:\/\/www.apfelpatient.de\/partnerprogramm\" href=\"https:\/\/www.apfelpatient.de\/en\/partner-program\" data-wpel-link=\"internal\" target=\"_self\">affiliate links<\/a>.<\/h6>","protected":false},"excerpt":{"rendered":"<p>Available in a new color: Apple introduced a new version of the iPhone 13 at the \u201cPeek Performance\u201d event.<\/p>","protected":false},"author":2,"featured_media":30510,"comment_status":"closed","ping_status":"closed","sticky":false,"template":"","format":"standard","meta":{"jnews-multi-image_gallery":[],"jnews_single_post":{"subtitle":"","format":"standard","video":"","gallery":"","source_name":"","source_url":"","via_name":"","via_url":"","override":[{"single_blog_custom":"","sidebar":"","second_sidebar":"","share_position":"","share_float_style":"","post_date_format":"","post_date_format_custom":"","post_reading_time_wpm":"","zoom_button_out_step":"1","zoom_button_in_step":"1","number_popup_post":"1"}],"image_override":[{"single_post_thumbnail_size":"","single_post_gallery_size":""}],"trending_post_position":"","trending_post_label":"","sponsored_post_label":"","sponsored_post_name":"","sponsored_post_url":"","sponsored_post_logo":"","sponsored_post_desc":""},"jnews_primary_category":{"id":"9"},"footnotes":""},"categories":[9],"tags":[8,311],"class_list":["post-30520","post","type-post","status-publish","format-standard","has-post-thumbnail","hentry","category-news","tag-iphone","tag-iphone-2021"],"yoast_head":"<!-- This site is optimized with the Yoast SEO Premium plugin v27.5 (Yoast SEO v27.5) - https:\/\/yoast.com\/product\/yoast-seo-premium-wordpress\/ -->\n<title>&quot;Peek performance.&quot;-Event: Apple stellt iPhone 13 in neuer Farbe vor<\/title>\n<meta name=\"description\" content=\"In neuer Farbe erh\u00e4ltlich: Apple hat im Rahmen des &quot;Peek Performance&quot;-Events eine neue Version des iPhone 13 vorgestellt.\" \/>\n<meta name=\"robots\" content=\"index, follow, max-snippet:-1, max-image-preview:large, max-video-preview:-1\" \/>\n<link rel=\"canonical\" href=\"https:\/\/www.apfelpatient.de\/en\/news\/peek-performance-event-apple-introduces-iphone-13-in-new-color\" \/>\n<meta property=\"og:locale\" content=\"en_US\" \/>\n<meta property=\"og:type\" content=\"article\" \/>\n<meta property=\"og:title\" content=\"&quot;Peek performance.&quot;-Event: Apple stellt iPhone 13 in neuer Farbe vor\" \/>\n<meta property=\"og:description\" content=\"In neuer Farbe erh\u00e4ltlich: Apple hat im Rahmen des &quot;Peek Performance&quot;-Events eine neue Version des iPhone 13 vorgestellt.\" \/>\n<meta property=\"og:url\" content=\"https:\/\/www.apfelpatient.de\/en\/news\/peek-performance-event-apple-introduces-iphone-13-in-new-color\" \/>\n<meta property=\"og:site_name\" content=\"Apfelpatient\" \/>\n<meta property=\"article:publisher\" content=\"https:\/\/www.facebook.com\/apfelpatientOfficial\" \/>\n<meta property=\"article:author\" content=\"https:\/\/www.facebook.com\/apfelpatientOfficial\" \/>\n<meta property=\"article:published_time\" content=\"2022-03-08T18:39:52+00:00\" \/>\n<meta property=\"article:modified_time\" content=\"2025-02-06T07:11:47+00:00\" \/>\n<meta property=\"og:image\" content=\"https:\/\/www.apfelpatient.de\/wp-content\/uploads\/2022\/03\/Apple-iPhone13-green-hero-2up-220308.jpg\" \/>\n\t<meta property=\"og:image:width\" content=\"1600\" \/>\n\t<meta property=\"og:image:height\" content=\"1143\" \/>\n\t<meta property=\"og:image:type\" content=\"image\/jpeg\" \/>\n<meta name=\"author\" content=\"Milan\" \/>\n<meta name=\"twitter:card\" content=\"summary_large_image\" \/>\n<meta name=\"twitter:description\" content=\"In neuer Farbe erh\u00e4ltlich: Apple hat im Rahmen des &quot;Peek Performance&quot;-Events eine neue Version des iPhone 13 vorgestellt.\" \/>\n<meta name=\"twitter:label1\" content=\"Written by\" \/>\n\t<meta name=\"twitter:data1\" content=\"Milan\" \/>\n\t<meta name=\"twitter:label2\" content=\"Est. reading time\" \/>\n\t<meta name=\"twitter:data2\" content=\"2 minutes\" \/>\n<script type=\"application\/ld+json\" class=\"yoast-schema-graph\">{\"@context\":\"https:\\\/\\\/schema.org\",\"@graph\":[{\"@type\":\"NewsArticle\",\"@id\":\"https:\\\/\\\/www.apfelpatient.de\\\/news\\\/peek-performance-event-apple-stellt-iphone-13-in-neuer-farbe-vor#article\",\"isPartOf\":{\"@id\":\"https:\\\/\\\/www.apfelpatient.de\\\/news\\\/peek-performance-event-apple-stellt-iphone-13-in-neuer-farbe-vor\"},\"author\":{\"@type\":\"Organization\",\"@id\":\"https:\\\/\\\/www.apfelpatient.de\\\/en\\\/#organization\",\"name\":\"Apfelpatient\",\"url\":\"https:\\\/\\\/www.apfelpatient.de\\\/en\\\/\"},\"headline\":\"&#8222;Peek performance.&#8220;-Event: Apple stellt iPhone 13 in neuer Farbe vor\",\"datePublished\":\"2022-03-08T18:39:52+00:00\",\"dateModified\":\"2025-02-06T07:11:47+00:00\",\"mainEntityOfPage\":{\"@id\":\"https:\\\/\\\/www.apfelpatient.de\\\/news\\\/peek-performance-event-apple-stellt-iphone-13-in-neuer-farbe-vor\"},\"wordCount\":286,\"publisher\":{\"@type\":\"Organization\",\"@id\":\"https:\\\/\\\/www.apfelpatient.de\\\/en\\\/#organization\",\"name\":\"Apfelpatient\",\"url\":\"https:\\\/\\\/www.apfelpatient.de\\\/en\\\/\"},\"image\":{\"@id\":\"https:\\\/\\\/www.apfelpatient.de\\\/news\\\/peek-performance-event-apple-stellt-iphone-13-in-neuer-farbe-vor#primaryimage\"},\"thumbnailUrl\":\"https:\\\/\\\/www.apfelpatient.de\\\/wp-content\\\/uploads\\\/2022\\\/03\\\/Apple-iPhone13-green-hero-2up-220308.jpg\",\"keywords\":[\"iPhone\",\"iPhone 13\"],\"articleSection\":\"News\",\"inLanguage\":\"en-US\",\"copyrightYear\":\"2022\",\"copyrightHolder\":{\"@id\":\"https:\\\/\\\/www.apfelpatient.de\\\/en\\\/#organization\"}},{\"@type\":\"WebPage\",\"@id\":\"https:\\\/\\\/www.apfelpatient.de\\\/news\\\/peek-performance-event-apple-stellt-iphone-13-in-neuer-farbe-vor\",\"url\":\"https:\\\/\\\/www.apfelpatient.de\\\/news\\\/peek-performance-event-apple-stellt-iphone-13-in-neuer-farbe-vor\",\"name\":\"\\\"Peek performance.\\\"-Event: Apple stellt iPhone 13 in neuer Farbe vor\",\"isPartOf\":{\"@id\":\"https:\\\/\\\/www.apfelpatient.de\\\/#website\"},\"primaryImageOfPage\":{\"@id\":\"https:\\\/\\\/www.apfelpatient.de\\\/news\\\/peek-performance-event-apple-stellt-iphone-13-in-neuer-farbe-vor#primaryimage\"},\"image\":{\"@id\":\"https:\\\/\\\/www.apfelpatient.de\\\/news\\\/peek-performance-event-apple-stellt-iphone-13-in-neuer-farbe-vor#primaryimage\"},\"thumbnailUrl\":\"https:\\\/\\\/www.apfelpatient.de\\\/wp-content\\\/uploads\\\/2022\\\/03\\\/Apple-iPhone13-green-hero-2up-220308.jpg\",\"datePublished\":\"2022-03-08T18:39:52+00:00\",\"dateModified\":\"2025-02-06T07:11:47+00:00\",\"description\":\"In neuer Farbe erh\u00e4ltlich: Apple hat im Rahmen des \\\"Peek Performance\\\"-Events eine neue Version des iPhone 13 vorgestellt.\",\"breadcrumb\":{\"@id\":\"https:\\\/\\\/www.apfelpatient.de\\\/news\\\/peek-performance-event-apple-stellt-iphone-13-in-neuer-farbe-vor#breadcrumb\"},\"inLanguage\":\"en-US\",\"potentialAction\":[{\"@type\":\"ReadAction\",\"target\":[\"https:\\\/\\\/www.apfelpatient.de\\\/news\\\/peek-performance-event-apple-stellt-iphone-13-in-neuer-farbe-vor\"]}]},{\"@type\":\"ImageObject\",\"inLanguage\":\"en-US\",\"@id\":\"https:\\\/\\\/www.apfelpatient.de\\\/news\\\/peek-performance-event-apple-stellt-iphone-13-in-neuer-farbe-vor#primaryimage\",\"url\":\"https:\\\/\\\/www.apfelpatient.de\\\/wp-content\\\/uploads\\\/2022\\\/03\\\/Apple-iPhone13-green-hero-2up-220308.jpg\",\"contentUrl\":\"https:\\\/\\\/www.apfelpatient.de\\\/wp-content\\\/uploads\\\/2022\\\/03\\\/Apple-iPhone13-green-hero-2up-220308.jpg\",\"width\":1600,\"height\":1143,\"caption\":\"Bild: Apple\"},{\"@type\":\"BreadcrumbList\",\"@id\":\"https:\\\/\\\/www.apfelpatient.de\\\/news\\\/peek-performance-event-apple-stellt-iphone-13-in-neuer-farbe-vor#breadcrumb\",\"itemListElement\":[{\"@type\":\"ListItem\",\"position\":1,\"name\":\"Startseite\",\"item\":\"https:\\\/\\\/www.apfelpatient.de\\\/\"},{\"@type\":\"ListItem\",\"position\":2,\"name\":\"&#8220;Peek performance.&#8221;-Event: Apple stellt iPhone 13 in neuer Farbe vor\"}]},{\"@type\":\"WebSite\",\"@id\":\"https:\\\/\\\/www.apfelpatient.de\\\/#website\",\"url\":\"https:\\\/\\\/www.apfelpatient.de\\\/\",\"name\":\"Apfelpatient\",\"description\":\"Alles rund um Apple!\",\"publisher\":{\"@type\":\"Organization\",\"@id\":\"https:\\\/\\\/www.apfelpatient.de\\\/en\\\/#organization\",\"name\":\"Apfelpatient\",\"url\":\"https:\\\/\\\/www.apfelpatient.de\\\/en\\\/\"},\"alternateName\":\"Apfelpatient\",\"potentialAction\":[{\"@type\":\"SearchAction\",\"target\":{\"@type\":\"EntryPoint\",\"urlTemplate\":\"https:\\\/\\\/www.apfelpatient.de\\\/?s={search_term_string}\"},\"query-input\":{\"@type\":\"PropertyValueSpecification\",\"valueRequired\":true,\"valueName\":\"search_term_string\"}}],\"inLanguage\":\"en-US\"},{\"@type\":[\"Person\",\"Organization\"],\"@id\":\"https:\\\/\\\/www.apfelpatient.de\\\/#\\\/schema\\\/person\\\/35b3ddba5832f2bfc7fff5206d4f6b7b\",\"name\":\"Milan\",\"logo\":{\"@id\":\"https:\\\/\\\/www.apfelpatient.de\\\/#\\\/schema\\\/person\\\/image\\\/\"},\"description\":\"Hallo und herzlich willkommen auf meinem Technik-Blog! Als gro\u00dfer Apple-Fan berichte ich hier \u00fcber alles, was mit Apple zu tun hat: von den neuesten News und spannenden Ger\u00fcchten \u00fcber hilfreiche Tipps und Tricks bis hin zu ausf\u00fchrlichen Produkttests. Wenn du genauso technikbegeistert bist wie ich, bist du hier genau richtig!\",\"sameAs\":[\"https:\\\/\\\/www.facebook.com\\\/apfelpatientOfficial\",\"https:\\\/\\\/www.linkedin.com\\\/in\\\/milan-jovicic-42aa0231b\"],\"url\":\"https:\\\/\\\/www.apfelpatient.de\\\/en\\\/author\\\/apfeladmin\"}]}<\/script>\n<!-- \/ Yoast SEO Premium plugin. -->","yoast_head_json":{"title":"&quot;Peek performance.&quot; event: Apple introduces iPhone 13 in new color","description":"Available in a new color: Apple introduced a new version of the iPhone 13 at the &quot;Peek Performance&quot; event.","robots":{"index":"index","follow":"follow","max-snippet":"max-snippet:-1","max-image-preview":"max-image-preview:large","max-video-preview":"max-video-preview:-1"},"canonical":"https:\/\/www.apfelpatient.de\/en\/news\/peek-performance-event-apple-introduces-iphone-13-in-new-color","og_locale":"en_US","og_type":"article","og_title":"\"Peek performance.\"-Event: Apple stellt iPhone 13 in neuer Farbe vor","og_description":"In neuer Farbe erh\u00e4ltlich: Apple hat im Rahmen des \"Peek Performance\"-Events eine neue Version des iPhone 13 vorgestellt.","og_url":"https:\/\/www.apfelpatient.de\/en\/news\/peek-performance-event-apple-introduces-iphone-13-in-new-color","og_site_name":"Apfelpatient","article_publisher":"https:\/\/www.facebook.com\/apfelpatientOfficial","article_author":"https:\/\/www.facebook.com\/apfelpatientOfficial","article_published_time":"2022-03-08T18:39:52+00:00","article_modified_time":"2025-02-06T07:11:47+00:00","og_image":[{"width":1600,"height":1143,"url":"https:\/\/www.apfelpatient.de\/wp-content\/uploads\/2022\/03\/Apple-iPhone13-green-hero-2up-220308.jpg","type":"image\/jpeg"}],"author":"Milan","twitter_card":"summary_large_image","twitter_description":"In neuer Farbe erh\u00e4ltlich: Apple hat im Rahmen des \"Peek Performance\"-Events eine neue Version des iPhone 13 vorgestellt.","twitter_misc":{"Written by":"Milan","Est. reading time":"2 minutes"},"schema":{"@context":"https:\/\/schema.org","@graph":[{"@type":"NewsArticle","@id":"https:\/\/www.apfelpatient.de\/news\/peek-performance-event-apple-stellt-iphone-13-in-neuer-farbe-vor#article","isPartOf":{"@id":"https:\/\/www.apfelpatient.de\/news\/peek-performance-event-apple-stellt-iphone-13-in-neuer-farbe-vor"},"author":{"@type":"Organization","@id":"https:\/\/www.apfelpatient.de\/en\/#organization","name":"Apfelpatient","url":"https:\/\/www.apfelpatient.de\/en\/"},"headline":"&#8222;Peek performance.&#8220;-Event: Apple stellt iPhone 13 in neuer Farbe vor","datePublished":"2022-03-08T18:39:52+00:00","dateModified":"2025-02-06T07:11:47+00:00","mainEntityOfPage":{"@id":"https:\/\/www.apfelpatient.de\/news\/peek-performance-event-apple-stellt-iphone-13-in-neuer-farbe-vor"},"wordCount":286,"publisher":{"@type":"Organization","@id":"https:\/\/www.apfelpatient.de\/en\/#organization","name":"Apfelpatient","url":"https:\/\/www.apfelpatient.de\/en\/"},"image":{"@id":"https:\/\/www.apfelpatient.de\/news\/peek-performance-event-apple-stellt-iphone-13-in-neuer-farbe-vor#primaryimage"},"thumbnailUrl":"https:\/\/www.apfelpatient.de\/wp-content\/uploads\/2022\/03\/Apple-iPhone13-green-hero-2up-220308.jpg","keywords":["iPhone","iPhone 13"],"articleSection":"News","inLanguage":"en-US","copyrightYear":"2022","copyrightHolder":{"@id":"https:\/\/www.apfelpatient.de\/en\/#organization"}},{"@type":"WebPage","@id":"https:\/\/www.apfelpatient.de\/news\/peek-performance-event-apple-stellt-iphone-13-in-neuer-farbe-vor","url":"https:\/\/www.apfelpatient.de\/news\/peek-performance-event-apple-stellt-iphone-13-in-neuer-farbe-vor","name":"&quot;Peek performance.&quot; event: Apple introduces iPhone 13 in new color","isPartOf":{"@id":"https:\/\/www.apfelpatient.de\/#website"},"primaryImageOfPage":{"@id":"https:\/\/www.apfelpatient.de\/news\/peek-performance-event-apple-stellt-iphone-13-in-neuer-farbe-vor#primaryimage"},"image":{"@id":"https:\/\/www.apfelpatient.de\/news\/peek-performance-event-apple-stellt-iphone-13-in-neuer-farbe-vor#primaryimage"},"thumbnailUrl":"https:\/\/www.apfelpatient.de\/wp-content\/uploads\/2022\/03\/Apple-iPhone13-green-hero-2up-220308.jpg","datePublished":"2022-03-08T18:39:52+00:00","dateModified":"2025-02-06T07:11:47+00:00","description":"Available in a new color: Apple introduced a new version of the iPhone 13 at the &quot;Peek Performance&quot; event.","breadcrumb":{"@id":"https:\/\/www.apfelpatient.de\/news\/peek-performance-event-apple-stellt-iphone-13-in-neuer-farbe-vor#breadcrumb"},"inLanguage":"en-US","potentialAction":[{"@type":"ReadAction","target":["https:\/\/www.apfelpatient.de\/news\/peek-performance-event-apple-stellt-iphone-13-in-neuer-farbe-vor"]}]},{"@type":"ImageObject","inLanguage":"en-US","@id":"https:\/\/www.apfelpatient.de\/news\/peek-performance-event-apple-stellt-iphone-13-in-neuer-farbe-vor#primaryimage","url":"https:\/\/www.apfelpatient.de\/wp-content\/uploads\/2022\/03\/Apple-iPhone13-green-hero-2up-220308.jpg","contentUrl":"https:\/\/www.apfelpatient.de\/wp-content\/uploads\/2022\/03\/Apple-iPhone13-green-hero-2up-220308.jpg","width":1600,"height":1143,"caption":"Bild: Apple"},{"@type":"BreadcrumbList","@id":"https:\/\/www.apfelpatient.de\/news\/peek-performance-event-apple-stellt-iphone-13-in-neuer-farbe-vor#breadcrumb","itemListElement":[{"@type":"ListItem","position":1,"name":"Startseite","item":"https:\/\/www.apfelpatient.de\/"},{"@type":"ListItem","position":2,"name":"&#8220;Peek performance.&#8221;-Event: Apple stellt iPhone 13 in neuer Farbe vor"}]},{"@type":"WebSite","@id":"https:\/\/www.apfelpatient.de\/#website","url":"https:\/\/www.apfelpatient.de\/","name":"apple patient","description":"Everything about Apple!","publisher":{"@type":"Organization","@id":"https:\/\/www.apfelpatient.de\/en\/#organization","name":"Apfelpatient","url":"https:\/\/www.apfelpatient.de\/en\/"},"alternateName":"Apfelpatient","potentialAction":[{"@type":"SearchAction","target":{"@type":"EntryPoint","urlTemplate":"https:\/\/www.apfelpatient.de\/?s={search_term_string}"},"query-input":{"@type":"PropertyValueSpecification","valueRequired":true,"valueName":"search_term_string"}}],"inLanguage":"en-US"},{"@type":["Person","Organization"],"@id":"https:\/\/www.apfelpatient.de\/#\/schema\/person\/35b3ddba5832f2bfc7fff5206d4f6b7b","name":"Milan","logo":{"@id":"https:\/\/www.apfelpatient.de\/#\/schema\/person\/image\/"},"description":"Hello and welcome to my technology blog! As a big Apple fan, I report on everything to do with Apple: from the latest news and exciting rumors to helpful tips and tricks and detailed product tests. If you are as enthusiastic about technology as I am, you have come to the right place!","sameAs":["https:\/\/www.facebook.com\/apfelpatientOfficial","https:\/\/www.linkedin.com\/in\/milan-jovicic-42aa0231b"],"url":"https:\/\/www.apfelpatient.de\/en\/author\/apfeladmin"}]}},"_links":{"self":[{"href":"https:\/\/www.apfelpatient.de\/en\/wp-json\/wp\/v2\/posts\/30520","targetHints":{"allow":["GET"]}}],"collection":[{"href":"https:\/\/www.apfelpatient.de\/en\/wp-json\/wp\/v2\/posts"}],"about":[{"href":"https:\/\/www.apfelpatient.de\/en\/wp-json\/wp\/v2\/types\/post"}],"author":[{"embeddable":true,"href":"https:\/\/www.apfelpatient.de\/en\/wp-json\/wp\/v2\/users\/2"}],"replies":[{"embeddable":true,"href":"https:\/\/www.apfelpatient.de\/en\/wp-json\/wp\/v2\/comments?post=30520"}],"version-history":[{"count":0,"href":"https:\/\/www.apfelpatient.de\/en\/wp-json\/wp\/v2\/posts\/30520\/revisions"}],"wp:featuredmedia":[{"embeddable":true,"href":"https:\/\/www.apfelpatient.de\/en\/wp-json\/wp\/v2\/media\/30510"}],"wp:attachment":[{"href":"https:\/\/www.apfelpatient.de\/en\/wp-json\/wp\/v2\/media?parent=30520"}],"wp:term":[{"taxonomy":"category","embeddable":true,"href":"https:\/\/www.apfelpatient.de\/en\/wp-json\/wp\/v2\/categories?post=30520"},{"taxonomy":"post_tag","embeddable":true,"href":"https:\/\/www.apfelpatient.de\/en\/wp-json\/wp\/v2\/tags?post=30520"}],"curies":[{"name":"wp","href":"https:\/\/api.w.org\/{rel}","templated":true}]}}