{"id":30463,"date":"2022-03-07T17:02:49","date_gmt":"2022-03-07T16:02:49","guid":{"rendered":"https:\/\/www.apfelpatient.de\/?p=30463"},"modified":"2025-02-06T08:12:09","modified_gmt":"2025-02-06T07:12:09","slug":"this-is-what-the-new-mac-studio-could-look-like","status":"publish","type":"post","link":"https:\/\/www.apfelpatient.de\/en\/rumors\/so-koennte-der-neue-mac-studio-aussehen","title":{"rendered":"This is what the new \u201cMac Studio\u201d could look like"},"content":{"rendered":"<p class=\"has-drop-cap\"><strong>Tomorrow, Apple will hold the &quot;Peek Performance&quot; event and unveil at least one new Mac. Now concept images have surfaced that supposedly show the &quot;Mac Studio,&quot; a mix of Mac Pro and Mac mini.<\/strong><\/p>\n\n\n\n<p>The pictures were taken by YouTuber Luke Miani <a href=\"https:\/\/www.youtube.com\/watch?v=iXlTjndELbw\" target=\"_blank\" rel=\"noreferrer noopener\">divided<\/a> and show a similar design to the Mac mini, with a very similar footprint but about four inches tall compared to the Mac mini&#039;s 1.4 inches. According to the renderings, the Mac Studio will feature LED lighting on the front and a thermal design on the bottom to dissipate heat. The renderings do not include any details about the type of ports or the device&#039;s specs, such as which chips it will use. Miani says Apple will &quot;clearly&quot; announce the Mac Studio at tomorrow&#039;s event. Last week <a href=\"https:\/\/www.apfelpatient.de\/en\/rumors\/mac-studio-apple-is-working-on-a-new-mac-device\">reported<\/a> 9to5Mac reported on the existence of the \u201cMac Studio\u201d and described it as a mix of the Mac Pro and the Mac mini.<\/p>\n\n\n\n<figure class=\"wp-block-image size-large\"><img decoding=\"async\" width=\"1024\" height=\"576\" src=\"https:\/\/www.apfelpatient.de\/wp-content\/uploads\/2022\/03\/Mac-Studio-and-Studio-Display-2-1024x576.png\" alt=\"Mac Studio\" class=\"wp-image-30453\" srcset=\"https:\/\/www.apfelpatient.de\/wp-content\/uploads\/2022\/03\/Mac-Studio-and-Studio-Display-2-1024x576.png 1024w, https:\/\/www.apfelpatient.de\/wp-content\/uploads\/2022\/03\/Mac-Studio-and-Studio-Display-2-300x169.png 300w, https:\/\/www.apfelpatient.de\/wp-content\/uploads\/2022\/03\/Mac-Studio-and-Studio-Display-2-768x432.png 768w, https:\/\/www.apfelpatient.de\/wp-content\/uploads\/2022\/03\/Mac-Studio-and-Studio-Display-2-1536x864.png 1536w, https:\/\/www.apfelpatient.de\/wp-content\/uploads\/2022\/03\/Mac-Studio-and-Studio-Display-2-750x422.png 750w, https:\/\/www.apfelpatient.de\/wp-content\/uploads\/2022\/03\/Mac-Studio-and-Studio-Display-2-1140x641.png 1140w, https:\/\/www.apfelpatient.de\/wp-content\/uploads\/2022\/03\/Mac-Studio-and-Studio-Display-2.png 1600w\" sizes=\"(max-width: 1024px) 100vw, 1024px\" \/><figcaption>Image: Luke Miani X Ian Zelebo \u2013 Mac Studio<\/figcaption><\/figure>\n\n\n\n<h3 class=\"wp-block-heading\" id=\"h-wird-apple-morgen-den-mac-studio-ankundigen\">Will Apple announce the Mac Studio tomorrow?<\/h3>\n\n\n\n\n\n\n\n<p>The publication assumes that the &quot;Mac Studio&quot; will be the smaller Mac Pro that Bloomberg&#039;s Mark Gurman has already reported on. There are reportedly two different versions of the Mac Studio in development, one with the M1 Pro chip and one with an even more powerful Apple Silicon processor. It is likely that Apple will unveil at least one new Mac at its event on Tuesday, March 8th.<\/p>\n\n\n\n<figure class=\"wp-block-image size-large\"><img decoding=\"async\" width=\"1024\" height=\"576\" src=\"https:\/\/www.apfelpatient.de\/wp-content\/uploads\/2022\/03\/Mac-Studio-and-Studio-Display-5-1-1024x576.png\" alt=\"Mac Studio\" class=\"wp-image-30458\" srcset=\"https:\/\/www.apfelpatient.de\/wp-content\/uploads\/2022\/03\/Mac-Studio-and-Studio-Display-5-1-1024x576.png 1024w, https:\/\/www.apfelpatient.de\/wp-content\/uploads\/2022\/03\/Mac-Studio-and-Studio-Display-5-1-300x169.png 300w, https:\/\/www.apfelpatient.de\/wp-content\/uploads\/2022\/03\/Mac-Studio-and-Studio-Display-5-1-768x432.png 768w, https:\/\/www.apfelpatient.de\/wp-content\/uploads\/2022\/03\/Mac-Studio-and-Studio-Display-5-1-1536x864.png 1536w, https:\/\/www.apfelpatient.de\/wp-content\/uploads\/2022\/03\/Mac-Studio-and-Studio-Display-5-1-750x422.png 750w, https:\/\/www.apfelpatient.de\/wp-content\/uploads\/2022\/03\/Mac-Studio-and-Studio-Display-5-1-1140x641.png 1140w, https:\/\/www.apfelpatient.de\/wp-content\/uploads\/2022\/03\/Mac-Studio-and-Studio-Display-5-1.png 1600w\" sizes=\"(max-width: 1024px) 100vw, 1024px\" \/><figcaption>Image: Luke Miani X Ian Zelebo \u2013 Mac Studio<\/figcaption><\/figure>\n\n\n\n<p>According to rumors, a new high-end Mac mini and an updated 13-inch MacBook Pro are the most likely. But Apple is also working on a redesigned MacBook Air and a new iMac. But that&#039;s not all. According to rumors, a new external display is also to be introduced. Further images show what it all looks like. Not much is known, however. It is reportedly to be positioned more cheaply than the Pro Display XDR. So the whole thing should remain pretty exciting.<\/p>\n\n\n\n<figure class=\"wp-block-image size-large\"><img decoding=\"async\" width=\"1024\" height=\"576\" src=\"https:\/\/www.apfelpatient.de\/wp-content\/uploads\/2022\/03\/Mac-Studio-and-Studio-Display-8-1024x576.png\" alt=\"Mac Studio\" class=\"wp-image-30460\" srcset=\"https:\/\/www.apfelpatient.de\/wp-content\/uploads\/2022\/03\/Mac-Studio-and-Studio-Display-8-1024x576.png 1024w, https:\/\/www.apfelpatient.de\/wp-content\/uploads\/2022\/03\/Mac-Studio-and-Studio-Display-8-300x169.png 300w, https:\/\/www.apfelpatient.de\/wp-content\/uploads\/2022\/03\/Mac-Studio-and-Studio-Display-8-768x432.png 768w, https:\/\/www.apfelpatient.de\/wp-content\/uploads\/2022\/03\/Mac-Studio-and-Studio-Display-8-1536x864.png 1536w, https:\/\/www.apfelpatient.de\/wp-content\/uploads\/2022\/03\/Mac-Studio-and-Studio-Display-8-750x422.png 750w, https:\/\/www.apfelpatient.de\/wp-content\/uploads\/2022\/03\/Mac-Studio-and-Studio-Display-8-1140x641.png 1140w, https:\/\/www.apfelpatient.de\/wp-content\/uploads\/2022\/03\/Mac-Studio-and-Studio-Display-8.png 1600w\" sizes=\"(max-width: 1024px) 100vw, 1024px\" \/><figcaption>Image: Luke Miani X Ian Zelebo \u2013 Mac Studio<\/figcaption><\/figure>\n\n\n\n<h3 class=\"wp-block-heading\" id=\"h-app-herunterladen-push-nachrichten-aktivieren\">Download the app, activate push notifications<\/h3>\n\n\n\n<p><a href=\"https:\/\/www.apfelpatient.de\/en\/news\/peer-performance-apple-announces-new-event\">&quot;Peek performance.&quot; event reminder<\/a>: If you don\u2019t want to miss anything, you should\u00a0<a href=\"https:\/\/apps.apple.com\/de\/app\/apfelpatient-news\/id1517273672\" target=\"_blank\" rel=\"noreferrer noopener\">download our app<\/a>\u00a0and activate push notifications. In our separate event section you will find all relevant articles about the next event - we look forward to seeing you. Are you looking for new MagSafe accessories from Apple?\u00a0<a href=\"https:\/\/www.amazon.de\/shop\/apfelpatientofficial?listId=21E2RFFAY554S&amp;ref=cm_sw_em_r_inf_list_own_apfelpatientofficial_dp_riZhz1Vqdb3gV\" target=\"_blank\" rel=\"noreferrer noopener\">Then take a look at Amazon<\/a>There you will find Apple&#039;s MagSafe chargers, power adapters, cases and the external battery at a discount. In addition, we have dozens of other recommendations\u00a0<a href=\"https:\/\/www.amazon.de\/shop\/apfelpatientofficial\" target=\"_blank\" rel=\"noreferrer noopener\">in our storefront<\/a>, including from Nomad, Anker and Pitaka \u2013 enjoy browsing. (Image: Luke Miani X Ian Zelebo)<\/p>\n\n\n\n<ul class=\"wp-block-list\"><li><a href=\"https:\/\/www.apfelpatient.de\/en\/news\/peek-performance-so-you-can-see-the-apple-event\">\u201cPeek performance.\u201d: How to watch the Apple Event<\/a><\/li><\/ul>\n\n\n\n<h6 class=\"wp-block-heading translation-block\" id=\"h-kennt-ihr-schon-unsere-amazon-storefront-dort-findet-ihr-eine-handverlesene-auswahl-von-diversen-produkten-f-r-euer-iphone-und-co-viel-spa-beim-st-bern\"><em>Have you already visited our Amazon Storefront? There you&#039;ll find a hand-picked selection of various products for your iPhone and other devices \u2013 <span class=\"has-inline-color has-vivid-red-color\"><a href=\"https:\/\/www.amazon.de\/shop\/apfelpatientofficial\" class=\"ek-link\" data-wpel-link=\"exclude\" rel=\"follow noopener\" target=\"_self\"><span style=\"text-decoration: underline\" class=\"ek-underline\">enjoy browsing<\/span><\/a> !<\/span><\/em><\/h6>\n\n\n\n<h6 class=\"wp-block-heading translation-block\" id=\"h-der-beitrag-enthalt-partnerlinks\">This post contains <a data-type=\"URL\" data-id=\"https:\/\/www.apfelpatient.de\/partnerprogramm\" href=\"https:\/\/www.apfelpatient.de\/en\/partner-program\" data-wpel-link=\"internal\" target=\"_self\">affiliate links<\/a>.<\/h6>","protected":false},"excerpt":{"rendered":"<p>Concept images show Mac Studio: Tomorrow, Apple will hold the \u201cPeek Performance\u201d event and introduce at least one new Mac.<\/p>","protected":false},"author":2,"featured_media":30458,"comment_status":"closed","ping_status":"closed","sticky":false,"template":"","format":"standard","meta":{"jnews-multi-image_gallery":[],"jnews_single_post":{"subtitle":"","format":"standard","video":"","gallery":"","source_name":"","source_url":"","via_name":"","via_url":"","override":[{"single_blog_custom":"","sidebar":"","second_sidebar":"","share_position":"","share_float_style":"","post_date_format":"","post_date_format_custom":"","post_reading_time_wpm":"","zoom_button_out_step":"1","zoom_button_in_step":"1","number_popup_post":"1"}],"image_override":[{"single_post_thumbnail_size":"","single_post_gallery_size":""}],"trending_post_position":"","trending_post_label":"","sponsored_post_label":"","sponsored_post_name":"","sponsored_post_url":"","sponsored_post_logo":"","sponsored_post_desc":""},"jnews_primary_category":{"id":"25"},"footnotes":""},"categories":[25],"tags":[40,704],"class_list":["post-30463","post","type-post","status-publish","format-standard","has-post-thumbnail","hentry","category-rumors","tag-mac","tag-mac-studio"],"yoast_head":"<!-- This site is optimized with the Yoast SEO Premium plugin v27.5 (Yoast SEO v27.5) - https:\/\/yoast.com\/product\/yoast-seo-premium-wordpress\/ -->\n<title>So k\u00f6nnte der neue &quot;Mac Studio&quot; aussehen Apfelpatient<\/title>\n<meta name=\"description\" content=\"Konzeptbilder zeigen Mac Studio: Morgen wird Apple das &quot;Peek Performance&quot;-Event veranstalten und dabei mindestens einen neuen Mac vorstellen.\" \/>\n<meta name=\"robots\" content=\"index, follow, max-snippet:-1, max-image-preview:large, max-video-preview:-1\" \/>\n<link rel=\"canonical\" href=\"https:\/\/www.apfelpatient.de\/en\/rumors\/this-is-what-the-new-mac-studio-could-look-like\" \/>\n<meta property=\"og:locale\" content=\"en_US\" \/>\n<meta property=\"og:type\" content=\"article\" \/>\n<meta property=\"og:title\" content=\"So k\u00f6nnte der neue &quot;Mac Studio&quot; aussehen\" \/>\n<meta property=\"og:description\" content=\"Konzeptbilder zeigen Mac Studio: Morgen wird Apple das &quot;Peek Performance&quot;-Event veranstalten und dabei mindestens einen neuen Mac vorstellen.\" \/>\n<meta property=\"og:url\" content=\"https:\/\/www.apfelpatient.de\/en\/rumors\/this-is-what-the-new-mac-studio-could-look-like\" \/>\n<meta property=\"og:site_name\" content=\"Apfelpatient\" \/>\n<meta property=\"article:publisher\" content=\"https:\/\/www.facebook.com\/apfelpatientOfficial\" \/>\n<meta property=\"article:author\" content=\"https:\/\/www.facebook.com\/apfelpatientOfficial\" \/>\n<meta property=\"article:published_time\" content=\"2022-03-07T16:02:49+00:00\" \/>\n<meta property=\"article:modified_time\" content=\"2025-02-06T07:12:09+00:00\" \/>\n<meta property=\"og:image\" content=\"https:\/\/www.apfelpatient.de\/wp-content\/uploads\/2022\/03\/Mac-Studio-and-Studio-Display-5-1.png\" \/>\n\t<meta property=\"og:image:width\" content=\"1600\" \/>\n\t<meta property=\"og:image:height\" content=\"900\" \/>\n\t<meta property=\"og:image:type\" content=\"image\/png\" \/>\n<meta name=\"author\" content=\"Milan\" \/>\n<meta name=\"twitter:card\" content=\"summary_large_image\" \/>\n<meta name=\"twitter:description\" content=\"Konzeptbilder zeigen Mac Studio: Morgen wird Apple das &quot;Peek Performance&quot;-Event veranstalten und dabei mindestens einen neuen Mac vorstellen.\" \/>\n<meta name=\"twitter:label1\" content=\"Written by\" \/>\n\t<meta name=\"twitter:data1\" content=\"Milan\" \/>\n\t<meta name=\"twitter:label2\" content=\"Est. reading time\" \/>\n\t<meta name=\"twitter:data2\" content=\"4 minutes\" \/>\n<script type=\"application\/ld+json\" class=\"yoast-schema-graph\">{\"@context\":\"https:\\\/\\\/schema.org\",\"@graph\":[{\"@type\":\"NewsArticle\",\"@id\":\"https:\\\/\\\/www.apfelpatient.de\\\/rumors\\\/so-koennte-der-neue-mac-studio-aussehen#article\",\"isPartOf\":{\"@id\":\"https:\\\/\\\/www.apfelpatient.de\\\/rumors\\\/so-koennte-der-neue-mac-studio-aussehen\"},\"author\":{\"@type\":\"Organization\",\"@id\":\"https:\\\/\\\/www.apfelpatient.de\\\/en\\\/#organization\",\"name\":\"Apfelpatient\",\"url\":\"https:\\\/\\\/www.apfelpatient.de\\\/en\\\/\"},\"headline\":\"So k\u00f6nnte der neue &#8222;Mac Studio&#8220; aussehen\",\"datePublished\":\"2022-03-07T16:02:49+00:00\",\"dateModified\":\"2025-02-06T07:12:09+00:00\",\"mainEntityOfPage\":{\"@id\":\"https:\\\/\\\/www.apfelpatient.de\\\/rumors\\\/so-koennte-der-neue-mac-studio-aussehen\"},\"wordCount\":471,\"publisher\":{\"@type\":\"Organization\",\"@id\":\"https:\\\/\\\/www.apfelpatient.de\\\/en\\\/#organization\",\"name\":\"Apfelpatient\",\"url\":\"https:\\\/\\\/www.apfelpatient.de\\\/en\\\/\"},\"image\":{\"@id\":\"https:\\\/\\\/www.apfelpatient.de\\\/rumors\\\/so-koennte-der-neue-mac-studio-aussehen#primaryimage\"},\"thumbnailUrl\":\"https:\\\/\\\/www.apfelpatient.de\\\/wp-content\\\/uploads\\\/2022\\\/03\\\/Mac-Studio-and-Studio-Display-5-1.png\",\"keywords\":[\"Mac\",\"Mac Studio\"],\"articleSection\":\"Rumors\",\"inLanguage\":\"en-US\",\"copyrightYear\":\"2022\",\"copyrightHolder\":{\"@id\":\"https:\\\/\\\/www.apfelpatient.de\\\/en\\\/#organization\"}},{\"@type\":\"WebPage\",\"@id\":\"https:\\\/\\\/www.apfelpatient.de\\\/rumors\\\/so-koennte-der-neue-mac-studio-aussehen\",\"url\":\"https:\\\/\\\/www.apfelpatient.de\\\/rumors\\\/so-koennte-der-neue-mac-studio-aussehen\",\"name\":\"So k\u00f6nnte der neue \\\"Mac Studio\\\" aussehen Apfelpatient\",\"isPartOf\":{\"@id\":\"https:\\\/\\\/www.apfelpatient.de\\\/#website\"},\"primaryImageOfPage\":{\"@id\":\"https:\\\/\\\/www.apfelpatient.de\\\/rumors\\\/so-koennte-der-neue-mac-studio-aussehen#primaryimage\"},\"image\":{\"@id\":\"https:\\\/\\\/www.apfelpatient.de\\\/rumors\\\/so-koennte-der-neue-mac-studio-aussehen#primaryimage\"},\"thumbnailUrl\":\"https:\\\/\\\/www.apfelpatient.de\\\/wp-content\\\/uploads\\\/2022\\\/03\\\/Mac-Studio-and-Studio-Display-5-1.png\",\"datePublished\":\"2022-03-07T16:02:49+00:00\",\"dateModified\":\"2025-02-06T07:12:09+00:00\",\"description\":\"Konzeptbilder zeigen Mac Studio: Morgen wird Apple das \\\"Peek Performance\\\"-Event veranstalten und dabei mindestens einen neuen Mac vorstellen.\",\"breadcrumb\":{\"@id\":\"https:\\\/\\\/www.apfelpatient.de\\\/rumors\\\/so-koennte-der-neue-mac-studio-aussehen#breadcrumb\"},\"inLanguage\":\"en-US\",\"potentialAction\":[{\"@type\":\"ReadAction\",\"target\":[\"https:\\\/\\\/www.apfelpatient.de\\\/rumors\\\/so-koennte-der-neue-mac-studio-aussehen\"]}]},{\"@type\":\"ImageObject\",\"inLanguage\":\"en-US\",\"@id\":\"https:\\\/\\\/www.apfelpatient.de\\\/rumors\\\/so-koennte-der-neue-mac-studio-aussehen#primaryimage\",\"url\":\"https:\\\/\\\/www.apfelpatient.de\\\/wp-content\\\/uploads\\\/2022\\\/03\\\/Mac-Studio-and-Studio-Display-5-1.png\",\"contentUrl\":\"https:\\\/\\\/www.apfelpatient.de\\\/wp-content\\\/uploads\\\/2022\\\/03\\\/Mac-Studio-and-Studio-Display-5-1.png\",\"width\":1600,\"height\":900,\"caption\":\"Bild: Luke Miani X Ian Zelebo - Mac Studio\"},{\"@type\":\"BreadcrumbList\",\"@id\":\"https:\\\/\\\/www.apfelpatient.de\\\/rumors\\\/so-koennte-der-neue-mac-studio-aussehen#breadcrumb\",\"itemListElement\":[{\"@type\":\"ListItem\",\"position\":1,\"name\":\"Startseite\",\"item\":\"https:\\\/\\\/www.apfelpatient.de\\\/\"},{\"@type\":\"ListItem\",\"position\":2,\"name\":\"So k\u00f6nnte der neue &#8220;Mac Studio&#8221; aussehen\"}]},{\"@type\":\"WebSite\",\"@id\":\"https:\\\/\\\/www.apfelpatient.de\\\/#website\",\"url\":\"https:\\\/\\\/www.apfelpatient.de\\\/\",\"name\":\"Apfelpatient\",\"description\":\"Alles rund um Apple!\",\"publisher\":{\"@type\":\"Organization\",\"@id\":\"https:\\\/\\\/www.apfelpatient.de\\\/en\\\/#organization\",\"name\":\"Apfelpatient\",\"url\":\"https:\\\/\\\/www.apfelpatient.de\\\/en\\\/\"},\"alternateName\":\"Apfelpatient\",\"potentialAction\":[{\"@type\":\"SearchAction\",\"target\":{\"@type\":\"EntryPoint\",\"urlTemplate\":\"https:\\\/\\\/www.apfelpatient.de\\\/?s={search_term_string}\"},\"query-input\":{\"@type\":\"PropertyValueSpecification\",\"valueRequired\":true,\"valueName\":\"search_term_string\"}}],\"inLanguage\":\"en-US\"},{\"@type\":[\"Person\",\"Organization\"],\"@id\":\"https:\\\/\\\/www.apfelpatient.de\\\/#\\\/schema\\\/person\\\/7dc56ad6c8e9824b76d2c08d4c140e13\",\"name\":\"Milan\",\"logo\":{\"@id\":\"https:\\\/\\\/www.apfelpatient.de\\\/#\\\/schema\\\/person\\\/image\\\/\"},\"description\":\"Hallo und herzlich willkommen auf meinem Technik-Blog! Als gro\u00dfer Apple-Fan berichte ich hier \u00fcber alles, was mit Apple zu tun hat: von den neuesten News und spannenden Ger\u00fcchten \u00fcber hilfreiche Tipps und Tricks bis hin zu ausf\u00fchrlichen Produkttests. Wenn du genauso technikbegeistert bist wie ich, bist du hier genau richtig!\",\"sameAs\":[\"https:\\\/\\\/www.facebook.com\\\/apfelpatientOfficial\",\"https:\\\/\\\/www.linkedin.com\\\/in\\\/milan-jovicic-42aa0231b\"],\"url\":\"https:\\\/\\\/www.apfelpatient.de\\\/en\\\/author\\\/apfeladmin\"}]}<\/script>\n<!-- \/ Yoast SEO Premium plugin. -->","yoast_head_json":{"title":"This is what the new &quot;Mac Studio&quot; could look like Apfelpatient","description":"Concept images show Mac Studio: Tomorrow Apple will host the &quot;Peek Performance&quot; event and introduce at least one new Mac.","robots":{"index":"index","follow":"follow","max-snippet":"max-snippet:-1","max-image-preview":"max-image-preview:large","max-video-preview":"max-video-preview:-1"},"canonical":"https:\/\/www.apfelpatient.de\/en\/rumors\/this-is-what-the-new-mac-studio-could-look-like","og_locale":"en_US","og_type":"article","og_title":"So k\u00f6nnte der neue \"Mac Studio\" aussehen","og_description":"Konzeptbilder zeigen Mac Studio: Morgen wird Apple das \"Peek Performance\"-Event veranstalten und dabei mindestens einen neuen Mac vorstellen.","og_url":"https:\/\/www.apfelpatient.de\/en\/rumors\/this-is-what-the-new-mac-studio-could-look-like","og_site_name":"Apfelpatient","article_publisher":"https:\/\/www.facebook.com\/apfelpatientOfficial","article_author":"https:\/\/www.facebook.com\/apfelpatientOfficial","article_published_time":"2022-03-07T16:02:49+00:00","article_modified_time":"2025-02-06T07:12:09+00:00","og_image":[{"width":1600,"height":900,"url":"https:\/\/www.apfelpatient.de\/wp-content\/uploads\/2022\/03\/Mac-Studio-and-Studio-Display-5-1.png","type":"image\/png"}],"author":"Milan","twitter_card":"summary_large_image","twitter_description":"Konzeptbilder zeigen Mac Studio: Morgen wird Apple das \"Peek Performance\"-Event veranstalten und dabei mindestens einen neuen Mac vorstellen.","twitter_misc":{"Written by":"Milan","Est. reading time":"4 minutes"},"schema":{"@context":"https:\/\/schema.org","@graph":[{"@type":"NewsArticle","@id":"https:\/\/www.apfelpatient.de\/rumors\/so-koennte-der-neue-mac-studio-aussehen#article","isPartOf":{"@id":"https:\/\/www.apfelpatient.de\/rumors\/so-koennte-der-neue-mac-studio-aussehen"},"author":{"@type":"Organization","@id":"https:\/\/www.apfelpatient.de\/en\/#organization","name":"Apfelpatient","url":"https:\/\/www.apfelpatient.de\/en\/"},"headline":"So k\u00f6nnte der neue &#8222;Mac Studio&#8220; aussehen","datePublished":"2022-03-07T16:02:49+00:00","dateModified":"2025-02-06T07:12:09+00:00","mainEntityOfPage":{"@id":"https:\/\/www.apfelpatient.de\/rumors\/so-koennte-der-neue-mac-studio-aussehen"},"wordCount":471,"publisher":{"@type":"Organization","@id":"https:\/\/www.apfelpatient.de\/en\/#organization","name":"Apfelpatient","url":"https:\/\/www.apfelpatient.de\/en\/"},"image":{"@id":"https:\/\/www.apfelpatient.de\/rumors\/so-koennte-der-neue-mac-studio-aussehen#primaryimage"},"thumbnailUrl":"https:\/\/www.apfelpatient.de\/wp-content\/uploads\/2022\/03\/Mac-Studio-and-Studio-Display-5-1.png","keywords":["Mac","Mac Studio"],"articleSection":"Rumors","inLanguage":"en-US","copyrightYear":"2022","copyrightHolder":{"@id":"https:\/\/www.apfelpatient.de\/en\/#organization"}},{"@type":"WebPage","@id":"https:\/\/www.apfelpatient.de\/rumors\/so-koennte-der-neue-mac-studio-aussehen","url":"https:\/\/www.apfelpatient.de\/rumors\/so-koennte-der-neue-mac-studio-aussehen","name":"This is what the new &quot;Mac Studio&quot; could look like Apfelpatient","isPartOf":{"@id":"https:\/\/www.apfelpatient.de\/#website"},"primaryImageOfPage":{"@id":"https:\/\/www.apfelpatient.de\/rumors\/so-koennte-der-neue-mac-studio-aussehen#primaryimage"},"image":{"@id":"https:\/\/www.apfelpatient.de\/rumors\/so-koennte-der-neue-mac-studio-aussehen#primaryimage"},"thumbnailUrl":"https:\/\/www.apfelpatient.de\/wp-content\/uploads\/2022\/03\/Mac-Studio-and-Studio-Display-5-1.png","datePublished":"2022-03-07T16:02:49+00:00","dateModified":"2025-02-06T07:12:09+00:00","description":"Concept images show Mac Studio: Tomorrow Apple will host the &quot;Peek Performance&quot; event and introduce at least one new Mac.","breadcrumb":{"@id":"https:\/\/www.apfelpatient.de\/rumors\/so-koennte-der-neue-mac-studio-aussehen#breadcrumb"},"inLanguage":"en-US","potentialAction":[{"@type":"ReadAction","target":["https:\/\/www.apfelpatient.de\/rumors\/so-koennte-der-neue-mac-studio-aussehen"]}]},{"@type":"ImageObject","inLanguage":"en-US","@id":"https:\/\/www.apfelpatient.de\/rumors\/so-koennte-der-neue-mac-studio-aussehen#primaryimage","url":"https:\/\/www.apfelpatient.de\/wp-content\/uploads\/2022\/03\/Mac-Studio-and-Studio-Display-5-1.png","contentUrl":"https:\/\/www.apfelpatient.de\/wp-content\/uploads\/2022\/03\/Mac-Studio-and-Studio-Display-5-1.png","width":1600,"height":900,"caption":"Bild: Luke Miani X Ian Zelebo - Mac Studio"},{"@type":"BreadcrumbList","@id":"https:\/\/www.apfelpatient.de\/rumors\/so-koennte-der-neue-mac-studio-aussehen#breadcrumb","itemListElement":[{"@type":"ListItem","position":1,"name":"Startseite","item":"https:\/\/www.apfelpatient.de\/"},{"@type":"ListItem","position":2,"name":"So k\u00f6nnte der neue &#8220;Mac Studio&#8221; aussehen"}]},{"@type":"WebSite","@id":"https:\/\/www.apfelpatient.de\/#website","url":"https:\/\/www.apfelpatient.de\/","name":"apple patient","description":"Everything about Apple!","publisher":{"@type":"Organization","@id":"https:\/\/www.apfelpatient.de\/en\/#organization","name":"Apfelpatient","url":"https:\/\/www.apfelpatient.de\/en\/"},"alternateName":"Apfelpatient","potentialAction":[{"@type":"SearchAction","target":{"@type":"EntryPoint","urlTemplate":"https:\/\/www.apfelpatient.de\/?s={search_term_string}"},"query-input":{"@type":"PropertyValueSpecification","valueRequired":true,"valueName":"search_term_string"}}],"inLanguage":"en-US"},{"@type":["Person","Organization"],"@id":"https:\/\/www.apfelpatient.de\/#\/schema\/person\/7dc56ad6c8e9824b76d2c08d4c140e13","name":"Milan","logo":{"@id":"https:\/\/www.apfelpatient.de\/#\/schema\/person\/image\/"},"description":"Hello and welcome to my technology blog! As a big Apple fan, I report on everything to do with Apple: from the latest news and exciting rumors to helpful tips and tricks and detailed product tests. If you are as enthusiastic about technology as I am, you have come to the right place!","sameAs":["https:\/\/www.facebook.com\/apfelpatientOfficial","https:\/\/www.linkedin.com\/in\/milan-jovicic-42aa0231b"],"url":"https:\/\/www.apfelpatient.de\/en\/author\/apfeladmin"}]}},"_links":{"self":[{"href":"https:\/\/www.apfelpatient.de\/en\/wp-json\/wp\/v2\/posts\/30463","targetHints":{"allow":["GET"]}}],"collection":[{"href":"https:\/\/www.apfelpatient.de\/en\/wp-json\/wp\/v2\/posts"}],"about":[{"href":"https:\/\/www.apfelpatient.de\/en\/wp-json\/wp\/v2\/types\/post"}],"author":[{"embeddable":true,"href":"https:\/\/www.apfelpatient.de\/en\/wp-json\/wp\/v2\/users\/2"}],"replies":[{"embeddable":true,"href":"https:\/\/www.apfelpatient.de\/en\/wp-json\/wp\/v2\/comments?post=30463"}],"version-history":[{"count":0,"href":"https:\/\/www.apfelpatient.de\/en\/wp-json\/wp\/v2\/posts\/30463\/revisions"}],"wp:featuredmedia":[{"embeddable":true,"href":"https:\/\/www.apfelpatient.de\/en\/wp-json\/wp\/v2\/media\/30458"}],"wp:attachment":[{"href":"https:\/\/www.apfelpatient.de\/en\/wp-json\/wp\/v2\/media?parent=30463"}],"wp:term":[{"taxonomy":"category","embeddable":true,"href":"https:\/\/www.apfelpatient.de\/en\/wp-json\/wp\/v2\/categories?post=30463"},{"taxonomy":"post_tag","embeddable":true,"href":"https:\/\/www.apfelpatient.de\/en\/wp-json\/wp\/v2\/tags?post=30463"}],"curies":[{"name":"wp","href":"https:\/\/api.w.org\/{rel}","templated":true}]}}