{"id":30434,"date":"2022-03-06T20:03:39","date_gmt":"2022-03-06T19:03:39","guid":{"rendered":"https:\/\/www.apfelpatient.de\/?p=30434"},"modified":"2025-02-06T08:12:00","modified_gmt":"2025-02-06T07:12:00","slug":"imac-pro-and-mac-pro-are-not-expected-to-be-released-until-2023","status":"publish","type":"post","link":"https:\/\/www.apfelpatient.de\/en\/rumors\/imac-pro-und-mac-pro-sollen-erst-2023-erscheinen","title":{"rendered":"iMac Pro and Mac Pro are not expected to be released until 2023"},"content":{"rendered":"<p class=\"has-drop-cap\"><strong>Apple will not introduce an iMac Pro or a Mac Pro before 2023, while a 27-inch external display without mini-LED is expected to launch later this year, an analyst now claims.<\/strong><\/p>\n\n\n\n<p>In his predictions for Apple&#039;s Mac lineup in 2022 and 2023, Apple analyst Ming-Chi Kuo explains that Apple will introduce a new high-end Mac mini and a 27-inch external display without mini-LED in 2022, while an Apple Silicon Mac Pro and an iMac Pro will not be released until 2023. In his latest <a href=\"https:\/\/twitter.com\/mingchikuo\/status\/1500507564148400128?s=20&amp;t=A1au1wu1cRyFf-gNnoEppA\">Tweet<\/a> is it [called:<\/p>\n\n\n\n<h3 class=\"wp-block-heading\">Rumors contradict each other<\/h3>\n\n\n\n<blockquote class=\"wp-block-quote is-layout-flow wp-block-quote-is-layout-flow\"><p>Predictions for Apple&#039;s new desktop products: 2022: More powerful Mac mini and more affordable external display (27-inch without mini-LED). 2023: Mac Pro and iMac Pro.<\/p><\/blockquote>\n\n\n\n<p>Kuo&#039;s prediction that Apple won&#039;t launch an iMac Pro until next year contradicts information provided by display analyst Ross Young. Young, who also has a credible track record on Apple products, said an iMac Pro could be released as early as June of this year. The iMac Pro is expected to replace the 27-inch Intel-based iMac and sit alongside the 24-inch desktop computer. Young claims that the iMac Pro will feature mini-LED and a similar design to the 24-inch model.<\/p>\n\n\n\n<h3 class=\"wp-block-heading\">iMac Pro and Mac Pro: Which path will Apple take?<\/h3>\n\n\n\n\n\n\n\n<p>Given the large discrepancy between Kuo&#039;s and Young&#039;s information, it&#039;s plausible that the analysts are referring to different devices. Kuo could be referring to a true professional-grade iMac at the top end of the lineup, while Young&#039;s information simply points to a non-professional iMac. As a reminder, Apple has used the &quot;iMac Pro&quot; name before for a now-discontinued iMac. Although a rumor suggests the company will revive the name, it&#039;s questionable whether Apple will actually use the name again.<\/p>\n\n\n\n<h3 class=\"wp-block-heading\" id=\"h-app-herunterladen-push-nachrichten-aktivieren\">Download the app, activate push notifications<\/h3>\n\n\n\n<p><a href=\"https:\/\/www.apfelpatient.de\/en\/news\/peer-performance-apple-announces-new-event\">&quot;Peek performance.&quot; event reminder<\/a>: If you don\u2019t want to miss anything, you should&nbsp;<a href=\"https:\/\/apps.apple.com\/de\/app\/apfelpatient-news\/id1517273672\" target=\"_blank\" rel=\"noreferrer noopener\">download our app<\/a>&nbsp;and activate push notifications. In our separate event section you will find all relevant articles about the next event - we look forward to seeing you. Are you looking for new MagSafe accessories from Apple?&nbsp;<a href=\"https:\/\/www.amazon.de\/shop\/apfelpatientofficial?listId=21E2RFFAY554S&amp;ref=cm_sw_em_r_inf_list_own_apfelpatientofficial_dp_riZhz1Vqdb3gV\" target=\"_blank\" rel=\"noreferrer noopener\">Then take a look at Amazon<\/a>There you will find Apple&#039;s MagSafe chargers, power adapters, cases and the external battery at a discount. In addition, we have dozens of other recommendations&nbsp;<a href=\"https:\/\/www.amazon.de\/shop\/apfelpatientofficial\" target=\"_blank\" rel=\"noreferrer noopener\">in our storefront<\/a>, including from Nomad, Anker and Pitaka \u2013 enjoy browsing. (Photo by hadrian \/ Bigstockphoto)<\/p>\n\n\n\n<ul class=\"wp-block-list\"><li><a href=\"https:\/\/www.apfelpatient.de\/en\/rumors\/peek-performance-apple-could-introduce-new-screen\">\u201cPeek Performance\u201d: Apple could introduce new screen<\/a><\/li><\/ul>\n\n\n\n<h6 class=\"wp-block-heading translation-block\" id=\"h-kennt-ihr-schon-unsere-amazon-storefront-dort-findet-ihr-eine-handverlesene-auswahl-von-diversen-produkten-f-r-euer-iphone-und-co-viel-spa-beim-st-bern\"><em>Have you already visited our Amazon Storefront? There you&#039;ll find a hand-picked selection of various products for your iPhone and other devices \u2013 <span class=\"has-inline-color has-vivid-red-color\"><a href=\"https:\/\/www.amazon.de\/shop\/apfelpatientofficial\" class=\"ek-link\" data-wpel-link=\"exclude\" rel=\"follow noopener\" target=\"_self\"><span style=\"text-decoration: underline\" class=\"ek-underline\">enjoy browsing<\/span><\/a> !<\/span><\/em><\/h6>\n\n\n\n<h6 class=\"wp-block-heading translation-block\" id=\"h-der-beitrag-enthalt-partnerlinks\">This post contains <a data-type=\"URL\" data-id=\"https:\/\/www.apfelpatient.de\/partnerprogramm\" href=\"https:\/\/www.apfelpatient.de\/en\/partner-program\" data-wpel-link=\"internal\" target=\"_self\">affiliate links<\/a>.<\/h6>","protected":false},"excerpt":{"rendered":"<p>Apple will not introduce an iMac Pro or a Mac Pro before 2023, while a 27-inch display without mini-LED is expected to arrive later this year.<\/p>","protected":false},"author":2,"featured_media":30433,"comment_status":"closed","ping_status":"closed","sticky":false,"template":"","format":"standard","meta":{"jnews-multi-image_gallery":[],"jnews_single_post":{"subtitle":"","format":"standard","video":"","gallery":"","source_name":"","source_url":"","via_name":"","via_url":"","override":[{"single_blog_custom":"","sidebar":"","second_sidebar":"","share_position":"","share_float_style":"","post_date_format":"","post_date_format_custom":"","post_reading_time_wpm":"","zoom_button_out_step":"1","zoom_button_in_step":"1","number_popup_post":"1"}],"image_override":[{"single_post_thumbnail_size":"","single_post_gallery_size":""}],"trending_post_position":"","trending_post_label":"","sponsored_post_label":"","sponsored_post_name":"","sponsored_post_url":"","sponsored_post_logo":"","sponsored_post_desc":""},"jnews_primary_category":{"id":"25"},"footnotes":""},"categories":[25],"tags":[40],"class_list":["post-30434","post","type-post","status-publish","format-standard","has-post-thumbnail","hentry","category-rumors","tag-mac"],"yoast_head":"<!-- This site is optimized with the Yoast SEO Premium plugin v27.5 (Yoast SEO v27.5) - https:\/\/yoast.com\/product\/yoast-seo-premium-wordpress\/ -->\n<title>iMac Pro und Mac Pro sollen erst 2023 erscheinen Apfelpatient<\/title>\n<meta name=\"description\" content=\"Apple wird weder einen iMac Pro noch einen Mac Pro vor 2023 vorstellen w\u00e4hrend ein 27&quot; Display ohne Mini-LED noch in diesem Jahr kommen soll.\" \/>\n<meta name=\"robots\" content=\"index, follow, max-snippet:-1, max-image-preview:large, max-video-preview:-1\" \/>\n<link rel=\"canonical\" href=\"https:\/\/www.apfelpatient.de\/en\/rumors\/imac-pro-and-mac-pro-are-not-expected-to-be-released-until-2023\" \/>\n<meta property=\"og:locale\" content=\"en_US\" \/>\n<meta property=\"og:type\" content=\"article\" \/>\n<meta property=\"og:title\" content=\"iMac Pro und Mac Pro sollen erst 2023 erscheinen\" \/>\n<meta property=\"og:description\" content=\"Apple wird weder einen iMac Pro noch einen Mac Pro vor 2023 vorstellen w\u00e4hrend ein 27&quot; Display ohne Mini-LED noch in diesem Jahr kommen soll.\" \/>\n<meta property=\"og:url\" content=\"https:\/\/www.apfelpatient.de\/en\/rumors\/imac-pro-and-mac-pro-are-not-expected-to-be-released-until-2023\" \/>\n<meta property=\"og:site_name\" content=\"Apfelpatient\" \/>\n<meta property=\"article:publisher\" content=\"https:\/\/www.facebook.com\/apfelpatientOfficial\" \/>\n<meta property=\"article:author\" content=\"https:\/\/www.facebook.com\/apfelpatientOfficial\" \/>\n<meta property=\"article:published_time\" content=\"2022-03-06T19:03:39+00:00\" \/>\n<meta property=\"article:modified_time\" content=\"2025-02-06T07:12:00+00:00\" \/>\n<meta property=\"og:image\" content=\"https:\/\/www.apfelpatient.de\/wp-content\/uploads\/2022\/03\/bigstock-Paris-France-Nov-A-267637342.jpg\" \/>\n\t<meta property=\"og:image:width\" content=\"1600\" \/>\n\t<meta property=\"og:image:height\" content=\"1006\" \/>\n\t<meta property=\"og:image:type\" content=\"image\/jpeg\" \/>\n<meta name=\"author\" content=\"Milan\" \/>\n<meta name=\"twitter:card\" content=\"summary_large_image\" \/>\n<meta name=\"twitter:description\" content=\"Apple wird weder einen iMac Pro noch einen Mac Pro vor 2023 vorstellen w\u00e4hrend ein 27&quot; Display ohne Mini-LED noch in diesem Jahr kommen soll.\" \/>\n<meta name=\"twitter:label1\" content=\"Written by\" \/>\n\t<meta name=\"twitter:data1\" content=\"Milan\" \/>\n\t<meta name=\"twitter:label2\" content=\"Est. reading time\" \/>\n\t<meta name=\"twitter:data2\" content=\"3 minutes\" \/>\n<script type=\"application\/ld+json\" class=\"yoast-schema-graph\">{\"@context\":\"https:\\\/\\\/schema.org\",\"@graph\":[{\"@type\":\"NewsArticle\",\"@id\":\"https:\\\/\\\/www.apfelpatient.de\\\/rumors\\\/imac-pro-und-mac-pro-sollen-erst-2023-erscheinen#article\",\"isPartOf\":{\"@id\":\"https:\\\/\\\/www.apfelpatient.de\\\/rumors\\\/imac-pro-und-mac-pro-sollen-erst-2023-erscheinen\"},\"author\":{\"@type\":\"Organization\",\"@id\":\"https:\\\/\\\/www.apfelpatient.de\\\/en\\\/#organization\",\"name\":\"Apfelpatient\",\"url\":\"https:\\\/\\\/www.apfelpatient.de\\\/en\\\/\"},\"headline\":\"iMac Pro und Mac Pro sollen erst 2023 erscheinen\",\"datePublished\":\"2022-03-06T19:03:39+00:00\",\"dateModified\":\"2025-02-06T07:12:00+00:00\",\"mainEntityOfPage\":{\"@id\":\"https:\\\/\\\/www.apfelpatient.de\\\/rumors\\\/imac-pro-und-mac-pro-sollen-erst-2023-erscheinen\"},\"wordCount\":434,\"publisher\":{\"@type\":\"Organization\",\"@id\":\"https:\\\/\\\/www.apfelpatient.de\\\/en\\\/#organization\",\"name\":\"Apfelpatient\",\"url\":\"https:\\\/\\\/www.apfelpatient.de\\\/en\\\/\"},\"image\":{\"@id\":\"https:\\\/\\\/www.apfelpatient.de\\\/rumors\\\/imac-pro-und-mac-pro-sollen-erst-2023-erscheinen#primaryimage\"},\"thumbnailUrl\":\"https:\\\/\\\/www.apfelpatient.de\\\/wp-content\\\/uploads\\\/2022\\\/03\\\/bigstock-Paris-France-Nov-A-267637342.jpg\",\"keywords\":[\"Mac\"],\"articleSection\":\"Rumors\",\"inLanguage\":\"en-US\",\"copyrightYear\":\"2022\",\"copyrightHolder\":{\"@id\":\"https:\\\/\\\/www.apfelpatient.de\\\/en\\\/#organization\"}},{\"@type\":\"WebPage\",\"@id\":\"https:\\\/\\\/www.apfelpatient.de\\\/rumors\\\/imac-pro-und-mac-pro-sollen-erst-2023-erscheinen\",\"url\":\"https:\\\/\\\/www.apfelpatient.de\\\/rumors\\\/imac-pro-und-mac-pro-sollen-erst-2023-erscheinen\",\"name\":\"iMac Pro und Mac Pro sollen erst 2023 erscheinen Apfelpatient\",\"isPartOf\":{\"@id\":\"https:\\\/\\\/www.apfelpatient.de\\\/#website\"},\"primaryImageOfPage\":{\"@id\":\"https:\\\/\\\/www.apfelpatient.de\\\/rumors\\\/imac-pro-und-mac-pro-sollen-erst-2023-erscheinen#primaryimage\"},\"image\":{\"@id\":\"https:\\\/\\\/www.apfelpatient.de\\\/rumors\\\/imac-pro-und-mac-pro-sollen-erst-2023-erscheinen#primaryimage\"},\"thumbnailUrl\":\"https:\\\/\\\/www.apfelpatient.de\\\/wp-content\\\/uploads\\\/2022\\\/03\\\/bigstock-Paris-France-Nov-A-267637342.jpg\",\"datePublished\":\"2022-03-06T19:03:39+00:00\",\"dateModified\":\"2025-02-06T07:12:00+00:00\",\"description\":\"Apple wird weder einen iMac Pro noch einen Mac Pro vor 2023 vorstellen w\u00e4hrend ein 27\\\" Display ohne Mini-LED noch in diesem Jahr kommen soll.\",\"breadcrumb\":{\"@id\":\"https:\\\/\\\/www.apfelpatient.de\\\/rumors\\\/imac-pro-und-mac-pro-sollen-erst-2023-erscheinen#breadcrumb\"},\"inLanguage\":\"en-US\",\"potentialAction\":[{\"@type\":\"ReadAction\",\"target\":[\"https:\\\/\\\/www.apfelpatient.de\\\/rumors\\\/imac-pro-und-mac-pro-sollen-erst-2023-erscheinen\"]}]},{\"@type\":\"ImageObject\",\"inLanguage\":\"en-US\",\"@id\":\"https:\\\/\\\/www.apfelpatient.de\\\/rumors\\\/imac-pro-und-mac-pro-sollen-erst-2023-erscheinen#primaryimage\",\"url\":\"https:\\\/\\\/www.apfelpatient.de\\\/wp-content\\\/uploads\\\/2022\\\/03\\\/bigstock-Paris-France-Nov-A-267637342.jpg\",\"contentUrl\":\"https:\\\/\\\/www.apfelpatient.de\\\/wp-content\\\/uploads\\\/2022\\\/03\\\/bigstock-Paris-France-Nov-A-267637342.jpg\",\"width\":1600,\"height\":1006,\"caption\":\"PARIS, FRANCE - NOV 7, 2018: Apple Computers iMac range featuring 24, 27, and the Professional iMac Pro computers\"},{\"@type\":\"BreadcrumbList\",\"@id\":\"https:\\\/\\\/www.apfelpatient.de\\\/rumors\\\/imac-pro-und-mac-pro-sollen-erst-2023-erscheinen#breadcrumb\",\"itemListElement\":[{\"@type\":\"ListItem\",\"position\":1,\"name\":\"Startseite\",\"item\":\"https:\\\/\\\/www.apfelpatient.de\\\/\"},{\"@type\":\"ListItem\",\"position\":2,\"name\":\"iMac Pro und Mac Pro sollen erst 2023 erscheinen\"}]},{\"@type\":\"WebSite\",\"@id\":\"https:\\\/\\\/www.apfelpatient.de\\\/#website\",\"url\":\"https:\\\/\\\/www.apfelpatient.de\\\/\",\"name\":\"Apfelpatient\",\"description\":\"Alles rund um Apple!\",\"publisher\":{\"@type\":\"Organization\",\"@id\":\"https:\\\/\\\/www.apfelpatient.de\\\/en\\\/#organization\",\"name\":\"Apfelpatient\",\"url\":\"https:\\\/\\\/www.apfelpatient.de\\\/en\\\/\"},\"alternateName\":\"Apfelpatient\",\"potentialAction\":[{\"@type\":\"SearchAction\",\"target\":{\"@type\":\"EntryPoint\",\"urlTemplate\":\"https:\\\/\\\/www.apfelpatient.de\\\/?s={search_term_string}\"},\"query-input\":{\"@type\":\"PropertyValueSpecification\",\"valueRequired\":true,\"valueName\":\"search_term_string\"}}],\"inLanguage\":\"en-US\"},{\"@type\":[\"Person\",\"Organization\"],\"@id\":\"https:\\\/\\\/www.apfelpatient.de\\\/#\\\/schema\\\/person\\\/7dc56ad6c8e9824b76d2c08d4c140e13\",\"name\":\"Milan\",\"logo\":{\"@id\":\"https:\\\/\\\/www.apfelpatient.de\\\/#\\\/schema\\\/person\\\/image\\\/\"},\"description\":\"Hallo und herzlich willkommen auf meinem Technik-Blog! Als gro\u00dfer Apple-Fan berichte ich hier \u00fcber alles, was mit Apple zu tun hat: von den neuesten News und spannenden Ger\u00fcchten \u00fcber hilfreiche Tipps und Tricks bis hin zu ausf\u00fchrlichen Produkttests. Wenn du genauso technikbegeistert bist wie ich, bist du hier genau richtig!\",\"sameAs\":[\"https:\\\/\\\/www.facebook.com\\\/apfelpatientOfficial\",\"https:\\\/\\\/www.linkedin.com\\\/in\\\/milan-jovicic-42aa0231b\"],\"url\":\"https:\\\/\\\/www.apfelpatient.de\\\/en\\\/author\\\/apfeladmin\"}]}<\/script>\n<!-- \/ Yoast SEO Premium plugin. -->","yoast_head_json":{"title":"iMac Pro and Mac Pro are not expected to be released until 2023 Apfelpatient","description":"Apple will not introduce an iMac Pro or a Mac Pro before 2023, while a 27-inch display without mini-LED is expected to arrive later this year.","robots":{"index":"index","follow":"follow","max-snippet":"max-snippet:-1","max-image-preview":"max-image-preview:large","max-video-preview":"max-video-preview:-1"},"canonical":"https:\/\/www.apfelpatient.de\/en\/rumors\/imac-pro-and-mac-pro-are-not-expected-to-be-released-until-2023","og_locale":"en_US","og_type":"article","og_title":"iMac Pro und Mac Pro sollen erst 2023 erscheinen","og_description":"Apple wird weder einen iMac Pro noch einen Mac Pro vor 2023 vorstellen w\u00e4hrend ein 27\" Display ohne Mini-LED noch in diesem Jahr kommen soll.","og_url":"https:\/\/www.apfelpatient.de\/en\/rumors\/imac-pro-and-mac-pro-are-not-expected-to-be-released-until-2023","og_site_name":"Apfelpatient","article_publisher":"https:\/\/www.facebook.com\/apfelpatientOfficial","article_author":"https:\/\/www.facebook.com\/apfelpatientOfficial","article_published_time":"2022-03-06T19:03:39+00:00","article_modified_time":"2025-02-06T07:12:00+00:00","og_image":[{"width":1600,"height":1006,"url":"https:\/\/www.apfelpatient.de\/wp-content\/uploads\/2022\/03\/bigstock-Paris-France-Nov-A-267637342.jpg","type":"image\/jpeg"}],"author":"Milan","twitter_card":"summary_large_image","twitter_description":"Apple wird weder einen iMac Pro noch einen Mac Pro vor 2023 vorstellen w\u00e4hrend ein 27\" Display ohne Mini-LED noch in diesem Jahr kommen soll.","twitter_misc":{"Written by":"Milan","Est. reading time":"3 minutes"},"schema":{"@context":"https:\/\/schema.org","@graph":[{"@type":"NewsArticle","@id":"https:\/\/www.apfelpatient.de\/rumors\/imac-pro-und-mac-pro-sollen-erst-2023-erscheinen#article","isPartOf":{"@id":"https:\/\/www.apfelpatient.de\/rumors\/imac-pro-und-mac-pro-sollen-erst-2023-erscheinen"},"author":{"@type":"Organization","@id":"https:\/\/www.apfelpatient.de\/en\/#organization","name":"Apfelpatient","url":"https:\/\/www.apfelpatient.de\/en\/"},"headline":"iMac Pro und Mac Pro sollen erst 2023 erscheinen","datePublished":"2022-03-06T19:03:39+00:00","dateModified":"2025-02-06T07:12:00+00:00","mainEntityOfPage":{"@id":"https:\/\/www.apfelpatient.de\/rumors\/imac-pro-und-mac-pro-sollen-erst-2023-erscheinen"},"wordCount":434,"publisher":{"@type":"Organization","@id":"https:\/\/www.apfelpatient.de\/en\/#organization","name":"Apfelpatient","url":"https:\/\/www.apfelpatient.de\/en\/"},"image":{"@id":"https:\/\/www.apfelpatient.de\/rumors\/imac-pro-und-mac-pro-sollen-erst-2023-erscheinen#primaryimage"},"thumbnailUrl":"https:\/\/www.apfelpatient.de\/wp-content\/uploads\/2022\/03\/bigstock-Paris-France-Nov-A-267637342.jpg","keywords":["Mac"],"articleSection":"Rumors","inLanguage":"en-US","copyrightYear":"2022","copyrightHolder":{"@id":"https:\/\/www.apfelpatient.de\/en\/#organization"}},{"@type":"WebPage","@id":"https:\/\/www.apfelpatient.de\/rumors\/imac-pro-und-mac-pro-sollen-erst-2023-erscheinen","url":"https:\/\/www.apfelpatient.de\/rumors\/imac-pro-und-mac-pro-sollen-erst-2023-erscheinen","name":"iMac Pro and Mac Pro are not expected to be released until 2023 Apfelpatient","isPartOf":{"@id":"https:\/\/www.apfelpatient.de\/#website"},"primaryImageOfPage":{"@id":"https:\/\/www.apfelpatient.de\/rumors\/imac-pro-und-mac-pro-sollen-erst-2023-erscheinen#primaryimage"},"image":{"@id":"https:\/\/www.apfelpatient.de\/rumors\/imac-pro-und-mac-pro-sollen-erst-2023-erscheinen#primaryimage"},"thumbnailUrl":"https:\/\/www.apfelpatient.de\/wp-content\/uploads\/2022\/03\/bigstock-Paris-France-Nov-A-267637342.jpg","datePublished":"2022-03-06T19:03:39+00:00","dateModified":"2025-02-06T07:12:00+00:00","description":"Apple will not introduce an iMac Pro or a Mac Pro before 2023, while a 27-inch display without mini-LED is expected to arrive later this year.","breadcrumb":{"@id":"https:\/\/www.apfelpatient.de\/rumors\/imac-pro-und-mac-pro-sollen-erst-2023-erscheinen#breadcrumb"},"inLanguage":"en-US","potentialAction":[{"@type":"ReadAction","target":["https:\/\/www.apfelpatient.de\/rumors\/imac-pro-und-mac-pro-sollen-erst-2023-erscheinen"]}]},{"@type":"ImageObject","inLanguage":"en-US","@id":"https:\/\/www.apfelpatient.de\/rumors\/imac-pro-und-mac-pro-sollen-erst-2023-erscheinen#primaryimage","url":"https:\/\/www.apfelpatient.de\/wp-content\/uploads\/2022\/03\/bigstock-Paris-France-Nov-A-267637342.jpg","contentUrl":"https:\/\/www.apfelpatient.de\/wp-content\/uploads\/2022\/03\/bigstock-Paris-France-Nov-A-267637342.jpg","width":1600,"height":1006,"caption":"PARIS, FRANCE - NOV 7, 2018: Apple Computers iMac range featuring 24, 27, and the Professional iMac Pro computers"},{"@type":"BreadcrumbList","@id":"https:\/\/www.apfelpatient.de\/rumors\/imac-pro-und-mac-pro-sollen-erst-2023-erscheinen#breadcrumb","itemListElement":[{"@type":"ListItem","position":1,"name":"Startseite","item":"https:\/\/www.apfelpatient.de\/"},{"@type":"ListItem","position":2,"name":"iMac Pro und Mac Pro sollen erst 2023 erscheinen"}]},{"@type":"WebSite","@id":"https:\/\/www.apfelpatient.de\/#website","url":"https:\/\/www.apfelpatient.de\/","name":"apple patient","description":"Everything about Apple!","publisher":{"@type":"Organization","@id":"https:\/\/www.apfelpatient.de\/en\/#organization","name":"Apfelpatient","url":"https:\/\/www.apfelpatient.de\/en\/"},"alternateName":"Apfelpatient","potentialAction":[{"@type":"SearchAction","target":{"@type":"EntryPoint","urlTemplate":"https:\/\/www.apfelpatient.de\/?s={search_term_string}"},"query-input":{"@type":"PropertyValueSpecification","valueRequired":true,"valueName":"search_term_string"}}],"inLanguage":"en-US"},{"@type":["Person","Organization"],"@id":"https:\/\/www.apfelpatient.de\/#\/schema\/person\/7dc56ad6c8e9824b76d2c08d4c140e13","name":"Milan","logo":{"@id":"https:\/\/www.apfelpatient.de\/#\/schema\/person\/image\/"},"description":"Hello and welcome to my technology blog! As a big Apple fan, I report on everything to do with Apple: from the latest news and exciting rumors to helpful tips and tricks and detailed product tests. If you are as enthusiastic about technology as I am, you have come to the right place!","sameAs":["https:\/\/www.facebook.com\/apfelpatientOfficial","https:\/\/www.linkedin.com\/in\/milan-jovicic-42aa0231b"],"url":"https:\/\/www.apfelpatient.de\/en\/author\/apfeladmin"}]}},"_links":{"self":[{"href":"https:\/\/www.apfelpatient.de\/en\/wp-json\/wp\/v2\/posts\/30434","targetHints":{"allow":["GET"]}}],"collection":[{"href":"https:\/\/www.apfelpatient.de\/en\/wp-json\/wp\/v2\/posts"}],"about":[{"href":"https:\/\/www.apfelpatient.de\/en\/wp-json\/wp\/v2\/types\/post"}],"author":[{"embeddable":true,"href":"https:\/\/www.apfelpatient.de\/en\/wp-json\/wp\/v2\/users\/2"}],"replies":[{"embeddable":true,"href":"https:\/\/www.apfelpatient.de\/en\/wp-json\/wp\/v2\/comments?post=30434"}],"version-history":[{"count":0,"href":"https:\/\/www.apfelpatient.de\/en\/wp-json\/wp\/v2\/posts\/30434\/revisions"}],"wp:featuredmedia":[{"embeddable":true,"href":"https:\/\/www.apfelpatient.de\/en\/wp-json\/wp\/v2\/media\/30433"}],"wp:attachment":[{"href":"https:\/\/www.apfelpatient.de\/en\/wp-json\/wp\/v2\/media?parent=30434"}],"wp:term":[{"taxonomy":"category","embeddable":true,"href":"https:\/\/www.apfelpatient.de\/en\/wp-json\/wp\/v2\/categories?post=30434"},{"taxonomy":"post_tag","embeddable":true,"href":"https:\/\/www.apfelpatient.de\/en\/wp-json\/wp\/v2\/tags?post=30434"}],"curies":[{"name":"wp","href":"https:\/\/api.w.org\/{rel}","templated":true}]}}