{"id":30390,"date":"2022-03-03T17:25:39","date_gmt":"2022-03-03T16:25:39","guid":{"rendered":"https:\/\/www.apfelpatient.de\/?p=30390"},"modified":"2022-03-07T16:28:22","modified_gmt":"2022-03-07T15:28:22","slug":"peek-performance-event-these-products-could-be-announced-by-apple","status":"publish","type":"post","link":"https:\/\/www.apfelpatient.de\/en\/allgemein\/peek-performance-event-diese-produkte-koennte-apple-ankuendigen","title":{"rendered":"\u201cPeek performance\u201d event: These products could be announced by Apple"},"content":{"rendered":"<p class=\"has-drop-cap\"><strong>Apple officially announced yesterday that the first event this year will take place on March 8th. Since there have been rumors about the event for weeks, we are of course very excited to see what is on the program.<\/strong><\/p>\n\n\n\n<p>For some time now, Apple has been holding its events regularly in March or April in the first half of the year. Even though no new high-end iPhones are introduced in the spring, the events generate excitement among Apple fans.<\/p>\n\n\n\n<h3 class=\"wp-block-heading\">iPhone SE 3<\/h3>\n\n\n\n<p>The 3rd generation iPhone SE is rumored to remain at a price of $399. In Germany, the starting price should remain the same at around \u20ac479. Apple analyst Ming-Chi Kuo says it will have the same design but will bring two important improvements - 5G and a better processor.<\/p>\n\n\n\n<h3 class=\"wp-block-heading\">iPad Air 5<\/h3>\n\n\n\n<p>Rumors suggest that the 5th generation iPad Air will emulate the current iPad mini 6. It could include the A15 processor, 5G support, four speakers instead of two, and Center Stage support for video calls. The biggest changes seem to be the camera improvements. There may finally be support for 1080p video recording at 25 and 30 frames per second. The iPad Air 5 is expected to feature standard wide-angle and ultra-wide-angle camera lenses like the iPhone 13. However, it is said that the camera will not include a LiDAR scanner like the iPad Pro.<\/p>\n\n\n\n<h3 class=\"wp-block-heading\">New Apple Silicon devices: Mac mini Pro?<\/h3>\n\n\n\n\n\n\n\n<p>Bloomberg has already listed seven new Apple Silicon Macs that are expected this year. Additionally, Apple registered three new Macs in the Eurasian registration database a few weeks ago. The appearance of Apple devices in the Eurasian database (EEC) has been an accurate indicator of new models in the past. It remains unclear when these devices will see the light of day. According to reports from Bloomberg in 2021, a higher-end Mac mini will contain the same Apple Silicon as the current MacBook Pros. It will also have a new design with more ports than the current version. Bloomberg also claims that we will see an M2 Mac mini later this year.<\/p>\n\n\n\n<h3 class=\"wp-block-heading\">13-inch MacBook Pro<\/h3>\n\n\n\n<p>There are relatively few rumors about a refresh of the 13-inch MacBook Pro. As part of the original Apple Silicon trio, it has been identified as one of the models that has a good chance of an update soon. Since it&#039;s a similar device to the MacBook Air, it will likely receive the same internal updates, such as the M2 chip and a new FaceTime camera. However, it is not expected to have the same mini-LED ProMotion display as the larger models and will have less storage and processing power to keep the price down as an entry-level model.<\/p>\n\n\n\n<h3 class=\"wp-block-heading\">MacBook Air<\/h3>\n\n\n\n<p>The MacBook Air, also one of the first Apple Silicon developments, could receive an update. Similar to the Mac mini, the updated MacBook Air is also expected to undergo a major redesign. The most obvious is a color change. In fact, the small MacBook is said to be available in several colors, similar to the iMac 24\u2033. In addition to the new color options, the 13.3-inch display could be equipped with a mini-LED backlight, like the 14- and 16-inch MacBook Pro. A notch in the display is also suspected so that the screen takes up more space while retaining the webcam functionality. In addition, the webcam is expected to be a 1080p component with an ultra-wide-angle lens that offers Center Stage support. Rumors also say that MagSafe will be part of the innovations. Inside, the MacBook Air is said to be equipped with the M2 chip, which is logically better than its predecessor, the M1, but cannot keep up with the M1 Pro or M1 Max.<\/p>\n\n\n\n<h3 class=\"wp-block-heading\">A 27-inch iMac with Apple Silicon<\/h3>\n\n\n\n<p>The current 27-inch iMacs are not yet equipped with Apple Silicon. But that is expected to change. According to reports, the device will offer a miniLED display with ProMotion technology. These devices will be equipped with M1 Pro and M1 Max chips, just like the 2021 MacBook Pro line. They will either be called iMac Pro or keep the name 27-inch iMac. The new iMacs are in high demand as many users need a desktop with the specifications of the MacBook Pros. The first generation of Apple Silicon iMacs with 24-inch displays were introduced at the event last spring. Will we now see a larger version? It remains exciting.<\/p>\n\n\n\n<h3 class=\"wp-block-heading\">iOS 15.4 release date<\/h3>\n\n\n\n\n\n\n\n<p>Apple released the fifth beta of iOS 15.4 &amp; Co. this week. The updates will probably be released worldwide shortly after the event. It is expected that the release candidate versions will be rolled out during the event week, while the final versions will appear around March 15th.<\/p>\n\n\n\n<h3 class=\"wp-block-heading\">These products are not expected<\/h3>\n\n\n\n<p>But which products are definitely not to be expected? Long-time fans who know Apple&#039;s update rhythm will already know the answer. Since this is a spring event, we probably won&#039;t see the Apple Watch Series 8 or the iPhone 14 until the fall. It&#039;s also possible that some of the Macs in the pipeline won&#039;t appear until later in the year. A new iPad Pro is also not expected at the moment.<\/p>\n\n\n\n<h3 class=\"wp-block-heading\">When does the \u201cPeek performance\u201d event take place?<\/h3>\n\n\n\n<p>Here&#039;s a reminder. The event will take place on March 8th at 7 p.m. in this country. It can be followed via the live stream on the Apple website, on the YouTube channel and in the Apple TV app. Of course, we will also report on every detail.<\/p>\n\n\n\n<h3 class=\"wp-block-heading\" id=\"h-app-herunterladen-push-nachrichten-aktivieren\">Download the app, activate push notifications<\/h3>\n\n\n\n<p>If you don\u2019t want to miss anything, you should&nbsp;<a href=\"https:\/\/apps.apple.com\/de\/app\/apfelpatient-news\/id1517273672\" target=\"_blank\" rel=\"noreferrer noopener\">download our app<\/a>&nbsp;and activate push notifications. In our separate event section you will find all relevant articles about the next event - we look forward to seeing you. Are you looking for new MagSafe accessories from Apple?&nbsp;<a href=\"https:\/\/www.amazon.de\/shop\/apfelpatientofficial?listId=21E2RFFAY554S&amp;ref=cm_sw_em_r_inf_list_own_apfelpatientofficial_dp_riZhz1Vqdb3gV\" target=\"_blank\" rel=\"noreferrer noopener\">Then take a look at Amazon<\/a>There you will find Apple&#039;s MagSafe chargers, power adapters, cases and the external battery at a discount. In addition, we have dozens of other recommendations&nbsp;<a href=\"https:\/\/www.amazon.de\/shop\/apfelpatientofficial\" target=\"_blank\" rel=\"noreferrer noopener\">in our storefront<\/a>, including from Nomad, Anker and Pitaka \u2013 enjoy browsing.<\/p>\n\n\n\n<h3 class=\"wp-block-heading\" id=\"h-ach-ja-da-ware-noch-eine-bitte\">Oh yes, there is one more request...<\/h3>\n\n\n\n<p>PS: To our existing app users, thank you for your support. As you already know, we don&#039;t use annoying pop-ups asking for reviews. Of course, that doesn&#039;t mean that we wouldn&#039;t be happy with at least 5 stars. So: If you have the time and inclination, then let us have a&nbsp;<a href=\"https:\/\/apps.apple.com\/de\/app\/apfelpatient-news\/id1517273672\" target=\"_blank\" rel=\"noreferrer noopener\">rating in the App Store<\/a>&nbsp;We would be happy, apart from that it helps us enormously. Small note: If you are running an iOS beta on your device, you can leave a review, but it will not be displayed in the store - that is how Apple intended it. (Image: Apple)<\/p>\n\n\n\n<ul class=\"wp-block-list\"><li><a href=\"https:\/\/www.apfelpatient.de\/en\/tips-tricks\/ios-15-native-iphone-2fa-code-generator-use-this-is-how-it-works\">iOS 15: How to use the native iPhone 2FA code generator<\/a><\/li><\/ul>\n\n\n\n<h6 class=\"wp-block-heading translation-block\" id=\"h-kennt-ihr-schon-unsere-amazon-storefront-dort-findet-ihr-eine-handverlesene-auswahl-von-diversen-produkten-f-r-euer-iphone-und-co-viel-spa-beim-st-bern\"><em>Have you already visited our Amazon Storefront? There you&#039;ll find a hand-picked selection of various products for your iPhone and other devices \u2013 <span class=\"has-inline-color has-vivid-red-color\"><a href=\"https:\/\/www.amazon.de\/shop\/apfelpatientofficial\" class=\"ek-link\" data-wpel-link=\"exclude\" rel=\"follow noopener\" target=\"_self\"><span style=\"text-decoration: underline\" class=\"ek-underline\">enjoy browsing<\/span><\/a> !<\/span><\/em><\/h6>\n\n\n\n<h6 class=\"wp-block-heading translation-block\" id=\"h-der-beitrag-enthalt-partnerlinks\">This post contains <a data-type=\"URL\" data-id=\"https:\/\/www.apfelpatient.de\/partnerprogramm\" href=\"https:\/\/www.apfelpatient.de\/en\/partner-program\" data-wpel-link=\"internal\" target=\"_self\">affiliate links<\/a>.<\/h6>","protected":false},"excerpt":{"rendered":"<p>What products can we expect? Apple officially announced yesterday that the first event this year will take place on March 8th.<\/p>","protected":false},"author":2,"featured_media":30383,"comment_status":"closed","ping_status":"closed","sticky":false,"template":"","format":"standard","meta":{"jnews-multi-image_gallery":[],"jnews_single_post":{"subtitle":"","format":"standard","video":"","gallery":"","source_name":"","source_url":"","via_name":"","via_url":"","override":[{"single_blog_custom":"","sidebar":"","second_sidebar":"","share_position":"","share_float_style":"","post_date_format":"","post_date_format_custom":"","post_reading_time_wpm":"","zoom_button_out_step":"1","zoom_button_in_step":"1","number_popup_post":"1"}],"image_override":[{"single_post_thumbnail_size":"","single_post_gallery_size":""}],"trending_post_position":"","trending_post_label":"","sponsored_post_label":"","sponsored_post_name":"","sponsored_post_url":"","sponsored_post_logo":"","sponsored_post_desc":""},"jnews_primary_category":{"id":"2"},"footnotes":""},"categories":[2],"tags":[86,3,18,33,8,40,4,95,21],"class_list":["post-30390","post","type-post","status-publish","format-standard","has-post-thumbnail","hentry","category-allgemein","tag-apple-event","tag-ios","tag-ipad","tag-ipados","tag-iphone","tag-mac","tag-macos","tag-tvos","tag-watchos"],"yoast_head":"<!-- This site is optimized with the Yoast SEO Premium plugin v27.5 (Yoast SEO v27.5) - https:\/\/yoast.com\/product\/yoast-seo-premium-wordpress\/ -->\n<title>&quot;Peek performance&quot;-Event: Diese Produkte k\u00f6nnte Apple ank\u00fcndigen<\/title>\n<meta name=\"description\" content=\"Welche Produkte sind zu erwarten? Apple hat gestern offiziell angek\u00fcndigt, dass das erste Event in diesem Jahr am 08. M\u00e4rz stattfinden wird.\" \/>\n<meta name=\"robots\" content=\"index, follow, max-snippet:-1, max-image-preview:large, max-video-preview:-1\" \/>\n<link rel=\"canonical\" href=\"https:\/\/www.apfelpatient.de\/en\/generally\/peek-performance-event-these-products-could-be-announced-by-apple\" \/>\n<meta property=\"og:locale\" content=\"en_US\" \/>\n<meta property=\"og:type\" content=\"article\" \/>\n<meta property=\"og:title\" content=\"&quot;Peek performance&quot;-Event: Diese Produkte k\u00f6nnte Apple ank\u00fcndigen\" \/>\n<meta property=\"og:description\" content=\"Welche Produkte sind zu erwarten? Apple hat gestern offiziell angek\u00fcndigt, dass das erste Event in diesem Jahr am 08. M\u00e4rz stattfinden wird.\" \/>\n<meta property=\"og:url\" content=\"https:\/\/www.apfelpatient.de\/en\/generally\/peek-performance-event-these-products-could-be-announced-by-apple\" \/>\n<meta property=\"og:site_name\" content=\"Apfelpatient\" \/>\n<meta property=\"article:publisher\" content=\"https:\/\/www.facebook.com\/apfelpatientOfficial\" \/>\n<meta property=\"article:author\" content=\"https:\/\/www.facebook.com\/apfelpatientOfficial\" \/>\n<meta property=\"article:published_time\" content=\"2022-03-03T16:25:39+00:00\" \/>\n<meta property=\"article:modified_time\" content=\"2022-03-07T15:28:22+00:00\" \/>\n<meta property=\"og:image\" content=\"https:\/\/www.apfelpatient.de\/wp-content\/uploads\/2022\/03\/1279FE1B-793F-473A-A586-1963742FE1F0.png\" \/>\n\t<meta property=\"og:image:width\" content=\"1600\" \/>\n\t<meta property=\"og:image:height\" content=\"900\" \/>\n\t<meta property=\"og:image:type\" content=\"image\/png\" \/>\n<meta name=\"author\" content=\"Milan\" \/>\n<meta name=\"twitter:card\" content=\"summary_large_image\" \/>\n<meta name=\"twitter:description\" content=\"Welche Produkte sind zu erwarten? Apple hat gestern offiziell angek\u00fcndigt, dass das erste Event in diesem Jahr am 08. M\u00e4rz stattfinden wird.\" \/>\n<meta name=\"twitter:label1\" content=\"Written by\" \/>\n\t<meta name=\"twitter:data1\" content=\"Milan\" \/>\n\t<meta name=\"twitter:label2\" content=\"Est. reading time\" \/>\n\t<meta name=\"twitter:data2\" content=\"6 minutes\" \/>\n<script type=\"application\/ld+json\" class=\"yoast-schema-graph\">{\"@context\":\"https:\\\/\\\/schema.org\",\"@graph\":[{\"@type\":\"NewsArticle\",\"@id\":\"https:\\\/\\\/www.apfelpatient.de\\\/allgemein\\\/peek-performance-event-diese-produkte-koennte-apple-ankuendigen#article\",\"isPartOf\":{\"@id\":\"https:\\\/\\\/www.apfelpatient.de\\\/allgemein\\\/peek-performance-event-diese-produkte-koennte-apple-ankuendigen\"},\"author\":{\"@type\":\"Organization\",\"@id\":\"https:\\\/\\\/www.apfelpatient.de\\\/en\\\/#organization\",\"name\":\"Apfelpatient\",\"url\":\"https:\\\/\\\/www.apfelpatient.de\\\/en\\\/\"},\"headline\":\"&#8222;Peek performance&#8220;-Event: Diese Produkte k\u00f6nnte Apple ank\u00fcndigen\",\"datePublished\":\"2022-03-03T16:25:39+00:00\",\"dateModified\":\"2022-03-07T15:28:22+00:00\",\"mainEntityOfPage\":{\"@id\":\"https:\\\/\\\/www.apfelpatient.de\\\/allgemein\\\/peek-performance-event-diese-produkte-koennte-apple-ankuendigen\"},\"wordCount\":1130,\"publisher\":{\"@type\":\"Organization\",\"@id\":\"https:\\\/\\\/www.apfelpatient.de\\\/en\\\/#organization\",\"name\":\"Apfelpatient\",\"url\":\"https:\\\/\\\/www.apfelpatient.de\\\/en\\\/\"},\"image\":{\"@id\":\"https:\\\/\\\/www.apfelpatient.de\\\/allgemein\\\/peek-performance-event-diese-produkte-koennte-apple-ankuendigen#primaryimage\"},\"thumbnailUrl\":\"https:\\\/\\\/www.apfelpatient.de\\\/wp-content\\\/uploads\\\/2022\\\/03\\\/1279FE1B-793F-473A-A586-1963742FE1F0.png\",\"keywords\":[\"Apple Event\",\"iOS\",\"iPad\",\"iPadOS\",\"iPhone\",\"Mac\",\"macOS\",\"tvOS\",\"watchOS\"],\"articleSection\":\"Allgemein\",\"inLanguage\":\"en-US\",\"copyrightYear\":\"2022\",\"copyrightHolder\":{\"@id\":\"https:\\\/\\\/www.apfelpatient.de\\\/en\\\/#organization\"}},{\"@type\":\"WebPage\",\"@id\":\"https:\\\/\\\/www.apfelpatient.de\\\/allgemein\\\/peek-performance-event-diese-produkte-koennte-apple-ankuendigen\",\"url\":\"https:\\\/\\\/www.apfelpatient.de\\\/allgemein\\\/peek-performance-event-diese-produkte-koennte-apple-ankuendigen\",\"name\":\"\\\"Peek performance\\\"-Event: Diese Produkte k\u00f6nnte Apple ank\u00fcndigen\",\"isPartOf\":{\"@id\":\"https:\\\/\\\/www.apfelpatient.de\\\/#website\"},\"primaryImageOfPage\":{\"@id\":\"https:\\\/\\\/www.apfelpatient.de\\\/allgemein\\\/peek-performance-event-diese-produkte-koennte-apple-ankuendigen#primaryimage\"},\"image\":{\"@id\":\"https:\\\/\\\/www.apfelpatient.de\\\/allgemein\\\/peek-performance-event-diese-produkte-koennte-apple-ankuendigen#primaryimage\"},\"thumbnailUrl\":\"https:\\\/\\\/www.apfelpatient.de\\\/wp-content\\\/uploads\\\/2022\\\/03\\\/1279FE1B-793F-473A-A586-1963742FE1F0.png\",\"datePublished\":\"2022-03-03T16:25:39+00:00\",\"dateModified\":\"2022-03-07T15:28:22+00:00\",\"description\":\"Welche Produkte sind zu erwarten? Apple hat gestern offiziell angek\u00fcndigt, dass das erste Event in diesem Jahr am 08. M\u00e4rz stattfinden wird.\",\"breadcrumb\":{\"@id\":\"https:\\\/\\\/www.apfelpatient.de\\\/allgemein\\\/peek-performance-event-diese-produkte-koennte-apple-ankuendigen#breadcrumb\"},\"inLanguage\":\"en-US\",\"potentialAction\":[{\"@type\":\"ReadAction\",\"target\":[\"https:\\\/\\\/www.apfelpatient.de\\\/allgemein\\\/peek-performance-event-diese-produkte-koennte-apple-ankuendigen\"]}]},{\"@type\":\"ImageObject\",\"inLanguage\":\"en-US\",\"@id\":\"https:\\\/\\\/www.apfelpatient.de\\\/allgemein\\\/peek-performance-event-diese-produkte-koennte-apple-ankuendigen#primaryimage\",\"url\":\"https:\\\/\\\/www.apfelpatient.de\\\/wp-content\\\/uploads\\\/2022\\\/03\\\/1279FE1B-793F-473A-A586-1963742FE1F0.png\",\"contentUrl\":\"https:\\\/\\\/www.apfelpatient.de\\\/wp-content\\\/uploads\\\/2022\\\/03\\\/1279FE1B-793F-473A-A586-1963742FE1F0.png\",\"width\":1600,\"height\":900,\"caption\":\"Bild: Apple - \\\"Peek performance.\\\"-Event\"},{\"@type\":\"BreadcrumbList\",\"@id\":\"https:\\\/\\\/www.apfelpatient.de\\\/allgemein\\\/peek-performance-event-diese-produkte-koennte-apple-ankuendigen#breadcrumb\",\"itemListElement\":[{\"@type\":\"ListItem\",\"position\":1,\"name\":\"Startseite\",\"item\":\"https:\\\/\\\/www.apfelpatient.de\\\/\"},{\"@type\":\"ListItem\",\"position\":2,\"name\":\"&#8222;Peek performance&#8220;-Event: Diese Produkte k\u00f6nnte Apple ank\u00fcndigen\"}]},{\"@type\":\"WebSite\",\"@id\":\"https:\\\/\\\/www.apfelpatient.de\\\/#website\",\"url\":\"https:\\\/\\\/www.apfelpatient.de\\\/\",\"name\":\"Apfelpatient\",\"description\":\"Alles rund um Apple!\",\"publisher\":{\"@type\":\"Organization\",\"@id\":\"https:\\\/\\\/www.apfelpatient.de\\\/en\\\/#organization\",\"name\":\"Apfelpatient\",\"url\":\"https:\\\/\\\/www.apfelpatient.de\\\/en\\\/\"},\"alternateName\":\"Apfelpatient\",\"potentialAction\":[{\"@type\":\"SearchAction\",\"target\":{\"@type\":\"EntryPoint\",\"urlTemplate\":\"https:\\\/\\\/www.apfelpatient.de\\\/?s={search_term_string}\"},\"query-input\":{\"@type\":\"PropertyValueSpecification\",\"valueRequired\":true,\"valueName\":\"search_term_string\"}}],\"inLanguage\":\"en-US\"},{\"@type\":[\"Person\",\"Organization\"],\"@id\":\"https:\\\/\\\/www.apfelpatient.de\\\/#\\\/schema\\\/person\\\/7dc56ad6c8e9824b76d2c08d4c140e13\",\"name\":\"Milan\",\"logo\":{\"@id\":\"https:\\\/\\\/www.apfelpatient.de\\\/#\\\/schema\\\/person\\\/image\\\/\"},\"description\":\"Hallo und herzlich willkommen auf meinem Technik-Blog! Als gro\u00dfer Apple-Fan berichte ich hier \u00fcber alles, was mit Apple zu tun hat: von den neuesten News und spannenden Ger\u00fcchten \u00fcber hilfreiche Tipps und Tricks bis hin zu ausf\u00fchrlichen Produkttests. Wenn du genauso technikbegeistert bist wie ich, bist du hier genau richtig!\",\"sameAs\":[\"https:\\\/\\\/www.facebook.com\\\/apfelpatientOfficial\",\"https:\\\/\\\/www.linkedin.com\\\/in\\\/milan-jovicic-42aa0231b\"],\"url\":\"https:\\\/\\\/www.apfelpatient.de\\\/en\\\/author\\\/apfeladmin\"}]}<\/script>\n<!-- \/ Yoast SEO Premium plugin. -->","yoast_head_json":{"title":"&quot;Peek performance&quot; event: These products could be announced by Apple","description":"What products can we expect? Apple officially announced yesterday that the first event this year will take place on March 8th.","robots":{"index":"index","follow":"follow","max-snippet":"max-snippet:-1","max-image-preview":"max-image-preview:large","max-video-preview":"max-video-preview:-1"},"canonical":"https:\/\/www.apfelpatient.de\/en\/generally\/peek-performance-event-these-products-could-be-announced-by-apple","og_locale":"en_US","og_type":"article","og_title":"\"Peek performance\"-Event: Diese Produkte k\u00f6nnte Apple ank\u00fcndigen","og_description":"Welche Produkte sind zu erwarten? Apple hat gestern offiziell angek\u00fcndigt, dass das erste Event in diesem Jahr am 08. M\u00e4rz stattfinden wird.","og_url":"https:\/\/www.apfelpatient.de\/en\/generally\/peek-performance-event-these-products-could-be-announced-by-apple","og_site_name":"Apfelpatient","article_publisher":"https:\/\/www.facebook.com\/apfelpatientOfficial","article_author":"https:\/\/www.facebook.com\/apfelpatientOfficial","article_published_time":"2022-03-03T16:25:39+00:00","article_modified_time":"2022-03-07T15:28:22+00:00","og_image":[{"width":1600,"height":900,"url":"https:\/\/www.apfelpatient.de\/wp-content\/uploads\/2022\/03\/1279FE1B-793F-473A-A586-1963742FE1F0.png","type":"image\/png"}],"author":"Milan","twitter_card":"summary_large_image","twitter_description":"Welche Produkte sind zu erwarten? Apple hat gestern offiziell angek\u00fcndigt, dass das erste Event in diesem Jahr am 08. M\u00e4rz stattfinden wird.","twitter_misc":{"Written by":"Milan","Est. reading time":"6 minutes"},"schema":{"@context":"https:\/\/schema.org","@graph":[{"@type":"NewsArticle","@id":"https:\/\/www.apfelpatient.de\/allgemein\/peek-performance-event-diese-produkte-koennte-apple-ankuendigen#article","isPartOf":{"@id":"https:\/\/www.apfelpatient.de\/allgemein\/peek-performance-event-diese-produkte-koennte-apple-ankuendigen"},"author":{"@type":"Organization","@id":"https:\/\/www.apfelpatient.de\/en\/#organization","name":"Apfelpatient","url":"https:\/\/www.apfelpatient.de\/en\/"},"headline":"&#8222;Peek performance&#8220;-Event: Diese Produkte k\u00f6nnte Apple ank\u00fcndigen","datePublished":"2022-03-03T16:25:39+00:00","dateModified":"2022-03-07T15:28:22+00:00","mainEntityOfPage":{"@id":"https:\/\/www.apfelpatient.de\/allgemein\/peek-performance-event-diese-produkte-koennte-apple-ankuendigen"},"wordCount":1130,"publisher":{"@type":"Organization","@id":"https:\/\/www.apfelpatient.de\/en\/#organization","name":"Apfelpatient","url":"https:\/\/www.apfelpatient.de\/en\/"},"image":{"@id":"https:\/\/www.apfelpatient.de\/allgemein\/peek-performance-event-diese-produkte-koennte-apple-ankuendigen#primaryimage"},"thumbnailUrl":"https:\/\/www.apfelpatient.de\/wp-content\/uploads\/2022\/03\/1279FE1B-793F-473A-A586-1963742FE1F0.png","keywords":["Apple Event","iOS","iPad","iPadOS","iPhone","Mac","macOS","tvOS","watchOS"],"articleSection":"Allgemein","inLanguage":"en-US","copyrightYear":"2022","copyrightHolder":{"@id":"https:\/\/www.apfelpatient.de\/en\/#organization"}},{"@type":"WebPage","@id":"https:\/\/www.apfelpatient.de\/allgemein\/peek-performance-event-diese-produkte-koennte-apple-ankuendigen","url":"https:\/\/www.apfelpatient.de\/allgemein\/peek-performance-event-diese-produkte-koennte-apple-ankuendigen","name":"&quot;Peek performance&quot; event: These products could be announced by Apple","isPartOf":{"@id":"https:\/\/www.apfelpatient.de\/#website"},"primaryImageOfPage":{"@id":"https:\/\/www.apfelpatient.de\/allgemein\/peek-performance-event-diese-produkte-koennte-apple-ankuendigen#primaryimage"},"image":{"@id":"https:\/\/www.apfelpatient.de\/allgemein\/peek-performance-event-diese-produkte-koennte-apple-ankuendigen#primaryimage"},"thumbnailUrl":"https:\/\/www.apfelpatient.de\/wp-content\/uploads\/2022\/03\/1279FE1B-793F-473A-A586-1963742FE1F0.png","datePublished":"2022-03-03T16:25:39+00:00","dateModified":"2022-03-07T15:28:22+00:00","description":"What products can we expect? Apple officially announced yesterday that the first event this year will take place on March 8th.","breadcrumb":{"@id":"https:\/\/www.apfelpatient.de\/allgemein\/peek-performance-event-diese-produkte-koennte-apple-ankuendigen#breadcrumb"},"inLanguage":"en-US","potentialAction":[{"@type":"ReadAction","target":["https:\/\/www.apfelpatient.de\/allgemein\/peek-performance-event-diese-produkte-koennte-apple-ankuendigen"]}]},{"@type":"ImageObject","inLanguage":"en-US","@id":"https:\/\/www.apfelpatient.de\/allgemein\/peek-performance-event-diese-produkte-koennte-apple-ankuendigen#primaryimage","url":"https:\/\/www.apfelpatient.de\/wp-content\/uploads\/2022\/03\/1279FE1B-793F-473A-A586-1963742FE1F0.png","contentUrl":"https:\/\/www.apfelpatient.de\/wp-content\/uploads\/2022\/03\/1279FE1B-793F-473A-A586-1963742FE1F0.png","width":1600,"height":900,"caption":"Bild: Apple - \"Peek performance.\"-Event"},{"@type":"BreadcrumbList","@id":"https:\/\/www.apfelpatient.de\/allgemein\/peek-performance-event-diese-produkte-koennte-apple-ankuendigen#breadcrumb","itemListElement":[{"@type":"ListItem","position":1,"name":"Startseite","item":"https:\/\/www.apfelpatient.de\/"},{"@type":"ListItem","position":2,"name":"&#8222;Peek performance&#8220;-Event: Diese Produkte k\u00f6nnte Apple ank\u00fcndigen"}]},{"@type":"WebSite","@id":"https:\/\/www.apfelpatient.de\/#website","url":"https:\/\/www.apfelpatient.de\/","name":"apple patient","description":"Everything about Apple!","publisher":{"@type":"Organization","@id":"https:\/\/www.apfelpatient.de\/en\/#organization","name":"Apfelpatient","url":"https:\/\/www.apfelpatient.de\/en\/"},"alternateName":"Apfelpatient","potentialAction":[{"@type":"SearchAction","target":{"@type":"EntryPoint","urlTemplate":"https:\/\/www.apfelpatient.de\/?s={search_term_string}"},"query-input":{"@type":"PropertyValueSpecification","valueRequired":true,"valueName":"search_term_string"}}],"inLanguage":"en-US"},{"@type":["Person","Organization"],"@id":"https:\/\/www.apfelpatient.de\/#\/schema\/person\/7dc56ad6c8e9824b76d2c08d4c140e13","name":"Milan","logo":{"@id":"https:\/\/www.apfelpatient.de\/#\/schema\/person\/image\/"},"description":"Hello and welcome to my technology blog! As a big Apple fan, I report on everything to do with Apple: from the latest news and exciting rumors to helpful tips and tricks and detailed product tests. If you are as enthusiastic about technology as I am, you have come to the right place!","sameAs":["https:\/\/www.facebook.com\/apfelpatientOfficial","https:\/\/www.linkedin.com\/in\/milan-jovicic-42aa0231b"],"url":"https:\/\/www.apfelpatient.de\/en\/author\/apfeladmin"}]}},"_links":{"self":[{"href":"https:\/\/www.apfelpatient.de\/en\/wp-json\/wp\/v2\/posts\/30390","targetHints":{"allow":["GET"]}}],"collection":[{"href":"https:\/\/www.apfelpatient.de\/en\/wp-json\/wp\/v2\/posts"}],"about":[{"href":"https:\/\/www.apfelpatient.de\/en\/wp-json\/wp\/v2\/types\/post"}],"author":[{"embeddable":true,"href":"https:\/\/www.apfelpatient.de\/en\/wp-json\/wp\/v2\/users\/2"}],"replies":[{"embeddable":true,"href":"https:\/\/www.apfelpatient.de\/en\/wp-json\/wp\/v2\/comments?post=30390"}],"version-history":[{"count":0,"href":"https:\/\/www.apfelpatient.de\/en\/wp-json\/wp\/v2\/posts\/30390\/revisions"}],"wp:featuredmedia":[{"embeddable":true,"href":"https:\/\/www.apfelpatient.de\/en\/wp-json\/wp\/v2\/media\/30383"}],"wp:attachment":[{"href":"https:\/\/www.apfelpatient.de\/en\/wp-json\/wp\/v2\/media?parent=30390"}],"wp:term":[{"taxonomy":"category","embeddable":true,"href":"https:\/\/www.apfelpatient.de\/en\/wp-json\/wp\/v2\/categories?post=30390"},{"taxonomy":"post_tag","embeddable":true,"href":"https:\/\/www.apfelpatient.de\/en\/wp-json\/wp\/v2\/tags?post=30390"}],"curies":[{"name":"wp","href":"https:\/\/api.w.org\/{rel}","templated":true}]}}