{"id":30344,"date":"2022-02-28T18:55:27","date_gmt":"2022-02-28T17:55:27","guid":{"rendered":"https:\/\/www.apfelpatient.de\/?p=30344"},"modified":"2022-02-28T18:55:28","modified_gmt":"2022-02-28T17:55:28","slug":"tim-cook-technology-can-change-the-world-for-the-better","status":"publish","type":"post","link":"https:\/\/www.apfelpatient.de\/en\/news\/tim-cook-technologie-kann-die-welt-zum-besseren-veraendern","title":{"rendered":"Tim Cook: Technology can change the world for the better"},"content":{"rendered":"<p class=\"has-drop-cap\"><strong>Apple CEO Tim Cook has penned an open letter for the first issue of Login, a new magazine published by Italy&#039;s Corriere della Sera. In the letter, Cook reflects on Apple&#039;s commitment to innovation, humanity, the environment, and more.<\/strong><\/p>\n\n\n\n<p>Cook believes that the world is currently experiencing a pivotal moment in history and that technology will have a major impact on the future. <a href=\"https:\/\/www.corriere.it\/tecnologia\/22_febbraio_28\/tim-cook-appello-innovatori-italiani-unitevi-nostra-sfida-cambiare-mondo-meglio-67022af2-966d-11ec-ae45-371c99bdba95.shtml\" target=\"_blank\" rel=\"noreferrer noopener\">writes<\/a> he:<\/p>\n\n\n\n<blockquote class=\"wp-block-quote is-layout-flow wp-block-quote-is-layout-flow\"><p>As the world recovers from a pandemic that has taken so much from us over the past two years, we have a unique opportunity to shape the future we want to live in. The decisions we make today about how we rebuild the world and where we focus our resources will leave their mark for decades to come. And while technology will clearly have a major impact on the future we create, it&#039;s important to remember that technology is not inherently good or bad. Its influence will depend on the values and intentions we put at the heart of our innovations.<\/p><\/blockquote>\n\n\n\n<h3 class=\"wp-block-heading\" id=\"h-tim-cook-jeder-hat-das-potenzial-innovativ-zu-sein\">Tim Cook: \u201cEveryone has the potential to be innovative\u201d<\/h3>\n\n\n\n\n\n\n\n<p>Cook called on \u201cinnovators\u201d from across Italy to join Apple in using technology to change the world for the better:<\/p>\n\n\n\n<blockquote class=\"wp-block-quote is-layout-flow wp-block-quote-is-layout-flow\"><p>We believe that everyone has the potential to innovate when they have access to the right tools, especially in a vibrant country like Italy, full of passion and creativity. And we want to help more and more people tap into that potential. To that end, we&#039;ve partnered with the University of Naples Federico II to create the Apple Developer Academy, which gives aspiring developers and entrepreneurs the coding skills they need to bring their ideas to life.<\/p><\/blockquote>\n\n\n\n<p>The letter reiterates many of Apple&#039;s usual arguments, including the belief that privacy is a fundamental human right and that the company is committed to fighting climate change. In 2020, Apple unveiled a plan to make its entire company, supply chain and product lifecycle carbon neutral by 2030. (Photo by DFree \/ Bigstockphoto)<\/p>\n\n\n\n<ul class=\"wp-block-list\"><li><a href=\"https:\/\/www.apfelpatient.de\/en\/news\/apple-is-said-to-have-lied-about-non-disclosure-agreements\">Apple allegedly lied about non-disclosure agreements<\/a><\/li><\/ul>\n\n\n\n<h6 class=\"wp-block-heading translation-block\" id=\"h-kennt-ihr-schon-unsere-amazon-storefront-dort-findet-ihr-eine-handverlesene-auswahl-von-diversen-produkten-f-r-euer-iphone-und-co-viel-spa-beim-st-bern\"><em>Have you already visited our Amazon Storefront? There you&#039;ll find a hand-picked selection of various products for your iPhone and other devices \u2013 <span class=\"has-inline-color has-vivid-red-color\"><a href=\"https:\/\/www.amazon.de\/shop\/apfelpatientofficial\" class=\"ek-link\" data-wpel-link=\"exclude\" rel=\"follow noopener\" target=\"_self\"><span style=\"text-decoration: underline\" class=\"ek-underline\">enjoy browsing<\/span><\/a> !<\/span><\/em><\/h6>\n\n\n\n<h6 class=\"wp-block-heading translation-block\" id=\"h-der-beitrag-enthalt-partnerlinks\">This post contains <a data-type=\"URL\" data-id=\"https:\/\/www.apfelpatient.de\/partnerprogramm\" href=\"https:\/\/www.apfelpatient.de\/en\/partner-program\" data-wpel-link=\"internal\" target=\"_self\">affiliate links<\/a>.<\/h6>","protected":false},"excerpt":{"rendered":"<p>Apple CEO Tim Cook: In the letter, Cook reflects on Apple&#039;s commitment to innovation, humanity, the environment and more.<\/p>","protected":false},"author":2,"featured_media":30338,"comment_status":"closed","ping_status":"closed","sticky":false,"template":"","format":"standard","meta":{"jnews-multi-image_gallery":[],"jnews_single_post":{"subtitle":"","format":"standard","video":"","gallery":"","source_name":"","source_url":"","via_name":"","via_url":"","override":[{"single_blog_custom":"","sidebar":"","second_sidebar":"","share_position":"","share_float_style":"","post_date_format":"","post_date_format_custom":"","post_reading_time_wpm":"","zoom_button_out_step":"1","zoom_button_in_step":"1","number_popup_post":"1"}],"image_override":[{"single_post_thumbnail_size":"","single_post_gallery_size":""}],"trending_post_position":"","trending_post_label":"","sponsored_post_label":"","sponsored_post_name":"","sponsored_post_url":"","sponsored_post_logo":"","sponsored_post_desc":""},"jnews_primary_category":{"id":"9"},"footnotes":""},"categories":[9],"tags":[13],"class_list":["post-30344","post","type-post","status-publish","format-standard","has-post-thumbnail","hentry","category-news","tag-techpatient"],"yoast_head":"<!-- This site is optimized with the Yoast SEO Premium plugin v27.5 (Yoast SEO v27.5) - https:\/\/yoast.com\/product\/yoast-seo-premium-wordpress\/ -->\n<title>Tim Cook: Technologie kann die Welt zum Besseren ver\u00e4ndern<\/title>\n<meta name=\"description\" content=\"Apple CEO Tim Cook: In dem Brief reflektiert Cook \u00fcber Apples Engagement f\u00fcr Innovation, Menschlichkeit, die Umwelt und mehr.\" \/>\n<meta name=\"robots\" content=\"index, follow, max-snippet:-1, max-image-preview:large, max-video-preview:-1\" \/>\n<link rel=\"canonical\" href=\"https:\/\/www.apfelpatient.de\/en\/news\/tim-cook-technology-can-change-the-world-for-the-better\" \/>\n<meta property=\"og:locale\" content=\"en_US\" \/>\n<meta property=\"og:type\" content=\"article\" \/>\n<meta property=\"og:title\" content=\"Tim Cook: Technologie kann die Welt zum Besseren ver\u00e4ndern\" \/>\n<meta property=\"og:description\" content=\"Apple CEO Tim Cook: In dem Brief reflektiert Cook \u00fcber Apples Engagement f\u00fcr Innovation, Menschlichkeit, die Umwelt und mehr.\" \/>\n<meta property=\"og:url\" content=\"https:\/\/www.apfelpatient.de\/en\/news\/tim-cook-technology-can-change-the-world-for-the-better\" \/>\n<meta property=\"og:site_name\" content=\"Apfelpatient\" \/>\n<meta property=\"article:publisher\" content=\"https:\/\/www.facebook.com\/apfelpatientOfficial\" \/>\n<meta property=\"article:author\" content=\"https:\/\/www.facebook.com\/apfelpatientOfficial\" \/>\n<meta property=\"article:published_time\" content=\"2022-02-28T17:55:27+00:00\" \/>\n<meta property=\"article:modified_time\" content=\"2022-02-28T17:55:28+00:00\" \/>\n<meta property=\"og:image\" content=\"https:\/\/www.apfelpatient.de\/wp-content\/uploads\/2022\/02\/bigstock-LOS-ANGELES-JUL-Tim-Cook-427580636.jpg\" \/>\n\t<meta property=\"og:image:width\" content=\"1600\" \/>\n\t<meta property=\"og:image:height\" content=\"1158\" \/>\n\t<meta property=\"og:image:type\" content=\"image\/jpeg\" \/>\n<meta name=\"author\" content=\"Milan\" \/>\n<meta name=\"twitter:card\" content=\"summary_large_image\" \/>\n<meta name=\"twitter:description\" content=\"Apple CEO Tim Cook: In dem Brief reflektiert Cook \u00fcber Apples Engagement f\u00fcr Innovation, Menschlichkeit, die Umwelt und mehr.\" \/>\n<meta name=\"twitter:label1\" content=\"Written by\" \/>\n\t<meta name=\"twitter:data1\" content=\"Milan\" \/>\n\t<meta name=\"twitter:label2\" content=\"Est. reading time\" \/>\n\t<meta name=\"twitter:data2\" content=\"2 minutes\" \/>\n<script type=\"application\/ld+json\" class=\"yoast-schema-graph\">{\"@context\":\"https:\\\/\\\/schema.org\",\"@graph\":[{\"@type\":\"NewsArticle\",\"@id\":\"https:\\\/\\\/www.apfelpatient.de\\\/news\\\/tim-cook-technologie-kann-die-welt-zum-besseren-veraendern#article\",\"isPartOf\":{\"@id\":\"https:\\\/\\\/www.apfelpatient.de\\\/news\\\/tim-cook-technologie-kann-die-welt-zum-besseren-veraendern\"},\"author\":{\"@type\":\"Organization\",\"@id\":\"https:\\\/\\\/www.apfelpatient.de\\\/en\\\/#organization\",\"name\":\"Apfelpatient\",\"url\":\"https:\\\/\\\/www.apfelpatient.de\\\/en\\\/\"},\"headline\":\"Tim Cook: Technologie kann die Welt zum Besseren ver\u00e4ndern\",\"datePublished\":\"2022-02-28T17:55:27+00:00\",\"dateModified\":\"2022-02-28T17:55:28+00:00\",\"mainEntityOfPage\":{\"@id\":\"https:\\\/\\\/www.apfelpatient.de\\\/news\\\/tim-cook-technologie-kann-die-welt-zum-besseren-veraendern\"},\"wordCount\":376,\"publisher\":{\"@type\":\"Organization\",\"@id\":\"https:\\\/\\\/www.apfelpatient.de\\\/en\\\/#organization\",\"name\":\"Apfelpatient\",\"url\":\"https:\\\/\\\/www.apfelpatient.de\\\/en\\\/\"},\"image\":{\"@id\":\"https:\\\/\\\/www.apfelpatient.de\\\/news\\\/tim-cook-technologie-kann-die-welt-zum-besseren-veraendern#primaryimage\"},\"thumbnailUrl\":\"https:\\\/\\\/www.apfelpatient.de\\\/wp-content\\\/uploads\\\/2022\\\/02\\\/bigstock-LOS-ANGELES-JUL-Tim-Cook-427580636.jpg\",\"keywords\":[\"TechPatient\"],\"articleSection\":\"News\",\"inLanguage\":\"en-US\",\"copyrightYear\":\"2022\",\"copyrightHolder\":{\"@id\":\"https:\\\/\\\/www.apfelpatient.de\\\/en\\\/#organization\"}},{\"@type\":\"WebPage\",\"@id\":\"https:\\\/\\\/www.apfelpatient.de\\\/news\\\/tim-cook-technologie-kann-die-welt-zum-besseren-veraendern\",\"url\":\"https:\\\/\\\/www.apfelpatient.de\\\/news\\\/tim-cook-technologie-kann-die-welt-zum-besseren-veraendern\",\"name\":\"Tim Cook: Technologie kann die Welt zum Besseren ver\u00e4ndern\",\"isPartOf\":{\"@id\":\"https:\\\/\\\/www.apfelpatient.de\\\/#website\"},\"primaryImageOfPage\":{\"@id\":\"https:\\\/\\\/www.apfelpatient.de\\\/news\\\/tim-cook-technologie-kann-die-welt-zum-besseren-veraendern#primaryimage\"},\"image\":{\"@id\":\"https:\\\/\\\/www.apfelpatient.de\\\/news\\\/tim-cook-technologie-kann-die-welt-zum-besseren-veraendern#primaryimage\"},\"thumbnailUrl\":\"https:\\\/\\\/www.apfelpatient.de\\\/wp-content\\\/uploads\\\/2022\\\/02\\\/bigstock-LOS-ANGELES-JUL-Tim-Cook-427580636.jpg\",\"datePublished\":\"2022-02-28T17:55:27+00:00\",\"dateModified\":\"2022-02-28T17:55:28+00:00\",\"description\":\"Apple CEO Tim Cook: In dem Brief reflektiert Cook \u00fcber Apples Engagement f\u00fcr Innovation, Menschlichkeit, die Umwelt und mehr.\",\"breadcrumb\":{\"@id\":\"https:\\\/\\\/www.apfelpatient.de\\\/news\\\/tim-cook-technologie-kann-die-welt-zum-besseren-veraendern#breadcrumb\"},\"inLanguage\":\"en-US\",\"potentialAction\":[{\"@type\":\"ReadAction\",\"target\":[\"https:\\\/\\\/www.apfelpatient.de\\\/news\\\/tim-cook-technologie-kann-die-welt-zum-besseren-veraendern\"]}]},{\"@type\":\"ImageObject\",\"inLanguage\":\"en-US\",\"@id\":\"https:\\\/\\\/www.apfelpatient.de\\\/news\\\/tim-cook-technologie-kann-die-welt-zum-besseren-veraendern#primaryimage\",\"url\":\"https:\\\/\\\/www.apfelpatient.de\\\/wp-content\\\/uploads\\\/2022\\\/02\\\/bigstock-LOS-ANGELES-JUL-Tim-Cook-427580636.jpg\",\"contentUrl\":\"https:\\\/\\\/www.apfelpatient.de\\\/wp-content\\\/uploads\\\/2022\\\/02\\\/bigstock-LOS-ANGELES-JUL-Tim-Cook-427580636.jpg\",\"width\":1600,\"height\":1158,\"caption\":\"LOS ANGELES - JUL 15: Tim Cook arrives for the Ted Lasso Season 2 Premiere on July 15, 2021 in West Hollywood, CA\"},{\"@type\":\"BreadcrumbList\",\"@id\":\"https:\\\/\\\/www.apfelpatient.de\\\/news\\\/tim-cook-technologie-kann-die-welt-zum-besseren-veraendern#breadcrumb\",\"itemListElement\":[{\"@type\":\"ListItem\",\"position\":1,\"name\":\"Startseite\",\"item\":\"https:\\\/\\\/www.apfelpatient.de\\\/\"},{\"@type\":\"ListItem\",\"position\":2,\"name\":\"Tim Cook: Technologie kann die Welt zum Besseren ver\u00e4ndern\"}]},{\"@type\":\"WebSite\",\"@id\":\"https:\\\/\\\/www.apfelpatient.de\\\/#website\",\"url\":\"https:\\\/\\\/www.apfelpatient.de\\\/\",\"name\":\"Apfelpatient\",\"description\":\"Alles rund um Apple!\",\"publisher\":{\"@type\":\"Organization\",\"@id\":\"https:\\\/\\\/www.apfelpatient.de\\\/en\\\/#organization\",\"name\":\"Apfelpatient\",\"url\":\"https:\\\/\\\/www.apfelpatient.de\\\/en\\\/\"},\"alternateName\":\"Apfelpatient\",\"potentialAction\":[{\"@type\":\"SearchAction\",\"target\":{\"@type\":\"EntryPoint\",\"urlTemplate\":\"https:\\\/\\\/www.apfelpatient.de\\\/?s={search_term_string}\"},\"query-input\":{\"@type\":\"PropertyValueSpecification\",\"valueRequired\":true,\"valueName\":\"search_term_string\"}}],\"inLanguage\":\"en-US\"},{\"@type\":[\"Person\",\"Organization\"],\"@id\":\"https:\\\/\\\/www.apfelpatient.de\\\/#\\\/schema\\\/person\\\/7dc56ad6c8e9824b76d2c08d4c140e13\",\"name\":\"Milan\",\"logo\":{\"@id\":\"https:\\\/\\\/www.apfelpatient.de\\\/#\\\/schema\\\/person\\\/image\\\/\"},\"description\":\"Hallo und herzlich willkommen auf meinem Technik-Blog! Als gro\u00dfer Apple-Fan berichte ich hier \u00fcber alles, was mit Apple zu tun hat: von den neuesten News und spannenden Ger\u00fcchten \u00fcber hilfreiche Tipps und Tricks bis hin zu ausf\u00fchrlichen Produkttests. Wenn du genauso technikbegeistert bist wie ich, bist du hier genau richtig!\",\"sameAs\":[\"https:\\\/\\\/www.facebook.com\\\/apfelpatientOfficial\",\"https:\\\/\\\/www.linkedin.com\\\/in\\\/milan-jovicic-42aa0231b\"],\"url\":\"https:\\\/\\\/www.apfelpatient.de\\\/en\\\/author\\\/apfeladmin\"}]}<\/script>\n<!-- \/ Yoast SEO Premium plugin. -->","yoast_head_json":{"title":"Tim Cook: Technology can change the world for the better","description":"Apple CEO Tim Cook: In the letter, Cook reflects on Apple&#039;s commitment to innovation, humanity, the environment and more.","robots":{"index":"index","follow":"follow","max-snippet":"max-snippet:-1","max-image-preview":"max-image-preview:large","max-video-preview":"max-video-preview:-1"},"canonical":"https:\/\/www.apfelpatient.de\/en\/news\/tim-cook-technology-can-change-the-world-for-the-better","og_locale":"en_US","og_type":"article","og_title":"Tim Cook: Technologie kann die Welt zum Besseren ver\u00e4ndern","og_description":"Apple CEO Tim Cook: In dem Brief reflektiert Cook \u00fcber Apples Engagement f\u00fcr Innovation, Menschlichkeit, die Umwelt und mehr.","og_url":"https:\/\/www.apfelpatient.de\/en\/news\/tim-cook-technology-can-change-the-world-for-the-better","og_site_name":"Apfelpatient","article_publisher":"https:\/\/www.facebook.com\/apfelpatientOfficial","article_author":"https:\/\/www.facebook.com\/apfelpatientOfficial","article_published_time":"2022-02-28T17:55:27+00:00","article_modified_time":"2022-02-28T17:55:28+00:00","og_image":[{"width":1600,"height":1158,"url":"https:\/\/www.apfelpatient.de\/wp-content\/uploads\/2022\/02\/bigstock-LOS-ANGELES-JUL-Tim-Cook-427580636.jpg","type":"image\/jpeg"}],"author":"Milan","twitter_card":"summary_large_image","twitter_description":"Apple CEO Tim Cook: In dem Brief reflektiert Cook \u00fcber Apples Engagement f\u00fcr Innovation, Menschlichkeit, die Umwelt und mehr.","twitter_misc":{"Written by":"Milan","Est. reading time":"2 minutes"},"schema":{"@context":"https:\/\/schema.org","@graph":[{"@type":"NewsArticle","@id":"https:\/\/www.apfelpatient.de\/news\/tim-cook-technologie-kann-die-welt-zum-besseren-veraendern#article","isPartOf":{"@id":"https:\/\/www.apfelpatient.de\/news\/tim-cook-technologie-kann-die-welt-zum-besseren-veraendern"},"author":{"@type":"Organization","@id":"https:\/\/www.apfelpatient.de\/en\/#organization","name":"Apfelpatient","url":"https:\/\/www.apfelpatient.de\/en\/"},"headline":"Tim Cook: Technologie kann die Welt zum Besseren ver\u00e4ndern","datePublished":"2022-02-28T17:55:27+00:00","dateModified":"2022-02-28T17:55:28+00:00","mainEntityOfPage":{"@id":"https:\/\/www.apfelpatient.de\/news\/tim-cook-technologie-kann-die-welt-zum-besseren-veraendern"},"wordCount":376,"publisher":{"@type":"Organization","@id":"https:\/\/www.apfelpatient.de\/en\/#organization","name":"Apfelpatient","url":"https:\/\/www.apfelpatient.de\/en\/"},"image":{"@id":"https:\/\/www.apfelpatient.de\/news\/tim-cook-technologie-kann-die-welt-zum-besseren-veraendern#primaryimage"},"thumbnailUrl":"https:\/\/www.apfelpatient.de\/wp-content\/uploads\/2022\/02\/bigstock-LOS-ANGELES-JUL-Tim-Cook-427580636.jpg","keywords":["TechPatient"],"articleSection":"News","inLanguage":"en-US","copyrightYear":"2022","copyrightHolder":{"@id":"https:\/\/www.apfelpatient.de\/en\/#organization"}},{"@type":"WebPage","@id":"https:\/\/www.apfelpatient.de\/news\/tim-cook-technologie-kann-die-welt-zum-besseren-veraendern","url":"https:\/\/www.apfelpatient.de\/news\/tim-cook-technologie-kann-die-welt-zum-besseren-veraendern","name":"Tim Cook: Technology can change the world for the better","isPartOf":{"@id":"https:\/\/www.apfelpatient.de\/#website"},"primaryImageOfPage":{"@id":"https:\/\/www.apfelpatient.de\/news\/tim-cook-technologie-kann-die-welt-zum-besseren-veraendern#primaryimage"},"image":{"@id":"https:\/\/www.apfelpatient.de\/news\/tim-cook-technologie-kann-die-welt-zum-besseren-veraendern#primaryimage"},"thumbnailUrl":"https:\/\/www.apfelpatient.de\/wp-content\/uploads\/2022\/02\/bigstock-LOS-ANGELES-JUL-Tim-Cook-427580636.jpg","datePublished":"2022-02-28T17:55:27+00:00","dateModified":"2022-02-28T17:55:28+00:00","description":"Apple CEO Tim Cook: In the letter, Cook reflects on Apple&#039;s commitment to innovation, humanity, the environment and more.","breadcrumb":{"@id":"https:\/\/www.apfelpatient.de\/news\/tim-cook-technologie-kann-die-welt-zum-besseren-veraendern#breadcrumb"},"inLanguage":"en-US","potentialAction":[{"@type":"ReadAction","target":["https:\/\/www.apfelpatient.de\/news\/tim-cook-technologie-kann-die-welt-zum-besseren-veraendern"]}]},{"@type":"ImageObject","inLanguage":"en-US","@id":"https:\/\/www.apfelpatient.de\/news\/tim-cook-technologie-kann-die-welt-zum-besseren-veraendern#primaryimage","url":"https:\/\/www.apfelpatient.de\/wp-content\/uploads\/2022\/02\/bigstock-LOS-ANGELES-JUL-Tim-Cook-427580636.jpg","contentUrl":"https:\/\/www.apfelpatient.de\/wp-content\/uploads\/2022\/02\/bigstock-LOS-ANGELES-JUL-Tim-Cook-427580636.jpg","width":1600,"height":1158,"caption":"LOS ANGELES - JUL 15: Tim Cook arrives for the Ted Lasso Season 2 Premiere on July 15, 2021 in West Hollywood, CA"},{"@type":"BreadcrumbList","@id":"https:\/\/www.apfelpatient.de\/news\/tim-cook-technologie-kann-die-welt-zum-besseren-veraendern#breadcrumb","itemListElement":[{"@type":"ListItem","position":1,"name":"Startseite","item":"https:\/\/www.apfelpatient.de\/"},{"@type":"ListItem","position":2,"name":"Tim Cook: Technologie kann die Welt zum Besseren ver\u00e4ndern"}]},{"@type":"WebSite","@id":"https:\/\/www.apfelpatient.de\/#website","url":"https:\/\/www.apfelpatient.de\/","name":"apple patient","description":"Everything about Apple!","publisher":{"@type":"Organization","@id":"https:\/\/www.apfelpatient.de\/en\/#organization","name":"Apfelpatient","url":"https:\/\/www.apfelpatient.de\/en\/"},"alternateName":"Apfelpatient","potentialAction":[{"@type":"SearchAction","target":{"@type":"EntryPoint","urlTemplate":"https:\/\/www.apfelpatient.de\/?s={search_term_string}"},"query-input":{"@type":"PropertyValueSpecification","valueRequired":true,"valueName":"search_term_string"}}],"inLanguage":"en-US"},{"@type":["Person","Organization"],"@id":"https:\/\/www.apfelpatient.de\/#\/schema\/person\/7dc56ad6c8e9824b76d2c08d4c140e13","name":"Milan","logo":{"@id":"https:\/\/www.apfelpatient.de\/#\/schema\/person\/image\/"},"description":"Hello and welcome to my technology blog! As a big Apple fan, I report on everything to do with Apple: from the latest news and exciting rumors to helpful tips and tricks and detailed product tests. If you are as enthusiastic about technology as I am, you have come to the right place!","sameAs":["https:\/\/www.facebook.com\/apfelpatientOfficial","https:\/\/www.linkedin.com\/in\/milan-jovicic-42aa0231b"],"url":"https:\/\/www.apfelpatient.de\/en\/author\/apfeladmin"}]}},"_links":{"self":[{"href":"https:\/\/www.apfelpatient.de\/en\/wp-json\/wp\/v2\/posts\/30344","targetHints":{"allow":["GET"]}}],"collection":[{"href":"https:\/\/www.apfelpatient.de\/en\/wp-json\/wp\/v2\/posts"}],"about":[{"href":"https:\/\/www.apfelpatient.de\/en\/wp-json\/wp\/v2\/types\/post"}],"author":[{"embeddable":true,"href":"https:\/\/www.apfelpatient.de\/en\/wp-json\/wp\/v2\/users\/2"}],"replies":[{"embeddable":true,"href":"https:\/\/www.apfelpatient.de\/en\/wp-json\/wp\/v2\/comments?post=30344"}],"version-history":[{"count":0,"href":"https:\/\/www.apfelpatient.de\/en\/wp-json\/wp\/v2\/posts\/30344\/revisions"}],"wp:featuredmedia":[{"embeddable":true,"href":"https:\/\/www.apfelpatient.de\/en\/wp-json\/wp\/v2\/media\/30338"}],"wp:attachment":[{"href":"https:\/\/www.apfelpatient.de\/en\/wp-json\/wp\/v2\/media?parent=30344"}],"wp:term":[{"taxonomy":"category","embeddable":true,"href":"https:\/\/www.apfelpatient.de\/en\/wp-json\/wp\/v2\/categories?post=30344"},{"taxonomy":"post_tag","embeddable":true,"href":"https:\/\/www.apfelpatient.de\/en\/wp-json\/wp\/v2\/tags?post=30344"}],"curies":[{"name":"wp","href":"https:\/\/api.w.org\/{rel}","templated":true}]}}