{"id":30267,"date":"2022-03-02T18:11:07","date_gmt":"2022-03-02T17:11:07","guid":{"rendered":"https:\/\/www.apfelpatient.de\/?p=30267"},"modified":"2022-03-13T20:45:18","modified_gmt":"2022-03-13T19:45:18","slug":"peer-performance-apple-announces-new-event","status":"publish","type":"post","link":"https:\/\/www.apfelpatient.de\/en\/news\/peer-performance-apple-kuendigt-neues-event-an","title":{"rendered":"\u201cPeek performance.\u201d: Apple announces new event"},"content":{"rendered":"<p class=\"has-drop-cap\"><strong>Rumors have already suggested it \u2013 now it&#039;s official. Apple will soon be hosting its first event of the year.<\/strong><\/p>\n\n\n\n<p>Apple today announced the first event of the year under the motto &quot;Peek performance.&quot; The virtual event is scheduled to take place on Tuesday, March 8, 2022 at 7:00 p.m. As before, this event will also be held digitally.<\/p>\n\n\n\n<h3 class=\"wp-block-heading\" id=\"h-apple-event-welche-produkte-werden-vorgestellt\">Apple Event: Which products will be presented?<\/h3>\n\n\n\n<p>But which products will Apple present? If rumors are to be believed, Apple will present the third generation iPhone SE and an updated iPad Air. Apple is also expected to unveil at least one new Mac. All in all, this event should be very exciting again. For several years now, Apple has been allowing all fans to be there live. Whether Mac or Windows PC, iPhone, iPad or Apple TV, there is a suitable solution for all devices. A live stream is provided via the company&#039;s own homepage. This can be accessed from any device - for Windows 10 users, Apple recommends using the Microsoft Edge browser.<\/p>\n\n\n\n<figure class=\"wp-block-image size-large\"><img decoding=\"async\" width=\"1024\" height=\"1024\" src=\"https:\/\/www.apfelpatient.de\/wp-content\/uploads\/2022\/03\/06218EA6-6BCC-4CA5-8D6F-2A80C3070750-1024x1024.png\" alt=\"&quot;Peek performance.&quot; event\" class=\"wp-image-30372\" srcset=\"https:\/\/www.apfelpatient.de\/wp-content\/uploads\/2022\/03\/06218EA6-6BCC-4CA5-8D6F-2A80C3070750-1024x1024.png 1024w, https:\/\/www.apfelpatient.de\/wp-content\/uploads\/2022\/03\/06218EA6-6BCC-4CA5-8D6F-2A80C3070750-300x300.png 300w, https:\/\/www.apfelpatient.de\/wp-content\/uploads\/2022\/03\/06218EA6-6BCC-4CA5-8D6F-2A80C3070750-150x150.png 150w, https:\/\/www.apfelpatient.de\/wp-content\/uploads\/2022\/03\/06218EA6-6BCC-4CA5-8D6F-2A80C3070750-768x768.png 768w, https:\/\/www.apfelpatient.de\/wp-content\/uploads\/2022\/03\/06218EA6-6BCC-4CA5-8D6F-2A80C3070750-75x75.png 75w, https:\/\/www.apfelpatient.de\/wp-content\/uploads\/2022\/03\/06218EA6-6BCC-4CA5-8D6F-2A80C3070750-350x350.png 350w, https:\/\/www.apfelpatient.de\/wp-content\/uploads\/2022\/03\/06218EA6-6BCC-4CA5-8D6F-2A80C3070750-750x750.png 750w, https:\/\/www.apfelpatient.de\/wp-content\/uploads\/2022\/03\/06218EA6-6BCC-4CA5-8D6F-2A80C3070750.png 1080w\" sizes=\"(max-width: 1024px) 100vw, 1024px\" \/><figcaption>Image: Apple<\/figcaption><\/figure>\n\n\n\n<h3 class=\"wp-block-heading\">How to watch the Apple online event<\/h3>\n\n\n\n\n\n\n\n<p>The stream can be accessed via Safari on iPhone, iPad and iPod touch - alternatively, registered developers can watch via the official WWDC app - a developer account is required. There is also a stream available on YouTube. Owners of an Apple TV can easily start the event via the TV app. Of course, there is also the option of watching the event at a later time. Apple has been offering the &quot;Past Apple Events&quot; section on its own event page for several years - this is updated on the same evening.<\/p>\n\n\n\n<h3 class=\"wp-block-heading\" id=\"h-app-herunterladen-push-nachrichten-aktivieren\">Download the app, activate push notifications<\/h3>\n\n\n\n<p>If you don\u2019t want to miss anything, you should&nbsp;<a href=\"https:\/\/apps.apple.com\/de\/app\/apfelpatient-news\/id1517273672\" target=\"_blank\" rel=\"noreferrer noopener\">download our app<\/a>&nbsp;and activate push notifications. In our separate event section you will find all relevant articles about the next event - we look forward to seeing you. Are you looking for new MagSafe accessories from Apple?&nbsp;<a href=\"https:\/\/www.amazon.de\/shop\/apfelpatientofficial?listId=21E2RFFAY554S&amp;ref=cm_sw_em_r_inf_list_own_apfelpatientofficial_dp_riZhz1Vqdb3gV\" target=\"_blank\" rel=\"noreferrer noopener\">Then take a look at Amazon<\/a>There you will find Apple&#039;s MagSafe chargers, power adapters, cases and the external battery at a discount. In addition, we have dozens of other recommendations&nbsp;<a href=\"https:\/\/www.amazon.de\/shop\/apfelpatientofficial\" target=\"_blank\" rel=\"noreferrer noopener\">in our storefront<\/a>, including from Nomad, Anker and Pitaka \u2013 enjoy browsing. (Image: Apple)<\/p>\n\n\n\n<ul class=\"wp-block-list\"><li><a href=\"https:\/\/www.apfelpatient.de\/en\/generally\/iphone-se-ipad-air-more-what-will-apple-introduce-in-spring\">iPhone SE, iPad Air &amp; more: What will Apple introduce in spring?<\/a><\/li><\/ul>\n\n\n\n<h6 class=\"wp-block-heading translation-block\" id=\"h-kennt-ihr-schon-unsere-amazon-storefront-dort-findet-ihr-eine-handverlesene-auswahl-von-diversen-produkten-f-r-euer-iphone-und-co-viel-spa-beim-st-bern\"><em>Have you already visited our Amazon Storefront? There you&#039;ll find a hand-picked selection of various products for your iPhone and other devices \u2013 <span class=\"has-inline-color has-vivid-red-color\"><a href=\"https:\/\/www.amazon.de\/shop\/apfelpatientofficial\" class=\"ek-link\" data-wpel-link=\"exclude\" rel=\"follow noopener\" target=\"_self\"><span style=\"text-decoration: underline\" class=\"ek-underline\">enjoy browsing<\/span><\/a> !<\/span><\/em><\/h6>\n\n\n\n<h6 class=\"wp-block-heading translation-block\" id=\"h-der-beitrag-enthalt-partnerlinks\">This post contains <a data-type=\"URL\" data-id=\"https:\/\/www.apfelpatient.de\/partnerprogramm\" href=\"https:\/\/www.apfelpatient.de\/en\/partner-program\" data-wpel-link=\"internal\" target=\"_self\">affiliate links<\/a>.<\/h6>","protected":false},"excerpt":{"rendered":"<p>Rumors have already suggested it \u2013 now it&#039;s official. Apple will soon be hosting its first event of the year.<\/p>","protected":false},"author":2,"featured_media":30383,"comment_status":"closed","ping_status":"closed","sticky":false,"template":"","format":"standard","meta":{"jnews-multi-image_gallery":[],"jnews_single_post":{"subtitle":"","format":"standard","video":"","gallery":"","source_name":"","source_url":"","via_name":"","via_url":"","override":[{"single_blog_custom":"","sidebar":"","second_sidebar":"","share_position":"","share_float_style":"","post_date_format":"","post_date_format_custom":"","post_reading_time_wpm":"","zoom_button_out_step":"1","zoom_button_in_step":"1","number_popup_post":"1"}],"image_override":[{"single_post_thumbnail_size":"","single_post_gallery_size":""}],"trending_post_position":"","trending_post_label":"","sponsored_post_label":"","sponsored_post_name":"","sponsored_post_url":"","sponsored_post_logo":"","sponsored_post_desc":""},"jnews_primary_category":{"id":"9"},"footnotes":""},"categories":[9],"tags":[3,18,33,8,40,4],"class_list":["post-30267","post","type-post","status-publish","format-standard","has-post-thumbnail","hentry","category-news","tag-ios","tag-ipad","tag-ipados","tag-iphone","tag-mac","tag-macos"],"yoast_head":"<!-- This site is optimized with the Yoast SEO Premium plugin v27.5 (Yoast SEO v27.5) - https:\/\/yoast.com\/product\/yoast-seo-premium-wordpress\/ -->\n<title>&quot;Peek performance.&quot;: Apple k\u00fcndigt neues Event an Apfelpatient<\/title>\n<meta name=\"description\" content=\"Ger\u00fcchte haben es bereits in Aussicht gestellt \u2013 nun ist es offiziell. Apple wird in K\u00fcrze das erste Event des Jahres veranstalten.\" \/>\n<meta name=\"robots\" content=\"index, follow, max-snippet:-1, max-image-preview:large, max-video-preview:-1\" \/>\n<link rel=\"canonical\" href=\"https:\/\/www.apfelpatient.de\/en\/news\/peer-performance-apple-announces-new-event\" \/>\n<meta property=\"og:locale\" content=\"en_US\" \/>\n<meta property=\"og:type\" content=\"article\" \/>\n<meta property=\"og:title\" content=\"&quot;Peek performance.&quot;: Apple k\u00fcndigt neues Event an\" \/>\n<meta property=\"og:description\" content=\"Ger\u00fcchte haben es bereits in Aussicht gestellt \u2013 nun ist es offiziell. Apple wird in K\u00fcrze das erste Event des Jahres veranstalten.\" \/>\n<meta property=\"og:url\" content=\"https:\/\/www.apfelpatient.de\/en\/news\/peer-performance-apple-announces-new-event\" \/>\n<meta property=\"og:site_name\" content=\"Apfelpatient\" \/>\n<meta property=\"article:publisher\" content=\"https:\/\/www.facebook.com\/apfelpatientOfficial\" \/>\n<meta property=\"article:author\" content=\"https:\/\/www.facebook.com\/apfelpatientOfficial\" \/>\n<meta property=\"article:published_time\" content=\"2022-03-02T17:11:07+00:00\" \/>\n<meta property=\"article:modified_time\" content=\"2022-03-13T19:45:18+00:00\" \/>\n<meta property=\"og:image\" content=\"https:\/\/www.apfelpatient.de\/wp-content\/uploads\/2022\/03\/1279FE1B-793F-473A-A586-1963742FE1F0.png\" \/>\n\t<meta property=\"og:image:width\" content=\"1600\" \/>\n\t<meta property=\"og:image:height\" content=\"900\" \/>\n\t<meta property=\"og:image:type\" content=\"image\/png\" \/>\n<meta name=\"author\" content=\"Milan\" \/>\n<meta name=\"twitter:card\" content=\"summary_large_image\" \/>\n<meta name=\"twitter:description\" content=\"Ger\u00fcchte haben es bereits in Aussicht gestellt \u2013 nun ist es offiziell. Apple wird in K\u00fcrze das erste Event des Jahres veranstalten.\" \/>\n<meta name=\"twitter:label1\" content=\"Written by\" \/>\n\t<meta name=\"twitter:data1\" content=\"Milan\" \/>\n\t<meta name=\"twitter:label2\" content=\"Est. reading time\" \/>\n\t<meta name=\"twitter:data2\" content=\"3 minutes\" \/>\n<script type=\"application\/ld+json\" class=\"yoast-schema-graph\">{\"@context\":\"https:\\\/\\\/schema.org\",\"@graph\":[{\"@type\":\"NewsArticle\",\"@id\":\"https:\\\/\\\/www.apfelpatient.de\\\/news\\\/peer-performance-apple-kuendigt-neues-event-an#article\",\"isPartOf\":{\"@id\":\"https:\\\/\\\/www.apfelpatient.de\\\/news\\\/peer-performance-apple-kuendigt-neues-event-an\"},\"author\":{\"@type\":\"Organization\",\"@id\":\"https:\\\/\\\/www.apfelpatient.de\\\/en\\\/#organization\",\"name\":\"Apfelpatient\",\"url\":\"https:\\\/\\\/www.apfelpatient.de\\\/en\\\/\"},\"headline\":\"&#8222;Peek performance.&#8220;: Apple k\u00fcndigt neues Event an\",\"datePublished\":\"2022-03-02T17:11:07+00:00\",\"dateModified\":\"2022-03-13T19:45:18+00:00\",\"mainEntityOfPage\":{\"@id\":\"https:\\\/\\\/www.apfelpatient.de\\\/news\\\/peer-performance-apple-kuendigt-neues-event-an\"},\"wordCount\":403,\"publisher\":{\"@type\":\"Organization\",\"@id\":\"https:\\\/\\\/www.apfelpatient.de\\\/en\\\/#organization\",\"name\":\"Apfelpatient\",\"url\":\"https:\\\/\\\/www.apfelpatient.de\\\/en\\\/\"},\"image\":{\"@id\":\"https:\\\/\\\/www.apfelpatient.de\\\/news\\\/peer-performance-apple-kuendigt-neues-event-an#primaryimage\"},\"thumbnailUrl\":\"https:\\\/\\\/www.apfelpatient.de\\\/wp-content\\\/uploads\\\/2022\\\/03\\\/1279FE1B-793F-473A-A586-1963742FE1F0.png\",\"keywords\":[\"iOS\",\"iPad\",\"iPadOS\",\"iPhone\",\"Mac\",\"macOS\"],\"articleSection\":\"News\",\"inLanguage\":\"en-US\",\"copyrightYear\":\"2022\",\"copyrightHolder\":{\"@id\":\"https:\\\/\\\/www.apfelpatient.de\\\/en\\\/#organization\"}},{\"@type\":\"WebPage\",\"@id\":\"https:\\\/\\\/www.apfelpatient.de\\\/news\\\/peer-performance-apple-kuendigt-neues-event-an\",\"url\":\"https:\\\/\\\/www.apfelpatient.de\\\/news\\\/peer-performance-apple-kuendigt-neues-event-an\",\"name\":\"\\\"Peek performance.\\\": Apple k\u00fcndigt neues Event an Apfelpatient\",\"isPartOf\":{\"@id\":\"https:\\\/\\\/www.apfelpatient.de\\\/#website\"},\"primaryImageOfPage\":{\"@id\":\"https:\\\/\\\/www.apfelpatient.de\\\/news\\\/peer-performance-apple-kuendigt-neues-event-an#primaryimage\"},\"image\":{\"@id\":\"https:\\\/\\\/www.apfelpatient.de\\\/news\\\/peer-performance-apple-kuendigt-neues-event-an#primaryimage\"},\"thumbnailUrl\":\"https:\\\/\\\/www.apfelpatient.de\\\/wp-content\\\/uploads\\\/2022\\\/03\\\/1279FE1B-793F-473A-A586-1963742FE1F0.png\",\"datePublished\":\"2022-03-02T17:11:07+00:00\",\"dateModified\":\"2022-03-13T19:45:18+00:00\",\"description\":\"Ger\u00fcchte haben es bereits in Aussicht gestellt \u2013 nun ist es offiziell. Apple wird in K\u00fcrze das erste Event des Jahres veranstalten.\",\"breadcrumb\":{\"@id\":\"https:\\\/\\\/www.apfelpatient.de\\\/news\\\/peer-performance-apple-kuendigt-neues-event-an#breadcrumb\"},\"inLanguage\":\"en-US\",\"potentialAction\":[{\"@type\":\"ReadAction\",\"target\":[\"https:\\\/\\\/www.apfelpatient.de\\\/news\\\/peer-performance-apple-kuendigt-neues-event-an\"]}]},{\"@type\":\"ImageObject\",\"inLanguage\":\"en-US\",\"@id\":\"https:\\\/\\\/www.apfelpatient.de\\\/news\\\/peer-performance-apple-kuendigt-neues-event-an#primaryimage\",\"url\":\"https:\\\/\\\/www.apfelpatient.de\\\/wp-content\\\/uploads\\\/2022\\\/03\\\/1279FE1B-793F-473A-A586-1963742FE1F0.png\",\"contentUrl\":\"https:\\\/\\\/www.apfelpatient.de\\\/wp-content\\\/uploads\\\/2022\\\/03\\\/1279FE1B-793F-473A-A586-1963742FE1F0.png\",\"width\":1600,\"height\":900,\"caption\":\"Bild: Apple - \\\"Peek performance.\\\"-Event\"},{\"@type\":\"BreadcrumbList\",\"@id\":\"https:\\\/\\\/www.apfelpatient.de\\\/news\\\/peer-performance-apple-kuendigt-neues-event-an#breadcrumb\",\"itemListElement\":[{\"@type\":\"ListItem\",\"position\":1,\"name\":\"Startseite\",\"item\":\"https:\\\/\\\/www.apfelpatient.de\\\/\"},{\"@type\":\"ListItem\",\"position\":2,\"name\":\"&#8222;Peek performance.&#8220;: Apple k\u00fcndigt neues Event an\"}]},{\"@type\":\"WebSite\",\"@id\":\"https:\\\/\\\/www.apfelpatient.de\\\/#website\",\"url\":\"https:\\\/\\\/www.apfelpatient.de\\\/\",\"name\":\"Apfelpatient\",\"description\":\"Alles rund um Apple!\",\"publisher\":{\"@type\":\"Organization\",\"@id\":\"https:\\\/\\\/www.apfelpatient.de\\\/en\\\/#organization\",\"name\":\"Apfelpatient\",\"url\":\"https:\\\/\\\/www.apfelpatient.de\\\/en\\\/\"},\"alternateName\":\"Apfelpatient\",\"potentialAction\":[{\"@type\":\"SearchAction\",\"target\":{\"@type\":\"EntryPoint\",\"urlTemplate\":\"https:\\\/\\\/www.apfelpatient.de\\\/?s={search_term_string}\"},\"query-input\":{\"@type\":\"PropertyValueSpecification\",\"valueRequired\":true,\"valueName\":\"search_term_string\"}}],\"inLanguage\":\"en-US\"},{\"@type\":[\"Person\",\"Organization\"],\"@id\":\"https:\\\/\\\/www.apfelpatient.de\\\/#\\\/schema\\\/person\\\/7dc56ad6c8e9824b76d2c08d4c140e13\",\"name\":\"Milan\",\"logo\":{\"@id\":\"https:\\\/\\\/www.apfelpatient.de\\\/#\\\/schema\\\/person\\\/image\\\/\"},\"description\":\"Hallo und herzlich willkommen auf meinem Technik-Blog! Als gro\u00dfer Apple-Fan berichte ich hier \u00fcber alles, was mit Apple zu tun hat: von den neuesten News und spannenden Ger\u00fcchten \u00fcber hilfreiche Tipps und Tricks bis hin zu ausf\u00fchrlichen Produkttests. Wenn du genauso technikbegeistert bist wie ich, bist du hier genau richtig!\",\"sameAs\":[\"https:\\\/\\\/www.facebook.com\\\/apfelpatientOfficial\",\"https:\\\/\\\/www.linkedin.com\\\/in\\\/milan-jovicic-42aa0231b\"],\"url\":\"https:\\\/\\\/www.apfelpatient.de\\\/en\\\/author\\\/apfeladmin\"}]}<\/script>\n<!-- \/ Yoast SEO Premium plugin. -->","yoast_head_json":{"title":"&quot;Peek performance.&quot;: Apple announces new event Apfelpatient","description":"Rumors have already suggested it \u2013 now it&#039;s official. Apple will soon be hosting its first event of the year.","robots":{"index":"index","follow":"follow","max-snippet":"max-snippet:-1","max-image-preview":"max-image-preview:large","max-video-preview":"max-video-preview:-1"},"canonical":"https:\/\/www.apfelpatient.de\/en\/news\/peer-performance-apple-announces-new-event","og_locale":"en_US","og_type":"article","og_title":"\"Peek performance.\": Apple k\u00fcndigt neues Event an","og_description":"Ger\u00fcchte haben es bereits in Aussicht gestellt \u2013 nun ist es offiziell. Apple wird in K\u00fcrze das erste Event des Jahres veranstalten.","og_url":"https:\/\/www.apfelpatient.de\/en\/news\/peer-performance-apple-announces-new-event","og_site_name":"Apfelpatient","article_publisher":"https:\/\/www.facebook.com\/apfelpatientOfficial","article_author":"https:\/\/www.facebook.com\/apfelpatientOfficial","article_published_time":"2022-03-02T17:11:07+00:00","article_modified_time":"2022-03-13T19:45:18+00:00","og_image":[{"width":1600,"height":900,"url":"https:\/\/www.apfelpatient.de\/wp-content\/uploads\/2022\/03\/1279FE1B-793F-473A-A586-1963742FE1F0.png","type":"image\/png"}],"author":"Milan","twitter_card":"summary_large_image","twitter_description":"Ger\u00fcchte haben es bereits in Aussicht gestellt \u2013 nun ist es offiziell. Apple wird in K\u00fcrze das erste Event des Jahres veranstalten.","twitter_misc":{"Written by":"Milan","Est. reading time":"3 minutes"},"schema":{"@context":"https:\/\/schema.org","@graph":[{"@type":"NewsArticle","@id":"https:\/\/www.apfelpatient.de\/news\/peer-performance-apple-kuendigt-neues-event-an#article","isPartOf":{"@id":"https:\/\/www.apfelpatient.de\/news\/peer-performance-apple-kuendigt-neues-event-an"},"author":{"@type":"Organization","@id":"https:\/\/www.apfelpatient.de\/en\/#organization","name":"Apfelpatient","url":"https:\/\/www.apfelpatient.de\/en\/"},"headline":"&#8222;Peek performance.&#8220;: Apple k\u00fcndigt neues Event an","datePublished":"2022-03-02T17:11:07+00:00","dateModified":"2022-03-13T19:45:18+00:00","mainEntityOfPage":{"@id":"https:\/\/www.apfelpatient.de\/news\/peer-performance-apple-kuendigt-neues-event-an"},"wordCount":403,"publisher":{"@type":"Organization","@id":"https:\/\/www.apfelpatient.de\/en\/#organization","name":"Apfelpatient","url":"https:\/\/www.apfelpatient.de\/en\/"},"image":{"@id":"https:\/\/www.apfelpatient.de\/news\/peer-performance-apple-kuendigt-neues-event-an#primaryimage"},"thumbnailUrl":"https:\/\/www.apfelpatient.de\/wp-content\/uploads\/2022\/03\/1279FE1B-793F-473A-A586-1963742FE1F0.png","keywords":["iOS","iPad","iPadOS","iPhone","Mac","macOS"],"articleSection":"News","inLanguage":"en-US","copyrightYear":"2022","copyrightHolder":{"@id":"https:\/\/www.apfelpatient.de\/en\/#organization"}},{"@type":"WebPage","@id":"https:\/\/www.apfelpatient.de\/news\/peer-performance-apple-kuendigt-neues-event-an","url":"https:\/\/www.apfelpatient.de\/news\/peer-performance-apple-kuendigt-neues-event-an","name":"&quot;Peek performance.&quot;: Apple announces new event Apfelpatient","isPartOf":{"@id":"https:\/\/www.apfelpatient.de\/#website"},"primaryImageOfPage":{"@id":"https:\/\/www.apfelpatient.de\/news\/peer-performance-apple-kuendigt-neues-event-an#primaryimage"},"image":{"@id":"https:\/\/www.apfelpatient.de\/news\/peer-performance-apple-kuendigt-neues-event-an#primaryimage"},"thumbnailUrl":"https:\/\/www.apfelpatient.de\/wp-content\/uploads\/2022\/03\/1279FE1B-793F-473A-A586-1963742FE1F0.png","datePublished":"2022-03-02T17:11:07+00:00","dateModified":"2022-03-13T19:45:18+00:00","description":"Rumors have already suggested it \u2013 now it&#039;s official. Apple will soon be hosting its first event of the year.","breadcrumb":{"@id":"https:\/\/www.apfelpatient.de\/news\/peer-performance-apple-kuendigt-neues-event-an#breadcrumb"},"inLanguage":"en-US","potentialAction":[{"@type":"ReadAction","target":["https:\/\/www.apfelpatient.de\/news\/peer-performance-apple-kuendigt-neues-event-an"]}]},{"@type":"ImageObject","inLanguage":"en-US","@id":"https:\/\/www.apfelpatient.de\/news\/peer-performance-apple-kuendigt-neues-event-an#primaryimage","url":"https:\/\/www.apfelpatient.de\/wp-content\/uploads\/2022\/03\/1279FE1B-793F-473A-A586-1963742FE1F0.png","contentUrl":"https:\/\/www.apfelpatient.de\/wp-content\/uploads\/2022\/03\/1279FE1B-793F-473A-A586-1963742FE1F0.png","width":1600,"height":900,"caption":"Bild: Apple - \"Peek performance.\"-Event"},{"@type":"BreadcrumbList","@id":"https:\/\/www.apfelpatient.de\/news\/peer-performance-apple-kuendigt-neues-event-an#breadcrumb","itemListElement":[{"@type":"ListItem","position":1,"name":"Startseite","item":"https:\/\/www.apfelpatient.de\/"},{"@type":"ListItem","position":2,"name":"&#8222;Peek performance.&#8220;: Apple k\u00fcndigt neues Event an"}]},{"@type":"WebSite","@id":"https:\/\/www.apfelpatient.de\/#website","url":"https:\/\/www.apfelpatient.de\/","name":"apple patient","description":"Everything about Apple!","publisher":{"@type":"Organization","@id":"https:\/\/www.apfelpatient.de\/en\/#organization","name":"Apfelpatient","url":"https:\/\/www.apfelpatient.de\/en\/"},"alternateName":"Apfelpatient","potentialAction":[{"@type":"SearchAction","target":{"@type":"EntryPoint","urlTemplate":"https:\/\/www.apfelpatient.de\/?s={search_term_string}"},"query-input":{"@type":"PropertyValueSpecification","valueRequired":true,"valueName":"search_term_string"}}],"inLanguage":"en-US"},{"@type":["Person","Organization"],"@id":"https:\/\/www.apfelpatient.de\/#\/schema\/person\/7dc56ad6c8e9824b76d2c08d4c140e13","name":"Milan","logo":{"@id":"https:\/\/www.apfelpatient.de\/#\/schema\/person\/image\/"},"description":"Hello and welcome to my technology blog! As a big Apple fan, I report on everything to do with Apple: from the latest news and exciting rumors to helpful tips and tricks and detailed product tests. If you are as enthusiastic about technology as I am, you have come to the right place!","sameAs":["https:\/\/www.facebook.com\/apfelpatientOfficial","https:\/\/www.linkedin.com\/in\/milan-jovicic-42aa0231b"],"url":"https:\/\/www.apfelpatient.de\/en\/author\/apfeladmin"}]}},"_links":{"self":[{"href":"https:\/\/www.apfelpatient.de\/en\/wp-json\/wp\/v2\/posts\/30267","targetHints":{"allow":["GET"]}}],"collection":[{"href":"https:\/\/www.apfelpatient.de\/en\/wp-json\/wp\/v2\/posts"}],"about":[{"href":"https:\/\/www.apfelpatient.de\/en\/wp-json\/wp\/v2\/types\/post"}],"author":[{"embeddable":true,"href":"https:\/\/www.apfelpatient.de\/en\/wp-json\/wp\/v2\/users\/2"}],"replies":[{"embeddable":true,"href":"https:\/\/www.apfelpatient.de\/en\/wp-json\/wp\/v2\/comments?post=30267"}],"version-history":[{"count":0,"href":"https:\/\/www.apfelpatient.de\/en\/wp-json\/wp\/v2\/posts\/30267\/revisions"}],"wp:featuredmedia":[{"embeddable":true,"href":"https:\/\/www.apfelpatient.de\/en\/wp-json\/wp\/v2\/media\/30383"}],"wp:attachment":[{"href":"https:\/\/www.apfelpatient.de\/en\/wp-json\/wp\/v2\/media?parent=30267"}],"wp:term":[{"taxonomy":"category","embeddable":true,"href":"https:\/\/www.apfelpatient.de\/en\/wp-json\/wp\/v2\/categories?post=30267"},{"taxonomy":"post_tag","embeddable":true,"href":"https:\/\/www.apfelpatient.de\/en\/wp-json\/wp\/v2\/tags?post=30267"}],"curies":[{"name":"wp","href":"https:\/\/api.w.org\/{rel}","templated":true}]}}