{"id":30233,"date":"2022-02-22T16:17:49","date_gmt":"2022-02-22T15:17:49","guid":{"rendered":"https:\/\/www.apfelpatient.de\/?p=30233"},"modified":"2022-02-22T16:17:50","modified_gmt":"2022-02-22T15:17:50","slug":"apple-ar-vr-headset-mass-production-could-start-in-late-summer","status":"publish","type":"post","link":"https:\/\/www.apfelpatient.de\/en\/rumors\/apple-ar-vr-headset-massenproduktion-koennte-im-spaetsommer-anlaufen","title":{"rendered":"Apple AR\/VR headset: Mass production could start in late summer"},"content":{"rendered":"<p class=\"has-drop-cap\"><strong>According to a report, the first Apple AR\/VR headset will go into mass production in late summer and hit the market before the end of the year.<\/strong><\/p>\n\n\n\n<p>Yesterday, DigiTimes had a report <a href=\"https:\/\/www.apfelpatient.de\/en\/rumors\/apple-ar-vr-headset-reportedly-passes-production-tests\">published<\/a>, which said that Apple&#039;s AR\/VR headset has completed production testing. In the report published today, <a href=\"https:\/\/www.digitimes.com\/newregister\/join.asp?view=snapshots&amp;#s7\" target=\"_blank\" rel=\"noreferrer noopener\">report<\/a> It is now said that the headset will go into mass production in August\/September. According to the report, production will begin in late summer or early fall, so that Apple can celebrate the debut this year.<\/p>\n\n\n\n<blockquote class=\"wp-block-quote is-layout-flow wp-block-quote-is-layout-flow\"><p>Apple&#039;s first AR\/VR headset, aimed primarily at professional applications in the vertical market, is expected to pass EVT3 soon and enter mass production in August\/September before launching at the end of the year, the sources said.<\/p><\/blockquote>\n\n\n\n<h3 class=\"wp-block-heading\" id=\"h-apple-ar-vr-headset-geruchte-sind-widerspruchlich\">Apple AR\/VR headset: rumors are contradictory<\/h3>\n\n\n\n\n\n\n\n<p>Recent reports from Mark Gurman pointing out development issues with the headset cast doubt on a 2022 launch, making a 2023 launch more likely. According to DigiTimes, Apple plans to launch a second version of its AR\/VR headset in 2023 that will be lighter, have an improved battery, and be more affordable in terms of price. Apple is currently working on two different AR\/VR products. The first is an AR\/VR headset that is worn over the eyes, similar to the Oculus Quest. This headset is said to be a niche product aimed at developers and high-end professionals. Rumors suggest that the product will cost around $3,000. The second product in the works is the &quot;Apple Glasses,&quot; which will come in the form of traditional glasses and will be Apple&#039;s ultimate short-term goal in the augmented reality space. (Photo by Toppercussion \/ Bigstockphoto)<\/p>\n\n\n\n<ul class=\"wp-block-list\"><li><a href=\"https:\/\/www.apfelpatient.de\/en\/rumors\/apple-ar-vr-headset-reportedly-passes-production-tests\">Apple AR\/VR headset reportedly passes production tests<\/a><\/li><\/ul>\n\n\n\n<h6 class=\"wp-block-heading translation-block\" id=\"h-kennt-ihr-schon-unsere-amazon-storefront-dort-findet-ihr-eine-handverlesene-auswahl-von-diversen-produkten-f-r-euer-iphone-und-co-viel-spa-beim-st-bern\"><em>Have you already visited our Amazon Storefront? There you&#039;ll find a hand-picked selection of various products for your iPhone and other devices \u2013 <span class=\"has-inline-color has-vivid-red-color\"><a href=\"https:\/\/www.amazon.de\/shop\/apfelpatientofficial\" class=\"ek-link\" data-wpel-link=\"exclude\" rel=\"follow noopener\" target=\"_self\"><span style=\"text-decoration: underline\" class=\"ek-underline\">enjoy browsing<\/span><\/a> !<\/span><\/em><\/h6>\n\n\n\n<h6 class=\"wp-block-heading translation-block\" id=\"h-der-beitrag-enthalt-partnerlinks\">This post contains <a data-type=\"URL\" data-id=\"https:\/\/www.apfelpatient.de\/partnerprogramm\" href=\"https:\/\/www.apfelpatient.de\/en\/partner-program\" data-wpel-link=\"internal\" target=\"_self\">affiliate links<\/a>.<\/h6>","protected":false},"excerpt":{"rendered":"<p>According to a report, the first Apple AR\/VR headset is expected to go into mass production in late summer and be released before the end of 2022.<\/p>","protected":false},"author":2,"featured_media":30231,"comment_status":"closed","ping_status":"closed","sticky":false,"template":"","format":"standard","meta":{"jnews-multi-image_gallery":[],"jnews_single_post":{"subtitle":"","format":"standard","video":"","gallery":"","source_name":"","source_url":"","via_name":"","via_url":"","override":[{"single_blog_custom":"","sidebar":"","second_sidebar":"","share_position":"","share_float_style":"","post_date_format":"","post_date_format_custom":"","post_reading_time_wpm":"","zoom_button_out_step":"1","zoom_button_in_step":"1","number_popup_post":"1"}],"image_override":[{"single_post_thumbnail_size":"","single_post_gallery_size":""}],"trending_post_position":"","trending_post_label":"","sponsored_post_label":"","sponsored_post_name":"","sponsored_post_url":"","sponsored_post_logo":"","sponsored_post_desc":""},"jnews_primary_category":{"id":"25"},"footnotes":""},"categories":[25],"tags":[609],"class_list":["post-30233","post","type-post","status-publish","format-standard","has-post-thumbnail","hentry","category-rumors","tag-apple-vr-ar"],"yoast_head":"<!-- This site is optimized with the Yoast SEO Premium plugin v27.5 (Yoast SEO v27.5) - https:\/\/yoast.com\/product\/yoast-seo-premium-wordpress\/ -->\n<title>Apple AR\/VR-Headset: Massenproduktion k\u00f6nnte im Sp\u00e4tsommer anlaufen<\/title>\n<meta name=\"description\" content=\"Das erste Apple AR\/VR-Headset soll einem Bericht zufolge im Sp\u00e4tsommer in die Massenproduktion gehen und noch vor Ende 2022 erscheinen.\" \/>\n<meta name=\"robots\" content=\"index, follow, max-snippet:-1, max-image-preview:large, max-video-preview:-1\" \/>\n<link rel=\"canonical\" href=\"https:\/\/www.apfelpatient.de\/en\/rumors\/apple-ar-vr-headset-mass-production-could-start-in-late-summer\" \/>\n<meta property=\"og:locale\" content=\"en_US\" \/>\n<meta property=\"og:type\" content=\"article\" \/>\n<meta property=\"og:title\" content=\"Apple AR\/VR-Headset: Massenproduktion k\u00f6nnte im Sp\u00e4tsommer anlaufen\" \/>\n<meta property=\"og:description\" content=\"Das erste Apple AR\/VR-Headset soll einem Bericht zufolge im Sp\u00e4tsommer in die Massenproduktion gehen und noch vor Ende 2022 erscheinen.\" \/>\n<meta property=\"og:url\" content=\"https:\/\/www.apfelpatient.de\/en\/rumors\/apple-ar-vr-headset-mass-production-could-start-in-late-summer\" \/>\n<meta property=\"og:site_name\" content=\"Apfelpatient\" \/>\n<meta property=\"article:publisher\" content=\"https:\/\/www.facebook.com\/apfelpatientOfficial\" \/>\n<meta property=\"article:author\" content=\"https:\/\/www.facebook.com\/apfelpatientOfficial\" \/>\n<meta property=\"article:published_time\" content=\"2022-02-22T15:17:49+00:00\" \/>\n<meta property=\"article:modified_time\" content=\"2022-02-22T15:17:50+00:00\" \/>\n<meta property=\"og:image\" content=\"https:\/\/www.apfelpatient.de\/wp-content\/uploads\/2022\/02\/bigstock-Young-Man-Wearing-Vr-Goggles-441978104.jpg\" \/>\n\t<meta property=\"og:image:width\" content=\"1600\" \/>\n\t<meta property=\"og:image:height\" content=\"900\" \/>\n\t<meta property=\"og:image:type\" content=\"image\/jpeg\" \/>\n<meta name=\"author\" content=\"Milan\" \/>\n<meta name=\"twitter:card\" content=\"summary_large_image\" \/>\n<meta name=\"twitter:description\" content=\"Das erste Apple AR\/VR-Headset soll einem Bericht zufolge im Sp\u00e4tsommer in die Massenproduktion gehen und noch vor Ende 2022 erscheinen.\" \/>\n<meta name=\"twitter:label1\" content=\"Written by\" \/>\n\t<meta name=\"twitter:data1\" content=\"Milan\" \/>\n\t<meta name=\"twitter:label2\" content=\"Est. reading time\" \/>\n\t<meta name=\"twitter:data2\" content=\"2 minutes\" \/>\n<script type=\"application\/ld+json\" class=\"yoast-schema-graph\">{\"@context\":\"https:\\\/\\\/schema.org\",\"@graph\":[{\"@type\":\"NewsArticle\",\"@id\":\"https:\\\/\\\/www.apfelpatient.de\\\/en\\\/rumors\\\/apple-ar-vr-headset-mass-production-could-start-in-late-summer#article\",\"isPartOf\":{\"@id\":\"https:\\\/\\\/www.apfelpatient.de\\\/en\\\/rumors\\\/apple-ar-vr-headset-mass-production-could-start-in-late-summer\"},\"author\":{\"@type\":\"Organization\",\"@id\":\"https:\\\/\\\/www.apfelpatient.de\\\/en\\\/#organization\",\"name\":\"Apfelpatient\",\"url\":\"https:\\\/\\\/www.apfelpatient.de\\\/en\\\/\"},\"headline\":\"Apple AR\\\/VR-Headset: Massenproduktion k\u00f6nnte im Sp\u00e4tsommer anlaufen\",\"datePublished\":\"2022-02-22T15:17:49+00:00\",\"dateModified\":\"2022-02-22T15:17:50+00:00\",\"mainEntityOfPage\":{\"@id\":\"https:\\\/\\\/www.apfelpatient.de\\\/en\\\/rumors\\\/apple-ar-vr-headset-mass-production-could-start-in-late-summer\"},\"wordCount\":302,\"publisher\":{\"@type\":\"Organization\",\"@id\":\"https:\\\/\\\/www.apfelpatient.de\\\/en\\\/#organization\",\"name\":\"Apfelpatient\",\"url\":\"https:\\\/\\\/www.apfelpatient.de\\\/en\\\/\"},\"image\":{\"@id\":\"https:\\\/\\\/www.apfelpatient.de\\\/en\\\/rumors\\\/apple-ar-vr-headset-mass-production-could-start-in-late-summer#primaryimage\"},\"thumbnailUrl\":\"https:\\\/\\\/www.apfelpatient.de\\\/wp-content\\\/uploads\\\/2022\\\/02\\\/bigstock-Young-Man-Wearing-Vr-Goggles-441978104.jpg\",\"keywords\":[\"Apple VR\\\/AR\"],\"articleSection\":\"Rumors\",\"inLanguage\":\"en-US\",\"copyrightYear\":\"2022\",\"copyrightHolder\":{\"@id\":\"https:\\\/\\\/www.apfelpatient.de\\\/en\\\/#organization\"}},{\"@type\":\"WebPage\",\"@id\":\"https:\\\/\\\/www.apfelpatient.de\\\/en\\\/rumors\\\/apple-ar-vr-headset-mass-production-could-start-in-late-summer\",\"url\":\"https:\\\/\\\/www.apfelpatient.de\\\/en\\\/rumors\\\/apple-ar-vr-headset-mass-production-could-start-in-late-summer\",\"name\":\"Apple AR\\\/VR-Headset: Massenproduktion k\u00f6nnte im Sp\u00e4tsommer anlaufen\",\"isPartOf\":{\"@id\":\"https:\\\/\\\/www.apfelpatient.de\\\/#website\"},\"primaryImageOfPage\":{\"@id\":\"https:\\\/\\\/www.apfelpatient.de\\\/en\\\/rumors\\\/apple-ar-vr-headset-mass-production-could-start-in-late-summer#primaryimage\"},\"image\":{\"@id\":\"https:\\\/\\\/www.apfelpatient.de\\\/en\\\/rumors\\\/apple-ar-vr-headset-mass-production-could-start-in-late-summer#primaryimage\"},\"thumbnailUrl\":\"https:\\\/\\\/www.apfelpatient.de\\\/wp-content\\\/uploads\\\/2022\\\/02\\\/bigstock-Young-Man-Wearing-Vr-Goggles-441978104.jpg\",\"datePublished\":\"2022-02-22T15:17:49+00:00\",\"dateModified\":\"2022-02-22T15:17:50+00:00\",\"description\":\"Das erste Apple AR\\\/VR-Headset soll einem Bericht zufolge im Sp\u00e4tsommer in die Massenproduktion gehen und noch vor Ende 2022 erscheinen.\",\"breadcrumb\":{\"@id\":\"https:\\\/\\\/www.apfelpatient.de\\\/en\\\/rumors\\\/apple-ar-vr-headset-mass-production-could-start-in-late-summer#breadcrumb\"},\"inLanguage\":\"en-US\",\"potentialAction\":[{\"@type\":\"ReadAction\",\"target\":[\"https:\\\/\\\/www.apfelpatient.de\\\/en\\\/rumors\\\/apple-ar-vr-headset-mass-production-could-start-in-late-summer\"]}]},{\"@type\":\"ImageObject\",\"inLanguage\":\"en-US\",\"@id\":\"https:\\\/\\\/www.apfelpatient.de\\\/en\\\/rumors\\\/apple-ar-vr-headset-mass-production-could-start-in-late-summer#primaryimage\",\"url\":\"https:\\\/\\\/www.apfelpatient.de\\\/wp-content\\\/uploads\\\/2022\\\/02\\\/bigstock-Young-Man-Wearing-Vr-Goggles-441978104.jpg\",\"contentUrl\":\"https:\\\/\\\/www.apfelpatient.de\\\/wp-content\\\/uploads\\\/2022\\\/02\\\/bigstock-Young-Man-Wearing-Vr-Goggles-441978104.jpg\",\"width\":1600,\"height\":900,\"caption\":\"Young man wearing VR goggles. Metaverse technology virtual reality concept. Virtual Reality Device, Simulation, 3D, AR, VR, Innovation and Technology of the Future on Social Media.\"},{\"@type\":\"BreadcrumbList\",\"@id\":\"https:\\\/\\\/www.apfelpatient.de\\\/en\\\/rumors\\\/apple-ar-vr-headset-mass-production-could-start-in-late-summer#breadcrumb\",\"itemListElement\":[{\"@type\":\"ListItem\",\"position\":1,\"name\":\"Startseite\",\"item\":\"https:\\\/\\\/www.apfelpatient.de\\\/\"},{\"@type\":\"ListItem\",\"position\":2,\"name\":\"Apple AR\\\/VR-Headset: Massenproduktion k\u00f6nnte im Sp\u00e4tsommer anlaufen\"}]},{\"@type\":\"WebSite\",\"@id\":\"https:\\\/\\\/www.apfelpatient.de\\\/#website\",\"url\":\"https:\\\/\\\/www.apfelpatient.de\\\/\",\"name\":\"Apfelpatient\",\"description\":\"Alles rund um Apple!\",\"publisher\":{\"@type\":\"Organization\",\"@id\":\"https:\\\/\\\/www.apfelpatient.de\\\/en\\\/#organization\",\"name\":\"Apfelpatient\",\"url\":\"https:\\\/\\\/www.apfelpatient.de\\\/en\\\/\"},\"alternateName\":\"Apfelpatient\",\"potentialAction\":[{\"@type\":\"SearchAction\",\"target\":{\"@type\":\"EntryPoint\",\"urlTemplate\":\"https:\\\/\\\/www.apfelpatient.de\\\/?s={search_term_string}\"},\"query-input\":{\"@type\":\"PropertyValueSpecification\",\"valueRequired\":true,\"valueName\":\"search_term_string\"}}],\"inLanguage\":\"en-US\"},{\"@type\":[\"Person\",\"Organization\"],\"@id\":\"https:\\\/\\\/www.apfelpatient.de\\\/#\\\/schema\\\/person\\\/7dc56ad6c8e9824b76d2c08d4c140e13\",\"name\":\"Milan\",\"logo\":{\"@id\":\"https:\\\/\\\/www.apfelpatient.de\\\/#\\\/schema\\\/person\\\/image\\\/\"},\"description\":\"Hallo und herzlich willkommen auf meinem Technik-Blog! Als gro\u00dfer Apple-Fan berichte ich hier \u00fcber alles, was mit Apple zu tun hat: von den neuesten News und spannenden Ger\u00fcchten \u00fcber hilfreiche Tipps und Tricks bis hin zu ausf\u00fchrlichen Produkttests. Wenn du genauso technikbegeistert bist wie ich, bist du hier genau richtig!\",\"sameAs\":[\"https:\\\/\\\/www.facebook.com\\\/apfelpatientOfficial\",\"https:\\\/\\\/www.linkedin.com\\\/in\\\/milan-jovicic-42aa0231b\"],\"url\":\"https:\\\/\\\/www.apfelpatient.de\\\/en\\\/author\\\/apfeladmin\"}]}<\/script>\n<!-- \/ Yoast SEO Premium plugin. -->","yoast_head_json":{"title":"Apple AR\/VR headset: Mass production could start in late summer","description":"According to a report, the first Apple AR\/VR headset is expected to go into mass production in late summer and be released before the end of 2022.","robots":{"index":"index","follow":"follow","max-snippet":"max-snippet:-1","max-image-preview":"max-image-preview:large","max-video-preview":"max-video-preview:-1"},"canonical":"https:\/\/www.apfelpatient.de\/en\/rumors\/apple-ar-vr-headset-mass-production-could-start-in-late-summer","og_locale":"en_US","og_type":"article","og_title":"Apple AR\/VR-Headset: Massenproduktion k\u00f6nnte im Sp\u00e4tsommer anlaufen","og_description":"Das erste Apple AR\/VR-Headset soll einem Bericht zufolge im Sp\u00e4tsommer in die Massenproduktion gehen und noch vor Ende 2022 erscheinen.","og_url":"https:\/\/www.apfelpatient.de\/en\/rumors\/apple-ar-vr-headset-mass-production-could-start-in-late-summer","og_site_name":"Apfelpatient","article_publisher":"https:\/\/www.facebook.com\/apfelpatientOfficial","article_author":"https:\/\/www.facebook.com\/apfelpatientOfficial","article_published_time":"2022-02-22T15:17:49+00:00","article_modified_time":"2022-02-22T15:17:50+00:00","og_image":[{"width":1600,"height":900,"url":"https:\/\/www.apfelpatient.de\/wp-content\/uploads\/2022\/02\/bigstock-Young-Man-Wearing-Vr-Goggles-441978104.jpg","type":"image\/jpeg"}],"author":"Milan","twitter_card":"summary_large_image","twitter_description":"Das erste Apple AR\/VR-Headset soll einem Bericht zufolge im Sp\u00e4tsommer in die Massenproduktion gehen und noch vor Ende 2022 erscheinen.","twitter_misc":{"Written by":"Milan","Est. reading time":"2 minutes"},"schema":{"@context":"https:\/\/schema.org","@graph":[{"@type":"NewsArticle","@id":"https:\/\/www.apfelpatient.de\/en\/rumors\/apple-ar-vr-headset-mass-production-could-start-in-late-summer#article","isPartOf":{"@id":"https:\/\/www.apfelpatient.de\/en\/rumors\/apple-ar-vr-headset-mass-production-could-start-in-late-summer"},"author":{"@type":"Organization","@id":"https:\/\/www.apfelpatient.de\/en\/#organization","name":"Apfelpatient","url":"https:\/\/www.apfelpatient.de\/en\/"},"headline":"Apple AR\/VR-Headset: Massenproduktion k\u00f6nnte im Sp\u00e4tsommer anlaufen","datePublished":"2022-02-22T15:17:49+00:00","dateModified":"2022-02-22T15:17:50+00:00","mainEntityOfPage":{"@id":"https:\/\/www.apfelpatient.de\/en\/rumors\/apple-ar-vr-headset-mass-production-could-start-in-late-summer"},"wordCount":302,"publisher":{"@type":"Organization","@id":"https:\/\/www.apfelpatient.de\/en\/#organization","name":"Apfelpatient","url":"https:\/\/www.apfelpatient.de\/en\/"},"image":{"@id":"https:\/\/www.apfelpatient.de\/en\/rumors\/apple-ar-vr-headset-mass-production-could-start-in-late-summer#primaryimage"},"thumbnailUrl":"https:\/\/www.apfelpatient.de\/wp-content\/uploads\/2022\/02\/bigstock-Young-Man-Wearing-Vr-Goggles-441978104.jpg","keywords":["Apple VR\/AR"],"articleSection":"Rumors","inLanguage":"en-US","copyrightYear":"2022","copyrightHolder":{"@id":"https:\/\/www.apfelpatient.de\/en\/#organization"}},{"@type":"WebPage","@id":"https:\/\/www.apfelpatient.de\/en\/rumors\/apple-ar-vr-headset-mass-production-could-start-in-late-summer","url":"https:\/\/www.apfelpatient.de\/en\/rumors\/apple-ar-vr-headset-mass-production-could-start-in-late-summer","name":"Apple AR\/VR headset: Mass production could start in late summer","isPartOf":{"@id":"https:\/\/www.apfelpatient.de\/#website"},"primaryImageOfPage":{"@id":"https:\/\/www.apfelpatient.de\/en\/rumors\/apple-ar-vr-headset-mass-production-could-start-in-late-summer#primaryimage"},"image":{"@id":"https:\/\/www.apfelpatient.de\/en\/rumors\/apple-ar-vr-headset-mass-production-could-start-in-late-summer#primaryimage"},"thumbnailUrl":"https:\/\/www.apfelpatient.de\/wp-content\/uploads\/2022\/02\/bigstock-Young-Man-Wearing-Vr-Goggles-441978104.jpg","datePublished":"2022-02-22T15:17:49+00:00","dateModified":"2022-02-22T15:17:50+00:00","description":"According to a report, the first Apple AR\/VR headset is expected to go into mass production in late summer and be released before the end of 2022.","breadcrumb":{"@id":"https:\/\/www.apfelpatient.de\/en\/rumors\/apple-ar-vr-headset-mass-production-could-start-in-late-summer#breadcrumb"},"inLanguage":"en-US","potentialAction":[{"@type":"ReadAction","target":["https:\/\/www.apfelpatient.de\/en\/rumors\/apple-ar-vr-headset-mass-production-could-start-in-late-summer"]}]},{"@type":"ImageObject","inLanguage":"en-US","@id":"https:\/\/www.apfelpatient.de\/en\/rumors\/apple-ar-vr-headset-mass-production-could-start-in-late-summer#primaryimage","url":"https:\/\/www.apfelpatient.de\/wp-content\/uploads\/2022\/02\/bigstock-Young-Man-Wearing-Vr-Goggles-441978104.jpg","contentUrl":"https:\/\/www.apfelpatient.de\/wp-content\/uploads\/2022\/02\/bigstock-Young-Man-Wearing-Vr-Goggles-441978104.jpg","width":1600,"height":900,"caption":"Young man wearing VR goggles. Metaverse technology virtual reality concept. Virtual Reality Device, Simulation, 3D, AR, VR, Innovation and Technology of the Future on Social Media."},{"@type":"BreadcrumbList","@id":"https:\/\/www.apfelpatient.de\/en\/rumors\/apple-ar-vr-headset-mass-production-could-start-in-late-summer#breadcrumb","itemListElement":[{"@type":"ListItem","position":1,"name":"Startseite","item":"https:\/\/www.apfelpatient.de\/"},{"@type":"ListItem","position":2,"name":"Apple AR\/VR-Headset: Massenproduktion k\u00f6nnte im Sp\u00e4tsommer anlaufen"}]},{"@type":"WebSite","@id":"https:\/\/www.apfelpatient.de\/#website","url":"https:\/\/www.apfelpatient.de\/","name":"apple patient","description":"Everything about Apple!","publisher":{"@type":"Organization","@id":"https:\/\/www.apfelpatient.de\/en\/#organization","name":"Apfelpatient","url":"https:\/\/www.apfelpatient.de\/en\/"},"alternateName":"Apfelpatient","potentialAction":[{"@type":"SearchAction","target":{"@type":"EntryPoint","urlTemplate":"https:\/\/www.apfelpatient.de\/?s={search_term_string}"},"query-input":{"@type":"PropertyValueSpecification","valueRequired":true,"valueName":"search_term_string"}}],"inLanguage":"en-US"},{"@type":["Person","Organization"],"@id":"https:\/\/www.apfelpatient.de\/#\/schema\/person\/7dc56ad6c8e9824b76d2c08d4c140e13","name":"Milan","logo":{"@id":"https:\/\/www.apfelpatient.de\/#\/schema\/person\/image\/"},"description":"Hello and welcome to my technology blog! As a big Apple fan, I report on everything to do with Apple: from the latest news and exciting rumors to helpful tips and tricks and detailed product tests. If you are as enthusiastic about technology as I am, you have come to the right place!","sameAs":["https:\/\/www.facebook.com\/apfelpatientOfficial","https:\/\/www.linkedin.com\/in\/milan-jovicic-42aa0231b"],"url":"https:\/\/www.apfelpatient.de\/en\/author\/apfeladmin"}]}},"_links":{"self":[{"href":"https:\/\/www.apfelpatient.de\/en\/wp-json\/wp\/v2\/posts\/30233","targetHints":{"allow":["GET"]}}],"collection":[{"href":"https:\/\/www.apfelpatient.de\/en\/wp-json\/wp\/v2\/posts"}],"about":[{"href":"https:\/\/www.apfelpatient.de\/en\/wp-json\/wp\/v2\/types\/post"}],"author":[{"embeddable":true,"href":"https:\/\/www.apfelpatient.de\/en\/wp-json\/wp\/v2\/users\/2"}],"replies":[{"embeddable":true,"href":"https:\/\/www.apfelpatient.de\/en\/wp-json\/wp\/v2\/comments?post=30233"}],"version-history":[{"count":0,"href":"https:\/\/www.apfelpatient.de\/en\/wp-json\/wp\/v2\/posts\/30233\/revisions"}],"wp:featuredmedia":[{"embeddable":true,"href":"https:\/\/www.apfelpatient.de\/en\/wp-json\/wp\/v2\/media\/30231"}],"wp:attachment":[{"href":"https:\/\/www.apfelpatient.de\/en\/wp-json\/wp\/v2\/media?parent=30233"}],"wp:term":[{"taxonomy":"category","embeddable":true,"href":"https:\/\/www.apfelpatient.de\/en\/wp-json\/wp\/v2\/categories?post=30233"},{"taxonomy":"post_tag","embeddable":true,"href":"https:\/\/www.apfelpatient.de\/en\/wp-json\/wp\/v2\/tags?post=30233"}],"curies":[{"name":"wp","href":"https:\/\/api.w.org\/{rel}","templated":true}]}}