{"id":30169,"date":"2022-02-17T17:09:57","date_gmt":"2022-02-17T16:09:57","guid":{"rendered":"https:\/\/www.apfelpatient.de\/?p=30169"},"modified":"2022-02-17T17:09:58","modified_gmt":"2022-02-17T16:09:58","slug":"iphone-14-pro-could-get-more-ram","status":"publish","type":"post","link":"https:\/\/www.apfelpatient.de\/en\/rumors\/iphone-14-pro-koennte-mehr-arbeitsspeicher-erhalten","title":{"rendered":"iPhone 14 Pro could get more RAM"},"content":{"rendered":"<p class=\"has-drop-cap\"><strong>According to a new report citing sources within the iPhone supply chain, the iPhone 14 Pro series will have more RAM.<\/strong><\/p>\n\n\n\n<p>Apple does not usually disclose how much RAM is included in an iPhone, nor is an increase usually communicated. However, in the iPhone 12 Pro and iPhone 13 Pro, this has been increased to 6 GB. Now the leaker \u201cyeux1122\u201d claims on the Korean <a href=\"https:\/\/blog.naver.com\/yeux1122\/222650505518\" target=\"_blank\" rel=\"noreferrer noopener\">blog<\/a> Naver that the iPhone 14 Pro models will get 8GB of RAM. In addition, he reports that the mass production schedule will be accelerated. The leaker notes that 8GB of RAM would mean that the &quot;iPhone 14 Pro&quot; will be able to keep up with the latest Samsung Galaxy counterpart. Traditionally, Android phones have more RAM than iPhones.<\/p>\n\n\n\n<h3 class=\"wp-block-heading\" id=\"h-iphone-14-wird-apple-das-design-uberarbeiten\">iPhone 14: Will Apple revise the design?<\/h3>\n\n\n\n\n\n\n\n<p>But Apple&#039;s iOS devices are performing better and better despite less RAM. So far, there is no iPhone with 8 GB RAM. Apple only sells the new iPad Pro with either 8 GB RAM or 16 GB RAM. However, individual iPad apps can only use 5 GB RAM, although Apple now offers workarounds. Regardless, there are also rumors that Apple is planning a new design for the 2022 iPhone range. For example, it is suspected that Apple will reduce the notch and perhaps switch to a &quot;hole-punch camera&quot; system. It is also claimed that the &quot;iPhone 14&quot; range will get a 48 MP camera sensor and possibly switch to a <a href=\"https:\/\/www.apfelpatient.de\/en\/rumors\/iphone-14-esim-only-model-could-be-optional\">eSIM-only system<\/a> could change. (Image: Jon Prosser x Rendersbyan)<\/p>\n\n\n\n<ul class=\"wp-block-list\"><li><a href=\"https:\/\/www.apfelpatient.de\/en\/news\/pitaka-magez-case-2-new-fusion-weaving-series-starts\">Pitaka MagEZ Case 2: New Fusion Weaving series starts<\/a><\/li><\/ul>\n\n\n\n<h6 class=\"wp-block-heading translation-block\" id=\"h-kennt-ihr-schon-unsere-amazon-storefront-dort-findet-ihr-eine-handverlesene-auswahl-von-diversen-produkten-f-r-euer-iphone-und-co-viel-spa-beim-st-bern\"><em>Have you already visited our Amazon Storefront? There you&#039;ll find a hand-picked selection of various products for your iPhone and other devices \u2013 <span class=\"has-inline-color has-vivid-red-color\"><a href=\"https:\/\/www.amazon.de\/shop\/apfelpatientofficial\" class=\"ek-link\" data-wpel-link=\"exclude\" rel=\"follow noopener\" target=\"_self\"><span style=\"text-decoration: underline\" class=\"ek-underline\">enjoy browsing<\/span><\/a> !<\/span><\/em><\/h6>\n\n\n\n<h6 class=\"wp-block-heading translation-block\" id=\"h-der-beitrag-enthalt-partnerlinks\">This post contains <a data-type=\"URL\" data-id=\"https:\/\/www.apfelpatient.de\/partnerprogramm\" href=\"https:\/\/www.apfelpatient.de\/en\/partner-program\" data-wpel-link=\"internal\" target=\"_self\">affiliate links<\/a>.<\/h6>","protected":false},"excerpt":{"rendered":"<p>According to a report citing sources within the iPhone supply chain, the iPhone 14 Pro series will have more RAM.<\/p>","protected":false},"author":2,"featured_media":26042,"comment_status":"closed","ping_status":"closed","sticky":false,"template":"","format":"standard","meta":{"jnews-multi-image_gallery":[],"jnews_single_post":{"subtitle":"","format":"standard","video":"","gallery":"","source_name":"","source_url":"","via_name":"","via_url":"","override":[{"single_blog_custom":"","sidebar":"","second_sidebar":"","share_position":"","share_float_style":"","post_date_format":"","post_date_format_custom":"","post_reading_time_wpm":"","zoom_button_out_step":"1","zoom_button_in_step":"1","number_popup_post":"1"}],"image_override":[{"single_post_thumbnail_size":"","single_post_gallery_size":""}],"trending_post_position":"","trending_post_label":"","sponsored_post_label":"","sponsored_post_name":"","sponsored_post_url":"","sponsored_post_logo":"","sponsored_post_desc":""},"jnews_primary_category":{"id":"25"},"footnotes":""},"categories":[25],"tags":[8,683,422],"class_list":["post-30169","post","type-post","status-publish","format-standard","has-post-thumbnail","hentry","category-rumors","tag-iphone","tag-iphone-14","tag-iphone-2022"],"yoast_head":"<!-- This site is optimized with the Yoast SEO Premium plugin v27.5 (Yoast SEO v27.5) - https:\/\/yoast.com\/product\/yoast-seo-premium-wordpress\/ -->\n<title>iPhone 14 Pro k\u00f6nnte mehr Arbeitsspeicher erhalten Apfelpatient<\/title>\n<meta name=\"description\" content=\"Einem Bericht zufolge, der sich auf Quellen innerhalb der iPhone-Lieferkette beruft, wird die &quot;iPhone 14 Pro&quot;-Reihe \u00fcber mehr RAM verf\u00fcgen.\" \/>\n<meta name=\"robots\" content=\"index, follow, max-snippet:-1, max-image-preview:large, max-video-preview:-1\" \/>\n<link rel=\"canonical\" href=\"https:\/\/www.apfelpatient.de\/en\/rumors\/iphone-14-pro-could-get-more-ram\" \/>\n<meta property=\"og:locale\" content=\"en_US\" \/>\n<meta property=\"og:type\" content=\"article\" \/>\n<meta property=\"og:title\" content=\"iPhone 14 Pro k\u00f6nnte mehr Arbeitsspeicher erhalten\" \/>\n<meta property=\"og:description\" content=\"Einem Bericht zufolge, der sich auf Quellen innerhalb der iPhone-Lieferkette beruft, wird die &quot;iPhone 14 Pro&quot;-Reihe \u00fcber mehr RAM verf\u00fcgen.\" \/>\n<meta property=\"og:url\" content=\"https:\/\/www.apfelpatient.de\/en\/rumors\/iphone-14-pro-could-get-more-ram\" \/>\n<meta property=\"og:site_name\" content=\"Apfelpatient\" \/>\n<meta property=\"article:publisher\" content=\"https:\/\/www.facebook.com\/apfelpatientOfficial\" \/>\n<meta property=\"article:author\" content=\"https:\/\/www.facebook.com\/apfelpatientOfficial\" \/>\n<meta property=\"article:published_time\" content=\"2022-02-17T16:09:57+00:00\" \/>\n<meta property=\"article:modified_time\" content=\"2022-02-17T16:09:58+00:00\" \/>\n<meta property=\"og:image\" content=\"https:\/\/www.apfelpatient.de\/wp-content\/uploads\/2021\/09\/iphone_14_press_1@0.5x.jpg\" \/>\n\t<meta property=\"og:image:width\" content=\"1600\" \/>\n\t<meta property=\"og:image:height\" content=\"899\" \/>\n\t<meta property=\"og:image:type\" content=\"image\/jpeg\" \/>\n<meta name=\"author\" content=\"Milan\" \/>\n<meta name=\"twitter:card\" content=\"summary_large_image\" \/>\n<meta name=\"twitter:description\" content=\"Einem Bericht zufolge, der sich auf Quellen innerhalb der iPhone-Lieferkette beruft, wird die &quot;iPhone 14 Pro&quot;-Reihe \u00fcber mehr RAM verf\u00fcgen.\" \/>\n<meta name=\"twitter:label1\" content=\"Written by\" \/>\n\t<meta name=\"twitter:data1\" content=\"Milan\" \/>\n\t<meta name=\"twitter:label2\" content=\"Est. reading time\" \/>\n\t<meta name=\"twitter:data2\" content=\"2 minutes\" \/>\n<script type=\"application\/ld+json\" class=\"yoast-schema-graph\">{\"@context\":\"https:\\\/\\\/schema.org\",\"@graph\":[{\"@type\":\"NewsArticle\",\"@id\":\"https:\\\/\\\/www.apfelpatient.de\\\/rumors\\\/iphone-14-pro-koennte-mehr-arbeitsspeicher-erhalten#article\",\"isPartOf\":{\"@id\":\"https:\\\/\\\/www.apfelpatient.de\\\/rumors\\\/iphone-14-pro-koennte-mehr-arbeitsspeicher-erhalten\"},\"author\":{\"@type\":\"Organization\",\"@id\":\"https:\\\/\\\/www.apfelpatient.de\\\/en\\\/#organization\",\"name\":\"Apfelpatient\",\"url\":\"https:\\\/\\\/www.apfelpatient.de\\\/en\\\/\"},\"headline\":\"iPhone 14 Pro k\u00f6nnte mehr Arbeitsspeicher erhalten\",\"datePublished\":\"2022-02-17T16:09:57+00:00\",\"dateModified\":\"2022-02-17T16:09:58+00:00\",\"mainEntityOfPage\":{\"@id\":\"https:\\\/\\\/www.apfelpatient.de\\\/rumors\\\/iphone-14-pro-koennte-mehr-arbeitsspeicher-erhalten\"},\"wordCount\":253,\"publisher\":{\"@type\":\"Organization\",\"@id\":\"https:\\\/\\\/www.apfelpatient.de\\\/en\\\/#organization\",\"name\":\"Apfelpatient\",\"url\":\"https:\\\/\\\/www.apfelpatient.de\\\/en\\\/\"},\"image\":{\"@id\":\"https:\\\/\\\/www.apfelpatient.de\\\/rumors\\\/iphone-14-pro-koennte-mehr-arbeitsspeicher-erhalten#primaryimage\"},\"thumbnailUrl\":\"https:\\\/\\\/www.apfelpatient.de\\\/wp-content\\\/uploads\\\/2021\\\/09\\\/iphone_14_press_1@0.5x.jpg\",\"keywords\":[\"iPhone\",\"iPhone 14\",\"iPhone 2022\"],\"articleSection\":\"Rumors\",\"inLanguage\":\"en-US\",\"copyrightYear\":\"2022\",\"copyrightHolder\":{\"@id\":\"https:\\\/\\\/www.apfelpatient.de\\\/en\\\/#organization\"}},{\"@type\":\"WebPage\",\"@id\":\"https:\\\/\\\/www.apfelpatient.de\\\/rumors\\\/iphone-14-pro-koennte-mehr-arbeitsspeicher-erhalten\",\"url\":\"https:\\\/\\\/www.apfelpatient.de\\\/rumors\\\/iphone-14-pro-koennte-mehr-arbeitsspeicher-erhalten\",\"name\":\"iPhone 14 Pro k\u00f6nnte mehr Arbeitsspeicher erhalten Apfelpatient\",\"isPartOf\":{\"@id\":\"https:\\\/\\\/www.apfelpatient.de\\\/#website\"},\"primaryImageOfPage\":{\"@id\":\"https:\\\/\\\/www.apfelpatient.de\\\/rumors\\\/iphone-14-pro-koennte-mehr-arbeitsspeicher-erhalten#primaryimage\"},\"image\":{\"@id\":\"https:\\\/\\\/www.apfelpatient.de\\\/rumors\\\/iphone-14-pro-koennte-mehr-arbeitsspeicher-erhalten#primaryimage\"},\"thumbnailUrl\":\"https:\\\/\\\/www.apfelpatient.de\\\/wp-content\\\/uploads\\\/2021\\\/09\\\/iphone_14_press_1@0.5x.jpg\",\"datePublished\":\"2022-02-17T16:09:57+00:00\",\"dateModified\":\"2022-02-17T16:09:58+00:00\",\"description\":\"Einem Bericht zufolge, der sich auf Quellen innerhalb der iPhone-Lieferkette beruft, wird die \\\"iPhone 14 Pro\\\"-Reihe \u00fcber mehr RAM verf\u00fcgen.\",\"breadcrumb\":{\"@id\":\"https:\\\/\\\/www.apfelpatient.de\\\/rumors\\\/iphone-14-pro-koennte-mehr-arbeitsspeicher-erhalten#breadcrumb\"},\"inLanguage\":\"en-US\",\"potentialAction\":[{\"@type\":\"ReadAction\",\"target\":[\"https:\\\/\\\/www.apfelpatient.de\\\/rumors\\\/iphone-14-pro-koennte-mehr-arbeitsspeicher-erhalten\"]}]},{\"@type\":\"ImageObject\",\"inLanguage\":\"en-US\",\"@id\":\"https:\\\/\\\/www.apfelpatient.de\\\/rumors\\\/iphone-14-pro-koennte-mehr-arbeitsspeicher-erhalten#primaryimage\",\"url\":\"https:\\\/\\\/www.apfelpatient.de\\\/wp-content\\\/uploads\\\/2021\\\/09\\\/iphone_14_press_1@0.5x.jpg\",\"contentUrl\":\"https:\\\/\\\/www.apfelpatient.de\\\/wp-content\\\/uploads\\\/2021\\\/09\\\/iphone_14_press_1@0.5x.jpg\",\"width\":1600,\"height\":899,\"caption\":\"Bild: Jon Prosser x Rendersbyan - iPhone 14\"},{\"@type\":\"BreadcrumbList\",\"@id\":\"https:\\\/\\\/www.apfelpatient.de\\\/rumors\\\/iphone-14-pro-koennte-mehr-arbeitsspeicher-erhalten#breadcrumb\",\"itemListElement\":[{\"@type\":\"ListItem\",\"position\":1,\"name\":\"Startseite\",\"item\":\"https:\\\/\\\/www.apfelpatient.de\\\/\"},{\"@type\":\"ListItem\",\"position\":2,\"name\":\"iPhone 14 Pro k\u00f6nnte mehr Arbeitsspeicher erhalten\"}]},{\"@type\":\"WebSite\",\"@id\":\"https:\\\/\\\/www.apfelpatient.de\\\/#website\",\"url\":\"https:\\\/\\\/www.apfelpatient.de\\\/\",\"name\":\"Apfelpatient\",\"description\":\"Alles rund um Apple!\",\"publisher\":{\"@type\":\"Organization\",\"@id\":\"https:\\\/\\\/www.apfelpatient.de\\\/en\\\/#organization\",\"name\":\"Apfelpatient\",\"url\":\"https:\\\/\\\/www.apfelpatient.de\\\/en\\\/\"},\"alternateName\":\"Apfelpatient\",\"potentialAction\":[{\"@type\":\"SearchAction\",\"target\":{\"@type\":\"EntryPoint\",\"urlTemplate\":\"https:\\\/\\\/www.apfelpatient.de\\\/?s={search_term_string}\"},\"query-input\":{\"@type\":\"PropertyValueSpecification\",\"valueRequired\":true,\"valueName\":\"search_term_string\"}}],\"inLanguage\":\"en-US\"},{\"@type\":[\"Person\",\"Organization\"],\"@id\":\"https:\\\/\\\/www.apfelpatient.de\\\/#\\\/schema\\\/person\\\/7dc56ad6c8e9824b76d2c08d4c140e13\",\"name\":\"Milan\",\"logo\":{\"@id\":\"https:\\\/\\\/www.apfelpatient.de\\\/#\\\/schema\\\/person\\\/image\\\/\"},\"description\":\"Hallo und herzlich willkommen auf meinem Technik-Blog! Als gro\u00dfer Apple-Fan berichte ich hier \u00fcber alles, was mit Apple zu tun hat: von den neuesten News und spannenden Ger\u00fcchten \u00fcber hilfreiche Tipps und Tricks bis hin zu ausf\u00fchrlichen Produkttests. Wenn du genauso technikbegeistert bist wie ich, bist du hier genau richtig!\",\"sameAs\":[\"https:\\\/\\\/www.facebook.com\\\/apfelpatientOfficial\",\"https:\\\/\\\/www.linkedin.com\\\/in\\\/milan-jovicic-42aa0231b\"],\"url\":\"https:\\\/\\\/www.apfelpatient.de\\\/en\\\/author\\\/apfeladmin\"}]}<\/script>\n<!-- \/ Yoast SEO Premium plugin. -->","yoast_head_json":{"title":"iPhone 14 Pro could get more RAM Apfelpatient","description":"According to a report citing sources within the iPhone supply chain, the iPhone 14 Pro series will have more RAM.","robots":{"index":"index","follow":"follow","max-snippet":"max-snippet:-1","max-image-preview":"max-image-preview:large","max-video-preview":"max-video-preview:-1"},"canonical":"https:\/\/www.apfelpatient.de\/en\/rumors\/iphone-14-pro-could-get-more-ram","og_locale":"en_US","og_type":"article","og_title":"iPhone 14 Pro k\u00f6nnte mehr Arbeitsspeicher erhalten","og_description":"Einem Bericht zufolge, der sich auf Quellen innerhalb der iPhone-Lieferkette beruft, wird die \"iPhone 14 Pro\"-Reihe \u00fcber mehr RAM verf\u00fcgen.","og_url":"https:\/\/www.apfelpatient.de\/en\/rumors\/iphone-14-pro-could-get-more-ram","og_site_name":"Apfelpatient","article_publisher":"https:\/\/www.facebook.com\/apfelpatientOfficial","article_author":"https:\/\/www.facebook.com\/apfelpatientOfficial","article_published_time":"2022-02-17T16:09:57+00:00","article_modified_time":"2022-02-17T16:09:58+00:00","og_image":[{"width":1600,"height":899,"url":"https:\/\/www.apfelpatient.de\/wp-content\/uploads\/2021\/09\/iphone_14_press_1@0.5x.jpg","type":"image\/jpeg"}],"author":"Milan","twitter_card":"summary_large_image","twitter_description":"Einem Bericht zufolge, der sich auf Quellen innerhalb der iPhone-Lieferkette beruft, wird die \"iPhone 14 Pro\"-Reihe \u00fcber mehr RAM verf\u00fcgen.","twitter_misc":{"Written by":"Milan","Est. reading time":"2 minutes"},"schema":{"@context":"https:\/\/schema.org","@graph":[{"@type":"NewsArticle","@id":"https:\/\/www.apfelpatient.de\/rumors\/iphone-14-pro-koennte-mehr-arbeitsspeicher-erhalten#article","isPartOf":{"@id":"https:\/\/www.apfelpatient.de\/rumors\/iphone-14-pro-koennte-mehr-arbeitsspeicher-erhalten"},"author":{"@type":"Organization","@id":"https:\/\/www.apfelpatient.de\/en\/#organization","name":"Apfelpatient","url":"https:\/\/www.apfelpatient.de\/en\/"},"headline":"iPhone 14 Pro k\u00f6nnte mehr Arbeitsspeicher erhalten","datePublished":"2022-02-17T16:09:57+00:00","dateModified":"2022-02-17T16:09:58+00:00","mainEntityOfPage":{"@id":"https:\/\/www.apfelpatient.de\/rumors\/iphone-14-pro-koennte-mehr-arbeitsspeicher-erhalten"},"wordCount":253,"publisher":{"@type":"Organization","@id":"https:\/\/www.apfelpatient.de\/en\/#organization","name":"Apfelpatient","url":"https:\/\/www.apfelpatient.de\/en\/"},"image":{"@id":"https:\/\/www.apfelpatient.de\/rumors\/iphone-14-pro-koennte-mehr-arbeitsspeicher-erhalten#primaryimage"},"thumbnailUrl":"https:\/\/www.apfelpatient.de\/wp-content\/uploads\/2021\/09\/iphone_14_press_1@0.5x.jpg","keywords":["iPhone","iPhone 14","iPhone 2022"],"articleSection":"Rumors","inLanguage":"en-US","copyrightYear":"2022","copyrightHolder":{"@id":"https:\/\/www.apfelpatient.de\/en\/#organization"}},{"@type":"WebPage","@id":"https:\/\/www.apfelpatient.de\/rumors\/iphone-14-pro-koennte-mehr-arbeitsspeicher-erhalten","url":"https:\/\/www.apfelpatient.de\/rumors\/iphone-14-pro-koennte-mehr-arbeitsspeicher-erhalten","name":"iPhone 14 Pro could get more RAM Apfelpatient","isPartOf":{"@id":"https:\/\/www.apfelpatient.de\/#website"},"primaryImageOfPage":{"@id":"https:\/\/www.apfelpatient.de\/rumors\/iphone-14-pro-koennte-mehr-arbeitsspeicher-erhalten#primaryimage"},"image":{"@id":"https:\/\/www.apfelpatient.de\/rumors\/iphone-14-pro-koennte-mehr-arbeitsspeicher-erhalten#primaryimage"},"thumbnailUrl":"https:\/\/www.apfelpatient.de\/wp-content\/uploads\/2021\/09\/iphone_14_press_1@0.5x.jpg","datePublished":"2022-02-17T16:09:57+00:00","dateModified":"2022-02-17T16:09:58+00:00","description":"According to a report citing sources within the iPhone supply chain, the iPhone 14 Pro series will have more RAM.","breadcrumb":{"@id":"https:\/\/www.apfelpatient.de\/rumors\/iphone-14-pro-koennte-mehr-arbeitsspeicher-erhalten#breadcrumb"},"inLanguage":"en-US","potentialAction":[{"@type":"ReadAction","target":["https:\/\/www.apfelpatient.de\/rumors\/iphone-14-pro-koennte-mehr-arbeitsspeicher-erhalten"]}]},{"@type":"ImageObject","inLanguage":"en-US","@id":"https:\/\/www.apfelpatient.de\/rumors\/iphone-14-pro-koennte-mehr-arbeitsspeicher-erhalten#primaryimage","url":"https:\/\/www.apfelpatient.de\/wp-content\/uploads\/2021\/09\/iphone_14_press_1@0.5x.jpg","contentUrl":"https:\/\/www.apfelpatient.de\/wp-content\/uploads\/2021\/09\/iphone_14_press_1@0.5x.jpg","width":1600,"height":899,"caption":"Bild: Jon Prosser x Rendersbyan - iPhone 14"},{"@type":"BreadcrumbList","@id":"https:\/\/www.apfelpatient.de\/rumors\/iphone-14-pro-koennte-mehr-arbeitsspeicher-erhalten#breadcrumb","itemListElement":[{"@type":"ListItem","position":1,"name":"Startseite","item":"https:\/\/www.apfelpatient.de\/"},{"@type":"ListItem","position":2,"name":"iPhone 14 Pro k\u00f6nnte mehr Arbeitsspeicher erhalten"}]},{"@type":"WebSite","@id":"https:\/\/www.apfelpatient.de\/#website","url":"https:\/\/www.apfelpatient.de\/","name":"apple patient","description":"Everything about Apple!","publisher":{"@type":"Organization","@id":"https:\/\/www.apfelpatient.de\/en\/#organization","name":"Apfelpatient","url":"https:\/\/www.apfelpatient.de\/en\/"},"alternateName":"Apfelpatient","potentialAction":[{"@type":"SearchAction","target":{"@type":"EntryPoint","urlTemplate":"https:\/\/www.apfelpatient.de\/?s={search_term_string}"},"query-input":{"@type":"PropertyValueSpecification","valueRequired":true,"valueName":"search_term_string"}}],"inLanguage":"en-US"},{"@type":["Person","Organization"],"@id":"https:\/\/www.apfelpatient.de\/#\/schema\/person\/7dc56ad6c8e9824b76d2c08d4c140e13","name":"Milan","logo":{"@id":"https:\/\/www.apfelpatient.de\/#\/schema\/person\/image\/"},"description":"Hello and welcome to my technology blog! As a big Apple fan, I report on everything to do with Apple: from the latest news and exciting rumors to helpful tips and tricks and detailed product tests. If you are as enthusiastic about technology as I am, you have come to the right place!","sameAs":["https:\/\/www.facebook.com\/apfelpatientOfficial","https:\/\/www.linkedin.com\/in\/milan-jovicic-42aa0231b"],"url":"https:\/\/www.apfelpatient.de\/en\/author\/apfeladmin"}]}},"_links":{"self":[{"href":"https:\/\/www.apfelpatient.de\/en\/wp-json\/wp\/v2\/posts\/30169","targetHints":{"allow":["GET"]}}],"collection":[{"href":"https:\/\/www.apfelpatient.de\/en\/wp-json\/wp\/v2\/posts"}],"about":[{"href":"https:\/\/www.apfelpatient.de\/en\/wp-json\/wp\/v2\/types\/post"}],"author":[{"embeddable":true,"href":"https:\/\/www.apfelpatient.de\/en\/wp-json\/wp\/v2\/users\/2"}],"replies":[{"embeddable":true,"href":"https:\/\/www.apfelpatient.de\/en\/wp-json\/wp\/v2\/comments?post=30169"}],"version-history":[{"count":0,"href":"https:\/\/www.apfelpatient.de\/en\/wp-json\/wp\/v2\/posts\/30169\/revisions"}],"wp:featuredmedia":[{"embeddable":true,"href":"https:\/\/www.apfelpatient.de\/en\/wp-json\/wp\/v2\/media\/26042"}],"wp:attachment":[{"href":"https:\/\/www.apfelpatient.de\/en\/wp-json\/wp\/v2\/media?parent=30169"}],"wp:term":[{"taxonomy":"category","embeddable":true,"href":"https:\/\/www.apfelpatient.de\/en\/wp-json\/wp\/v2\/categories?post=30169"},{"taxonomy":"post_tag","embeddable":true,"href":"https:\/\/www.apfelpatient.de\/en\/wp-json\/wp\/v2\/tags?post=30169"}],"curies":[{"name":"wp","href":"https:\/\/api.w.org\/{rel}","templated":true}]}}