{"id":30136,"date":"2022-02-15T17:49:01","date_gmt":"2022-02-15T16:49:01","guid":{"rendered":"https:\/\/www.apfelpatient.de\/?p=30136"},"modified":"2022-02-15T17:49:02","modified_gmt":"2022-02-15T16:49:02","slug":"apple-could-introduce-13-inch-macbook-pro-with-m2-chip","status":"publish","type":"post","link":"https:\/\/www.apfelpatient.de\/en\/rumors\/apple-koennte-13-zoll-macbook-pro-mit-m2-chip-vorstellen","title":{"rendered":"Apple could introduce 13-inch MacBook Pro with M2 chip"},"content":{"rendered":"<p class=\"has-drop-cap\"><strong>An updated 13-inch MacBook Pro with M2 chip is said to be coming to market as early as March. However, rumors suggest that Apple will keep the design of the existing M1 model and not redesign it.<\/strong><\/p>\n\n\n\n<p>It is believed that Apple is preparing a special event for March, where a new Mac is expected alongside an updated iPhone SE and iPad Air. According to new rumors (<a href=\"https:\/\/www.macrumors.com\/2022\/02\/15\/apple-13-inch-macbook-pro-m2-march\/\" target=\"_blank\" rel=\"noreferrer noopener\">via MacRumors<\/a>) it is said to be a new MacBook, more precisely the well-known 13-inch model. According to this, the device will appear in the old design but will be improved on the inside. This means that the new model will supposedly have the same display design without a notch, which also does not offer ProMotion support. It will also use the Touch Bar, an element that was removed from the 14- and 16-inch MacBook Pro. While the external design will remain the same, the internals will change, mainly due to the use of the M2 chip instead of the M1 chip.<\/p>\n\n\n\n<h3 class=\"wp-block-heading\" id=\"h-doch-kein-gunstigeres-macbook-pro-mit-14-zoll\">But no cheaper 14-inch MacBook Pro?<\/h3>\n\n\n\n\n\n\n\n<p>MacRumors&#039; claims are based on information from a source who had already correctly revealed the existence of the notch on the 14- and 16-inch models and the lack of Face ID support. An earlier report said that the new entry-level MacBook Pro would lose the Touch Bar but would not have a ProMotion or MiniLED display in order to save costs. In January, there was even speculation that Apple could instead introduce a new 14-inch model with M2 that would serve as the new base model. What will actually be the case in the end remains to be seen. The fact is, however, new Mac devices are definitely on the way. We only got the proof yesterday <a href=\"https:\/\/www.apfelpatient.de\/en\/news\/apple-registers-three-new-macs-in-eec-database\">updating the EEC database<\/a> brought. (Photo by Ekaterina79 \/ Bigstockphoto)<\/p>\n\n\n\n<ul class=\"wp-block-list\"><li><a href=\"https:\/\/www.apfelpatient.de\/en\/rumors\/new-imac-pro-with-apple-silicon-chip-could-appear-sooner\">New iMac Pro with Apple Silicon Chip Could Arrive Sooner<\/a><\/li><\/ul>\n\n\n\n<h6 class=\"wp-block-heading translation-block\" id=\"h-kennt-ihr-schon-unsere-amazon-storefront-dort-findet-ihr-eine-handverlesene-auswahl-von-diversen-produkten-f-r-euer-iphone-und-co-viel-spa-beim-st-bern\"><em>Have you already visited our Amazon Storefront? There you&#039;ll find a hand-picked selection of various products for your iPhone and other devices \u2013 <span class=\"has-inline-color has-vivid-red-color\"><a href=\"https:\/\/www.amazon.de\/shop\/apfelpatientofficial\" class=\"ek-link\" data-wpel-link=\"exclude\" rel=\"follow noopener\" target=\"_self\"><span style=\"text-decoration: underline\" class=\"ek-underline\">enjoy browsing<\/span><\/a> !<\/span><\/em><\/h6>\n\n\n\n<h6 class=\"wp-block-heading translation-block\" id=\"h-der-beitrag-enthalt-partnerlinks\">This post contains <a data-type=\"URL\" data-id=\"https:\/\/www.apfelpatient.de\/partnerprogramm\" href=\"https:\/\/www.apfelpatient.de\/en\/partner-program\" data-wpel-link=\"internal\" target=\"_self\">affiliate links<\/a>.<\/h6>","protected":false},"excerpt":{"rendered":"<p>Apparently an updated 13-inch MacBook Pro with M2 chip will be launched in March. So no 14-inch version?<\/p>","protected":false},"author":2,"featured_media":30135,"comment_status":"closed","ping_status":"closed","sticky":false,"template":"","format":"standard","meta":{"jnews-multi-image_gallery":[],"jnews_single_post":{"subtitle":"","format":"standard","video":"","gallery":"","source_name":"","source_url":"","via_name":"","via_url":"","override":[{"single_blog_custom":"","sidebar":"","second_sidebar":"","share_position":"","share_float_style":"","post_date_format":"","post_date_format_custom":"","post_reading_time_wpm":"","zoom_button_out_step":"1","zoom_button_in_step":"1","number_popup_post":"1"}],"image_override":[{"single_post_thumbnail_size":"","single_post_gallery_size":""}],"trending_post_position":"","trending_post_label":"","sponsored_post_label":"","sponsored_post_name":"","sponsored_post_url":"","sponsored_post_logo":"","sponsored_post_desc":""},"jnews_primary_category":{"id":"25"},"footnotes":""},"categories":[25],"tags":[40],"class_list":["post-30136","post","type-post","status-publish","format-standard","has-post-thumbnail","hentry","category-rumors","tag-mac"],"yoast_head":"<!-- This site is optimized with the Yoast SEO Premium plugin v27.5 (Yoast SEO v27.5) - https:\/\/yoast.com\/product\/yoast-seo-premium-wordpress\/ -->\n<title>Apple k\u00f6nnte 13-Zoll MacBook Pro mit M2-Chip vorstellen Apfelpatient<\/title>\n<meta name=\"description\" content=\"Angeblich soll bereits im M\u00e4rz ein aktualisiertes 13-Zoll MacBook Pro mit M2-Chip auf den Markt kommen. Also keine 14-Zoll Version?\" \/>\n<meta name=\"robots\" content=\"index, follow, max-snippet:-1, max-image-preview:large, max-video-preview:-1\" \/>\n<link rel=\"canonical\" href=\"https:\/\/www.apfelpatient.de\/en\/rumors\/apple-could-introduce-13-inch-macbook-pro-with-m2-chip\" \/>\n<meta property=\"og:locale\" content=\"en_US\" \/>\n<meta property=\"og:type\" content=\"article\" \/>\n<meta property=\"og:title\" content=\"Apple k\u00f6nnte 13-Zoll MacBook Pro mit M2-Chip vorstellen\" \/>\n<meta property=\"og:description\" content=\"Angeblich soll bereits im M\u00e4rz ein aktualisiertes 13-Zoll MacBook Pro mit M2-Chip auf den Markt kommen. Also keine 14-Zoll Version?\" \/>\n<meta property=\"og:url\" content=\"https:\/\/www.apfelpatient.de\/en\/rumors\/apple-could-introduce-13-inch-macbook-pro-with-m2-chip\" \/>\n<meta property=\"og:site_name\" content=\"Apfelpatient\" \/>\n<meta property=\"article:publisher\" content=\"https:\/\/www.facebook.com\/apfelpatientOfficial\" \/>\n<meta property=\"article:author\" content=\"https:\/\/www.facebook.com\/apfelpatientOfficial\" \/>\n<meta property=\"article:published_time\" content=\"2022-02-15T16:49:01+00:00\" \/>\n<meta property=\"article:modified_time\" content=\"2022-02-15T16:49:02+00:00\" \/>\n<meta property=\"og:image\" content=\"https:\/\/www.apfelpatient.de\/wp-content\/uploads\/2022\/02\/bigstock-Tambov-Russian-Federation-J-392672816-2.jpg\" \/>\n\t<meta property=\"og:image:width\" content=\"1600\" \/>\n\t<meta property=\"og:image:height\" content=\"1067\" \/>\n\t<meta property=\"og:image:type\" content=\"image\/jpeg\" \/>\n<meta name=\"author\" content=\"Milan\" \/>\n<meta name=\"twitter:card\" content=\"summary_large_image\" \/>\n<meta name=\"twitter:description\" content=\"Angeblich soll bereits im M\u00e4rz ein aktualisiertes 13-Zoll MacBook Pro mit M2-Chip auf den Markt kommen. Also keine 14-Zoll Version?\" \/>\n<meta name=\"twitter:label1\" content=\"Written by\" \/>\n\t<meta name=\"twitter:data1\" content=\"Milan\" \/>\n\t<meta name=\"twitter:label2\" content=\"Est. reading time\" \/>\n\t<meta name=\"twitter:data2\" content=\"2 minutes\" \/>\n<script type=\"application\/ld+json\" class=\"yoast-schema-graph\">{\"@context\":\"https:\\\/\\\/schema.org\",\"@graph\":[{\"@type\":\"NewsArticle\",\"@id\":\"https:\\\/\\\/www.apfelpatient.de\\\/rumors\\\/apple-koennte-13-zoll-macbook-pro-mit-m2-chip-vorstellen#article\",\"isPartOf\":{\"@id\":\"https:\\\/\\\/www.apfelpatient.de\\\/rumors\\\/apple-koennte-13-zoll-macbook-pro-mit-m2-chip-vorstellen\"},\"author\":{\"@type\":\"Organization\",\"@id\":\"https:\\\/\\\/www.apfelpatient.de\\\/en\\\/#organization\",\"name\":\"Apfelpatient\",\"url\":\"https:\\\/\\\/www.apfelpatient.de\\\/en\\\/\"},\"headline\":\"Apple k\u00f6nnte 13-Zoll MacBook Pro mit M2-Chip vorstellen\",\"datePublished\":\"2022-02-15T16:49:01+00:00\",\"dateModified\":\"2022-02-15T16:49:02+00:00\",\"mainEntityOfPage\":{\"@id\":\"https:\\\/\\\/www.apfelpatient.de\\\/rumors\\\/apple-koennte-13-zoll-macbook-pro-mit-m2-chip-vorstellen\"},\"wordCount\":327,\"publisher\":{\"@type\":\"Organization\",\"@id\":\"https:\\\/\\\/www.apfelpatient.de\\\/en\\\/#organization\",\"name\":\"Apfelpatient\",\"url\":\"https:\\\/\\\/www.apfelpatient.de\\\/en\\\/\"},\"image\":{\"@id\":\"https:\\\/\\\/www.apfelpatient.de\\\/rumors\\\/apple-koennte-13-zoll-macbook-pro-mit-m2-chip-vorstellen#primaryimage\"},\"thumbnailUrl\":\"https:\\\/\\\/www.apfelpatient.de\\\/wp-content\\\/uploads\\\/2022\\\/02\\\/bigstock-Tambov-Russian-Federation-J-392672816-2.jpg\",\"keywords\":[\"Mac\"],\"articleSection\":\"Rumors\",\"inLanguage\":\"en-US\",\"copyrightYear\":\"2022\",\"copyrightHolder\":{\"@id\":\"https:\\\/\\\/www.apfelpatient.de\\\/en\\\/#organization\"}},{\"@type\":\"WebPage\",\"@id\":\"https:\\\/\\\/www.apfelpatient.de\\\/rumors\\\/apple-koennte-13-zoll-macbook-pro-mit-m2-chip-vorstellen\",\"url\":\"https:\\\/\\\/www.apfelpatient.de\\\/rumors\\\/apple-koennte-13-zoll-macbook-pro-mit-m2-chip-vorstellen\",\"name\":\"Apple k\u00f6nnte 13-Zoll MacBook Pro mit M2-Chip vorstellen Apfelpatient\",\"isPartOf\":{\"@id\":\"https:\\\/\\\/www.apfelpatient.de\\\/#website\"},\"primaryImageOfPage\":{\"@id\":\"https:\\\/\\\/www.apfelpatient.de\\\/rumors\\\/apple-koennte-13-zoll-macbook-pro-mit-m2-chip-vorstellen#primaryimage\"},\"image\":{\"@id\":\"https:\\\/\\\/www.apfelpatient.de\\\/rumors\\\/apple-koennte-13-zoll-macbook-pro-mit-m2-chip-vorstellen#primaryimage\"},\"thumbnailUrl\":\"https:\\\/\\\/www.apfelpatient.de\\\/wp-content\\\/uploads\\\/2022\\\/02\\\/bigstock-Tambov-Russian-Federation-J-392672816-2.jpg\",\"datePublished\":\"2022-02-15T16:49:01+00:00\",\"dateModified\":\"2022-02-15T16:49:02+00:00\",\"description\":\"Angeblich soll bereits im M\u00e4rz ein aktualisiertes 13-Zoll MacBook Pro mit M2-Chip auf den Markt kommen. Also keine 14-Zoll Version?\",\"breadcrumb\":{\"@id\":\"https:\\\/\\\/www.apfelpatient.de\\\/rumors\\\/apple-koennte-13-zoll-macbook-pro-mit-m2-chip-vorstellen#breadcrumb\"},\"inLanguage\":\"en-US\",\"potentialAction\":[{\"@type\":\"ReadAction\",\"target\":[\"https:\\\/\\\/www.apfelpatient.de\\\/rumors\\\/apple-koennte-13-zoll-macbook-pro-mit-m2-chip-vorstellen\"]}]},{\"@type\":\"ImageObject\",\"inLanguage\":\"en-US\",\"@id\":\"https:\\\/\\\/www.apfelpatient.de\\\/rumors\\\/apple-koennte-13-zoll-macbook-pro-mit-m2-chip-vorstellen#primaryimage\",\"url\":\"https:\\\/\\\/www.apfelpatient.de\\\/wp-content\\\/uploads\\\/2022\\\/02\\\/bigstock-Tambov-Russian-Federation-J-392672816-2.jpg\",\"contentUrl\":\"https:\\\/\\\/www.apfelpatient.de\\\/wp-content\\\/uploads\\\/2022\\\/02\\\/bigstock-Tambov-Russian-Federation-J-392672816-2.jpg\",\"width\":1600,\"height\":1067,\"caption\":\"Tambov, Russian Federation - July 09, 2020 Unboxing new MacBook Pro.\"},{\"@type\":\"BreadcrumbList\",\"@id\":\"https:\\\/\\\/www.apfelpatient.de\\\/rumors\\\/apple-koennte-13-zoll-macbook-pro-mit-m2-chip-vorstellen#breadcrumb\",\"itemListElement\":[{\"@type\":\"ListItem\",\"position\":1,\"name\":\"Startseite\",\"item\":\"https:\\\/\\\/www.apfelpatient.de\\\/\"},{\"@type\":\"ListItem\",\"position\":2,\"name\":\"Apple k\u00f6nnte 13-Zoll MacBook Pro mit M2-Chip vorstellen\"}]},{\"@type\":\"WebSite\",\"@id\":\"https:\\\/\\\/www.apfelpatient.de\\\/#website\",\"url\":\"https:\\\/\\\/www.apfelpatient.de\\\/\",\"name\":\"Apfelpatient\",\"description\":\"Alles rund um Apple!\",\"publisher\":{\"@type\":\"Organization\",\"@id\":\"https:\\\/\\\/www.apfelpatient.de\\\/en\\\/#organization\",\"name\":\"Apfelpatient\",\"url\":\"https:\\\/\\\/www.apfelpatient.de\\\/en\\\/\"},\"alternateName\":\"Apfelpatient\",\"potentialAction\":[{\"@type\":\"SearchAction\",\"target\":{\"@type\":\"EntryPoint\",\"urlTemplate\":\"https:\\\/\\\/www.apfelpatient.de\\\/?s={search_term_string}\"},\"query-input\":{\"@type\":\"PropertyValueSpecification\",\"valueRequired\":true,\"valueName\":\"search_term_string\"}}],\"inLanguage\":\"en-US\"},{\"@type\":[\"Person\",\"Organization\"],\"@id\":\"https:\\\/\\\/www.apfelpatient.de\\\/#\\\/schema\\\/person\\\/7dc56ad6c8e9824b76d2c08d4c140e13\",\"name\":\"Milan\",\"logo\":{\"@id\":\"https:\\\/\\\/www.apfelpatient.de\\\/#\\\/schema\\\/person\\\/image\\\/\"},\"description\":\"Hallo und herzlich willkommen auf meinem Technik-Blog! Als gro\u00dfer Apple-Fan berichte ich hier \u00fcber alles, was mit Apple zu tun hat: von den neuesten News und spannenden Ger\u00fcchten \u00fcber hilfreiche Tipps und Tricks bis hin zu ausf\u00fchrlichen Produkttests. Wenn du genauso technikbegeistert bist wie ich, bist du hier genau richtig!\",\"sameAs\":[\"https:\\\/\\\/www.facebook.com\\\/apfelpatientOfficial\",\"https:\\\/\\\/www.linkedin.com\\\/in\\\/milan-jovicic-42aa0231b\"],\"url\":\"https:\\\/\\\/www.apfelpatient.de\\\/en\\\/author\\\/apfeladmin\"}]}<\/script>\n<!-- \/ Yoast SEO Premium plugin. -->","yoast_head_json":{"title":"Apple could introduce 13-inch MacBook Pro with M2 chip Apfelpatient","description":"Apparently an updated 13-inch MacBook Pro with M2 chip will be launched in March. So no 14-inch version?","robots":{"index":"index","follow":"follow","max-snippet":"max-snippet:-1","max-image-preview":"max-image-preview:large","max-video-preview":"max-video-preview:-1"},"canonical":"https:\/\/www.apfelpatient.de\/en\/rumors\/apple-could-introduce-13-inch-macbook-pro-with-m2-chip","og_locale":"en_US","og_type":"article","og_title":"Apple k\u00f6nnte 13-Zoll MacBook Pro mit M2-Chip vorstellen","og_description":"Angeblich soll bereits im M\u00e4rz ein aktualisiertes 13-Zoll MacBook Pro mit M2-Chip auf den Markt kommen. Also keine 14-Zoll Version?","og_url":"https:\/\/www.apfelpatient.de\/en\/rumors\/apple-could-introduce-13-inch-macbook-pro-with-m2-chip","og_site_name":"Apfelpatient","article_publisher":"https:\/\/www.facebook.com\/apfelpatientOfficial","article_author":"https:\/\/www.facebook.com\/apfelpatientOfficial","article_published_time":"2022-02-15T16:49:01+00:00","article_modified_time":"2022-02-15T16:49:02+00:00","og_image":[{"width":1600,"height":1067,"url":"https:\/\/www.apfelpatient.de\/wp-content\/uploads\/2022\/02\/bigstock-Tambov-Russian-Federation-J-392672816-2.jpg","type":"image\/jpeg"}],"author":"Milan","twitter_card":"summary_large_image","twitter_description":"Angeblich soll bereits im M\u00e4rz ein aktualisiertes 13-Zoll MacBook Pro mit M2-Chip auf den Markt kommen. Also keine 14-Zoll Version?","twitter_misc":{"Written by":"Milan","Est. reading time":"2 minutes"},"schema":{"@context":"https:\/\/schema.org","@graph":[{"@type":"NewsArticle","@id":"https:\/\/www.apfelpatient.de\/rumors\/apple-koennte-13-zoll-macbook-pro-mit-m2-chip-vorstellen#article","isPartOf":{"@id":"https:\/\/www.apfelpatient.de\/rumors\/apple-koennte-13-zoll-macbook-pro-mit-m2-chip-vorstellen"},"author":{"@type":"Organization","@id":"https:\/\/www.apfelpatient.de\/en\/#organization","name":"Apfelpatient","url":"https:\/\/www.apfelpatient.de\/en\/"},"headline":"Apple k\u00f6nnte 13-Zoll MacBook Pro mit M2-Chip vorstellen","datePublished":"2022-02-15T16:49:01+00:00","dateModified":"2022-02-15T16:49:02+00:00","mainEntityOfPage":{"@id":"https:\/\/www.apfelpatient.de\/rumors\/apple-koennte-13-zoll-macbook-pro-mit-m2-chip-vorstellen"},"wordCount":327,"publisher":{"@type":"Organization","@id":"https:\/\/www.apfelpatient.de\/en\/#organization","name":"Apfelpatient","url":"https:\/\/www.apfelpatient.de\/en\/"},"image":{"@id":"https:\/\/www.apfelpatient.de\/rumors\/apple-koennte-13-zoll-macbook-pro-mit-m2-chip-vorstellen#primaryimage"},"thumbnailUrl":"https:\/\/www.apfelpatient.de\/wp-content\/uploads\/2022\/02\/bigstock-Tambov-Russian-Federation-J-392672816-2.jpg","keywords":["Mac"],"articleSection":"Rumors","inLanguage":"en-US","copyrightYear":"2022","copyrightHolder":{"@id":"https:\/\/www.apfelpatient.de\/en\/#organization"}},{"@type":"WebPage","@id":"https:\/\/www.apfelpatient.de\/rumors\/apple-koennte-13-zoll-macbook-pro-mit-m2-chip-vorstellen","url":"https:\/\/www.apfelpatient.de\/rumors\/apple-koennte-13-zoll-macbook-pro-mit-m2-chip-vorstellen","name":"Apple could introduce 13-inch MacBook Pro with M2 chip Apfelpatient","isPartOf":{"@id":"https:\/\/www.apfelpatient.de\/#website"},"primaryImageOfPage":{"@id":"https:\/\/www.apfelpatient.de\/rumors\/apple-koennte-13-zoll-macbook-pro-mit-m2-chip-vorstellen#primaryimage"},"image":{"@id":"https:\/\/www.apfelpatient.de\/rumors\/apple-koennte-13-zoll-macbook-pro-mit-m2-chip-vorstellen#primaryimage"},"thumbnailUrl":"https:\/\/www.apfelpatient.de\/wp-content\/uploads\/2022\/02\/bigstock-Tambov-Russian-Federation-J-392672816-2.jpg","datePublished":"2022-02-15T16:49:01+00:00","dateModified":"2022-02-15T16:49:02+00:00","description":"Apparently an updated 13-inch MacBook Pro with M2 chip will be launched in March. So no 14-inch version?","breadcrumb":{"@id":"https:\/\/www.apfelpatient.de\/rumors\/apple-koennte-13-zoll-macbook-pro-mit-m2-chip-vorstellen#breadcrumb"},"inLanguage":"en-US","potentialAction":[{"@type":"ReadAction","target":["https:\/\/www.apfelpatient.de\/rumors\/apple-koennte-13-zoll-macbook-pro-mit-m2-chip-vorstellen"]}]},{"@type":"ImageObject","inLanguage":"en-US","@id":"https:\/\/www.apfelpatient.de\/rumors\/apple-koennte-13-zoll-macbook-pro-mit-m2-chip-vorstellen#primaryimage","url":"https:\/\/www.apfelpatient.de\/wp-content\/uploads\/2022\/02\/bigstock-Tambov-Russian-Federation-J-392672816-2.jpg","contentUrl":"https:\/\/www.apfelpatient.de\/wp-content\/uploads\/2022\/02\/bigstock-Tambov-Russian-Federation-J-392672816-2.jpg","width":1600,"height":1067,"caption":"Tambov, Russian Federation - July 09, 2020 Unboxing new MacBook Pro."},{"@type":"BreadcrumbList","@id":"https:\/\/www.apfelpatient.de\/rumors\/apple-koennte-13-zoll-macbook-pro-mit-m2-chip-vorstellen#breadcrumb","itemListElement":[{"@type":"ListItem","position":1,"name":"Startseite","item":"https:\/\/www.apfelpatient.de\/"},{"@type":"ListItem","position":2,"name":"Apple k\u00f6nnte 13-Zoll MacBook Pro mit M2-Chip vorstellen"}]},{"@type":"WebSite","@id":"https:\/\/www.apfelpatient.de\/#website","url":"https:\/\/www.apfelpatient.de\/","name":"apple patient","description":"Everything about Apple!","publisher":{"@type":"Organization","@id":"https:\/\/www.apfelpatient.de\/en\/#organization","name":"Apfelpatient","url":"https:\/\/www.apfelpatient.de\/en\/"},"alternateName":"Apfelpatient","potentialAction":[{"@type":"SearchAction","target":{"@type":"EntryPoint","urlTemplate":"https:\/\/www.apfelpatient.de\/?s={search_term_string}"},"query-input":{"@type":"PropertyValueSpecification","valueRequired":true,"valueName":"search_term_string"}}],"inLanguage":"en-US"},{"@type":["Person","Organization"],"@id":"https:\/\/www.apfelpatient.de\/#\/schema\/person\/7dc56ad6c8e9824b76d2c08d4c140e13","name":"Milan","logo":{"@id":"https:\/\/www.apfelpatient.de\/#\/schema\/person\/image\/"},"description":"Hello and welcome to my technology blog! As a big Apple fan, I report on everything to do with Apple: from the latest news and exciting rumors to helpful tips and tricks and detailed product tests. If you are as enthusiastic about technology as I am, you have come to the right place!","sameAs":["https:\/\/www.facebook.com\/apfelpatientOfficial","https:\/\/www.linkedin.com\/in\/milan-jovicic-42aa0231b"],"url":"https:\/\/www.apfelpatient.de\/en\/author\/apfeladmin"}]}},"_links":{"self":[{"href":"https:\/\/www.apfelpatient.de\/en\/wp-json\/wp\/v2\/posts\/30136","targetHints":{"allow":["GET"]}}],"collection":[{"href":"https:\/\/www.apfelpatient.de\/en\/wp-json\/wp\/v2\/posts"}],"about":[{"href":"https:\/\/www.apfelpatient.de\/en\/wp-json\/wp\/v2\/types\/post"}],"author":[{"embeddable":true,"href":"https:\/\/www.apfelpatient.de\/en\/wp-json\/wp\/v2\/users\/2"}],"replies":[{"embeddable":true,"href":"https:\/\/www.apfelpatient.de\/en\/wp-json\/wp\/v2\/comments?post=30136"}],"version-history":[{"count":0,"href":"https:\/\/www.apfelpatient.de\/en\/wp-json\/wp\/v2\/posts\/30136\/revisions"}],"wp:featuredmedia":[{"embeddable":true,"href":"https:\/\/www.apfelpatient.de\/en\/wp-json\/wp\/v2\/media\/30135"}],"wp:attachment":[{"href":"https:\/\/www.apfelpatient.de\/en\/wp-json\/wp\/v2\/media?parent=30136"}],"wp:term":[{"taxonomy":"category","embeddable":true,"href":"https:\/\/www.apfelpatient.de\/en\/wp-json\/wp\/v2\/categories?post=30136"},{"taxonomy":"post_tag","embeddable":true,"href":"https:\/\/www.apfelpatient.de\/en\/wp-json\/wp\/v2\/tags?post=30136"}],"curies":[{"name":"wp","href":"https:\/\/api.w.org\/{rel}","templated":true}]}}