{"id":30122,"date":"2022-02-14T19:56:40","date_gmt":"2022-02-14T18:56:40","guid":{"rendered":"https:\/\/www.apfelpatient.de\/?p=30122"},"modified":"2022-02-14T19:56:41","modified_gmt":"2022-02-14T18:56:41","slug":"new-imac-pro-with-apple-silicon-chip-could-appear-sooner","status":"publish","type":"post","link":"https:\/\/www.apfelpatient.de\/en\/rumors\/neuer-imac-pro-mit-apple-silicon-chip-koennte-frueher-erscheinen","title":{"rendered":"New iMac Pro with Apple Silicon Chip Could Arrive Sooner"},"content":{"rendered":"<p class=\"has-drop-cap\"><strong>A new iMac Pro with MiniLED backlighting and an Apple Silicon chip could be released as early as June 2022, according to a display analyst.<\/strong><\/p>\n\n\n\n<p>Ross Young of Display Supply Chain Consultants <a href=\"https:\/\/twitter.com\/DSCCRoss\/status\/1493274813594546177?s=20&amp;t=gaWz2wHGdjKT1GgD2cA9yg\" target=\"_blank\" rel=\"noreferrer noopener\">replied<\/a> to a question about the recent <a href=\"https:\/\/www.apfelpatient.de\/en\/news\/apple-registers-three-new-macs-in-eec-database\">applications for approval<\/a>that the MiniLED iMac Pro &quot;could launch in June.&quot; Young had previously predicted a spring launch for the all-new iMac, but pushed that forecast back to summer. At the time, Young said that panel shipments would begin in June, but the launch might not happen until August or September. The analyst&#039;s latest comments suggest he has received new information that has changed his forecasts again.<\/p>\n\n\n\n<h3 class=\"wp-block-heading\" id=\"h-imac-pro-mit-apple-silicon-chip-so-gut-konnte-das-display-sein\">iMac Pro with Apple Silicon Chip: This is how good the display could be<\/h3>\n\n\n\n\n\n\n\n<p>A June launch could mean the new iMac Pro could be unveiled as part of Apple&#039;s Worldwide Developers Conference. In addition to the schedule, Young confirmed rumors that the iMac Pro will feature a MiniLED backlight, contrary to what some observers have claimed. Young said his company has heard reports that the device could feature 1,000 zones and more than 4,000 MiniLEDs. In addition to the switch to MiniLED displays, the new iMac Pro will likely feature some sort of M1 or M2 chip and a new design that brings it in line with the current 24-inch iMac. The use of the &quot;iMac Pro&quot; name also suggests a merger of the 27-inch iMac and iMac Pro. (Photo by hadrian \/ Bigstockphoto)<\/p>\n\n\n\n<ul class=\"wp-block-list\"><li><a href=\"https:\/\/www.apfelpatient.de\/en\/news\/apple-registers-three-new-macs-in-eec-database\">Apple registers three new Macs in EEC database<\/a><\/li><\/ul>\n\n\n\n<h6 class=\"wp-block-heading translation-block\" id=\"h-kennt-ihr-schon-unsere-amazon-storefront-dort-findet-ihr-eine-handverlesene-auswahl-von-diversen-produkten-f-r-euer-iphone-und-co-viel-spa-beim-st-bern\"><em>Have you already visited our Amazon Storefront? There you&#039;ll find a hand-picked selection of various products for your iPhone and other devices \u2013 <span class=\"has-inline-color has-vivid-red-color\"><a href=\"https:\/\/www.amazon.de\/shop\/apfelpatientofficial\" class=\"ek-link\" data-wpel-link=\"exclude\" rel=\"follow noopener\" target=\"_self\"><span style=\"text-decoration: underline\" class=\"ek-underline\">enjoy browsing<\/span><\/a> !<\/span><\/em><\/h6>\n\n\n\n<h6 class=\"wp-block-heading translation-block\" id=\"h-der-beitrag-enthalt-partnerlinks\">This post contains <a data-type=\"URL\" data-id=\"https:\/\/www.apfelpatient.de\/partnerprogramm\" href=\"https:\/\/www.apfelpatient.de\/en\/partner-program\" data-wpel-link=\"internal\" target=\"_self\">affiliate links<\/a>.<\/h6>","protected":false},"excerpt":{"rendered":"<p>A new iMac Pro with mini-LED backlighting and an Apple Silicon chip could be released in the summer, according to a display analyst.<\/p>","protected":false},"author":2,"featured_media":30124,"comment_status":"closed","ping_status":"closed","sticky":false,"template":"","format":"standard","meta":{"jnews-multi-image_gallery":[],"jnews_single_post":{"subtitle":"","format":"standard","video":"","gallery":"","source_name":"","source_url":"","via_name":"","via_url":"","override":[{"single_blog_custom":"","sidebar":"","second_sidebar":"","share_position":"","share_float_style":"","post_date_format":"","post_date_format_custom":"","post_reading_time_wpm":"","zoom_button_out_step":"1","zoom_button_in_step":"1","number_popup_post":"1"}],"image_override":[{"single_post_thumbnail_size":"","single_post_gallery_size":""}],"trending_post_position":"","trending_post_label":"","sponsored_post_label":"","sponsored_post_name":"","sponsored_post_url":"","sponsored_post_logo":"","sponsored_post_desc":""},"jnews_primary_category":{"id":"25"},"footnotes":""},"categories":[25],"tags":[40],"class_list":["post-30122","post","type-post","status-publish","format-standard","has-post-thumbnail","hentry","category-rumors","tag-mac"],"yoast_head":"<!-- This site is optimized with the Yoast SEO Premium plugin v27.5 (Yoast SEO v27.5) - https:\/\/yoast.com\/product\/yoast-seo-premium-wordpress\/ -->\n<title>Neuer iMac Pro mit Apple Silicon Chip k\u00f6nnte fr\u00fcher erscheinen<\/title>\n<meta name=\"description\" content=\"Ein neuer iMac Pro mit MiniLED-Hintergrundbeleuchtung und einem Apple Silicon Chip k\u00f6nnte laut einem Display-Analysten im Sommer erscheinen.\" \/>\n<meta name=\"robots\" content=\"index, follow, max-snippet:-1, max-image-preview:large, max-video-preview:-1\" \/>\n<link rel=\"canonical\" href=\"https:\/\/www.apfelpatient.de\/en\/rumors\/new-imac-pro-with-apple-silicon-chip-could-appear-sooner\" \/>\n<meta property=\"og:locale\" content=\"en_US\" \/>\n<meta property=\"og:type\" content=\"article\" \/>\n<meta property=\"og:title\" content=\"Neuer iMac Pro mit Apple Silicon Chip k\u00f6nnte fr\u00fcher erscheinen\" \/>\n<meta property=\"og:description\" content=\"Ein neuer iMac Pro mit MiniLED-Hintergrundbeleuchtung und einem Apple Silicon Chip k\u00f6nnte laut einem Display-Analysten im Sommer erscheinen.\" \/>\n<meta property=\"og:url\" content=\"https:\/\/www.apfelpatient.de\/en\/rumors\/new-imac-pro-with-apple-silicon-chip-could-appear-sooner\" \/>\n<meta property=\"og:site_name\" content=\"Apfelpatient\" \/>\n<meta property=\"article:publisher\" content=\"https:\/\/www.facebook.com\/apfelpatientOfficial\" \/>\n<meta property=\"article:author\" content=\"https:\/\/www.facebook.com\/apfelpatientOfficial\" \/>\n<meta property=\"article:published_time\" content=\"2022-02-14T18:56:40+00:00\" \/>\n<meta property=\"article:modified_time\" content=\"2022-02-14T18:56:41+00:00\" \/>\n<meta property=\"og:image\" content=\"https:\/\/www.apfelpatient.de\/wp-content\/uploads\/2022\/02\/bigstock-221494114.jpg\" \/>\n\t<meta property=\"og:image:width\" content=\"1600\" \/>\n\t<meta property=\"og:image:height\" content=\"1200\" \/>\n\t<meta property=\"og:image:type\" content=\"image\/jpeg\" \/>\n<meta name=\"author\" content=\"Milan\" \/>\n<meta name=\"twitter:card\" content=\"summary_large_image\" \/>\n<meta name=\"twitter:description\" content=\"Ein neuer iMac Pro mit MiniLED-Hintergrundbeleuchtung und einem Apple Silicon Chip k\u00f6nnte laut einem Display-Analysten im Sommer erscheinen.\" \/>\n<meta name=\"twitter:label1\" content=\"Written by\" \/>\n\t<meta name=\"twitter:data1\" content=\"Milan\" \/>\n\t<meta name=\"twitter:label2\" content=\"Est. reading time\" \/>\n\t<meta name=\"twitter:data2\" content=\"2 minutes\" \/>\n<script type=\"application\/ld+json\" class=\"yoast-schema-graph\">{\"@context\":\"https:\\\/\\\/schema.org\",\"@graph\":[{\"@type\":\"NewsArticle\",\"@id\":\"https:\\\/\\\/www.apfelpatient.de\\\/rumors\\\/neuer-imac-pro-mit-apple-silicon-chip-koennte-frueher-erscheinen#article\",\"isPartOf\":{\"@id\":\"https:\\\/\\\/www.apfelpatient.de\\\/rumors\\\/neuer-imac-pro-mit-apple-silicon-chip-koennte-frueher-erscheinen\"},\"author\":{\"@type\":\"Organization\",\"@id\":\"https:\\\/\\\/www.apfelpatient.de\\\/en\\\/#organization\",\"name\":\"Apfelpatient\",\"url\":\"https:\\\/\\\/www.apfelpatient.de\\\/en\\\/\"},\"headline\":\"Neuer iMac Pro mit Apple Silicon Chip k\u00f6nnte fr\u00fcher erscheinen\",\"datePublished\":\"2022-02-14T18:56:40+00:00\",\"dateModified\":\"2022-02-14T18:56:41+00:00\",\"mainEntityOfPage\":{\"@id\":\"https:\\\/\\\/www.apfelpatient.de\\\/rumors\\\/neuer-imac-pro-mit-apple-silicon-chip-koennte-frueher-erscheinen\"},\"wordCount\":289,\"publisher\":{\"@type\":\"Organization\",\"@id\":\"https:\\\/\\\/www.apfelpatient.de\\\/en\\\/#organization\",\"name\":\"Apfelpatient\",\"url\":\"https:\\\/\\\/www.apfelpatient.de\\\/en\\\/\"},\"image\":{\"@id\":\"https:\\\/\\\/www.apfelpatient.de\\\/rumors\\\/neuer-imac-pro-mit-apple-silicon-chip-koennte-frueher-erscheinen#primaryimage\"},\"thumbnailUrl\":\"https:\\\/\\\/www.apfelpatient.de\\\/wp-content\\\/uploads\\\/2022\\\/02\\\/bigstock-221494114.jpg\",\"keywords\":[\"Mac\"],\"articleSection\":\"Rumors\",\"inLanguage\":\"en-US\",\"copyrightYear\":\"2022\",\"copyrightHolder\":{\"@id\":\"https:\\\/\\\/www.apfelpatient.de\\\/en\\\/#organization\"}},{\"@type\":\"WebPage\",\"@id\":\"https:\\\/\\\/www.apfelpatient.de\\\/rumors\\\/neuer-imac-pro-mit-apple-silicon-chip-koennte-frueher-erscheinen\",\"url\":\"https:\\\/\\\/www.apfelpatient.de\\\/rumors\\\/neuer-imac-pro-mit-apple-silicon-chip-koennte-frueher-erscheinen\",\"name\":\"Neuer iMac Pro mit Apple Silicon Chip k\u00f6nnte fr\u00fcher erscheinen\",\"isPartOf\":{\"@id\":\"https:\\\/\\\/www.apfelpatient.de\\\/#website\"},\"primaryImageOfPage\":{\"@id\":\"https:\\\/\\\/www.apfelpatient.de\\\/rumors\\\/neuer-imac-pro-mit-apple-silicon-chip-koennte-frueher-erscheinen#primaryimage\"},\"image\":{\"@id\":\"https:\\\/\\\/www.apfelpatient.de\\\/rumors\\\/neuer-imac-pro-mit-apple-silicon-chip-koennte-frueher-erscheinen#primaryimage\"},\"thumbnailUrl\":\"https:\\\/\\\/www.apfelpatient.de\\\/wp-content\\\/uploads\\\/2022\\\/02\\\/bigstock-221494114.jpg\",\"datePublished\":\"2022-02-14T18:56:40+00:00\",\"dateModified\":\"2022-02-14T18:56:41+00:00\",\"description\":\"Ein neuer iMac Pro mit MiniLED-Hintergrundbeleuchtung und einem Apple Silicon Chip k\u00f6nnte laut einem Display-Analysten im Sommer erscheinen.\",\"breadcrumb\":{\"@id\":\"https:\\\/\\\/www.apfelpatient.de\\\/rumors\\\/neuer-imac-pro-mit-apple-silicon-chip-koennte-frueher-erscheinen#breadcrumb\"},\"inLanguage\":\"en-US\",\"potentialAction\":[{\"@type\":\"ReadAction\",\"target\":[\"https:\\\/\\\/www.apfelpatient.de\\\/rumors\\\/neuer-imac-pro-mit-apple-silicon-chip-koennte-frueher-erscheinen\"]}]},{\"@type\":\"ImageObject\",\"inLanguage\":\"en-US\",\"@id\":\"https:\\\/\\\/www.apfelpatient.de\\\/rumors\\\/neuer-imac-pro-mit-apple-silicon-chip-koennte-frueher-erscheinen#primaryimage\",\"url\":\"https:\\\/\\\/www.apfelpatient.de\\\/wp-content\\\/uploads\\\/2022\\\/02\\\/bigstock-221494114.jpg\",\"contentUrl\":\"https:\\\/\\\/www.apfelpatient.de\\\/wp-content\\\/uploads\\\/2022\\\/02\\\/bigstock-221494114.jpg\",\"width\":1600,\"height\":1200,\"caption\":\"STRASBOURG, FRANCE - JAN 11, 2018: Detail of Apple logo on the new iMac Pro the all-in-one personal computer in Apple Computers Store. Apple claims the iMac Pro is the most powerful Mac\"},{\"@type\":\"BreadcrumbList\",\"@id\":\"https:\\\/\\\/www.apfelpatient.de\\\/rumors\\\/neuer-imac-pro-mit-apple-silicon-chip-koennte-frueher-erscheinen#breadcrumb\",\"itemListElement\":[{\"@type\":\"ListItem\",\"position\":1,\"name\":\"Startseite\",\"item\":\"https:\\\/\\\/www.apfelpatient.de\\\/\"},{\"@type\":\"ListItem\",\"position\":2,\"name\":\"Neuer iMac Pro mit Apple Silicon Chip k\u00f6nnte fr\u00fcher erscheinen\"}]},{\"@type\":\"WebSite\",\"@id\":\"https:\\\/\\\/www.apfelpatient.de\\\/#website\",\"url\":\"https:\\\/\\\/www.apfelpatient.de\\\/\",\"name\":\"Apfelpatient\",\"description\":\"Alles rund um Apple!\",\"publisher\":{\"@type\":\"Organization\",\"@id\":\"https:\\\/\\\/www.apfelpatient.de\\\/en\\\/#organization\",\"name\":\"Apfelpatient\",\"url\":\"https:\\\/\\\/www.apfelpatient.de\\\/en\\\/\"},\"alternateName\":\"Apfelpatient\",\"potentialAction\":[{\"@type\":\"SearchAction\",\"target\":{\"@type\":\"EntryPoint\",\"urlTemplate\":\"https:\\\/\\\/www.apfelpatient.de\\\/?s={search_term_string}\"},\"query-input\":{\"@type\":\"PropertyValueSpecification\",\"valueRequired\":true,\"valueName\":\"search_term_string\"}}],\"inLanguage\":\"en-US\"},{\"@type\":[\"Person\",\"Organization\"],\"@id\":\"https:\\\/\\\/www.apfelpatient.de\\\/#\\\/schema\\\/person\\\/7dc56ad6c8e9824b76d2c08d4c140e13\",\"name\":\"Milan\",\"logo\":{\"@id\":\"https:\\\/\\\/www.apfelpatient.de\\\/#\\\/schema\\\/person\\\/image\\\/\"},\"description\":\"Hallo und herzlich willkommen auf meinem Technik-Blog! Als gro\u00dfer Apple-Fan berichte ich hier \u00fcber alles, was mit Apple zu tun hat: von den neuesten News und spannenden Ger\u00fcchten \u00fcber hilfreiche Tipps und Tricks bis hin zu ausf\u00fchrlichen Produkttests. Wenn du genauso technikbegeistert bist wie ich, bist du hier genau richtig!\",\"sameAs\":[\"https:\\\/\\\/www.facebook.com\\\/apfelpatientOfficial\",\"https:\\\/\\\/www.linkedin.com\\\/in\\\/milan-jovicic-42aa0231b\"],\"url\":\"https:\\\/\\\/www.apfelpatient.de\\\/en\\\/author\\\/apfeladmin\"}]}<\/script>\n<!-- \/ Yoast SEO Premium plugin. -->","yoast_head_json":{"title":"New iMac Pro with Apple Silicon Chip Could Arrive Sooner","description":"A new iMac Pro with mini-LED backlighting and an Apple Silicon chip could be released in the summer, according to a display analyst.","robots":{"index":"index","follow":"follow","max-snippet":"max-snippet:-1","max-image-preview":"max-image-preview:large","max-video-preview":"max-video-preview:-1"},"canonical":"https:\/\/www.apfelpatient.de\/en\/rumors\/new-imac-pro-with-apple-silicon-chip-could-appear-sooner","og_locale":"en_US","og_type":"article","og_title":"Neuer iMac Pro mit Apple Silicon Chip k\u00f6nnte fr\u00fcher erscheinen","og_description":"Ein neuer iMac Pro mit MiniLED-Hintergrundbeleuchtung und einem Apple Silicon Chip k\u00f6nnte laut einem Display-Analysten im Sommer erscheinen.","og_url":"https:\/\/www.apfelpatient.de\/en\/rumors\/new-imac-pro-with-apple-silicon-chip-could-appear-sooner","og_site_name":"Apfelpatient","article_publisher":"https:\/\/www.facebook.com\/apfelpatientOfficial","article_author":"https:\/\/www.facebook.com\/apfelpatientOfficial","article_published_time":"2022-02-14T18:56:40+00:00","article_modified_time":"2022-02-14T18:56:41+00:00","og_image":[{"width":1600,"height":1200,"url":"https:\/\/www.apfelpatient.de\/wp-content\/uploads\/2022\/02\/bigstock-221494114.jpg","type":"image\/jpeg"}],"author":"Milan","twitter_card":"summary_large_image","twitter_description":"Ein neuer iMac Pro mit MiniLED-Hintergrundbeleuchtung und einem Apple Silicon Chip k\u00f6nnte laut einem Display-Analysten im Sommer erscheinen.","twitter_misc":{"Written by":"Milan","Est. reading time":"2 minutes"},"schema":{"@context":"https:\/\/schema.org","@graph":[{"@type":"NewsArticle","@id":"https:\/\/www.apfelpatient.de\/rumors\/neuer-imac-pro-mit-apple-silicon-chip-koennte-frueher-erscheinen#article","isPartOf":{"@id":"https:\/\/www.apfelpatient.de\/rumors\/neuer-imac-pro-mit-apple-silicon-chip-koennte-frueher-erscheinen"},"author":{"@type":"Organization","@id":"https:\/\/www.apfelpatient.de\/en\/#organization","name":"Apfelpatient","url":"https:\/\/www.apfelpatient.de\/en\/"},"headline":"Neuer iMac Pro mit Apple Silicon Chip k\u00f6nnte fr\u00fcher erscheinen","datePublished":"2022-02-14T18:56:40+00:00","dateModified":"2022-02-14T18:56:41+00:00","mainEntityOfPage":{"@id":"https:\/\/www.apfelpatient.de\/rumors\/neuer-imac-pro-mit-apple-silicon-chip-koennte-frueher-erscheinen"},"wordCount":289,"publisher":{"@type":"Organization","@id":"https:\/\/www.apfelpatient.de\/en\/#organization","name":"Apfelpatient","url":"https:\/\/www.apfelpatient.de\/en\/"},"image":{"@id":"https:\/\/www.apfelpatient.de\/rumors\/neuer-imac-pro-mit-apple-silicon-chip-koennte-frueher-erscheinen#primaryimage"},"thumbnailUrl":"https:\/\/www.apfelpatient.de\/wp-content\/uploads\/2022\/02\/bigstock-221494114.jpg","keywords":["Mac"],"articleSection":"Rumors","inLanguage":"en-US","copyrightYear":"2022","copyrightHolder":{"@id":"https:\/\/www.apfelpatient.de\/en\/#organization"}},{"@type":"WebPage","@id":"https:\/\/www.apfelpatient.de\/rumors\/neuer-imac-pro-mit-apple-silicon-chip-koennte-frueher-erscheinen","url":"https:\/\/www.apfelpatient.de\/rumors\/neuer-imac-pro-mit-apple-silicon-chip-koennte-frueher-erscheinen","name":"New iMac Pro with Apple Silicon Chip Could Arrive Sooner","isPartOf":{"@id":"https:\/\/www.apfelpatient.de\/#website"},"primaryImageOfPage":{"@id":"https:\/\/www.apfelpatient.de\/rumors\/neuer-imac-pro-mit-apple-silicon-chip-koennte-frueher-erscheinen#primaryimage"},"image":{"@id":"https:\/\/www.apfelpatient.de\/rumors\/neuer-imac-pro-mit-apple-silicon-chip-koennte-frueher-erscheinen#primaryimage"},"thumbnailUrl":"https:\/\/www.apfelpatient.de\/wp-content\/uploads\/2022\/02\/bigstock-221494114.jpg","datePublished":"2022-02-14T18:56:40+00:00","dateModified":"2022-02-14T18:56:41+00:00","description":"A new iMac Pro with mini-LED backlighting and an Apple Silicon chip could be released in the summer, according to a display analyst.","breadcrumb":{"@id":"https:\/\/www.apfelpatient.de\/rumors\/neuer-imac-pro-mit-apple-silicon-chip-koennte-frueher-erscheinen#breadcrumb"},"inLanguage":"en-US","potentialAction":[{"@type":"ReadAction","target":["https:\/\/www.apfelpatient.de\/rumors\/neuer-imac-pro-mit-apple-silicon-chip-koennte-frueher-erscheinen"]}]},{"@type":"ImageObject","inLanguage":"en-US","@id":"https:\/\/www.apfelpatient.de\/rumors\/neuer-imac-pro-mit-apple-silicon-chip-koennte-frueher-erscheinen#primaryimage","url":"https:\/\/www.apfelpatient.de\/wp-content\/uploads\/2022\/02\/bigstock-221494114.jpg","contentUrl":"https:\/\/www.apfelpatient.de\/wp-content\/uploads\/2022\/02\/bigstock-221494114.jpg","width":1600,"height":1200,"caption":"STRASBOURG, FRANCE - JAN 11, 2018: Detail of Apple logo on the new iMac Pro the all-in-one personal computer in Apple Computers Store. Apple claims the iMac Pro is the most powerful Mac"},{"@type":"BreadcrumbList","@id":"https:\/\/www.apfelpatient.de\/rumors\/neuer-imac-pro-mit-apple-silicon-chip-koennte-frueher-erscheinen#breadcrumb","itemListElement":[{"@type":"ListItem","position":1,"name":"Startseite","item":"https:\/\/www.apfelpatient.de\/"},{"@type":"ListItem","position":2,"name":"Neuer iMac Pro mit Apple Silicon Chip k\u00f6nnte fr\u00fcher erscheinen"}]},{"@type":"WebSite","@id":"https:\/\/www.apfelpatient.de\/#website","url":"https:\/\/www.apfelpatient.de\/","name":"apple patient","description":"Everything about Apple!","publisher":{"@type":"Organization","@id":"https:\/\/www.apfelpatient.de\/en\/#organization","name":"Apfelpatient","url":"https:\/\/www.apfelpatient.de\/en\/"},"alternateName":"Apfelpatient","potentialAction":[{"@type":"SearchAction","target":{"@type":"EntryPoint","urlTemplate":"https:\/\/www.apfelpatient.de\/?s={search_term_string}"},"query-input":{"@type":"PropertyValueSpecification","valueRequired":true,"valueName":"search_term_string"}}],"inLanguage":"en-US"},{"@type":["Person","Organization"],"@id":"https:\/\/www.apfelpatient.de\/#\/schema\/person\/7dc56ad6c8e9824b76d2c08d4c140e13","name":"Milan","logo":{"@id":"https:\/\/www.apfelpatient.de\/#\/schema\/person\/image\/"},"description":"Hello and welcome to my technology blog! As a big Apple fan, I report on everything to do with Apple: from the latest news and exciting rumors to helpful tips and tricks and detailed product tests. If you are as enthusiastic about technology as I am, you have come to the right place!","sameAs":["https:\/\/www.facebook.com\/apfelpatientOfficial","https:\/\/www.linkedin.com\/in\/milan-jovicic-42aa0231b"],"url":"https:\/\/www.apfelpatient.de\/en\/author\/apfeladmin"}]}},"_links":{"self":[{"href":"https:\/\/www.apfelpatient.de\/en\/wp-json\/wp\/v2\/posts\/30122","targetHints":{"allow":["GET"]}}],"collection":[{"href":"https:\/\/www.apfelpatient.de\/en\/wp-json\/wp\/v2\/posts"}],"about":[{"href":"https:\/\/www.apfelpatient.de\/en\/wp-json\/wp\/v2\/types\/post"}],"author":[{"embeddable":true,"href":"https:\/\/www.apfelpatient.de\/en\/wp-json\/wp\/v2\/users\/2"}],"replies":[{"embeddable":true,"href":"https:\/\/www.apfelpatient.de\/en\/wp-json\/wp\/v2\/comments?post=30122"}],"version-history":[{"count":0,"href":"https:\/\/www.apfelpatient.de\/en\/wp-json\/wp\/v2\/posts\/30122\/revisions"}],"wp:featuredmedia":[{"embeddable":true,"href":"https:\/\/www.apfelpatient.de\/en\/wp-json\/wp\/v2\/media\/30124"}],"wp:attachment":[{"href":"https:\/\/www.apfelpatient.de\/en\/wp-json\/wp\/v2\/media?parent=30122"}],"wp:term":[{"taxonomy":"category","embeddable":true,"href":"https:\/\/www.apfelpatient.de\/en\/wp-json\/wp\/v2\/categories?post=30122"},{"taxonomy":"post_tag","embeddable":true,"href":"https:\/\/www.apfelpatient.de\/en\/wp-json\/wp\/v2\/tags?post=30122"}],"curies":[{"name":"wp","href":"https:\/\/api.w.org\/{rel}","templated":true}]}}