{"id":30118,"date":"2022-02-14T16:20:49","date_gmt":"2022-02-14T15:20:49","guid":{"rendered":"https:\/\/www.apfelpatient.de\/?p=30118"},"modified":"2022-02-14T16:20:50","modified_gmt":"2022-02-14T15:20:50","slug":"apple-registers-three-new-macs-in-eec-database","status":"publish","type":"post","link":"https:\/\/www.apfelpatient.de\/en\/news\/apple-registriert-drei-neue-macs-in-eec-datenbank","title":{"rendered":"Apple registers three new Macs in EEC database"},"content":{"rendered":"<p class=\"has-drop-cap\"><strong>Ahead of its expected March launch, Apple has registered three Macs, including at least one MacBook, in the Eurasian Economic Commission&#039;s regulatory database.<\/strong><\/p>\n\n\n\n<p>Devices must be registered in the database before they can be sold in that territory, but it is common for listings to appear a few weeks before launch, so this entry seems to confirm expectations for March. The EEC database (<a href=\"https:\/\/consomac.fr\/news-15943-apple-enregistre-trois-nouveaux-macs.html\" target=\"_blank\" rel=\"noreferrer noopener\">via<\/a> Consomac) contains two separate entries that include a total of three Apple devices:<\/p>\n\n\n\n<h3 class=\"wp-block-heading\" id=\"h-apple-event-im-marz\">Apple event in March?<\/h3>\n\n\n\n\n\n\n\n<ul class=\"wp-block-list\"><li>Apple Personal Computer A2615, A2686 (software version macOS 12) and their spare parts<\/li><li>Apple Portable A2681 (macOS 12 software version) and its parts<\/li><\/ul>\n\n\n\n<p>As is usual with the EEC database, there are no further details other than the statement that the entries come from Apple. Originally, it was claimed that an Apple event would take place on March 8th. A new iPhone SE and the iPad Air 5 are expected at this event, among other things. At the same time, there was also speculation about whether Apple would unveil new Mac devices. So the whole thing should certainly remain exciting. (Photo by Unsplash \/ Sergey Zolkin)<\/p>\n\n\n\n<ul class=\"wp-block-list\"><li><a href=\"https:\/\/www.apfelpatient.de\/en\/rumors\/what-happened-to-face-id-in-the-mac\">What happened to Face ID on the Mac?<\/a><\/li><\/ul>\n\n\n\n<h6 class=\"wp-block-heading translation-block\" id=\"h-kennt-ihr-schon-unsere-amazon-storefront-dort-findet-ihr-eine-handverlesene-auswahl-von-diversen-produkten-f-r-euer-iphone-und-co-viel-spa-beim-st-bern\"><em>Have you already visited our Amazon Storefront? There you&#039;ll find a hand-picked selection of various products for your iPhone and other devices \u2013 <span class=\"has-inline-color has-vivid-red-color\"><a href=\"https:\/\/www.amazon.de\/shop\/apfelpatientofficial\" class=\"ek-link\" data-wpel-link=\"exclude\" rel=\"follow noopener\" target=\"_self\"><span style=\"text-decoration: underline\" class=\"ek-underline\">enjoy browsing<\/span><\/a> !<\/span><\/em><\/h6>\n\n\n\n<h6 class=\"wp-block-heading translation-block\" id=\"h-der-beitrag-enthalt-partnerlinks\">This post contains <a data-type=\"URL\" data-id=\"https:\/\/www.apfelpatient.de\/partnerprogramm\" href=\"https:\/\/www.apfelpatient.de\/en\/partner-program\" data-wpel-link=\"internal\" target=\"_self\">affiliate links<\/a>.<\/h6>","protected":false},"excerpt":{"rendered":"<p>In advance of its expected March launch, Apple has registered three Macs in the EEC regulatory database.<\/p>","protected":false},"author":2,"featured_media":30117,"comment_status":"closed","ping_status":"closed","sticky":false,"template":"","format":"standard","meta":{"jnews-multi-image_gallery":[],"jnews_single_post":{"subtitle":"","format":"standard","video":"","gallery":"","source_name":"","source_url":"","via_name":"","via_url":"","override":[{"single_blog_custom":"","sidebar":"","second_sidebar":"","share_position":"","share_float_style":"","post_date_format":"","post_date_format_custom":"","post_reading_time_wpm":"","zoom_button_out_step":"1","zoom_button_in_step":"1","number_popup_post":"1"}],"image_override":[{"single_post_thumbnail_size":"","single_post_gallery_size":""}],"trending_post_position":"","trending_post_label":"","sponsored_post_label":"","sponsored_post_name":"","sponsored_post_url":"","sponsored_post_logo":"","sponsored_post_desc":""},"jnews_primary_category":{"id":"9"},"footnotes":""},"categories":[9],"tags":[40],"class_list":["post-30118","post","type-post","status-publish","format-standard","has-post-thumbnail","hentry","category-news","tag-mac"],"yoast_head":"<!-- This site is optimized with the Yoast SEO Premium plugin v27.5 (Yoast SEO v27.5) - https:\/\/yoast.com\/product\/yoast-seo-premium-wordpress\/ -->\n<title>Apple registriert drei neue Macs in EEC-Datenbank Apfelpatient<\/title>\n<meta name=\"description\" content=\"Im Vorfeld der f\u00fcr M\u00e4rz erwarteten Markteinf\u00fchrung hat Apple drei Macs in der regulatorischen EEC-Datenbank registriert.\" \/>\n<meta name=\"robots\" content=\"index, follow, max-snippet:-1, max-image-preview:large, max-video-preview:-1\" \/>\n<link rel=\"canonical\" href=\"https:\/\/www.apfelpatient.de\/en\/news\/apple-registers-three-new-macs-in-eec-database\" \/>\n<meta property=\"og:locale\" content=\"en_US\" \/>\n<meta property=\"og:type\" content=\"article\" \/>\n<meta property=\"og:title\" content=\"Apple registriert drei neue Macs in EEC-Datenbank\" \/>\n<meta property=\"og:description\" content=\"Im Vorfeld der f\u00fcr M\u00e4rz erwarteten Markteinf\u00fchrung hat Apple drei Macs in der regulatorischen EEC-Datenbank registriert.\" \/>\n<meta property=\"og:url\" content=\"https:\/\/www.apfelpatient.de\/en\/news\/apple-registers-three-new-macs-in-eec-database\" \/>\n<meta property=\"og:site_name\" content=\"Apfelpatient\" \/>\n<meta property=\"article:publisher\" content=\"https:\/\/www.facebook.com\/apfelpatientOfficial\" \/>\n<meta property=\"article:author\" content=\"https:\/\/www.facebook.com\/apfelpatientOfficial\" \/>\n<meta property=\"article:published_time\" content=\"2022-02-14T15:20:49+00:00\" \/>\n<meta property=\"article:modified_time\" content=\"2022-02-14T15:20:50+00:00\" \/>\n<meta property=\"og:image\" content=\"https:\/\/www.apfelpatient.de\/wp-content\/uploads\/2022\/02\/sergey-zolkin-_UeY8aTI6d0-unsplash.jpg\" \/>\n\t<meta property=\"og:image:width\" content=\"1600\" \/>\n\t<meta property=\"og:image:height\" content=\"1067\" \/>\n\t<meta property=\"og:image:type\" content=\"image\/jpeg\" \/>\n<meta name=\"author\" content=\"Milan\" \/>\n<meta name=\"twitter:card\" content=\"summary_large_image\" \/>\n<meta name=\"twitter:description\" content=\"Im Vorfeld der f\u00fcr M\u00e4rz erwarteten Markteinf\u00fchrung hat Apple drei Macs in der regulatorischen EEC-Datenbank registriert.\" \/>\n<meta name=\"twitter:label1\" content=\"Written by\" \/>\n\t<meta name=\"twitter:data1\" content=\"Milan\" \/>\n\t<meta name=\"twitter:label2\" content=\"Est. reading time\" \/>\n\t<meta name=\"twitter:data2\" content=\"2 minutes\" \/>\n<script type=\"application\/ld+json\" class=\"yoast-schema-graph\">{\"@context\":\"https:\\\/\\\/schema.org\",\"@graph\":[{\"@type\":\"NewsArticle\",\"@id\":\"https:\\\/\\\/www.apfelpatient.de\\\/news\\\/apple-registriert-drei-neue-macs-in-eec-datenbank#article\",\"isPartOf\":{\"@id\":\"https:\\\/\\\/www.apfelpatient.de\\\/news\\\/apple-registriert-drei-neue-macs-in-eec-datenbank\"},\"author\":{\"@type\":\"Organization\",\"@id\":\"https:\\\/\\\/www.apfelpatient.de\\\/en\\\/#organization\",\"name\":\"Apfelpatient\",\"url\":\"https:\\\/\\\/www.apfelpatient.de\\\/en\\\/\"},\"headline\":\"Apple registriert drei neue Macs in EEC-Datenbank\",\"datePublished\":\"2022-02-14T15:20:49+00:00\",\"dateModified\":\"2022-02-14T15:20:50+00:00\",\"mainEntityOfPage\":{\"@id\":\"https:\\\/\\\/www.apfelpatient.de\\\/news\\\/apple-registriert-drei-neue-macs-in-eec-datenbank\"},\"wordCount\":209,\"publisher\":{\"@type\":\"Organization\",\"@id\":\"https:\\\/\\\/www.apfelpatient.de\\\/en\\\/#organization\",\"name\":\"Apfelpatient\",\"url\":\"https:\\\/\\\/www.apfelpatient.de\\\/en\\\/\"},\"image\":{\"@id\":\"https:\\\/\\\/www.apfelpatient.de\\\/news\\\/apple-registriert-drei-neue-macs-in-eec-datenbank#primaryimage\"},\"thumbnailUrl\":\"https:\\\/\\\/www.apfelpatient.de\\\/wp-content\\\/uploads\\\/2022\\\/02\\\/sergey-zolkin-_UeY8aTI6d0-unsplash.jpg\",\"keywords\":[\"Mac\"],\"articleSection\":\"News\",\"inLanguage\":\"en-US\",\"copyrightYear\":\"2022\",\"copyrightHolder\":{\"@id\":\"https:\\\/\\\/www.apfelpatient.de\\\/en\\\/#organization\"}},{\"@type\":\"WebPage\",\"@id\":\"https:\\\/\\\/www.apfelpatient.de\\\/news\\\/apple-registriert-drei-neue-macs-in-eec-datenbank\",\"url\":\"https:\\\/\\\/www.apfelpatient.de\\\/news\\\/apple-registriert-drei-neue-macs-in-eec-datenbank\",\"name\":\"Apple registriert drei neue Macs in EEC-Datenbank Apfelpatient\",\"isPartOf\":{\"@id\":\"https:\\\/\\\/www.apfelpatient.de\\\/#website\"},\"primaryImageOfPage\":{\"@id\":\"https:\\\/\\\/www.apfelpatient.de\\\/news\\\/apple-registriert-drei-neue-macs-in-eec-datenbank#primaryimage\"},\"image\":{\"@id\":\"https:\\\/\\\/www.apfelpatient.de\\\/news\\\/apple-registriert-drei-neue-macs-in-eec-datenbank#primaryimage\"},\"thumbnailUrl\":\"https:\\\/\\\/www.apfelpatient.de\\\/wp-content\\\/uploads\\\/2022\\\/02\\\/sergey-zolkin-_UeY8aTI6d0-unsplash.jpg\",\"datePublished\":\"2022-02-14T15:20:49+00:00\",\"dateModified\":\"2022-02-14T15:20:50+00:00\",\"description\":\"Im Vorfeld der f\u00fcr M\u00e4rz erwarteten Markteinf\u00fchrung hat Apple drei Macs in der regulatorischen EEC-Datenbank registriert.\",\"breadcrumb\":{\"@id\":\"https:\\\/\\\/www.apfelpatient.de\\\/news\\\/apple-registriert-drei-neue-macs-in-eec-datenbank#breadcrumb\"},\"inLanguage\":\"en-US\",\"potentialAction\":[{\"@type\":\"ReadAction\",\"target\":[\"https:\\\/\\\/www.apfelpatient.de\\\/news\\\/apple-registriert-drei-neue-macs-in-eec-datenbank\"]}]},{\"@type\":\"ImageObject\",\"inLanguage\":\"en-US\",\"@id\":\"https:\\\/\\\/www.apfelpatient.de\\\/news\\\/apple-registriert-drei-neue-macs-in-eec-datenbank#primaryimage\",\"url\":\"https:\\\/\\\/www.apfelpatient.de\\\/wp-content\\\/uploads\\\/2022\\\/02\\\/sergey-zolkin-_UeY8aTI6d0-unsplash.jpg\",\"contentUrl\":\"https:\\\/\\\/www.apfelpatient.de\\\/wp-content\\\/uploads\\\/2022\\\/02\\\/sergey-zolkin-_UeY8aTI6d0-unsplash.jpg\",\"width\":1600,\"height\":1067,\"caption\":\"Photo by Unsplash \\\/ Sergey Zolkin\"},{\"@type\":\"BreadcrumbList\",\"@id\":\"https:\\\/\\\/www.apfelpatient.de\\\/news\\\/apple-registriert-drei-neue-macs-in-eec-datenbank#breadcrumb\",\"itemListElement\":[{\"@type\":\"ListItem\",\"position\":1,\"name\":\"Startseite\",\"item\":\"https:\\\/\\\/www.apfelpatient.de\\\/\"},{\"@type\":\"ListItem\",\"position\":2,\"name\":\"Apple registriert drei neue Macs in EEC-Datenbank\"}]},{\"@type\":\"WebSite\",\"@id\":\"https:\\\/\\\/www.apfelpatient.de\\\/#website\",\"url\":\"https:\\\/\\\/www.apfelpatient.de\\\/\",\"name\":\"Apfelpatient\",\"description\":\"Alles rund um Apple!\",\"publisher\":{\"@type\":\"Organization\",\"@id\":\"https:\\\/\\\/www.apfelpatient.de\\\/en\\\/#organization\",\"name\":\"Apfelpatient\",\"url\":\"https:\\\/\\\/www.apfelpatient.de\\\/en\\\/\"},\"alternateName\":\"Apfelpatient\",\"potentialAction\":[{\"@type\":\"SearchAction\",\"target\":{\"@type\":\"EntryPoint\",\"urlTemplate\":\"https:\\\/\\\/www.apfelpatient.de\\\/?s={search_term_string}\"},\"query-input\":{\"@type\":\"PropertyValueSpecification\",\"valueRequired\":true,\"valueName\":\"search_term_string\"}}],\"inLanguage\":\"en-US\"},{\"@type\":[\"Person\",\"Organization\"],\"@id\":\"https:\\\/\\\/www.apfelpatient.de\\\/#\\\/schema\\\/person\\\/7dc56ad6c8e9824b76d2c08d4c140e13\",\"name\":\"Milan\",\"logo\":{\"@id\":\"https:\\\/\\\/www.apfelpatient.de\\\/#\\\/schema\\\/person\\\/image\\\/\"},\"description\":\"Hallo und herzlich willkommen auf meinem Technik-Blog! Als gro\u00dfer Apple-Fan berichte ich hier \u00fcber alles, was mit Apple zu tun hat: von den neuesten News und spannenden Ger\u00fcchten \u00fcber hilfreiche Tipps und Tricks bis hin zu ausf\u00fchrlichen Produkttests. Wenn du genauso technikbegeistert bist wie ich, bist du hier genau richtig!\",\"sameAs\":[\"https:\\\/\\\/www.facebook.com\\\/apfelpatientOfficial\",\"https:\\\/\\\/www.linkedin.com\\\/in\\\/milan-jovicic-42aa0231b\"],\"url\":\"https:\\\/\\\/www.apfelpatient.de\\\/en\\\/author\\\/apfeladmin\"}]}<\/script>\n<!-- \/ Yoast SEO Premium plugin. -->","yoast_head_json":{"title":"Apple registers three new Macs in EEC database Apfelpatient","description":"In advance of its expected March launch, Apple has registered three Macs in the EEC regulatory database.","robots":{"index":"index","follow":"follow","max-snippet":"max-snippet:-1","max-image-preview":"max-image-preview:large","max-video-preview":"max-video-preview:-1"},"canonical":"https:\/\/www.apfelpatient.de\/en\/news\/apple-registers-three-new-macs-in-eec-database","og_locale":"en_US","og_type":"article","og_title":"Apple registriert drei neue Macs in EEC-Datenbank","og_description":"Im Vorfeld der f\u00fcr M\u00e4rz erwarteten Markteinf\u00fchrung hat Apple drei Macs in der regulatorischen EEC-Datenbank registriert.","og_url":"https:\/\/www.apfelpatient.de\/en\/news\/apple-registers-three-new-macs-in-eec-database","og_site_name":"Apfelpatient","article_publisher":"https:\/\/www.facebook.com\/apfelpatientOfficial","article_author":"https:\/\/www.facebook.com\/apfelpatientOfficial","article_published_time":"2022-02-14T15:20:49+00:00","article_modified_time":"2022-02-14T15:20:50+00:00","og_image":[{"width":1600,"height":1067,"url":"https:\/\/www.apfelpatient.de\/wp-content\/uploads\/2022\/02\/sergey-zolkin-_UeY8aTI6d0-unsplash.jpg","type":"image\/jpeg"}],"author":"Milan","twitter_card":"summary_large_image","twitter_description":"Im Vorfeld der f\u00fcr M\u00e4rz erwarteten Markteinf\u00fchrung hat Apple drei Macs in der regulatorischen EEC-Datenbank registriert.","twitter_misc":{"Written by":"Milan","Est. reading time":"2 minutes"},"schema":{"@context":"https:\/\/schema.org","@graph":[{"@type":"NewsArticle","@id":"https:\/\/www.apfelpatient.de\/news\/apple-registriert-drei-neue-macs-in-eec-datenbank#article","isPartOf":{"@id":"https:\/\/www.apfelpatient.de\/news\/apple-registriert-drei-neue-macs-in-eec-datenbank"},"author":{"@type":"Organization","@id":"https:\/\/www.apfelpatient.de\/en\/#organization","name":"Apfelpatient","url":"https:\/\/www.apfelpatient.de\/en\/"},"headline":"Apple registriert drei neue Macs in EEC-Datenbank","datePublished":"2022-02-14T15:20:49+00:00","dateModified":"2022-02-14T15:20:50+00:00","mainEntityOfPage":{"@id":"https:\/\/www.apfelpatient.de\/news\/apple-registriert-drei-neue-macs-in-eec-datenbank"},"wordCount":209,"publisher":{"@type":"Organization","@id":"https:\/\/www.apfelpatient.de\/en\/#organization","name":"Apfelpatient","url":"https:\/\/www.apfelpatient.de\/en\/"},"image":{"@id":"https:\/\/www.apfelpatient.de\/news\/apple-registriert-drei-neue-macs-in-eec-datenbank#primaryimage"},"thumbnailUrl":"https:\/\/www.apfelpatient.de\/wp-content\/uploads\/2022\/02\/sergey-zolkin-_UeY8aTI6d0-unsplash.jpg","keywords":["Mac"],"articleSection":"News","inLanguage":"en-US","copyrightYear":"2022","copyrightHolder":{"@id":"https:\/\/www.apfelpatient.de\/en\/#organization"}},{"@type":"WebPage","@id":"https:\/\/www.apfelpatient.de\/news\/apple-registriert-drei-neue-macs-in-eec-datenbank","url":"https:\/\/www.apfelpatient.de\/news\/apple-registriert-drei-neue-macs-in-eec-datenbank","name":"Apple registers three new Macs in EEC database Apfelpatient","isPartOf":{"@id":"https:\/\/www.apfelpatient.de\/#website"},"primaryImageOfPage":{"@id":"https:\/\/www.apfelpatient.de\/news\/apple-registriert-drei-neue-macs-in-eec-datenbank#primaryimage"},"image":{"@id":"https:\/\/www.apfelpatient.de\/news\/apple-registriert-drei-neue-macs-in-eec-datenbank#primaryimage"},"thumbnailUrl":"https:\/\/www.apfelpatient.de\/wp-content\/uploads\/2022\/02\/sergey-zolkin-_UeY8aTI6d0-unsplash.jpg","datePublished":"2022-02-14T15:20:49+00:00","dateModified":"2022-02-14T15:20:50+00:00","description":"In advance of its expected March launch, Apple has registered three Macs in the EEC regulatory database.","breadcrumb":{"@id":"https:\/\/www.apfelpatient.de\/news\/apple-registriert-drei-neue-macs-in-eec-datenbank#breadcrumb"},"inLanguage":"en-US","potentialAction":[{"@type":"ReadAction","target":["https:\/\/www.apfelpatient.de\/news\/apple-registriert-drei-neue-macs-in-eec-datenbank"]}]},{"@type":"ImageObject","inLanguage":"en-US","@id":"https:\/\/www.apfelpatient.de\/news\/apple-registriert-drei-neue-macs-in-eec-datenbank#primaryimage","url":"https:\/\/www.apfelpatient.de\/wp-content\/uploads\/2022\/02\/sergey-zolkin-_UeY8aTI6d0-unsplash.jpg","contentUrl":"https:\/\/www.apfelpatient.de\/wp-content\/uploads\/2022\/02\/sergey-zolkin-_UeY8aTI6d0-unsplash.jpg","width":1600,"height":1067,"caption":"Photo by Unsplash \/ Sergey Zolkin"},{"@type":"BreadcrumbList","@id":"https:\/\/www.apfelpatient.de\/news\/apple-registriert-drei-neue-macs-in-eec-datenbank#breadcrumb","itemListElement":[{"@type":"ListItem","position":1,"name":"Startseite","item":"https:\/\/www.apfelpatient.de\/"},{"@type":"ListItem","position":2,"name":"Apple registriert drei neue Macs in EEC-Datenbank"}]},{"@type":"WebSite","@id":"https:\/\/www.apfelpatient.de\/#website","url":"https:\/\/www.apfelpatient.de\/","name":"apple patient","description":"Everything about Apple!","publisher":{"@type":"Organization","@id":"https:\/\/www.apfelpatient.de\/en\/#organization","name":"Apfelpatient","url":"https:\/\/www.apfelpatient.de\/en\/"},"alternateName":"Apfelpatient","potentialAction":[{"@type":"SearchAction","target":{"@type":"EntryPoint","urlTemplate":"https:\/\/www.apfelpatient.de\/?s={search_term_string}"},"query-input":{"@type":"PropertyValueSpecification","valueRequired":true,"valueName":"search_term_string"}}],"inLanguage":"en-US"},{"@type":["Person","Organization"],"@id":"https:\/\/www.apfelpatient.de\/#\/schema\/person\/7dc56ad6c8e9824b76d2c08d4c140e13","name":"Milan","logo":{"@id":"https:\/\/www.apfelpatient.de\/#\/schema\/person\/image\/"},"description":"Hello and welcome to my technology blog! As a big Apple fan, I report on everything to do with Apple: from the latest news and exciting rumors to helpful tips and tricks and detailed product tests. If you are as enthusiastic about technology as I am, you have come to the right place!","sameAs":["https:\/\/www.facebook.com\/apfelpatientOfficial","https:\/\/www.linkedin.com\/in\/milan-jovicic-42aa0231b"],"url":"https:\/\/www.apfelpatient.de\/en\/author\/apfeladmin"}]}},"_links":{"self":[{"href":"https:\/\/www.apfelpatient.de\/en\/wp-json\/wp\/v2\/posts\/30118","targetHints":{"allow":["GET"]}}],"collection":[{"href":"https:\/\/www.apfelpatient.de\/en\/wp-json\/wp\/v2\/posts"}],"about":[{"href":"https:\/\/www.apfelpatient.de\/en\/wp-json\/wp\/v2\/types\/post"}],"author":[{"embeddable":true,"href":"https:\/\/www.apfelpatient.de\/en\/wp-json\/wp\/v2\/users\/2"}],"replies":[{"embeddable":true,"href":"https:\/\/www.apfelpatient.de\/en\/wp-json\/wp\/v2\/comments?post=30118"}],"version-history":[{"count":0,"href":"https:\/\/www.apfelpatient.de\/en\/wp-json\/wp\/v2\/posts\/30118\/revisions"}],"wp:featuredmedia":[{"embeddable":true,"href":"https:\/\/www.apfelpatient.de\/en\/wp-json\/wp\/v2\/media\/30117"}],"wp:attachment":[{"href":"https:\/\/www.apfelpatient.de\/en\/wp-json\/wp\/v2\/media?parent=30118"}],"wp:term":[{"taxonomy":"category","embeddable":true,"href":"https:\/\/www.apfelpatient.de\/en\/wp-json\/wp\/v2\/categories?post=30118"},{"taxonomy":"post_tag","embeddable":true,"href":"https:\/\/www.apfelpatient.de\/en\/wp-json\/wp\/v2\/tags?post=30118"}],"curies":[{"name":"wp","href":"https:\/\/api.w.org\/{rel}","templated":true}]}}