{"id":29941,"date":"2022-02-01T21:45:00","date_gmt":"2022-02-01T20:45:00","guid":{"rendered":"https:\/\/www.apfelpatient.de\/?p=29941"},"modified":"2022-02-01T22:38:36","modified_gmt":"2022-02-01T21:38:36","slug":"airpods-pro-and-airpods-3-the-audio-quality-has-been-improved","status":"publish","type":"post","link":"https:\/\/www.apfelpatient.de\/en\/news\/airpods-pro-und-airpods-3-wurde-die-audioqualitaet-verbessert","title":{"rendered":"AirPods Pro and AirPods 3: Has the audio quality improved?"},"content":{"rendered":"<p class=\"has-drop-cap\"><strong>Apple&#039;s AirPods Pro received an improvement in voice audio quality in 2021 when the third generation of AirPods went on sale, it is now claimed.<\/strong><\/p>\n\n\n\n<p>Hidden in the AirPods 3 announcement is a sentence that says the new Bluetooth headphones support AAC-ELD, a &quot;superior voice codec that offers full HD voice quality.&quot; According to a developer, this codec update is also available for the AirPods Pro. AAC-ELD, or Advanced Audio Codec-Enhanced Low Delay, is a variant of the AAC standard used on most streaming services. However, it also offers better audio quality and lower latency for spoken communication, wrote developer Marco Pfeiffer in a Medium post. Although Apple said the AirPods 3 will get the AAC-ELD codec, Pfeiffer could not <a href=\"https:\/\/medium.marco.zone\/apple-implemented-the-biggest-improvement-to-bluetooth-audio-since-2009-2079abc607af\" target=\"_blank\" rel=\"noreferrer noopener\">confirm<\/a>that the company has also added the new Bluetooth profile to the AirPods Pro.<\/p>\n\n\n\n<h3 class=\"wp-block-heading\" id=\"h-airpods-pro-unterstutzen-das-neue-profil\">AirPods Pro support the new profile<\/h3>\n\n\n\n\n\n\n\n<p>The result should be improved audio quality when users receive a call, as AirPods automatically switch to a two-way profile when they receive a call, which typically results in poorer audio quality. It&#039;s also possible that the AAC-ELD codec was added in older AirPods models, but Pfeiffer could only confirm that the profile is supported by AirPods Pro. Pfeiffer noted that while the new profile is an improvement, it is not perfect. Bluetooth data rate limitations still cause problems when using a two-way audio profile. (Photo by yurchello108 \/ Bigstockphoto)<\/p>\n\n\n\n<ul class=\"wp-block-list\"><li><a href=\"https:\/\/www.apfelpatient.de\/en\/tips-tricks\/airpods-pro-conversation-amplifier-turn-on-how-to-do-it\">AirPods Pro: How to turn on the conversation amplifier<\/a><\/li><\/ul>\n\n\n\n<h6 class=\"wp-block-heading translation-block\" id=\"h-kennt-ihr-schon-unsere-amazon-storefront-dort-findet-ihr-eine-handverlesene-auswahl-von-diversen-produkten-f-r-euer-iphone-und-co-viel-spa-beim-st-bern\"><em>Have you already visited our Amazon Storefront? There you&#039;ll find a hand-picked selection of various products for your iPhone and other devices \u2013 <span class=\"has-inline-color has-vivid-red-color\"><a href=\"https:\/\/www.amazon.de\/shop\/apfelpatientofficial\" class=\"ek-link\" data-wpel-link=\"exclude\" rel=\"follow noopener\" target=\"_self\"><span style=\"text-decoration: underline\" class=\"ek-underline\">enjoy browsing<\/span><\/a> !<\/span><\/em><\/h6>\n\n\n\n<h6 class=\"wp-block-heading translation-block\" id=\"h-der-beitrag-enthalt-partnerlinks\">This post contains <a data-type=\"URL\" data-id=\"https:\/\/www.apfelpatient.de\/partnerprogramm\" href=\"https:\/\/www.apfelpatient.de\/en\/partner-program\" data-wpel-link=\"internal\" target=\"_self\">affiliate links<\/a>.<\/h6>","protected":false},"excerpt":{"rendered":"<p>Apple&#039;s AirPods Pro received an improvement in voice audio quality in 2021 when the third generation of AirPods went on sale.<\/p>","protected":false},"author":2,"featured_media":29940,"comment_status":"closed","ping_status":"closed","sticky":false,"template":"","format":"standard","meta":{"jnews-multi-image_gallery":[],"jnews_single_post":{"subtitle":"","format":"standard","video":"","gallery":"","source_name":"","source_url":"","via_name":"","via_url":"","override":[{"single_blog_custom":"","sidebar":"","second_sidebar":"","share_position":"","share_float_style":"","post_date_format":"","post_date_format_custom":"","post_reading_time_wpm":"","zoom_button_out_step":"1","zoom_button_in_step":"1","number_popup_post":"1"}],"image_override":[{"single_post_thumbnail_size":"","single_post_gallery_size":""}],"trending_post_position":"","trending_post_label":"","sponsored_post_label":"","sponsored_post_name":"","sponsored_post_url":"","sponsored_post_logo":"","sponsored_post_desc":""},"jnews_primary_category":{"id":"9"},"footnotes":""},"categories":[9],"tags":[28],"class_list":["post-29941","post","type-post","status-publish","format-standard","has-post-thumbnail","hentry","category-news","tag-airpods"],"yoast_head":"<!-- This site is optimized with the Yoast SEO Premium plugin v27.5 (Yoast SEO v27.5) - https:\/\/yoast.com\/product\/yoast-seo-premium-wordpress\/ -->\n<title>AirPods Pro und AirPods 3: Wurde die Audioqualit\u00e4t verbessert?<\/title>\n<meta name=\"description\" content=\"Apples AirPods Pro erhielten 2021 eine Verbesserung der Sprach-Audioqualit\u00e4t, als die dritte Generation der AirPods in den Verkauf ging.\" \/>\n<meta name=\"robots\" content=\"index, follow, max-snippet:-1, max-image-preview:large, max-video-preview:-1\" \/>\n<link rel=\"canonical\" href=\"https:\/\/www.apfelpatient.de\/en\/news\/airpods-pro-and-airpods-3-the-audio-quality-has-been-improved\" \/>\n<meta property=\"og:locale\" content=\"en_US\" \/>\n<meta property=\"og:type\" content=\"article\" \/>\n<meta property=\"og:title\" content=\"AirPods Pro und AirPods 3: Wurde die Audioqualit\u00e4t verbessert?\" \/>\n<meta property=\"og:description\" content=\"Apples AirPods Pro erhielten 2021 eine Verbesserung der Sprach-Audioqualit\u00e4t, als die dritte Generation der AirPods in den Verkauf ging.\" \/>\n<meta property=\"og:url\" content=\"https:\/\/www.apfelpatient.de\/en\/news\/airpods-pro-and-airpods-3-the-audio-quality-has-been-improved\" \/>\n<meta property=\"og:site_name\" content=\"Apfelpatient\" \/>\n<meta property=\"article:publisher\" content=\"https:\/\/www.facebook.com\/apfelpatientOfficial\" \/>\n<meta property=\"article:author\" content=\"https:\/\/www.facebook.com\/apfelpatientOfficial\" \/>\n<meta property=\"article:published_time\" content=\"2022-02-01T20:45:00+00:00\" \/>\n<meta property=\"article:modified_time\" content=\"2022-02-01T21:38:36+00:00\" \/>\n<meta property=\"og:image\" content=\"https:\/\/www.apfelpatient.de\/wp-content\/uploads\/2022\/02\/bigstock-Moscow-Russia-September-432511610.jpg\" \/>\n\t<meta property=\"og:image:width\" content=\"1600\" \/>\n\t<meta property=\"og:image:height\" content=\"1081\" \/>\n\t<meta property=\"og:image:type\" content=\"image\/jpeg\" \/>\n<meta name=\"author\" content=\"Milan\" \/>\n<meta name=\"twitter:card\" content=\"summary_large_image\" \/>\n<meta name=\"twitter:description\" content=\"Apples AirPods Pro erhielten 2021 eine Verbesserung der Sprach-Audioqualit\u00e4t, als die dritte Generation der AirPods in den Verkauf ging.\" \/>\n<meta name=\"twitter:label1\" content=\"Written by\" \/>\n\t<meta name=\"twitter:data1\" content=\"Milan\" \/>\n\t<meta name=\"twitter:label2\" content=\"Est. reading time\" \/>\n\t<meta name=\"twitter:data2\" content=\"2 minutes\" \/>\n<script type=\"application\/ld+json\" class=\"yoast-schema-graph\">{\"@context\":\"https:\\\/\\\/schema.org\",\"@graph\":[{\"@type\":\"NewsArticle\",\"@id\":\"https:\\\/\\\/www.apfelpatient.de\\\/news\\\/airpods-pro-und-airpods-3-wurde-die-audioqualitaet-verbessert#article\",\"isPartOf\":{\"@id\":\"https:\\\/\\\/www.apfelpatient.de\\\/news\\\/airpods-pro-und-airpods-3-wurde-die-audioqualitaet-verbessert\"},\"author\":{\"@type\":\"Organization\",\"@id\":\"https:\\\/\\\/www.apfelpatient.de\\\/en\\\/#organization\",\"name\":\"Apfelpatient\",\"url\":\"https:\\\/\\\/www.apfelpatient.de\\\/en\\\/\"},\"headline\":\"AirPods Pro und AirPods 3: Wurde die Audioqualit\u00e4t verbessert?\",\"datePublished\":\"2022-02-01T20:45:00+00:00\",\"dateModified\":\"2022-02-01T21:38:36+00:00\",\"mainEntityOfPage\":{\"@id\":\"https:\\\/\\\/www.apfelpatient.de\\\/news\\\/airpods-pro-und-airpods-3-wurde-die-audioqualitaet-verbessert\"},\"wordCount\":260,\"publisher\":{\"@type\":\"Organization\",\"@id\":\"https:\\\/\\\/www.apfelpatient.de\\\/en\\\/#organization\",\"name\":\"Apfelpatient\",\"url\":\"https:\\\/\\\/www.apfelpatient.de\\\/en\\\/\"},\"image\":{\"@id\":\"https:\\\/\\\/www.apfelpatient.de\\\/news\\\/airpods-pro-und-airpods-3-wurde-die-audioqualitaet-verbessert#primaryimage\"},\"thumbnailUrl\":\"https:\\\/\\\/www.apfelpatient.de\\\/wp-content\\\/uploads\\\/2022\\\/02\\\/bigstock-Moscow-Russia-September-432511610.jpg\",\"keywords\":[\"AirPods\"],\"articleSection\":\"News\",\"inLanguage\":\"en-US\",\"copyrightYear\":\"2022\",\"copyrightHolder\":{\"@id\":\"https:\\\/\\\/www.apfelpatient.de\\\/en\\\/#organization\"}},{\"@type\":\"WebPage\",\"@id\":\"https:\\\/\\\/www.apfelpatient.de\\\/news\\\/airpods-pro-und-airpods-3-wurde-die-audioqualitaet-verbessert\",\"url\":\"https:\\\/\\\/www.apfelpatient.de\\\/news\\\/airpods-pro-und-airpods-3-wurde-die-audioqualitaet-verbessert\",\"name\":\"AirPods Pro und AirPods 3: Wurde die Audioqualit\u00e4t verbessert?\",\"isPartOf\":{\"@id\":\"https:\\\/\\\/www.apfelpatient.de\\\/#website\"},\"primaryImageOfPage\":{\"@id\":\"https:\\\/\\\/www.apfelpatient.de\\\/news\\\/airpods-pro-und-airpods-3-wurde-die-audioqualitaet-verbessert#primaryimage\"},\"image\":{\"@id\":\"https:\\\/\\\/www.apfelpatient.de\\\/news\\\/airpods-pro-und-airpods-3-wurde-die-audioqualitaet-verbessert#primaryimage\"},\"thumbnailUrl\":\"https:\\\/\\\/www.apfelpatient.de\\\/wp-content\\\/uploads\\\/2022\\\/02\\\/bigstock-Moscow-Russia-September-432511610.jpg\",\"datePublished\":\"2022-02-01T20:45:00+00:00\",\"dateModified\":\"2022-02-01T21:38:36+00:00\",\"description\":\"Apples AirPods Pro erhielten 2021 eine Verbesserung der Sprach-Audioqualit\u00e4t, als die dritte Generation der AirPods in den Verkauf ging.\",\"breadcrumb\":{\"@id\":\"https:\\\/\\\/www.apfelpatient.de\\\/news\\\/airpods-pro-und-airpods-3-wurde-die-audioqualitaet-verbessert#breadcrumb\"},\"inLanguage\":\"en-US\",\"potentialAction\":[{\"@type\":\"ReadAction\",\"target\":[\"https:\\\/\\\/www.apfelpatient.de\\\/news\\\/airpods-pro-und-airpods-3-wurde-die-audioqualitaet-verbessert\"]}]},{\"@type\":\"ImageObject\",\"inLanguage\":\"en-US\",\"@id\":\"https:\\\/\\\/www.apfelpatient.de\\\/news\\\/airpods-pro-und-airpods-3-wurde-die-audioqualitaet-verbessert#primaryimage\",\"url\":\"https:\\\/\\\/www.apfelpatient.de\\\/wp-content\\\/uploads\\\/2022\\\/02\\\/bigstock-Moscow-Russia-September-432511610.jpg\",\"contentUrl\":\"https:\\\/\\\/www.apfelpatient.de\\\/wp-content\\\/uploads\\\/2022\\\/02\\\/bigstock-Moscow-Russia-September-432511610.jpg\",\"width\":1600,\"height\":1081,\"caption\":\"Moscow, Russia, September 10, 2021: Apple AirPods Pro - wireless bluetooth earphones or headphones\"},{\"@type\":\"BreadcrumbList\",\"@id\":\"https:\\\/\\\/www.apfelpatient.de\\\/news\\\/airpods-pro-und-airpods-3-wurde-die-audioqualitaet-verbessert#breadcrumb\",\"itemListElement\":[{\"@type\":\"ListItem\",\"position\":1,\"name\":\"Startseite\",\"item\":\"https:\\\/\\\/www.apfelpatient.de\\\/\"},{\"@type\":\"ListItem\",\"position\":2,\"name\":\"AirPods Pro und AirPods 3: Wurde die Audioqualit\u00e4t verbessert?\"}]},{\"@type\":\"WebSite\",\"@id\":\"https:\\\/\\\/www.apfelpatient.de\\\/#website\",\"url\":\"https:\\\/\\\/www.apfelpatient.de\\\/\",\"name\":\"Apfelpatient\",\"description\":\"Alles rund um Apple!\",\"publisher\":{\"@type\":\"Organization\",\"@id\":\"https:\\\/\\\/www.apfelpatient.de\\\/en\\\/#organization\",\"name\":\"Apfelpatient\",\"url\":\"https:\\\/\\\/www.apfelpatient.de\\\/en\\\/\"},\"alternateName\":\"Apfelpatient\",\"potentialAction\":[{\"@type\":\"SearchAction\",\"target\":{\"@type\":\"EntryPoint\",\"urlTemplate\":\"https:\\\/\\\/www.apfelpatient.de\\\/?s={search_term_string}\"},\"query-input\":{\"@type\":\"PropertyValueSpecification\",\"valueRequired\":true,\"valueName\":\"search_term_string\"}}],\"inLanguage\":\"en-US\"},{\"@type\":[\"Person\",\"Organization\"],\"@id\":\"https:\\\/\\\/www.apfelpatient.de\\\/#\\\/schema\\\/person\\\/7dc56ad6c8e9824b76d2c08d4c140e13\",\"name\":\"Milan\",\"logo\":{\"@id\":\"https:\\\/\\\/www.apfelpatient.de\\\/#\\\/schema\\\/person\\\/image\\\/\"},\"description\":\"Hallo und herzlich willkommen auf meinem Technik-Blog! Als gro\u00dfer Apple-Fan berichte ich hier \u00fcber alles, was mit Apple zu tun hat: von den neuesten News und spannenden Ger\u00fcchten \u00fcber hilfreiche Tipps und Tricks bis hin zu ausf\u00fchrlichen Produkttests. Wenn du genauso technikbegeistert bist wie ich, bist du hier genau richtig!\",\"sameAs\":[\"https:\\\/\\\/www.facebook.com\\\/apfelpatientOfficial\",\"https:\\\/\\\/www.linkedin.com\\\/in\\\/milan-jovicic-42aa0231b\"],\"url\":\"https:\\\/\\\/www.apfelpatient.de\\\/en\\\/author\\\/apfeladmin\"}]}<\/script>\n<!-- \/ Yoast SEO Premium plugin. -->","yoast_head_json":{"title":"AirPods Pro and AirPods 3: Has the audio quality improved?","description":"Apple&#039;s AirPods Pro received an improvement in voice audio quality in 2021 when the third generation of AirPods went on sale.","robots":{"index":"index","follow":"follow","max-snippet":"max-snippet:-1","max-image-preview":"max-image-preview:large","max-video-preview":"max-video-preview:-1"},"canonical":"https:\/\/www.apfelpatient.de\/en\/news\/airpods-pro-and-airpods-3-the-audio-quality-has-been-improved","og_locale":"en_US","og_type":"article","og_title":"AirPods Pro und AirPods 3: Wurde die Audioqualit\u00e4t verbessert?","og_description":"Apples AirPods Pro erhielten 2021 eine Verbesserung der Sprach-Audioqualit\u00e4t, als die dritte Generation der AirPods in den Verkauf ging.","og_url":"https:\/\/www.apfelpatient.de\/en\/news\/airpods-pro-and-airpods-3-the-audio-quality-has-been-improved","og_site_name":"Apfelpatient","article_publisher":"https:\/\/www.facebook.com\/apfelpatientOfficial","article_author":"https:\/\/www.facebook.com\/apfelpatientOfficial","article_published_time":"2022-02-01T20:45:00+00:00","article_modified_time":"2022-02-01T21:38:36+00:00","og_image":[{"width":1600,"height":1081,"url":"https:\/\/www.apfelpatient.de\/wp-content\/uploads\/2022\/02\/bigstock-Moscow-Russia-September-432511610.jpg","type":"image\/jpeg"}],"author":"Milan","twitter_card":"summary_large_image","twitter_description":"Apples AirPods Pro erhielten 2021 eine Verbesserung der Sprach-Audioqualit\u00e4t, als die dritte Generation der AirPods in den Verkauf ging.","twitter_misc":{"Written by":"Milan","Est. reading time":"2 minutes"},"schema":{"@context":"https:\/\/schema.org","@graph":[{"@type":"NewsArticle","@id":"https:\/\/www.apfelpatient.de\/news\/airpods-pro-und-airpods-3-wurde-die-audioqualitaet-verbessert#article","isPartOf":{"@id":"https:\/\/www.apfelpatient.de\/news\/airpods-pro-und-airpods-3-wurde-die-audioqualitaet-verbessert"},"author":{"@type":"Organization","@id":"https:\/\/www.apfelpatient.de\/en\/#organization","name":"Apfelpatient","url":"https:\/\/www.apfelpatient.de\/en\/"},"headline":"AirPods Pro und AirPods 3: Wurde die Audioqualit\u00e4t verbessert?","datePublished":"2022-02-01T20:45:00+00:00","dateModified":"2022-02-01T21:38:36+00:00","mainEntityOfPage":{"@id":"https:\/\/www.apfelpatient.de\/news\/airpods-pro-und-airpods-3-wurde-die-audioqualitaet-verbessert"},"wordCount":260,"publisher":{"@type":"Organization","@id":"https:\/\/www.apfelpatient.de\/en\/#organization","name":"Apfelpatient","url":"https:\/\/www.apfelpatient.de\/en\/"},"image":{"@id":"https:\/\/www.apfelpatient.de\/news\/airpods-pro-und-airpods-3-wurde-die-audioqualitaet-verbessert#primaryimage"},"thumbnailUrl":"https:\/\/www.apfelpatient.de\/wp-content\/uploads\/2022\/02\/bigstock-Moscow-Russia-September-432511610.jpg","keywords":["AirPods"],"articleSection":"News","inLanguage":"en-US","copyrightYear":"2022","copyrightHolder":{"@id":"https:\/\/www.apfelpatient.de\/en\/#organization"}},{"@type":"WebPage","@id":"https:\/\/www.apfelpatient.de\/news\/airpods-pro-und-airpods-3-wurde-die-audioqualitaet-verbessert","url":"https:\/\/www.apfelpatient.de\/news\/airpods-pro-und-airpods-3-wurde-die-audioqualitaet-verbessert","name":"AirPods Pro and AirPods 3: Has the audio quality improved?","isPartOf":{"@id":"https:\/\/www.apfelpatient.de\/#website"},"primaryImageOfPage":{"@id":"https:\/\/www.apfelpatient.de\/news\/airpods-pro-und-airpods-3-wurde-die-audioqualitaet-verbessert#primaryimage"},"image":{"@id":"https:\/\/www.apfelpatient.de\/news\/airpods-pro-und-airpods-3-wurde-die-audioqualitaet-verbessert#primaryimage"},"thumbnailUrl":"https:\/\/www.apfelpatient.de\/wp-content\/uploads\/2022\/02\/bigstock-Moscow-Russia-September-432511610.jpg","datePublished":"2022-02-01T20:45:00+00:00","dateModified":"2022-02-01T21:38:36+00:00","description":"Apple&#039;s AirPods Pro received an improvement in voice audio quality in 2021 when the third generation of AirPods went on sale.","breadcrumb":{"@id":"https:\/\/www.apfelpatient.de\/news\/airpods-pro-und-airpods-3-wurde-die-audioqualitaet-verbessert#breadcrumb"},"inLanguage":"en-US","potentialAction":[{"@type":"ReadAction","target":["https:\/\/www.apfelpatient.de\/news\/airpods-pro-und-airpods-3-wurde-die-audioqualitaet-verbessert"]}]},{"@type":"ImageObject","inLanguage":"en-US","@id":"https:\/\/www.apfelpatient.de\/news\/airpods-pro-und-airpods-3-wurde-die-audioqualitaet-verbessert#primaryimage","url":"https:\/\/www.apfelpatient.de\/wp-content\/uploads\/2022\/02\/bigstock-Moscow-Russia-September-432511610.jpg","contentUrl":"https:\/\/www.apfelpatient.de\/wp-content\/uploads\/2022\/02\/bigstock-Moscow-Russia-September-432511610.jpg","width":1600,"height":1081,"caption":"Moscow, Russia, September 10, 2021: Apple AirPods Pro - wireless bluetooth earphones or headphones"},{"@type":"BreadcrumbList","@id":"https:\/\/www.apfelpatient.de\/news\/airpods-pro-und-airpods-3-wurde-die-audioqualitaet-verbessert#breadcrumb","itemListElement":[{"@type":"ListItem","position":1,"name":"Startseite","item":"https:\/\/www.apfelpatient.de\/"},{"@type":"ListItem","position":2,"name":"AirPods Pro und AirPods 3: Wurde die Audioqualit\u00e4t verbessert?"}]},{"@type":"WebSite","@id":"https:\/\/www.apfelpatient.de\/#website","url":"https:\/\/www.apfelpatient.de\/","name":"apple patient","description":"Everything about Apple!","publisher":{"@type":"Organization","@id":"https:\/\/www.apfelpatient.de\/en\/#organization","name":"Apfelpatient","url":"https:\/\/www.apfelpatient.de\/en\/"},"alternateName":"Apfelpatient","potentialAction":[{"@type":"SearchAction","target":{"@type":"EntryPoint","urlTemplate":"https:\/\/www.apfelpatient.de\/?s={search_term_string}"},"query-input":{"@type":"PropertyValueSpecification","valueRequired":true,"valueName":"search_term_string"}}],"inLanguage":"en-US"},{"@type":["Person","Organization"],"@id":"https:\/\/www.apfelpatient.de\/#\/schema\/person\/7dc56ad6c8e9824b76d2c08d4c140e13","name":"Milan","logo":{"@id":"https:\/\/www.apfelpatient.de\/#\/schema\/person\/image\/"},"description":"Hello and welcome to my technology blog! As a big Apple fan, I report on everything to do with Apple: from the latest news and exciting rumors to helpful tips and tricks and detailed product tests. If you are as enthusiastic about technology as I am, you have come to the right place!","sameAs":["https:\/\/www.facebook.com\/apfelpatientOfficial","https:\/\/www.linkedin.com\/in\/milan-jovicic-42aa0231b"],"url":"https:\/\/www.apfelpatient.de\/en\/author\/apfeladmin"}]}},"_links":{"self":[{"href":"https:\/\/www.apfelpatient.de\/en\/wp-json\/wp\/v2\/posts\/29941","targetHints":{"allow":["GET"]}}],"collection":[{"href":"https:\/\/www.apfelpatient.de\/en\/wp-json\/wp\/v2\/posts"}],"about":[{"href":"https:\/\/www.apfelpatient.de\/en\/wp-json\/wp\/v2\/types\/post"}],"author":[{"embeddable":true,"href":"https:\/\/www.apfelpatient.de\/en\/wp-json\/wp\/v2\/users\/2"}],"replies":[{"embeddable":true,"href":"https:\/\/www.apfelpatient.de\/en\/wp-json\/wp\/v2\/comments?post=29941"}],"version-history":[{"count":0,"href":"https:\/\/www.apfelpatient.de\/en\/wp-json\/wp\/v2\/posts\/29941\/revisions"}],"wp:featuredmedia":[{"embeddable":true,"href":"https:\/\/www.apfelpatient.de\/en\/wp-json\/wp\/v2\/media\/29940"}],"wp:attachment":[{"href":"https:\/\/www.apfelpatient.de\/en\/wp-json\/wp\/v2\/media?parent=29941"}],"wp:term":[{"taxonomy":"category","embeddable":true,"href":"https:\/\/www.apfelpatient.de\/en\/wp-json\/wp\/v2\/categories?post=29941"},{"taxonomy":"post_tag","embeddable":true,"href":"https:\/\/www.apfelpatient.de\/en\/wp-json\/wp\/v2\/tags?post=29941"}],"curies":[{"name":"wp","href":"https:\/\/api.w.org\/{rel}","templated":true}]}}