{"id":29920,"date":"2022-01-31T21:55:00","date_gmt":"2022-01-31T20:55:00","guid":{"rendered":"https:\/\/www.apfelpatient.de\/?p=29920"},"modified":"2022-01-31T23:07:53","modified_gmt":"2022-01-31T22:07:53","slug":"new-imac-pro-with-miniled-and-more-coming-later","status":"publish","type":"post","link":"https:\/\/www.apfelpatient.de\/en\/rumors\/neuer-imac-pro-mit-miniled-und-mehr-erscheint-spaeter","title":{"rendered":"New iMac Pro with MiniLED and more to appear later"},"content":{"rendered":"<p class=\"has-drop-cap\"><strong>According to a display analyst, Apple&#039;s new iMac Pro with a mini-LED display and an Apple Silicon chip will not be released in the spring, as initially expected.<\/strong><\/p>\n\n\n\n<p>Ross Young of Display Supply Chain Consultants has now said that he no longer expects the iMac Pro to be launched in spring 2022. In another tweet <a href=\"https:\/\/twitter.com\/DSCCRoss\/status\/1488215580834365441?s=20&amp;t=5blcUFwR91-gjQkrH9k4vg\" target=\"_blank\" rel=\"noreferrer noopener\">explained<\/a> Young said that the panels will begin shipping in June, but the Apple Silicon iMac Pro itself won&#039;t be released until August or September. Young added that the device will still use a MiniLED backlighting system but may have fewer MiniLED zones than in other Apple products such as the iPad Pro and MacBook Pro. The display analyst, known for his accurate information about Apple, had previously claimed that the iMac Pro with MiniLED lighting could be released in the spring.<\/p>\n\n\n\n<h3 class=\"wp-block-heading\" id=\"h-imac-pro-konnte-ab-2-000-us-dollar-erhaltlich-sein\">iMac Pro could be available starting at $2,000<\/h3>\n\n\n\n\n\n\n\n<p>According to previous rumors and reports, the new iMac Pro will be a replacement for the 27-inch iMac and a larger, more powerful counterpart to the current 24-inch iMac with the M1 chip. In early January, a rumor from @dylandkt suggested that the new iMac Pro could feature a 12-core CPU. The device could also have a similar design to the current 24-inch iMac, offer an SD card slot and an HDMI port, and start at around $2,000. The first iMac Pro was announced at WWDC 2017 and didn&#039;t hit the market until later that year. It remains unclear what availability will look like after the announcement. (Photo by hadrian \/ Bigstockphoto)<\/p>\n\n\n\n<ul class=\"wp-block-list\"><li><a href=\"https:\/\/www.apfelpatient.de\/en\/rumors\/fourth-m1-chip-with-12-core-cpu-planned-for-imac-pro\">Fourth M1 chip with 12-core CPU planned for iMac Pro?<\/a><\/li><\/ul>\n\n\n\n<h6 class=\"wp-block-heading translation-block\" id=\"h-kennt-ihr-schon-unsere-amazon-storefront-dort-findet-ihr-eine-handverlesene-auswahl-von-diversen-produkten-f-r-euer-iphone-und-co-viel-spa-beim-st-bern\"><em>Have you already visited our Amazon Storefront? There you&#039;ll find a hand-picked selection of various products for your iPhone and other devices \u2013 <span class=\"has-inline-color has-vivid-red-color\"><a href=\"https:\/\/www.amazon.de\/shop\/apfelpatientofficial\" class=\"ek-link\" data-wpel-link=\"exclude\" rel=\"follow noopener\" target=\"_self\"><span style=\"text-decoration: underline\" class=\"ek-underline\">enjoy browsing<\/span><\/a> !<\/span><\/em><\/h6>\n\n\n\n<h6 class=\"wp-block-heading translation-block\" id=\"h-der-beitrag-enthalt-partnerlinks\">This post contains <a data-type=\"URL\" data-id=\"https:\/\/www.apfelpatient.de\/partnerprogramm\" href=\"https:\/\/www.apfelpatient.de\/en\/partner-program\" data-wpel-link=\"internal\" target=\"_self\">affiliate links<\/a>.<\/h6>","protected":false},"excerpt":{"rendered":"<p>According to an analyst, Apple&#039;s new iMac Pro with an Apple Silicon chip will not be released in the spring, as initially expected.<\/p>","protected":false},"author":2,"featured_media":29919,"comment_status":"closed","ping_status":"closed","sticky":false,"template":"","format":"standard","meta":{"jnews-multi-image_gallery":[],"jnews_single_post":{"subtitle":"","format":"standard","video":"","gallery":"","source_name":"","source_url":"","via_name":"","via_url":"","override":[{"single_blog_custom":"","sidebar":"","second_sidebar":"","share_position":"","share_float_style":"","post_date_format":"","post_date_format_custom":"","post_reading_time_wpm":"","zoom_button_out_step":"1","zoom_button_in_step":"1","number_popup_post":"1"}],"image_override":[{"single_post_thumbnail_size":"","single_post_gallery_size":""}],"trending_post_position":"","trending_post_label":"","sponsored_post_label":"","sponsored_post_name":"","sponsored_post_url":"","sponsored_post_logo":"","sponsored_post_desc":""},"jnews_primary_category":{"id":"25"},"footnotes":""},"categories":[25],"tags":[72,40],"class_list":["post-29920","post","type-post","status-publish","format-standard","has-post-thumbnail","hentry","category-rumors","tag-imac","tag-mac"],"yoast_head":"<!-- This site is optimized with the Yoast SEO Premium plugin v27.5 (Yoast SEO v27.5) - https:\/\/yoast.com\/product\/yoast-seo-premium-wordpress\/ -->\n<title>Neuer iMac Pro mit MiniLED und mehr erscheint sp\u00e4ter Apfelpatient<\/title>\n<meta name=\"description\" content=\"Apples neuer iMac Pro mit einem Apple Silicon Chip erscheint laut einem Analysten nicht im Fr\u00fchjahr, wie zun\u00e4chst erwartet wurde.\" \/>\n<meta name=\"robots\" content=\"index, follow, max-snippet:-1, max-image-preview:large, max-video-preview:-1\" \/>\n<link rel=\"canonical\" href=\"https:\/\/www.apfelpatient.de\/en\/rumors\/new-imac-pro-with-miniled-and-more-coming-later\" \/>\n<meta property=\"og:locale\" content=\"en_US\" \/>\n<meta property=\"og:type\" content=\"article\" \/>\n<meta property=\"og:title\" content=\"Neuer iMac Pro mit MiniLED und mehr erscheint sp\u00e4ter\" \/>\n<meta property=\"og:description\" content=\"Apples neuer iMac Pro mit einem Apple Silicon Chip erscheint laut einem Analysten nicht im Fr\u00fchjahr, wie zun\u00e4chst erwartet wurde.\" \/>\n<meta property=\"og:url\" content=\"https:\/\/www.apfelpatient.de\/en\/rumors\/new-imac-pro-with-miniled-and-more-coming-later\" \/>\n<meta property=\"og:site_name\" content=\"Apfelpatient\" \/>\n<meta property=\"article:publisher\" content=\"https:\/\/www.facebook.com\/apfelpatientOfficial\" \/>\n<meta property=\"article:author\" content=\"https:\/\/www.facebook.com\/apfelpatientOfficial\" \/>\n<meta property=\"article:published_time\" content=\"2022-01-31T20:55:00+00:00\" \/>\n<meta property=\"article:modified_time\" content=\"2022-01-31T22:07:53+00:00\" \/>\n<meta property=\"og:image\" content=\"https:\/\/www.apfelpatient.de\/wp-content\/uploads\/2022\/01\/bigstock-221490361-1024x768.jpg\" \/>\n\t<meta property=\"og:image:width\" content=\"1024\" \/>\n\t<meta property=\"og:image:height\" content=\"768\" \/>\n\t<meta property=\"og:image:type\" content=\"image\/jpeg\" \/>\n<meta name=\"author\" content=\"Milan\" \/>\n<meta name=\"twitter:card\" content=\"summary_large_image\" \/>\n<meta name=\"twitter:description\" content=\"Apples neuer iMac Pro mit einem Apple Silicon Chip erscheint laut einem Analysten nicht im Fr\u00fchjahr, wie zun\u00e4chst erwartet wurde.\" \/>\n<meta name=\"twitter:label1\" content=\"Written by\" \/>\n\t<meta name=\"twitter:data1\" content=\"Milan\" \/>\n\t<meta name=\"twitter:label2\" content=\"Est. reading time\" \/>\n\t<meta name=\"twitter:data2\" content=\"2 minutes\" \/>\n<script type=\"application\/ld+json\" class=\"yoast-schema-graph\">{\"@context\":\"https:\\\/\\\/schema.org\",\"@graph\":[{\"@type\":\"NewsArticle\",\"@id\":\"https:\\\/\\\/www.apfelpatient.de\\\/rumors\\\/neuer-imac-pro-mit-miniled-und-mehr-erscheint-spaeter#article\",\"isPartOf\":{\"@id\":\"https:\\\/\\\/www.apfelpatient.de\\\/rumors\\\/neuer-imac-pro-mit-miniled-und-mehr-erscheint-spaeter\"},\"author\":{\"@type\":\"Organization\",\"@id\":\"https:\\\/\\\/www.apfelpatient.de\\\/en\\\/#organization\",\"name\":\"Apfelpatient\",\"url\":\"https:\\\/\\\/www.apfelpatient.de\\\/en\\\/\"},\"headline\":\"Neuer iMac Pro mit MiniLED und mehr erscheint sp\u00e4ter\",\"datePublished\":\"2022-01-31T20:55:00+00:00\",\"dateModified\":\"2022-01-31T22:07:53+00:00\",\"mainEntityOfPage\":{\"@id\":\"https:\\\/\\\/www.apfelpatient.de\\\/rumors\\\/neuer-imac-pro-mit-miniled-und-mehr-erscheint-spaeter\"},\"wordCount\":291,\"publisher\":{\"@type\":\"Organization\",\"@id\":\"https:\\\/\\\/www.apfelpatient.de\\\/en\\\/#organization\",\"name\":\"Apfelpatient\",\"url\":\"https:\\\/\\\/www.apfelpatient.de\\\/en\\\/\"},\"image\":{\"@id\":\"https:\\\/\\\/www.apfelpatient.de\\\/rumors\\\/neuer-imac-pro-mit-miniled-und-mehr-erscheint-spaeter#primaryimage\"},\"thumbnailUrl\":\"https:\\\/\\\/www.apfelpatient.de\\\/wp-content\\\/uploads\\\/2022\\\/01\\\/bigstock-221490361.jpg\",\"keywords\":[\"iMac\",\"Mac\"],\"articleSection\":\"Rumors\",\"inLanguage\":\"en-US\",\"copyrightYear\":\"2022\",\"copyrightHolder\":{\"@id\":\"https:\\\/\\\/www.apfelpatient.de\\\/en\\\/#organization\"}},{\"@type\":\"WebPage\",\"@id\":\"https:\\\/\\\/www.apfelpatient.de\\\/rumors\\\/neuer-imac-pro-mit-miniled-und-mehr-erscheint-spaeter\",\"url\":\"https:\\\/\\\/www.apfelpatient.de\\\/rumors\\\/neuer-imac-pro-mit-miniled-und-mehr-erscheint-spaeter\",\"name\":\"Neuer iMac Pro mit MiniLED und mehr erscheint sp\u00e4ter Apfelpatient\",\"isPartOf\":{\"@id\":\"https:\\\/\\\/www.apfelpatient.de\\\/#website\"},\"primaryImageOfPage\":{\"@id\":\"https:\\\/\\\/www.apfelpatient.de\\\/rumors\\\/neuer-imac-pro-mit-miniled-und-mehr-erscheint-spaeter#primaryimage\"},\"image\":{\"@id\":\"https:\\\/\\\/www.apfelpatient.de\\\/rumors\\\/neuer-imac-pro-mit-miniled-und-mehr-erscheint-spaeter#primaryimage\"},\"thumbnailUrl\":\"https:\\\/\\\/www.apfelpatient.de\\\/wp-content\\\/uploads\\\/2022\\\/01\\\/bigstock-221490361.jpg\",\"datePublished\":\"2022-01-31T20:55:00+00:00\",\"dateModified\":\"2022-01-31T22:07:53+00:00\",\"description\":\"Apples neuer iMac Pro mit einem Apple Silicon Chip erscheint laut einem Analysten nicht im Fr\u00fchjahr, wie zun\u00e4chst erwartet wurde.\",\"breadcrumb\":{\"@id\":\"https:\\\/\\\/www.apfelpatient.de\\\/rumors\\\/neuer-imac-pro-mit-miniled-und-mehr-erscheint-spaeter#breadcrumb\"},\"inLanguage\":\"en-US\",\"potentialAction\":[{\"@type\":\"ReadAction\",\"target\":[\"https:\\\/\\\/www.apfelpatient.de\\\/rumors\\\/neuer-imac-pro-mit-miniled-und-mehr-erscheint-spaeter\"]}]},{\"@type\":\"ImageObject\",\"inLanguage\":\"en-US\",\"@id\":\"https:\\\/\\\/www.apfelpatient.de\\\/rumors\\\/neuer-imac-pro-mit-miniled-und-mehr-erscheint-spaeter#primaryimage\",\"url\":\"https:\\\/\\\/www.apfelpatient.de\\\/wp-content\\\/uploads\\\/2022\\\/01\\\/bigstock-221490361.jpg\",\"contentUrl\":\"https:\\\/\\\/www.apfelpatient.de\\\/wp-content\\\/uploads\\\/2022\\\/01\\\/bigstock-221490361.jpg\",\"width\":1600,\"height\":1200,\"caption\":\"STRASBOURG, FRANCE - JAN 11, 2018: New iMac Pro the all-in-one personal computer in Apple Computers Store. Apple claims the iMac Pro is the most powerful Mac ever made\"},{\"@type\":\"BreadcrumbList\",\"@id\":\"https:\\\/\\\/www.apfelpatient.de\\\/rumors\\\/neuer-imac-pro-mit-miniled-und-mehr-erscheint-spaeter#breadcrumb\",\"itemListElement\":[{\"@type\":\"ListItem\",\"position\":1,\"name\":\"Startseite\",\"item\":\"https:\\\/\\\/www.apfelpatient.de\\\/\"},{\"@type\":\"ListItem\",\"position\":2,\"name\":\"Neuer iMac Pro mit MiniLED und mehr erscheint sp\u00e4ter\"}]},{\"@type\":\"WebSite\",\"@id\":\"https:\\\/\\\/www.apfelpatient.de\\\/#website\",\"url\":\"https:\\\/\\\/www.apfelpatient.de\\\/\",\"name\":\"Apfelpatient\",\"description\":\"Alles rund um Apple!\",\"publisher\":{\"@type\":\"Organization\",\"@id\":\"https:\\\/\\\/www.apfelpatient.de\\\/en\\\/#organization\",\"name\":\"Apfelpatient\",\"url\":\"https:\\\/\\\/www.apfelpatient.de\\\/en\\\/\"},\"alternateName\":\"Apfelpatient\",\"potentialAction\":[{\"@type\":\"SearchAction\",\"target\":{\"@type\":\"EntryPoint\",\"urlTemplate\":\"https:\\\/\\\/www.apfelpatient.de\\\/?s={search_term_string}\"},\"query-input\":{\"@type\":\"PropertyValueSpecification\",\"valueRequired\":true,\"valueName\":\"search_term_string\"}}],\"inLanguage\":\"en-US\"},{\"@type\":[\"Person\",\"Organization\"],\"@id\":\"https:\\\/\\\/www.apfelpatient.de\\\/#\\\/schema\\\/person\\\/7dc56ad6c8e9824b76d2c08d4c140e13\",\"name\":\"Milan\",\"logo\":{\"@id\":\"https:\\\/\\\/www.apfelpatient.de\\\/#\\\/schema\\\/person\\\/image\\\/\"},\"description\":\"Hallo und herzlich willkommen auf meinem Technik-Blog! Als gro\u00dfer Apple-Fan berichte ich hier \u00fcber alles, was mit Apple zu tun hat: von den neuesten News und spannenden Ger\u00fcchten \u00fcber hilfreiche Tipps und Tricks bis hin zu ausf\u00fchrlichen Produkttests. Wenn du genauso technikbegeistert bist wie ich, bist du hier genau richtig!\",\"sameAs\":[\"https:\\\/\\\/www.facebook.com\\\/apfelpatientOfficial\",\"https:\\\/\\\/www.linkedin.com\\\/in\\\/milan-jovicic-42aa0231b\"],\"url\":\"https:\\\/\\\/www.apfelpatient.de\\\/en\\\/author\\\/apfeladmin\"}]}<\/script>\n<!-- \/ Yoast SEO Premium plugin. -->","yoast_head_json":{"title":"New iMac Pro with MiniLED and more to appear later Apfelpatient","description":"According to an analyst, Apple&#039;s new iMac Pro with an Apple Silicon chip will not be released in the spring, as initially expected.","robots":{"index":"index","follow":"follow","max-snippet":"max-snippet:-1","max-image-preview":"max-image-preview:large","max-video-preview":"max-video-preview:-1"},"canonical":"https:\/\/www.apfelpatient.de\/en\/rumors\/new-imac-pro-with-miniled-and-more-coming-later","og_locale":"en_US","og_type":"article","og_title":"Neuer iMac Pro mit MiniLED und mehr erscheint sp\u00e4ter","og_description":"Apples neuer iMac Pro mit einem Apple Silicon Chip erscheint laut einem Analysten nicht im Fr\u00fchjahr, wie zun\u00e4chst erwartet wurde.","og_url":"https:\/\/www.apfelpatient.de\/en\/rumors\/new-imac-pro-with-miniled-and-more-coming-later","og_site_name":"Apfelpatient","article_publisher":"https:\/\/www.facebook.com\/apfelpatientOfficial","article_author":"https:\/\/www.facebook.com\/apfelpatientOfficial","article_published_time":"2022-01-31T20:55:00+00:00","article_modified_time":"2022-01-31T22:07:53+00:00","og_image":[{"width":1024,"height":768,"url":"https:\/\/www.apfelpatient.de\/wp-content\/uploads\/2022\/01\/bigstock-221490361-1024x768.jpg","type":"image\/jpeg"}],"author":"Milan","twitter_card":"summary_large_image","twitter_description":"Apples neuer iMac Pro mit einem Apple Silicon Chip erscheint laut einem Analysten nicht im Fr\u00fchjahr, wie zun\u00e4chst erwartet wurde.","twitter_misc":{"Written by":"Milan","Est. reading time":"2 minutes"},"schema":{"@context":"https:\/\/schema.org","@graph":[{"@type":"NewsArticle","@id":"https:\/\/www.apfelpatient.de\/rumors\/neuer-imac-pro-mit-miniled-und-mehr-erscheint-spaeter#article","isPartOf":{"@id":"https:\/\/www.apfelpatient.de\/rumors\/neuer-imac-pro-mit-miniled-und-mehr-erscheint-spaeter"},"author":{"@type":"Organization","@id":"https:\/\/www.apfelpatient.de\/en\/#organization","name":"Apfelpatient","url":"https:\/\/www.apfelpatient.de\/en\/"},"headline":"Neuer iMac Pro mit MiniLED und mehr erscheint sp\u00e4ter","datePublished":"2022-01-31T20:55:00+00:00","dateModified":"2022-01-31T22:07:53+00:00","mainEntityOfPage":{"@id":"https:\/\/www.apfelpatient.de\/rumors\/neuer-imac-pro-mit-miniled-und-mehr-erscheint-spaeter"},"wordCount":291,"publisher":{"@type":"Organization","@id":"https:\/\/www.apfelpatient.de\/en\/#organization","name":"Apfelpatient","url":"https:\/\/www.apfelpatient.de\/en\/"},"image":{"@id":"https:\/\/www.apfelpatient.de\/rumors\/neuer-imac-pro-mit-miniled-und-mehr-erscheint-spaeter#primaryimage"},"thumbnailUrl":"https:\/\/www.apfelpatient.de\/wp-content\/uploads\/2022\/01\/bigstock-221490361.jpg","keywords":["iMac","Mac"],"articleSection":"Rumors","inLanguage":"en-US","copyrightYear":"2022","copyrightHolder":{"@id":"https:\/\/www.apfelpatient.de\/en\/#organization"}},{"@type":"WebPage","@id":"https:\/\/www.apfelpatient.de\/rumors\/neuer-imac-pro-mit-miniled-und-mehr-erscheint-spaeter","url":"https:\/\/www.apfelpatient.de\/rumors\/neuer-imac-pro-mit-miniled-und-mehr-erscheint-spaeter","name":"New iMac Pro with MiniLED and more to appear later Apfelpatient","isPartOf":{"@id":"https:\/\/www.apfelpatient.de\/#website"},"primaryImageOfPage":{"@id":"https:\/\/www.apfelpatient.de\/rumors\/neuer-imac-pro-mit-miniled-und-mehr-erscheint-spaeter#primaryimage"},"image":{"@id":"https:\/\/www.apfelpatient.de\/rumors\/neuer-imac-pro-mit-miniled-und-mehr-erscheint-spaeter#primaryimage"},"thumbnailUrl":"https:\/\/www.apfelpatient.de\/wp-content\/uploads\/2022\/01\/bigstock-221490361.jpg","datePublished":"2022-01-31T20:55:00+00:00","dateModified":"2022-01-31T22:07:53+00:00","description":"According to an analyst, Apple&#039;s new iMac Pro with an Apple Silicon chip will not be released in the spring, as initially expected.","breadcrumb":{"@id":"https:\/\/www.apfelpatient.de\/rumors\/neuer-imac-pro-mit-miniled-und-mehr-erscheint-spaeter#breadcrumb"},"inLanguage":"en-US","potentialAction":[{"@type":"ReadAction","target":["https:\/\/www.apfelpatient.de\/rumors\/neuer-imac-pro-mit-miniled-und-mehr-erscheint-spaeter"]}]},{"@type":"ImageObject","inLanguage":"en-US","@id":"https:\/\/www.apfelpatient.de\/rumors\/neuer-imac-pro-mit-miniled-und-mehr-erscheint-spaeter#primaryimage","url":"https:\/\/www.apfelpatient.de\/wp-content\/uploads\/2022\/01\/bigstock-221490361.jpg","contentUrl":"https:\/\/www.apfelpatient.de\/wp-content\/uploads\/2022\/01\/bigstock-221490361.jpg","width":1600,"height":1200,"caption":"STRASBOURG, FRANCE - JAN 11, 2018: New iMac Pro the all-in-one personal computer in Apple Computers Store. Apple claims the iMac Pro is the most powerful Mac ever made"},{"@type":"BreadcrumbList","@id":"https:\/\/www.apfelpatient.de\/rumors\/neuer-imac-pro-mit-miniled-und-mehr-erscheint-spaeter#breadcrumb","itemListElement":[{"@type":"ListItem","position":1,"name":"Startseite","item":"https:\/\/www.apfelpatient.de\/"},{"@type":"ListItem","position":2,"name":"Neuer iMac Pro mit MiniLED und mehr erscheint sp\u00e4ter"}]},{"@type":"WebSite","@id":"https:\/\/www.apfelpatient.de\/#website","url":"https:\/\/www.apfelpatient.de\/","name":"apple patient","description":"Everything about Apple!","publisher":{"@type":"Organization","@id":"https:\/\/www.apfelpatient.de\/en\/#organization","name":"Apfelpatient","url":"https:\/\/www.apfelpatient.de\/en\/"},"alternateName":"Apfelpatient","potentialAction":[{"@type":"SearchAction","target":{"@type":"EntryPoint","urlTemplate":"https:\/\/www.apfelpatient.de\/?s={search_term_string}"},"query-input":{"@type":"PropertyValueSpecification","valueRequired":true,"valueName":"search_term_string"}}],"inLanguage":"en-US"},{"@type":["Person","Organization"],"@id":"https:\/\/www.apfelpatient.de\/#\/schema\/person\/7dc56ad6c8e9824b76d2c08d4c140e13","name":"Milan","logo":{"@id":"https:\/\/www.apfelpatient.de\/#\/schema\/person\/image\/"},"description":"Hello and welcome to my technology blog! As a big Apple fan, I report on everything to do with Apple: from the latest news and exciting rumors to helpful tips and tricks and detailed product tests. If you are as enthusiastic about technology as I am, you have come to the right place!","sameAs":["https:\/\/www.facebook.com\/apfelpatientOfficial","https:\/\/www.linkedin.com\/in\/milan-jovicic-42aa0231b"],"url":"https:\/\/www.apfelpatient.de\/en\/author\/apfeladmin"}]}},"_links":{"self":[{"href":"https:\/\/www.apfelpatient.de\/en\/wp-json\/wp\/v2\/posts\/29920","targetHints":{"allow":["GET"]}}],"collection":[{"href":"https:\/\/www.apfelpatient.de\/en\/wp-json\/wp\/v2\/posts"}],"about":[{"href":"https:\/\/www.apfelpatient.de\/en\/wp-json\/wp\/v2\/types\/post"}],"author":[{"embeddable":true,"href":"https:\/\/www.apfelpatient.de\/en\/wp-json\/wp\/v2\/users\/2"}],"replies":[{"embeddable":true,"href":"https:\/\/www.apfelpatient.de\/en\/wp-json\/wp\/v2\/comments?post=29920"}],"version-history":[{"count":0,"href":"https:\/\/www.apfelpatient.de\/en\/wp-json\/wp\/v2\/posts\/29920\/revisions"}],"wp:featuredmedia":[{"embeddable":true,"href":"https:\/\/www.apfelpatient.de\/en\/wp-json\/wp\/v2\/media\/29919"}],"wp:attachment":[{"href":"https:\/\/www.apfelpatient.de\/en\/wp-json\/wp\/v2\/media?parent=29920"}],"wp:term":[{"taxonomy":"category","embeddable":true,"href":"https:\/\/www.apfelpatient.de\/en\/wp-json\/wp\/v2\/categories?post=29920"},{"taxonomy":"post_tag","embeddable":true,"href":"https:\/\/www.apfelpatient.de\/en\/wp-json\/wp\/v2\/tags?post=29920"}],"curies":[{"name":"wp","href":"https:\/\/api.w.org\/{rel}","templated":true}]}}