{"id":2991,"date":"2019-01-04T14:59:39","date_gmt":"2019-01-04T13:59:39","guid":{"rendered":"https:\/\/www.apfelpatient.de\/?p=2991"},"modified":"2019-01-04T14:59:39","modified_gmt":"2019-01-04T13:59:39","slug":"iphone-sales-ban-apple-appeals","status":"publish","type":"post","link":"https:\/\/www.apfelpatient.de\/en\/news\/iphone-verkaufsverbot-apple-geht-in-berufung","title":{"rendered":"iPhone sales ban: Apple appeals"},"content":{"rendered":"<p><strong>As announced in December, Apple has appealed \u2013 a spokeswoman for the Munich Regional Court announced this on Friday.<\/strong><\/p>\n<p class=\"p1\"><\/p>\n<p>Yesterday, Qualcomm deposited a security deposit of over 1.34 billion euros in securities, thereby putting the sales ban into effect. According to this, Apple is no longer allowed to sell or market the iPhone 7, iPhone 7+, iPhone 8, iPhone 8+ and iPhone X models (the latter was replaced by the iPhone Xs by Apple itself) in this country. Both companies disagree about the sales ban. Qualcomm is demanding a sales ban on the affected iPhone models in all German stores and is demanding that Apple confiscate all devices from retailers. According to the ruling, Apple is obliged to do this. Apple, however, has only removed the respective iPhones from its 15 German stores and stopped sales on its homepage.<\/p>\n<p><strong>About license costs and patent infringements<\/strong><\/p>\n<p class=\"p1\"><\/p>\n<p>According to Apple, the semiconductor manufacturer is demanding license fees that are far too high - the chip company is abusing its market power - according to Apple. The reason for the ruling is the violation of a special patent, the technology of which optimizes the power consumption of the mobile phone chip. According to Qualcomm, Apple cannot change this with an iOS update. The ruling is not yet legally binding but is provisionally enforceable. The security deposit of around 1.34 billion euros in securities deposited by Qualcomm is intended to protect Apple against losses - should Cupertino ultimately win the case.<\/p>\n<h5><a href=\"https:\/\/t.me\/apfelpatient_official\"><em><strong>Don&#039;t want to miss any more news? Then subscribe to our Telegram channel here<\/strong><\/em><\/a><\/h5>","protected":false},"excerpt":{"rendered":"<p>Apple ist wie bereits im Dezember angek\u00fcndigt in Berufung gegangen &#8211; das teilte eine Sprecherin des M\u00fcnchner Landgerichts am Freitag mit. Qualcomm hat am gestrigen Tag eine Sicherheitsleistung von \u00fcber 1.34 Milliarden Euro in Wertpapieren hinterlegt und somit das Verkaufsverbot in Kraft gesetzt. Demnach darf Apple hierzulande die iPhone 7, iPhone 7+, iPhone 8, iPhone [&hellip;]<\/p>\n","protected":false},"author":2,"featured_media":1757,"comment_status":"open","ping_status":"open","sticky":false,"template":"","format":"standard","meta":{"jnews-multi-image_gallery":[],"jnews_single_post":[],"jnews_primary_category":[],"footnotes":""},"categories":[9],"tags":[147,8,10],"class_list":["post-2991","post","type-post","status-publish","format-standard","has-post-thumbnail","hentry","category-news","tag-apple","tag-iphone","tag-qualcomm"],"yoast_head":"<!-- This site is optimized with the Yoast SEO Premium plugin v27.5 (Yoast SEO v27.5) - https:\/\/yoast.com\/product\/yoast-seo-premium-wordpress\/ -->\n<title>iPhone-Verkaufsverbot: Apple geht in Berufung Apfelpatient<\/title>\n<meta name=\"description\" content=\"Apple ist wie bereits im Dezember angek\u00fcndigt in Berufung gegangen - das teilte eine Sprecherin des M\u00fcnchner Landgerichts am Freitag mit. Qualcomm hat am\" \/>\n<meta name=\"robots\" content=\"index, follow, max-snippet:-1, max-image-preview:large, max-video-preview:-1\" \/>\n<link rel=\"canonical\" href=\"https:\/\/www.apfelpatient.de\/en\/news\/iphone-sales-ban-apple-appeals\" \/>\n<meta property=\"og:locale\" content=\"en_US\" \/>\n<meta property=\"og:type\" content=\"article\" \/>\n<meta property=\"og:title\" content=\"iPhone-Verkaufsverbot: Apple geht in Berufung\" \/>\n<meta property=\"og:description\" content=\"Apple ist wie bereits im Dezember angek\u00fcndigt in Berufung gegangen - das teilte eine Sprecherin des M\u00fcnchner Landgerichts am Freitag mit. Qualcomm hat am\" \/>\n<meta property=\"og:url\" content=\"https:\/\/www.apfelpatient.de\/en\/news\/iphone-sales-ban-apple-appeals\" \/>\n<meta property=\"og:site_name\" content=\"Apfelpatient\" \/>\n<meta property=\"article:publisher\" content=\"https:\/\/www.facebook.com\/apfelpatientOfficial\" \/>\n<meta property=\"article:author\" content=\"https:\/\/www.facebook.com\/apfelpatientOfficial\" \/>\n<meta property=\"article:published_time\" content=\"2019-01-04T13:59:39+00:00\" \/>\n<meta property=\"og:image\" content=\"https:\/\/www.apfelpatient.de\/wp-content\/uploads\/2018\/08\/iPhone8-iPhone8PLUS-PRODUCT-RED_angled-back_041018.jpg\" \/>\n\t<meta property=\"og:image:width\" content=\"1142\" \/>\n\t<meta property=\"og:image:height\" content=\"900\" \/>\n\t<meta property=\"og:image:type\" content=\"image\/jpeg\" \/>\n<meta name=\"author\" content=\"Milan\" \/>\n<meta name=\"twitter:card\" content=\"summary_large_image\" \/>\n<meta name=\"twitter:label1\" content=\"Written by\" \/>\n\t<meta name=\"twitter:data1\" content=\"Milan\" \/>\n\t<meta name=\"twitter:label2\" content=\"Est. reading time\" \/>\n\t<meta name=\"twitter:data2\" content=\"1 minute\" \/>\n<script type=\"application\/ld+json\" class=\"yoast-schema-graph\">{\"@context\":\"https:\\\/\\\/schema.org\",\"@graph\":[{\"@type\":\"NewsArticle\",\"@id\":\"https:\\\/\\\/www.apfelpatient.de\\\/news\\\/iphone-verkaufsverbot-apple-geht-in-berufung#article\",\"isPartOf\":{\"@id\":\"https:\\\/\\\/www.apfelpatient.de\\\/news\\\/iphone-verkaufsverbot-apple-geht-in-berufung\"},\"author\":{\"@type\":\"Organization\",\"@id\":\"https:\\\/\\\/www.apfelpatient.de\\\/en\\\/#organization\",\"name\":\"Apfelpatient\",\"url\":\"https:\\\/\\\/www.apfelpatient.de\\\/en\\\/\"},\"headline\":\"iPhone-Verkaufsverbot: Apple geht in Berufung\",\"datePublished\":\"2019-01-04T13:59:39+00:00\",\"mainEntityOfPage\":{\"@id\":\"https:\\\/\\\/www.apfelpatient.de\\\/news\\\/iphone-verkaufsverbot-apple-geht-in-berufung\"},\"wordCount\":238,\"commentCount\":0,\"publisher\":{\"@type\":\"Organization\",\"@id\":\"https:\\\/\\\/www.apfelpatient.de\\\/en\\\/#organization\",\"name\":\"Apfelpatient\",\"url\":\"https:\\\/\\\/www.apfelpatient.de\\\/en\\\/\"},\"image\":{\"@id\":\"https:\\\/\\\/www.apfelpatient.de\\\/news\\\/iphone-verkaufsverbot-apple-geht-in-berufung#primaryimage\"},\"thumbnailUrl\":\"https:\\\/\\\/www.apfelpatient.de\\\/wp-content\\\/uploads\\\/2018\\\/08\\\/iPhone8-iPhone8PLUS-PRODUCT-RED_angled-back_041018.jpg\",\"keywords\":[\"Apple\",\"iPhone\",\"Qualcomm\"],\"articleSection\":\"News\",\"inLanguage\":\"en-US\",\"potentialAction\":[{\"@type\":\"CommentAction\",\"name\":\"Comment\",\"target\":[\"https:\\\/\\\/www.apfelpatient.de\\\/news\\\/iphone-verkaufsverbot-apple-geht-in-berufung#respond\"]}],\"copyrightYear\":\"2019\",\"copyrightHolder\":{\"@id\":\"https:\\\/\\\/www.apfelpatient.de\\\/en\\\/#organization\"}},{\"@type\":\"WebPage\",\"@id\":\"https:\\\/\\\/www.apfelpatient.de\\\/news\\\/iphone-verkaufsverbot-apple-geht-in-berufung\",\"url\":\"https:\\\/\\\/www.apfelpatient.de\\\/news\\\/iphone-verkaufsverbot-apple-geht-in-berufung\",\"name\":\"iPhone-Verkaufsverbot: Apple geht in Berufung Apfelpatient\",\"isPartOf\":{\"@id\":\"https:\\\/\\\/www.apfelpatient.de\\\/#website\"},\"primaryImageOfPage\":{\"@id\":\"https:\\\/\\\/www.apfelpatient.de\\\/news\\\/iphone-verkaufsverbot-apple-geht-in-berufung#primaryimage\"},\"image\":{\"@id\":\"https:\\\/\\\/www.apfelpatient.de\\\/news\\\/iphone-verkaufsverbot-apple-geht-in-berufung#primaryimage\"},\"thumbnailUrl\":\"https:\\\/\\\/www.apfelpatient.de\\\/wp-content\\\/uploads\\\/2018\\\/08\\\/iPhone8-iPhone8PLUS-PRODUCT-RED_angled-back_041018.jpg\",\"datePublished\":\"2019-01-04T13:59:39+00:00\",\"description\":\"Apple ist wie bereits im Dezember angek\u00fcndigt in Berufung gegangen - das teilte eine Sprecherin des M\u00fcnchner Landgerichts am Freitag mit. Qualcomm hat am\",\"breadcrumb\":{\"@id\":\"https:\\\/\\\/www.apfelpatient.de\\\/news\\\/iphone-verkaufsverbot-apple-geht-in-berufung#breadcrumb\"},\"inLanguage\":\"en-US\",\"potentialAction\":[{\"@type\":\"ReadAction\",\"target\":[\"https:\\\/\\\/www.apfelpatient.de\\\/news\\\/iphone-verkaufsverbot-apple-geht-in-berufung\"]}]},{\"@type\":\"ImageObject\",\"inLanguage\":\"en-US\",\"@id\":\"https:\\\/\\\/www.apfelpatient.de\\\/news\\\/iphone-verkaufsverbot-apple-geht-in-berufung#primaryimage\",\"url\":\"https:\\\/\\\/www.apfelpatient.de\\\/wp-content\\\/uploads\\\/2018\\\/08\\\/iPhone8-iPhone8PLUS-PRODUCT-RED_angled-back_041018.jpg\",\"contentUrl\":\"https:\\\/\\\/www.apfelpatient.de\\\/wp-content\\\/uploads\\\/2018\\\/08\\\/iPhone8-iPhone8PLUS-PRODUCT-RED_angled-back_041018.jpg\",\"width\":1142,\"height\":900,\"caption\":\"Bild: Apple\"},{\"@type\":\"BreadcrumbList\",\"@id\":\"https:\\\/\\\/www.apfelpatient.de\\\/news\\\/iphone-verkaufsverbot-apple-geht-in-berufung#breadcrumb\",\"itemListElement\":[{\"@type\":\"ListItem\",\"position\":1,\"name\":\"Startseite\",\"item\":\"https:\\\/\\\/www.apfelpatient.de\\\/\"},{\"@type\":\"ListItem\",\"position\":2,\"name\":\"iPhone-Verkaufsverbot: Apple geht in Berufung\"}]},{\"@type\":\"WebSite\",\"@id\":\"https:\\\/\\\/www.apfelpatient.de\\\/#website\",\"url\":\"https:\\\/\\\/www.apfelpatient.de\\\/\",\"name\":\"Apfelpatient\",\"description\":\"Alles rund um Apple!\",\"publisher\":{\"@type\":\"Organization\",\"@id\":\"https:\\\/\\\/www.apfelpatient.de\\\/en\\\/#organization\",\"name\":\"Apfelpatient\",\"url\":\"https:\\\/\\\/www.apfelpatient.de\\\/en\\\/\"},\"alternateName\":\"Apfelpatient\",\"potentialAction\":[{\"@type\":\"SearchAction\",\"target\":{\"@type\":\"EntryPoint\",\"urlTemplate\":\"https:\\\/\\\/www.apfelpatient.de\\\/?s={search_term_string}\"},\"query-input\":{\"@type\":\"PropertyValueSpecification\",\"valueRequired\":true,\"valueName\":\"search_term_string\"}}],\"inLanguage\":\"en-US\"},{\"@type\":[\"Person\",\"Organization\"],\"@id\":\"https:\\\/\\\/www.apfelpatient.de\\\/#\\\/schema\\\/person\\\/7dc56ad6c8e9824b76d2c08d4c140e13\",\"name\":\"Milan\",\"logo\":{\"@id\":\"https:\\\/\\\/www.apfelpatient.de\\\/#\\\/schema\\\/person\\\/image\\\/\"},\"description\":\"Hallo und herzlich willkommen auf meinem Technik-Blog! Als gro\u00dfer Apple-Fan berichte ich hier \u00fcber alles, was mit Apple zu tun hat: von den neuesten News und spannenden Ger\u00fcchten \u00fcber hilfreiche Tipps und Tricks bis hin zu ausf\u00fchrlichen Produkttests. Wenn du genauso technikbegeistert bist wie ich, bist du hier genau richtig!\",\"sameAs\":[\"https:\\\/\\\/www.facebook.com\\\/apfelpatientOfficial\",\"https:\\\/\\\/www.linkedin.com\\\/in\\\/milan-jovicic-42aa0231b\"],\"url\":\"https:\\\/\\\/www.apfelpatient.de\\\/en\\\/author\\\/apfeladmin\"}]}<\/script>\n<!-- \/ Yoast SEO Premium plugin. -->","yoast_head_json":{"title":"iPhone sales ban: Apple appeals Apfelpatient","description":"Apple has appealed, as announced in December - a spokeswoman for the Munich district court announced this on Friday. Qualcomm has","robots":{"index":"index","follow":"follow","max-snippet":"max-snippet:-1","max-image-preview":"max-image-preview:large","max-video-preview":"max-video-preview:-1"},"canonical":"https:\/\/www.apfelpatient.de\/en\/news\/iphone-sales-ban-apple-appeals","og_locale":"en_US","og_type":"article","og_title":"iPhone-Verkaufsverbot: Apple geht in Berufung","og_description":"Apple ist wie bereits im Dezember angek\u00fcndigt in Berufung gegangen - das teilte eine Sprecherin des M\u00fcnchner Landgerichts am Freitag mit. Qualcomm hat am","og_url":"https:\/\/www.apfelpatient.de\/en\/news\/iphone-sales-ban-apple-appeals","og_site_name":"Apfelpatient","article_publisher":"https:\/\/www.facebook.com\/apfelpatientOfficial","article_author":"https:\/\/www.facebook.com\/apfelpatientOfficial","article_published_time":"2019-01-04T13:59:39+00:00","og_image":[{"width":1142,"height":900,"url":"https:\/\/www.apfelpatient.de\/wp-content\/uploads\/2018\/08\/iPhone8-iPhone8PLUS-PRODUCT-RED_angled-back_041018.jpg","type":"image\/jpeg"}],"author":"Milan","twitter_card":"summary_large_image","twitter_misc":{"Written by":"Milan","Est. reading time":"1 minute"},"schema":{"@context":"https:\/\/schema.org","@graph":[{"@type":"NewsArticle","@id":"https:\/\/www.apfelpatient.de\/news\/iphone-verkaufsverbot-apple-geht-in-berufung#article","isPartOf":{"@id":"https:\/\/www.apfelpatient.de\/news\/iphone-verkaufsverbot-apple-geht-in-berufung"},"author":{"@type":"Organization","@id":"https:\/\/www.apfelpatient.de\/en\/#organization","name":"Apfelpatient","url":"https:\/\/www.apfelpatient.de\/en\/"},"headline":"iPhone-Verkaufsverbot: Apple geht in Berufung","datePublished":"2019-01-04T13:59:39+00:00","mainEntityOfPage":{"@id":"https:\/\/www.apfelpatient.de\/news\/iphone-verkaufsverbot-apple-geht-in-berufung"},"wordCount":238,"commentCount":0,"publisher":{"@type":"Organization","@id":"https:\/\/www.apfelpatient.de\/en\/#organization","name":"Apfelpatient","url":"https:\/\/www.apfelpatient.de\/en\/"},"image":{"@id":"https:\/\/www.apfelpatient.de\/news\/iphone-verkaufsverbot-apple-geht-in-berufung#primaryimage"},"thumbnailUrl":"https:\/\/www.apfelpatient.de\/wp-content\/uploads\/2018\/08\/iPhone8-iPhone8PLUS-PRODUCT-RED_angled-back_041018.jpg","keywords":["Apple","iPhone","Qualcomm"],"articleSection":"News","inLanguage":"en-US","potentialAction":[{"@type":"CommentAction","name":"Comment","target":["https:\/\/www.apfelpatient.de\/news\/iphone-verkaufsverbot-apple-geht-in-berufung#respond"]}],"copyrightYear":"2019","copyrightHolder":{"@id":"https:\/\/www.apfelpatient.de\/en\/#organization"}},{"@type":"WebPage","@id":"https:\/\/www.apfelpatient.de\/news\/iphone-verkaufsverbot-apple-geht-in-berufung","url":"https:\/\/www.apfelpatient.de\/news\/iphone-verkaufsverbot-apple-geht-in-berufung","name":"iPhone sales ban: Apple appeals Apfelpatient","isPartOf":{"@id":"https:\/\/www.apfelpatient.de\/#website"},"primaryImageOfPage":{"@id":"https:\/\/www.apfelpatient.de\/news\/iphone-verkaufsverbot-apple-geht-in-berufung#primaryimage"},"image":{"@id":"https:\/\/www.apfelpatient.de\/news\/iphone-verkaufsverbot-apple-geht-in-berufung#primaryimage"},"thumbnailUrl":"https:\/\/www.apfelpatient.de\/wp-content\/uploads\/2018\/08\/iPhone8-iPhone8PLUS-PRODUCT-RED_angled-back_041018.jpg","datePublished":"2019-01-04T13:59:39+00:00","description":"Apple has appealed, as announced in December - a spokeswoman for the Munich district court announced this on Friday. Qualcomm has","breadcrumb":{"@id":"https:\/\/www.apfelpatient.de\/news\/iphone-verkaufsverbot-apple-geht-in-berufung#breadcrumb"},"inLanguage":"en-US","potentialAction":[{"@type":"ReadAction","target":["https:\/\/www.apfelpatient.de\/news\/iphone-verkaufsverbot-apple-geht-in-berufung"]}]},{"@type":"ImageObject","inLanguage":"en-US","@id":"https:\/\/www.apfelpatient.de\/news\/iphone-verkaufsverbot-apple-geht-in-berufung#primaryimage","url":"https:\/\/www.apfelpatient.de\/wp-content\/uploads\/2018\/08\/iPhone8-iPhone8PLUS-PRODUCT-RED_angled-back_041018.jpg","contentUrl":"https:\/\/www.apfelpatient.de\/wp-content\/uploads\/2018\/08\/iPhone8-iPhone8PLUS-PRODUCT-RED_angled-back_041018.jpg","width":1142,"height":900,"caption":"Bild: Apple"},{"@type":"BreadcrumbList","@id":"https:\/\/www.apfelpatient.de\/news\/iphone-verkaufsverbot-apple-geht-in-berufung#breadcrumb","itemListElement":[{"@type":"ListItem","position":1,"name":"Startseite","item":"https:\/\/www.apfelpatient.de\/"},{"@type":"ListItem","position":2,"name":"iPhone-Verkaufsverbot: Apple geht in Berufung"}]},{"@type":"WebSite","@id":"https:\/\/www.apfelpatient.de\/#website","url":"https:\/\/www.apfelpatient.de\/","name":"apple patient","description":"Everything about Apple!","publisher":{"@type":"Organization","@id":"https:\/\/www.apfelpatient.de\/en\/#organization","name":"Apfelpatient","url":"https:\/\/www.apfelpatient.de\/en\/"},"alternateName":"Apfelpatient","potentialAction":[{"@type":"SearchAction","target":{"@type":"EntryPoint","urlTemplate":"https:\/\/www.apfelpatient.de\/?s={search_term_string}"},"query-input":{"@type":"PropertyValueSpecification","valueRequired":true,"valueName":"search_term_string"}}],"inLanguage":"en-US"},{"@type":["Person","Organization"],"@id":"https:\/\/www.apfelpatient.de\/#\/schema\/person\/7dc56ad6c8e9824b76d2c08d4c140e13","name":"Milan","logo":{"@id":"https:\/\/www.apfelpatient.de\/#\/schema\/person\/image\/"},"description":"Hello and welcome to my technology blog! As a big Apple fan, I report on everything to do with Apple: from the latest news and exciting rumors to helpful tips and tricks and detailed product tests. If you are as enthusiastic about technology as I am, you have come to the right place!","sameAs":["https:\/\/www.facebook.com\/apfelpatientOfficial","https:\/\/www.linkedin.com\/in\/milan-jovicic-42aa0231b"],"url":"https:\/\/www.apfelpatient.de\/en\/author\/apfeladmin"}]}},"_links":{"self":[{"href":"https:\/\/www.apfelpatient.de\/en\/wp-json\/wp\/v2\/posts\/2991","targetHints":{"allow":["GET"]}}],"collection":[{"href":"https:\/\/www.apfelpatient.de\/en\/wp-json\/wp\/v2\/posts"}],"about":[{"href":"https:\/\/www.apfelpatient.de\/en\/wp-json\/wp\/v2\/types\/post"}],"author":[{"embeddable":true,"href":"https:\/\/www.apfelpatient.de\/en\/wp-json\/wp\/v2\/users\/2"}],"replies":[{"embeddable":true,"href":"https:\/\/www.apfelpatient.de\/en\/wp-json\/wp\/v2\/comments?post=2991"}],"version-history":[{"count":0,"href":"https:\/\/www.apfelpatient.de\/en\/wp-json\/wp\/v2\/posts\/2991\/revisions"}],"wp:featuredmedia":[{"embeddable":true,"href":"https:\/\/www.apfelpatient.de\/en\/wp-json\/wp\/v2\/media\/1757"}],"wp:attachment":[{"href":"https:\/\/www.apfelpatient.de\/en\/wp-json\/wp\/v2\/media?parent=2991"}],"wp:term":[{"taxonomy":"category","embeddable":true,"href":"https:\/\/www.apfelpatient.de\/en\/wp-json\/wp\/v2\/categories?post=2991"},{"taxonomy":"post_tag","embeddable":true,"href":"https:\/\/www.apfelpatient.de\/en\/wp-json\/wp\/v2\/tags?post=2991"}],"curies":[{"name":"wp","href":"https:\/\/api.w.org\/{rel}","templated":true}]}}