{"id":29906,"date":"2022-01-30T18:13:50","date_gmt":"2022-01-30T17:13:50","guid":{"rendered":"https:\/\/www.apfelpatient.de\/?p=29906"},"modified":"2022-01-30T18:13:51","modified_gmt":"2022-01-30T17:13:51","slug":"apple-is-planning-a-big-update-for-imac-pro-airpods-pro","status":"publish","type":"post","link":"https:\/\/www.apfelpatient.de\/en\/rumors\/apple-plant-grosses-update-fuer-imac-pro-airpods-pro","title":{"rendered":"Apple plans major update for iMac Pro &amp; AirPods Pro"},"content":{"rendered":"<p class=\"has-drop-cap\"><strong>Apple&#039;s plans for 2022 include a redesign of the iMac Pro, a major update to the AirPods Pro, and a number of other product launches, a new report once again highlights.<\/strong><\/p>\n\n\n\n<p>Apple is widely expected to unveil a variety of product updates in 2022, including the typical iPhone launch in the fall. A new report says that the return of the iMac Pro is also planned. In the Bloomberg newsletter &quot;Power On&quot; <a href=\"https:\/\/www.bloomberg.com\/news\/newsletters\/2022-01-30\/will-apple-aapl-buy-peloton-probably-not-kz1dkcm7\" target=\"_blank\" rel=\"noreferrer noopener\">explained<\/a> Mark Gurman shares his expectations for product launches in 2022, talking about an iMac that will be \u201cbigger than the current 24-inch iMac\u201d and which he believes will carry the iMac Pro brand.<\/p>\n\n\n\n<h3 class=\"wp-block-heading\" id=\"h-neuer-imac-pro-konnte-mit-vierter-m1-chipvariante-erscheinen\">New iMac Pro could appear with fourth M1 chip variant<\/h3>\n\n\n\n<p>According to his prediction, the model will have &quot;similar chips to the M1 Pro and M1 Max processors.&quot; The device will also receive a facelift that will give it a &quot;similar design&quot; to the 24-inch iMac. These claims are not surprising, as they line up with previous rumors that suggested a new iMac Pro model in early 2022. In December, a report said the device would have a 27-inch display with mini-LED backlighting and support for 120Hz ProMotion. The statements about the processor are also not new. It was previously claimed that Apple will introduce a fourth M1 chip variant with the device. Gurman also mentioned the AirPods Pro in his newsletter, which will reportedly receive a &quot;major update&quot; later this year.<\/p>\n\n\n\n<h3 class=\"wp-block-heading\" id=\"airpods-pro-2-neues-design-und-mehr\">AirPods Pro 2: New design and more<\/h3>\n\n\n\n\n\n\n\n<p>Rumors suggest that the AirPods Pro 2 could be released sometime in fall 2022 and feature a new design that reduces or completely removes the stem. According to various sources, the AirPods will support lossless playback and will receive new features such as case tracking and health sensors thanks to improved processing. Finally, Gurman reiterated his prediction that Apple will hold an event in March or April and unveil the iPhone SE with 5G, a new iPad Air, and a new Apple Silicon Mac.<\/p>\n\n\n\n<ul class=\"wp-block-list\"><li><a href=\"https:\/\/www.apfelpatient.de\/en\/tests-experience-reports\/anker-2-in-1-charging-station-with-removable-magnetic-battery-in-hands-on\">Anker 2-in-1 charging station with removable magnetic battery in hands-on<\/a><\/li><\/ul>\n\n\n\n<h6 class=\"wp-block-heading translation-block\" id=\"h-kennt-ihr-schon-unsere-amazon-storefront-dort-findet-ihr-eine-handverlesene-auswahl-von-diversen-produkten-f-r-euer-iphone-und-co-viel-spa-beim-st-bern\"><em>Have you already visited our Amazon Storefront? There you&#039;ll find a hand-picked selection of various products for your iPhone and other devices \u2013 <span class=\"has-inline-color has-vivid-red-color\"><a href=\"https:\/\/www.amazon.de\/shop\/apfelpatientofficial\" class=\"ek-link\" data-wpel-link=\"exclude\" rel=\"follow noopener\" target=\"_self\"><span style=\"text-decoration: underline\" class=\"ek-underline\">enjoy browsing<\/span><\/a> !<\/span><\/em><\/h6>\n\n\n\n<h6 class=\"wp-block-heading translation-block\" id=\"h-der-beitrag-enthalt-partnerlinks\">This post contains <a data-type=\"URL\" data-id=\"https:\/\/www.apfelpatient.de\/partnerprogramm\" href=\"https:\/\/www.apfelpatient.de\/en\/partner-program\" data-wpel-link=\"internal\" target=\"_self\">affiliate links<\/a>.<\/h6>","protected":false},"excerpt":{"rendered":"<p>Apple&#039;s plans for 2022 include a redesign of the iMac Pro, a major update to the AirPods Pro, and a number of other product launches.<\/p>","protected":false},"author":2,"featured_media":29904,"comment_status":"closed","ping_status":"closed","sticky":false,"template":"","format":"standard","meta":{"jnews-multi-image_gallery":[],"jnews_single_post":{"subtitle":"","format":"standard","video":"","gallery":"","source_name":"","source_url":"","via_name":"","via_url":"","override":[{"single_blog_custom":"","sidebar":"","second_sidebar":"","share_position":"","share_float_style":"","post_date_format":"","post_date_format_custom":"","post_reading_time_wpm":"","zoom_button_out_step":"1","zoom_button_in_step":"1","number_popup_post":"1"}],"image_override":[{"single_post_thumbnail_size":"","single_post_gallery_size":""}],"trending_post_position":"","trending_post_label":"","sponsored_post_label":"","sponsored_post_name":"","sponsored_post_url":"","sponsored_post_logo":"","sponsored_post_desc":""},"jnews_primary_category":{"id":"25"},"footnotes":""},"categories":[25],"tags":[28,40],"class_list":["post-29906","post","type-post","status-publish","format-standard","has-post-thumbnail","hentry","category-rumors","tag-airpods","tag-mac"],"yoast_head":"<!-- This site is optimized with the Yoast SEO Premium plugin v27.5 (Yoast SEO v27.5) - https:\/\/yoast.com\/product\/yoast-seo-premium-wordpress\/ -->\n<title>Apple plant gro\u00dfes Update f\u00fcr iMac Pro &amp; AirPods Pro Apfelpatient<\/title>\n<meta name=\"description\" content=\"Apples Pl\u00e4ne f\u00fcr 2022 beinhalten ein Redesign des iMac Pro, ein gro\u00dfes Update f\u00fcr die AirPods Pro und eine Reihe anderer Produkteinf\u00fchrungen.\" \/>\n<meta name=\"robots\" content=\"index, follow, max-snippet:-1, max-image-preview:large, max-video-preview:-1\" \/>\n<link rel=\"canonical\" href=\"https:\/\/www.apfelpatient.de\/en\/rumors\/apple-is-planning-a-big-update-for-imac-pro-airpods-pro\" \/>\n<meta property=\"og:locale\" content=\"en_US\" \/>\n<meta property=\"og:type\" content=\"article\" \/>\n<meta property=\"og:title\" content=\"Apple plant gro\u00dfes Update f\u00fcr iMac Pro &amp; AirPods Pro\" \/>\n<meta property=\"og:description\" content=\"Apples Pl\u00e4ne f\u00fcr 2022 beinhalten ein Redesign des iMac Pro, ein gro\u00dfes Update f\u00fcr die AirPods Pro und eine Reihe anderer Produkteinf\u00fchrungen.\" \/>\n<meta property=\"og:url\" content=\"https:\/\/www.apfelpatient.de\/en\/rumors\/apple-is-planning-a-big-update-for-imac-pro-airpods-pro\" \/>\n<meta property=\"og:site_name\" content=\"Apfelpatient\" \/>\n<meta property=\"article:publisher\" content=\"https:\/\/www.facebook.com\/apfelpatientOfficial\" \/>\n<meta property=\"article:author\" content=\"https:\/\/www.facebook.com\/apfelpatientOfficial\" \/>\n<meta property=\"article:published_time\" content=\"2022-01-30T17:13:50+00:00\" \/>\n<meta property=\"article:modified_time\" content=\"2022-01-30T17:13:51+00:00\" \/>\n<meta property=\"og:image\" content=\"https:\/\/www.apfelpatient.de\/wp-content\/uploads\/2022\/01\/5181C38C-93EB-4EE1-A68C-C8B25093E42B-1.png\" \/>\n\t<meta property=\"og:image:width\" content=\"1600\" \/>\n\t<meta property=\"og:image:height\" content=\"900\" \/>\n\t<meta property=\"og:image:type\" content=\"image\/png\" \/>\n<meta name=\"author\" content=\"Milan\" \/>\n<meta name=\"twitter:card\" content=\"summary_large_image\" \/>\n<meta name=\"twitter:description\" content=\"Apples Pl\u00e4ne f\u00fcr 2022 beinhalten ein Redesign des iMac Pro, ein gro\u00dfes Update f\u00fcr die AirPods Pro und eine Reihe anderer Produkteinf\u00fchrungen.\" \/>\n<meta name=\"twitter:label1\" content=\"Written by\" \/>\n\t<meta name=\"twitter:data1\" content=\"Milan\" \/>\n\t<meta name=\"twitter:label2\" content=\"Est. reading time\" \/>\n\t<meta name=\"twitter:data2\" content=\"2 minutes\" \/>\n<script type=\"application\/ld+json\" class=\"yoast-schema-graph\">{\"@context\":\"https:\\\/\\\/schema.org\",\"@graph\":[{\"@type\":\"NewsArticle\",\"@id\":\"https:\\\/\\\/www.apfelpatient.de\\\/rumors\\\/apple-plant-grosses-update-fuer-imac-pro-airpods-pro#article\",\"isPartOf\":{\"@id\":\"https:\\\/\\\/www.apfelpatient.de\\\/rumors\\\/apple-plant-grosses-update-fuer-imac-pro-airpods-pro\"},\"author\":{\"@type\":\"Organization\",\"@id\":\"https:\\\/\\\/www.apfelpatient.de\\\/en\\\/#organization\",\"name\":\"Apfelpatient\",\"url\":\"https:\\\/\\\/www.apfelpatient.de\\\/en\\\/\"},\"headline\":\"Apple plant gro\u00dfes Update f\u00fcr iMac Pro &amp; AirPods Pro\",\"datePublished\":\"2022-01-30T17:13:50+00:00\",\"dateModified\":\"2022-01-30T17:13:51+00:00\",\"mainEntityOfPage\":{\"@id\":\"https:\\\/\\\/www.apfelpatient.de\\\/rumors\\\/apple-plant-grosses-update-fuer-imac-pro-airpods-pro\"},\"wordCount\":370,\"publisher\":{\"@type\":\"Organization\",\"@id\":\"https:\\\/\\\/www.apfelpatient.de\\\/en\\\/#organization\",\"name\":\"Apfelpatient\",\"url\":\"https:\\\/\\\/www.apfelpatient.de\\\/en\\\/\"},\"image\":{\"@id\":\"https:\\\/\\\/www.apfelpatient.de\\\/rumors\\\/apple-plant-grosses-update-fuer-imac-pro-airpods-pro#primaryimage\"},\"thumbnailUrl\":\"https:\\\/\\\/www.apfelpatient.de\\\/wp-content\\\/uploads\\\/2022\\\/01\\\/5181C38C-93EB-4EE1-A68C-C8B25093E42B-1.png\",\"keywords\":[\"AirPods\",\"Mac\"],\"articleSection\":\"Rumors\",\"inLanguage\":\"en-US\",\"copyrightYear\":\"2022\",\"copyrightHolder\":{\"@id\":\"https:\\\/\\\/www.apfelpatient.de\\\/en\\\/#organization\"}},{\"@type\":\"WebPage\",\"@id\":\"https:\\\/\\\/www.apfelpatient.de\\\/rumors\\\/apple-plant-grosses-update-fuer-imac-pro-airpods-pro\",\"url\":\"https:\\\/\\\/www.apfelpatient.de\\\/rumors\\\/apple-plant-grosses-update-fuer-imac-pro-airpods-pro\",\"name\":\"Apple plant gro\u00dfes Update f\u00fcr iMac Pro &amp; AirPods Pro Apfelpatient\",\"isPartOf\":{\"@id\":\"https:\\\/\\\/www.apfelpatient.de\\\/#website\"},\"primaryImageOfPage\":{\"@id\":\"https:\\\/\\\/www.apfelpatient.de\\\/rumors\\\/apple-plant-grosses-update-fuer-imac-pro-airpods-pro#primaryimage\"},\"image\":{\"@id\":\"https:\\\/\\\/www.apfelpatient.de\\\/rumors\\\/apple-plant-grosses-update-fuer-imac-pro-airpods-pro#primaryimage\"},\"thumbnailUrl\":\"https:\\\/\\\/www.apfelpatient.de\\\/wp-content\\\/uploads\\\/2022\\\/01\\\/5181C38C-93EB-4EE1-A68C-C8B25093E42B-1.png\",\"datePublished\":\"2022-01-30T17:13:50+00:00\",\"dateModified\":\"2022-01-30T17:13:51+00:00\",\"description\":\"Apples Pl\u00e4ne f\u00fcr 2022 beinhalten ein Redesign des iMac Pro, ein gro\u00dfes Update f\u00fcr die AirPods Pro und eine Reihe anderer Produkteinf\u00fchrungen.\",\"breadcrumb\":{\"@id\":\"https:\\\/\\\/www.apfelpatient.de\\\/rumors\\\/apple-plant-grosses-update-fuer-imac-pro-airpods-pro#breadcrumb\"},\"inLanguage\":\"en-US\",\"potentialAction\":[{\"@type\":\"ReadAction\",\"target\":[\"https:\\\/\\\/www.apfelpatient.de\\\/rumors\\\/apple-plant-grosses-update-fuer-imac-pro-airpods-pro\"]}]},{\"@type\":\"ImageObject\",\"inLanguage\":\"en-US\",\"@id\":\"https:\\\/\\\/www.apfelpatient.de\\\/rumors\\\/apple-plant-grosses-update-fuer-imac-pro-airpods-pro#primaryimage\",\"url\":\"https:\\\/\\\/www.apfelpatient.de\\\/wp-content\\\/uploads\\\/2022\\\/01\\\/5181C38C-93EB-4EE1-A68C-C8B25093E42B-1.png\",\"contentUrl\":\"https:\\\/\\\/www.apfelpatient.de\\\/wp-content\\\/uploads\\\/2022\\\/01\\\/5181C38C-93EB-4EE1-A68C-C8B25093E42B-1.png\",\"width\":1600,\"height\":900,\"caption\":\"Bild: Apple\"},{\"@type\":\"BreadcrumbList\",\"@id\":\"https:\\\/\\\/www.apfelpatient.de\\\/rumors\\\/apple-plant-grosses-update-fuer-imac-pro-airpods-pro#breadcrumb\",\"itemListElement\":[{\"@type\":\"ListItem\",\"position\":1,\"name\":\"Startseite\",\"item\":\"https:\\\/\\\/www.apfelpatient.de\\\/\"},{\"@type\":\"ListItem\",\"position\":2,\"name\":\"Apple plant gro\u00dfes Update f\u00fcr iMac Pro &amp; AirPods Pro\"}]},{\"@type\":\"WebSite\",\"@id\":\"https:\\\/\\\/www.apfelpatient.de\\\/#website\",\"url\":\"https:\\\/\\\/www.apfelpatient.de\\\/\",\"name\":\"Apfelpatient\",\"description\":\"Alles rund um Apple!\",\"publisher\":{\"@type\":\"Organization\",\"@id\":\"https:\\\/\\\/www.apfelpatient.de\\\/en\\\/#organization\",\"name\":\"Apfelpatient\",\"url\":\"https:\\\/\\\/www.apfelpatient.de\\\/en\\\/\"},\"alternateName\":\"Apfelpatient\",\"potentialAction\":[{\"@type\":\"SearchAction\",\"target\":{\"@type\":\"EntryPoint\",\"urlTemplate\":\"https:\\\/\\\/www.apfelpatient.de\\\/?s={search_term_string}\"},\"query-input\":{\"@type\":\"PropertyValueSpecification\",\"valueRequired\":true,\"valueName\":\"search_term_string\"}}],\"inLanguage\":\"en-US\"},{\"@type\":[\"Person\",\"Organization\"],\"@id\":\"https:\\\/\\\/www.apfelpatient.de\\\/#\\\/schema\\\/person\\\/7dc56ad6c8e9824b76d2c08d4c140e13\",\"name\":\"Milan\",\"logo\":{\"@id\":\"https:\\\/\\\/www.apfelpatient.de\\\/#\\\/schema\\\/person\\\/image\\\/\"},\"description\":\"Hallo und herzlich willkommen auf meinem Technik-Blog! Als gro\u00dfer Apple-Fan berichte ich hier \u00fcber alles, was mit Apple zu tun hat: von den neuesten News und spannenden Ger\u00fcchten \u00fcber hilfreiche Tipps und Tricks bis hin zu ausf\u00fchrlichen Produkttests. Wenn du genauso technikbegeistert bist wie ich, bist du hier genau richtig!\",\"sameAs\":[\"https:\\\/\\\/www.facebook.com\\\/apfelpatientOfficial\",\"https:\\\/\\\/www.linkedin.com\\\/in\\\/milan-jovicic-42aa0231b\"],\"url\":\"https:\\\/\\\/www.apfelpatient.de\\\/en\\\/author\\\/apfeladmin\"}]}<\/script>\n<!-- \/ Yoast SEO Premium plugin. -->","yoast_head_json":{"title":"Apple plans major update for iMac Pro &amp; AirPods Pro Apfelpatient","description":"Apple&#039;s plans for 2022 include a redesign of the iMac Pro, a major update to the AirPods Pro, and a number of other product launches.","robots":{"index":"index","follow":"follow","max-snippet":"max-snippet:-1","max-image-preview":"max-image-preview:large","max-video-preview":"max-video-preview:-1"},"canonical":"https:\/\/www.apfelpatient.de\/en\/rumors\/apple-is-planning-a-big-update-for-imac-pro-airpods-pro","og_locale":"en_US","og_type":"article","og_title":"Apple plant gro\u00dfes Update f\u00fcr iMac Pro &amp; AirPods Pro","og_description":"Apples Pl\u00e4ne f\u00fcr 2022 beinhalten ein Redesign des iMac Pro, ein gro\u00dfes Update f\u00fcr die AirPods Pro und eine Reihe anderer Produkteinf\u00fchrungen.","og_url":"https:\/\/www.apfelpatient.de\/en\/rumors\/apple-is-planning-a-big-update-for-imac-pro-airpods-pro","og_site_name":"Apfelpatient","article_publisher":"https:\/\/www.facebook.com\/apfelpatientOfficial","article_author":"https:\/\/www.facebook.com\/apfelpatientOfficial","article_published_time":"2022-01-30T17:13:50+00:00","article_modified_time":"2022-01-30T17:13:51+00:00","og_image":[{"width":1600,"height":900,"url":"https:\/\/www.apfelpatient.de\/wp-content\/uploads\/2022\/01\/5181C38C-93EB-4EE1-A68C-C8B25093E42B-1.png","type":"image\/png"}],"author":"Milan","twitter_card":"summary_large_image","twitter_description":"Apples Pl\u00e4ne f\u00fcr 2022 beinhalten ein Redesign des iMac Pro, ein gro\u00dfes Update f\u00fcr die AirPods Pro und eine Reihe anderer Produkteinf\u00fchrungen.","twitter_misc":{"Written by":"Milan","Est. reading time":"2 minutes"},"schema":{"@context":"https:\/\/schema.org","@graph":[{"@type":"NewsArticle","@id":"https:\/\/www.apfelpatient.de\/rumors\/apple-plant-grosses-update-fuer-imac-pro-airpods-pro#article","isPartOf":{"@id":"https:\/\/www.apfelpatient.de\/rumors\/apple-plant-grosses-update-fuer-imac-pro-airpods-pro"},"author":{"@type":"Organization","@id":"https:\/\/www.apfelpatient.de\/en\/#organization","name":"Apfelpatient","url":"https:\/\/www.apfelpatient.de\/en\/"},"headline":"Apple plant gro\u00dfes Update f\u00fcr iMac Pro &amp; AirPods Pro","datePublished":"2022-01-30T17:13:50+00:00","dateModified":"2022-01-30T17:13:51+00:00","mainEntityOfPage":{"@id":"https:\/\/www.apfelpatient.de\/rumors\/apple-plant-grosses-update-fuer-imac-pro-airpods-pro"},"wordCount":370,"publisher":{"@type":"Organization","@id":"https:\/\/www.apfelpatient.de\/en\/#organization","name":"Apfelpatient","url":"https:\/\/www.apfelpatient.de\/en\/"},"image":{"@id":"https:\/\/www.apfelpatient.de\/rumors\/apple-plant-grosses-update-fuer-imac-pro-airpods-pro#primaryimage"},"thumbnailUrl":"https:\/\/www.apfelpatient.de\/wp-content\/uploads\/2022\/01\/5181C38C-93EB-4EE1-A68C-C8B25093E42B-1.png","keywords":["AirPods","Mac"],"articleSection":"Rumors","inLanguage":"en-US","copyrightYear":"2022","copyrightHolder":{"@id":"https:\/\/www.apfelpatient.de\/en\/#organization"}},{"@type":"WebPage","@id":"https:\/\/www.apfelpatient.de\/rumors\/apple-plant-grosses-update-fuer-imac-pro-airpods-pro","url":"https:\/\/www.apfelpatient.de\/rumors\/apple-plant-grosses-update-fuer-imac-pro-airpods-pro","name":"Apple plans major update for iMac Pro &amp; AirPods Pro Apfelpatient","isPartOf":{"@id":"https:\/\/www.apfelpatient.de\/#website"},"primaryImageOfPage":{"@id":"https:\/\/www.apfelpatient.de\/rumors\/apple-plant-grosses-update-fuer-imac-pro-airpods-pro#primaryimage"},"image":{"@id":"https:\/\/www.apfelpatient.de\/rumors\/apple-plant-grosses-update-fuer-imac-pro-airpods-pro#primaryimage"},"thumbnailUrl":"https:\/\/www.apfelpatient.de\/wp-content\/uploads\/2022\/01\/5181C38C-93EB-4EE1-A68C-C8B25093E42B-1.png","datePublished":"2022-01-30T17:13:50+00:00","dateModified":"2022-01-30T17:13:51+00:00","description":"Apple&#039;s plans for 2022 include a redesign of the iMac Pro, a major update to the AirPods Pro, and a number of other product launches.","breadcrumb":{"@id":"https:\/\/www.apfelpatient.de\/rumors\/apple-plant-grosses-update-fuer-imac-pro-airpods-pro#breadcrumb"},"inLanguage":"en-US","potentialAction":[{"@type":"ReadAction","target":["https:\/\/www.apfelpatient.de\/rumors\/apple-plant-grosses-update-fuer-imac-pro-airpods-pro"]}]},{"@type":"ImageObject","inLanguage":"en-US","@id":"https:\/\/www.apfelpatient.de\/rumors\/apple-plant-grosses-update-fuer-imac-pro-airpods-pro#primaryimage","url":"https:\/\/www.apfelpatient.de\/wp-content\/uploads\/2022\/01\/5181C38C-93EB-4EE1-A68C-C8B25093E42B-1.png","contentUrl":"https:\/\/www.apfelpatient.de\/wp-content\/uploads\/2022\/01\/5181C38C-93EB-4EE1-A68C-C8B25093E42B-1.png","width":1600,"height":900,"caption":"Bild: Apple"},{"@type":"BreadcrumbList","@id":"https:\/\/www.apfelpatient.de\/rumors\/apple-plant-grosses-update-fuer-imac-pro-airpods-pro#breadcrumb","itemListElement":[{"@type":"ListItem","position":1,"name":"Startseite","item":"https:\/\/www.apfelpatient.de\/"},{"@type":"ListItem","position":2,"name":"Apple plant gro\u00dfes Update f\u00fcr iMac Pro &amp; AirPods Pro"}]},{"@type":"WebSite","@id":"https:\/\/www.apfelpatient.de\/#website","url":"https:\/\/www.apfelpatient.de\/","name":"apple patient","description":"Everything about Apple!","publisher":{"@type":"Organization","@id":"https:\/\/www.apfelpatient.de\/en\/#organization","name":"Apfelpatient","url":"https:\/\/www.apfelpatient.de\/en\/"},"alternateName":"Apfelpatient","potentialAction":[{"@type":"SearchAction","target":{"@type":"EntryPoint","urlTemplate":"https:\/\/www.apfelpatient.de\/?s={search_term_string}"},"query-input":{"@type":"PropertyValueSpecification","valueRequired":true,"valueName":"search_term_string"}}],"inLanguage":"en-US"},{"@type":["Person","Organization"],"@id":"https:\/\/www.apfelpatient.de\/#\/schema\/person\/7dc56ad6c8e9824b76d2c08d4c140e13","name":"Milan","logo":{"@id":"https:\/\/www.apfelpatient.de\/#\/schema\/person\/image\/"},"description":"Hello and welcome to my technology blog! As a big Apple fan, I report on everything to do with Apple: from the latest news and exciting rumors to helpful tips and tricks and detailed product tests. If you are as enthusiastic about technology as I am, you have come to the right place!","sameAs":["https:\/\/www.facebook.com\/apfelpatientOfficial","https:\/\/www.linkedin.com\/in\/milan-jovicic-42aa0231b"],"url":"https:\/\/www.apfelpatient.de\/en\/author\/apfeladmin"}]}},"_links":{"self":[{"href":"https:\/\/www.apfelpatient.de\/en\/wp-json\/wp\/v2\/posts\/29906","targetHints":{"allow":["GET"]}}],"collection":[{"href":"https:\/\/www.apfelpatient.de\/en\/wp-json\/wp\/v2\/posts"}],"about":[{"href":"https:\/\/www.apfelpatient.de\/en\/wp-json\/wp\/v2\/types\/post"}],"author":[{"embeddable":true,"href":"https:\/\/www.apfelpatient.de\/en\/wp-json\/wp\/v2\/users\/2"}],"replies":[{"embeddable":true,"href":"https:\/\/www.apfelpatient.de\/en\/wp-json\/wp\/v2\/comments?post=29906"}],"version-history":[{"count":0,"href":"https:\/\/www.apfelpatient.de\/en\/wp-json\/wp\/v2\/posts\/29906\/revisions"}],"wp:featuredmedia":[{"embeddable":true,"href":"https:\/\/www.apfelpatient.de\/en\/wp-json\/wp\/v2\/media\/29904"}],"wp:attachment":[{"href":"https:\/\/www.apfelpatient.de\/en\/wp-json\/wp\/v2\/media?parent=29906"}],"wp:term":[{"taxonomy":"category","embeddable":true,"href":"https:\/\/www.apfelpatient.de\/en\/wp-json\/wp\/v2\/categories?post=29906"},{"taxonomy":"post_tag","embeddable":true,"href":"https:\/\/www.apfelpatient.de\/en\/wp-json\/wp\/v2\/tags?post=29906"}],"curies":[{"name":"wp","href":"https:\/\/api.w.org\/{rel}","templated":true}]}}