{"id":2988,"date":"2019-01-03T18:24:45","date_gmt":"2019-01-03T17:24:45","guid":{"rendered":"https:\/\/www.apfelpatient.de\/?p=2988"},"modified":"2019-01-03T18:24:45","modified_gmt":"2019-01-03T17:24:45","slug":"ios-13-spotted-for-the-first-time","status":"publish","type":"post","link":"https:\/\/www.apfelpatient.de\/en\/news\/ios-13-erstmals-gesichtet","title":{"rendered":"iOS 13 spotted for the first time"},"content":{"rendered":"<p><strong>Apple traditionally presents its new operating systems every year at the WWDC (Worldwide Developers Conference). The first devices with iOS 13 have now been spotted on the web.<\/strong><\/p>\n<p class=\"p1\"><\/p>\n<p>Everyone knows that Apple is constantly working on the further development of its products. Now Cupertino seems to have moved on to the next phase in terms of software.<\/p>\n<p><strong>iOS 13 visits US website<\/strong><\/p>\n<p>The news portal MacRumors has now published an analysis of its website statistics from Google Analytics from December 2018. The analysis registered visitor devices with iOS 13 from Apple&#039;s internal network. According to the report, however, the number of these is not known. Little is known about iOS 13 so far. Some functions should have been introduced with iOS 12, but they were postponed by Apple to an unknown date.<\/p>\n<p><strong>Few rumors in circulation<\/strong><\/p>\n<p class=\"p1\"><\/p>\n<p>Observers assume that Apple will add these with iOS 13. According to current rumors, the new iOS is supposed to increase productivity on the iPad. This includes a revised file app and the introduction of tabs within open apps. There was also talk of a new split screen - this should make it possible to open an app in two versions.<\/p>\n<p>It is expected that Apple will present the operating systems watchOS 6, tvOS 13 and macOS 10.15 in addition to iOS 13 at the WWDC 2019 (Worldwide Developers Conference).<\/p>\n<h5><a href=\"https:\/\/t.me\/apfelpatient_official\"><em><strong>Don&#039;t want to miss any more news? Then subscribe to our Telegram channel here<\/strong><\/em><\/a><\/h5>","protected":false},"excerpt":{"rendered":"<p>Traditionell stellt Apple j\u00e4hrlich die neuen Betriebssysteme auf der WWDC (Worldwide Developers Conference) vor. Nun wurden bereits erste Ger\u00e4te mit iOS 13 im Web gesichtet. Das Apple stetig an der Weiterentwicklung seiner Produkte arbeitet ist jedem bekannt. Nun scheint Cupertino in Sachen Software in die n\u00e4chste Phase \u00fcbergegangen zu sein. iOS 13 besucht US-Webseite Das [&hellip;]<\/p>\n","protected":false},"author":2,"featured_media":2989,"comment_status":"open","ping_status":"open","sticky":false,"template":"","format":"standard","meta":{"jnews-multi-image_gallery":[],"jnews_single_post":[],"jnews_primary_category":[],"footnotes":""},"categories":[9],"tags":[3,199,8,4,200,95,201,21,202,203],"class_list":["post-2988","post","type-post","status-publish","format-standard","has-post-thumbnail","hentry","category-news","tag-ios","tag-ios-13","tag-iphone","tag-macos","tag-macos-10-15","tag-tvos","tag-tvos-13","tag-watchos","tag-watchos-6","tag-wwdc"],"yoast_head":"<!-- This site is optimized with the Yoast SEO Premium plugin v27.5 (Yoast SEO v27.5) - https:\/\/yoast.com\/product\/yoast-seo-premium-wordpress\/ -->\n<title>iOS 13 erstmals gesichtet Apfelpatient<\/title>\n<meta name=\"description\" content=\"Traditionell stellt Apple j\u00e4hrlich die neuen Betriebssysteme auf der WWDC (Worldwide Developers Conference) vor. Nun wurden bereits erste Ger\u00e4te mit iOS\" \/>\n<meta name=\"robots\" content=\"index, follow, max-snippet:-1, max-image-preview:large, max-video-preview:-1\" \/>\n<link rel=\"canonical\" href=\"https:\/\/www.apfelpatient.de\/en\/news\/ios-13-spotted-for-the-first-time\" \/>\n<meta property=\"og:locale\" content=\"en_US\" \/>\n<meta property=\"og:type\" content=\"article\" \/>\n<meta property=\"og:title\" content=\"iOS 13 erstmals gesichtet\" \/>\n<meta property=\"og:description\" content=\"Traditionell stellt Apple j\u00e4hrlich die neuen Betriebssysteme auf der WWDC (Worldwide Developers Conference) vor. Nun wurden bereits erste Ger\u00e4te mit iOS\" \/>\n<meta property=\"og:url\" content=\"https:\/\/www.apfelpatient.de\/en\/news\/ios-13-spotted-for-the-first-time\" \/>\n<meta property=\"og:site_name\" content=\"Apfelpatient\" \/>\n<meta property=\"article:publisher\" content=\"https:\/\/www.facebook.com\/apfelpatientOfficial\" \/>\n<meta property=\"article:author\" content=\"https:\/\/www.facebook.com\/apfelpatientOfficial\" \/>\n<meta property=\"article:published_time\" content=\"2019-01-03T17:24:45+00:00\" \/>\n<meta property=\"og:image\" content=\"https:\/\/www.apfelpatient.de\/wp-content\/uploads\/2019\/01\/yura-fresh-760055-unsplash.jpg\" \/>\n\t<meta property=\"og:image:width\" content=\"5760\" \/>\n\t<meta property=\"og:image:height\" content=\"3240\" \/>\n\t<meta property=\"og:image:type\" content=\"image\/jpeg\" \/>\n<meta name=\"author\" content=\"Milan\" \/>\n<meta name=\"twitter:card\" content=\"summary_large_image\" \/>\n<meta name=\"twitter:label1\" content=\"Written by\" \/>\n\t<meta name=\"twitter:data1\" content=\"Milan\" \/>\n\t<meta name=\"twitter:label2\" content=\"Est. reading time\" \/>\n\t<meta name=\"twitter:data2\" content=\"1 minute\" \/>\n<script type=\"application\/ld+json\" class=\"yoast-schema-graph\">{\"@context\":\"https:\\\/\\\/schema.org\",\"@graph\":[{\"@type\":\"NewsArticle\",\"@id\":\"https:\\\/\\\/www.apfelpatient.de\\\/news\\\/ios-13-erstmals-gesichtet#article\",\"isPartOf\":{\"@id\":\"https:\\\/\\\/www.apfelpatient.de\\\/news\\\/ios-13-erstmals-gesichtet\"},\"author\":{\"@type\":\"Organization\",\"@id\":\"https:\\\/\\\/www.apfelpatient.de\\\/en\\\/#organization\",\"name\":\"Apfelpatient\",\"url\":\"https:\\\/\\\/www.apfelpatient.de\\\/en\\\/\"},\"headline\":\"iOS 13 erstmals gesichtet\",\"datePublished\":\"2019-01-03T17:24:45+00:00\",\"mainEntityOfPage\":{\"@id\":\"https:\\\/\\\/www.apfelpatient.de\\\/news\\\/ios-13-erstmals-gesichtet\"},\"wordCount\":231,\"commentCount\":0,\"publisher\":{\"@type\":\"Organization\",\"@id\":\"https:\\\/\\\/www.apfelpatient.de\\\/en\\\/#organization\",\"name\":\"Apfelpatient\",\"url\":\"https:\\\/\\\/www.apfelpatient.de\\\/en\\\/\"},\"image\":{\"@id\":\"https:\\\/\\\/www.apfelpatient.de\\\/news\\\/ios-13-erstmals-gesichtet#primaryimage\"},\"thumbnailUrl\":\"https:\\\/\\\/www.apfelpatient.de\\\/wp-content\\\/uploads\\\/2019\\\/01\\\/yura-fresh-760055-unsplash.jpg\",\"keywords\":[\"iOS\",\"iOS 13\",\"iPhone\",\"macOS\",\"macOS 10.15\",\"tvOS\",\"tvOS 13\",\"watchOS\",\"watchOS 6\",\"WWDC\"],\"articleSection\":\"News\",\"inLanguage\":\"en-US\",\"potentialAction\":[{\"@type\":\"CommentAction\",\"name\":\"Comment\",\"target\":[\"https:\\\/\\\/www.apfelpatient.de\\\/news\\\/ios-13-erstmals-gesichtet#respond\"]}],\"copyrightYear\":\"2019\",\"copyrightHolder\":{\"@id\":\"https:\\\/\\\/www.apfelpatient.de\\\/en\\\/#organization\"}},{\"@type\":\"WebPage\",\"@id\":\"https:\\\/\\\/www.apfelpatient.de\\\/news\\\/ios-13-erstmals-gesichtet\",\"url\":\"https:\\\/\\\/www.apfelpatient.de\\\/news\\\/ios-13-erstmals-gesichtet\",\"name\":\"iOS 13 erstmals gesichtet Apfelpatient\",\"isPartOf\":{\"@id\":\"https:\\\/\\\/www.apfelpatient.de\\\/#website\"},\"primaryImageOfPage\":{\"@id\":\"https:\\\/\\\/www.apfelpatient.de\\\/news\\\/ios-13-erstmals-gesichtet#primaryimage\"},\"image\":{\"@id\":\"https:\\\/\\\/www.apfelpatient.de\\\/news\\\/ios-13-erstmals-gesichtet#primaryimage\"},\"thumbnailUrl\":\"https:\\\/\\\/www.apfelpatient.de\\\/wp-content\\\/uploads\\\/2019\\\/01\\\/yura-fresh-760055-unsplash.jpg\",\"datePublished\":\"2019-01-03T17:24:45+00:00\",\"description\":\"Traditionell stellt Apple j\u00e4hrlich die neuen Betriebssysteme auf der WWDC (Worldwide Developers Conference) vor. Nun wurden bereits erste Ger\u00e4te mit iOS\",\"breadcrumb\":{\"@id\":\"https:\\\/\\\/www.apfelpatient.de\\\/news\\\/ios-13-erstmals-gesichtet#breadcrumb\"},\"inLanguage\":\"en-US\",\"potentialAction\":[{\"@type\":\"ReadAction\",\"target\":[\"https:\\\/\\\/www.apfelpatient.de\\\/news\\\/ios-13-erstmals-gesichtet\"]}]},{\"@type\":\"ImageObject\",\"inLanguage\":\"en-US\",\"@id\":\"https:\\\/\\\/www.apfelpatient.de\\\/news\\\/ios-13-erstmals-gesichtet#primaryimage\",\"url\":\"https:\\\/\\\/www.apfelpatient.de\\\/wp-content\\\/uploads\\\/2019\\\/01\\\/yura-fresh-760055-unsplash.jpg\",\"contentUrl\":\"https:\\\/\\\/www.apfelpatient.de\\\/wp-content\\\/uploads\\\/2019\\\/01\\\/yura-fresh-760055-unsplash.jpg\",\"width\":5760,\"height\":3240,\"caption\":\"Photo by Unsplash\"},{\"@type\":\"BreadcrumbList\",\"@id\":\"https:\\\/\\\/www.apfelpatient.de\\\/news\\\/ios-13-erstmals-gesichtet#breadcrumb\",\"itemListElement\":[{\"@type\":\"ListItem\",\"position\":1,\"name\":\"Startseite\",\"item\":\"https:\\\/\\\/www.apfelpatient.de\\\/\"},{\"@type\":\"ListItem\",\"position\":2,\"name\":\"iOS 13 erstmals gesichtet\"}]},{\"@type\":\"WebSite\",\"@id\":\"https:\\\/\\\/www.apfelpatient.de\\\/#website\",\"url\":\"https:\\\/\\\/www.apfelpatient.de\\\/\",\"name\":\"Apfelpatient\",\"description\":\"Alles rund um Apple!\",\"publisher\":{\"@type\":\"Organization\",\"@id\":\"https:\\\/\\\/www.apfelpatient.de\\\/en\\\/#organization\",\"name\":\"Apfelpatient\",\"url\":\"https:\\\/\\\/www.apfelpatient.de\\\/en\\\/\"},\"alternateName\":\"Apfelpatient\",\"potentialAction\":[{\"@type\":\"SearchAction\",\"target\":{\"@type\":\"EntryPoint\",\"urlTemplate\":\"https:\\\/\\\/www.apfelpatient.de\\\/?s={search_term_string}\"},\"query-input\":{\"@type\":\"PropertyValueSpecification\",\"valueRequired\":true,\"valueName\":\"search_term_string\"}}],\"inLanguage\":\"en-US\"},{\"@type\":[\"Person\",\"Organization\"],\"@id\":\"https:\\\/\\\/www.apfelpatient.de\\\/#\\\/schema\\\/person\\\/7dc56ad6c8e9824b76d2c08d4c140e13\",\"name\":\"Milan\",\"logo\":{\"@id\":\"https:\\\/\\\/www.apfelpatient.de\\\/#\\\/schema\\\/person\\\/image\\\/\"},\"description\":\"Hallo und herzlich willkommen auf meinem Technik-Blog! Als gro\u00dfer Apple-Fan berichte ich hier \u00fcber alles, was mit Apple zu tun hat: von den neuesten News und spannenden Ger\u00fcchten \u00fcber hilfreiche Tipps und Tricks bis hin zu ausf\u00fchrlichen Produkttests. Wenn du genauso technikbegeistert bist wie ich, bist du hier genau richtig!\",\"sameAs\":[\"https:\\\/\\\/www.facebook.com\\\/apfelpatientOfficial\",\"https:\\\/\\\/www.linkedin.com\\\/in\\\/milan-jovicic-42aa0231b\"],\"url\":\"https:\\\/\\\/www.apfelpatient.de\\\/en\\\/author\\\/apfeladmin\"}]}<\/script>\n<!-- \/ Yoast SEO Premium plugin. -->","yoast_head_json":{"title":"iOS 13 spotted for the first time Apfelpatient","description":"Apple traditionally presents its new operating systems at the WWDC (Worldwide Developers Conference) every year. The first devices with iOS","robots":{"index":"index","follow":"follow","max-snippet":"max-snippet:-1","max-image-preview":"max-image-preview:large","max-video-preview":"max-video-preview:-1"},"canonical":"https:\/\/www.apfelpatient.de\/en\/news\/ios-13-spotted-for-the-first-time","og_locale":"en_US","og_type":"article","og_title":"iOS 13 erstmals gesichtet","og_description":"Traditionell stellt Apple j\u00e4hrlich die neuen Betriebssysteme auf der WWDC (Worldwide Developers Conference) vor. Nun wurden bereits erste Ger\u00e4te mit iOS","og_url":"https:\/\/www.apfelpatient.de\/en\/news\/ios-13-spotted-for-the-first-time","og_site_name":"Apfelpatient","article_publisher":"https:\/\/www.facebook.com\/apfelpatientOfficial","article_author":"https:\/\/www.facebook.com\/apfelpatientOfficial","article_published_time":"2019-01-03T17:24:45+00:00","og_image":[{"width":5760,"height":3240,"url":"https:\/\/www.apfelpatient.de\/wp-content\/uploads\/2019\/01\/yura-fresh-760055-unsplash.jpg","type":"image\/jpeg"}],"author":"Milan","twitter_card":"summary_large_image","twitter_misc":{"Written by":"Milan","Est. reading time":"1 minute"},"schema":{"@context":"https:\/\/schema.org","@graph":[{"@type":"NewsArticle","@id":"https:\/\/www.apfelpatient.de\/news\/ios-13-erstmals-gesichtet#article","isPartOf":{"@id":"https:\/\/www.apfelpatient.de\/news\/ios-13-erstmals-gesichtet"},"author":{"@type":"Organization","@id":"https:\/\/www.apfelpatient.de\/en\/#organization","name":"Apfelpatient","url":"https:\/\/www.apfelpatient.de\/en\/"},"headline":"iOS 13 erstmals gesichtet","datePublished":"2019-01-03T17:24:45+00:00","mainEntityOfPage":{"@id":"https:\/\/www.apfelpatient.de\/news\/ios-13-erstmals-gesichtet"},"wordCount":231,"commentCount":0,"publisher":{"@type":"Organization","@id":"https:\/\/www.apfelpatient.de\/en\/#organization","name":"Apfelpatient","url":"https:\/\/www.apfelpatient.de\/en\/"},"image":{"@id":"https:\/\/www.apfelpatient.de\/news\/ios-13-erstmals-gesichtet#primaryimage"},"thumbnailUrl":"https:\/\/www.apfelpatient.de\/wp-content\/uploads\/2019\/01\/yura-fresh-760055-unsplash.jpg","keywords":["iOS","iOS 13","iPhone","macOS","macOS 10.15","tvOS","tvOS 13","watchOS","watchOS 6","WWDC"],"articleSection":"News","inLanguage":"en-US","potentialAction":[{"@type":"CommentAction","name":"Comment","target":["https:\/\/www.apfelpatient.de\/news\/ios-13-erstmals-gesichtet#respond"]}],"copyrightYear":"2019","copyrightHolder":{"@id":"https:\/\/www.apfelpatient.de\/en\/#organization"}},{"@type":"WebPage","@id":"https:\/\/www.apfelpatient.de\/news\/ios-13-erstmals-gesichtet","url":"https:\/\/www.apfelpatient.de\/news\/ios-13-erstmals-gesichtet","name":"iOS 13 spotted for the first time Apfelpatient","isPartOf":{"@id":"https:\/\/www.apfelpatient.de\/#website"},"primaryImageOfPage":{"@id":"https:\/\/www.apfelpatient.de\/news\/ios-13-erstmals-gesichtet#primaryimage"},"image":{"@id":"https:\/\/www.apfelpatient.de\/news\/ios-13-erstmals-gesichtet#primaryimage"},"thumbnailUrl":"https:\/\/www.apfelpatient.de\/wp-content\/uploads\/2019\/01\/yura-fresh-760055-unsplash.jpg","datePublished":"2019-01-03T17:24:45+00:00","description":"Apple traditionally presents its new operating systems at the WWDC (Worldwide Developers Conference) every year. The first devices with iOS","breadcrumb":{"@id":"https:\/\/www.apfelpatient.de\/news\/ios-13-erstmals-gesichtet#breadcrumb"},"inLanguage":"en-US","potentialAction":[{"@type":"ReadAction","target":["https:\/\/www.apfelpatient.de\/news\/ios-13-erstmals-gesichtet"]}]},{"@type":"ImageObject","inLanguage":"en-US","@id":"https:\/\/www.apfelpatient.de\/news\/ios-13-erstmals-gesichtet#primaryimage","url":"https:\/\/www.apfelpatient.de\/wp-content\/uploads\/2019\/01\/yura-fresh-760055-unsplash.jpg","contentUrl":"https:\/\/www.apfelpatient.de\/wp-content\/uploads\/2019\/01\/yura-fresh-760055-unsplash.jpg","width":5760,"height":3240,"caption":"Photo by Unsplash"},{"@type":"BreadcrumbList","@id":"https:\/\/www.apfelpatient.de\/news\/ios-13-erstmals-gesichtet#breadcrumb","itemListElement":[{"@type":"ListItem","position":1,"name":"Startseite","item":"https:\/\/www.apfelpatient.de\/"},{"@type":"ListItem","position":2,"name":"iOS 13 erstmals gesichtet"}]},{"@type":"WebSite","@id":"https:\/\/www.apfelpatient.de\/#website","url":"https:\/\/www.apfelpatient.de\/","name":"apple patient","description":"Everything about Apple!","publisher":{"@type":"Organization","@id":"https:\/\/www.apfelpatient.de\/en\/#organization","name":"Apfelpatient","url":"https:\/\/www.apfelpatient.de\/en\/"},"alternateName":"Apfelpatient","potentialAction":[{"@type":"SearchAction","target":{"@type":"EntryPoint","urlTemplate":"https:\/\/www.apfelpatient.de\/?s={search_term_string}"},"query-input":{"@type":"PropertyValueSpecification","valueRequired":true,"valueName":"search_term_string"}}],"inLanguage":"en-US"},{"@type":["Person","Organization"],"@id":"https:\/\/www.apfelpatient.de\/#\/schema\/person\/7dc56ad6c8e9824b76d2c08d4c140e13","name":"Milan","logo":{"@id":"https:\/\/www.apfelpatient.de\/#\/schema\/person\/image\/"},"description":"Hello and welcome to my technology blog! As a big Apple fan, I report on everything to do with Apple: from the latest news and exciting rumors to helpful tips and tricks and detailed product tests. If you are as enthusiastic about technology as I am, you have come to the right place!","sameAs":["https:\/\/www.facebook.com\/apfelpatientOfficial","https:\/\/www.linkedin.com\/in\/milan-jovicic-42aa0231b"],"url":"https:\/\/www.apfelpatient.de\/en\/author\/apfeladmin"}]}},"_links":{"self":[{"href":"https:\/\/www.apfelpatient.de\/en\/wp-json\/wp\/v2\/posts\/2988","targetHints":{"allow":["GET"]}}],"collection":[{"href":"https:\/\/www.apfelpatient.de\/en\/wp-json\/wp\/v2\/posts"}],"about":[{"href":"https:\/\/www.apfelpatient.de\/en\/wp-json\/wp\/v2\/types\/post"}],"author":[{"embeddable":true,"href":"https:\/\/www.apfelpatient.de\/en\/wp-json\/wp\/v2\/users\/2"}],"replies":[{"embeddable":true,"href":"https:\/\/www.apfelpatient.de\/en\/wp-json\/wp\/v2\/comments?post=2988"}],"version-history":[{"count":0,"href":"https:\/\/www.apfelpatient.de\/en\/wp-json\/wp\/v2\/posts\/2988\/revisions"}],"wp:featuredmedia":[{"embeddable":true,"href":"https:\/\/www.apfelpatient.de\/en\/wp-json\/wp\/v2\/media\/2989"}],"wp:attachment":[{"href":"https:\/\/www.apfelpatient.de\/en\/wp-json\/wp\/v2\/media?parent=2988"}],"wp:term":[{"taxonomy":"category","embeddable":true,"href":"https:\/\/www.apfelpatient.de\/en\/wp-json\/wp\/v2\/categories?post=2988"},{"taxonomy":"post_tag","embeddable":true,"href":"https:\/\/www.apfelpatient.de\/en\/wp-json\/wp\/v2\/tags?post=2988"}],"curies":[{"name":"wp","href":"https:\/\/api.w.org\/{rel}","templated":true}]}}