{"id":29836,"date":"2022-01-27T21:22:00","date_gmt":"2022-01-27T20:22:00","guid":{"rendered":"https:\/\/www.apfelpatient.de\/?p=29836"},"modified":"2022-01-27T21:34:44","modified_gmt":"2022-01-27T20:34:44","slug":"ipads-15-4-macos-12-3-beta-apple-adds-universal-control","status":"publish","type":"post","link":"https:\/\/www.apfelpatient.de\/en\/news\/ipados-15-4-macos-12-3-beta-apple-fuegt-universal-control-ein","title":{"rendered":"iPadOS 15.4 &amp; macOS 12.3 Beta: Apple adds Universal Control"},"content":{"rendered":"<p class=\"has-drop-cap\"><strong>The betas of iPadOS 15.4 and macOS Monterey 12.3, which Apple released on Thursday evening, support Universal Control, as has now become known.<\/strong><\/p>\n\n\n\n<p>There are settings for the Universal Control on both the Mac and the iPad, which are available after updating to the new <a href=\"https:\/\/developer.apple.com\/news\/releases\/\" target=\"_blank\" rel=\"noreferrer noopener\">betas<\/a> is enabled by default. On the Mac you can find the settings under View -&gt; Advanced and on the iPad there is a new option \u201cCursor and Keyboard (Beta)\u201d in the AirPlay &amp; Handoff section under \u201cGeneral\u201d.<\/p>\n\n\n\n<h3 class=\"wp-block-heading\" id=\"h-universal-control-kurz-erklart\">Universal Control briefly explained<\/h3>\n\n\n\n<p>Universal Control allows users to place three Apple devices in close proximity and use them with a single keyboard and mouse or trackpad. Once connected, a user can simply drag and drop files between the devices and switch between them as needed. If you place a second device near a compatible Mac, you can connect your devices together using the Continuity features in the AirPlay &amp; Handoff section of your Mac&#039;s Settings.<\/p>\n\n\n\n<h3 class=\"wp-block-heading\" id=\"system-kann-auch-manuell-gesteuert-werden\">System can also be controlled manually<\/h3>\n\n\n\n\n\n\n\n<p>A gray bar will appear on the side of the paired devices. By dragging your cursor from one screen to another, you can &quot;pass&quot; your keyboard and mouse control to another device. This can be particularly useful for moving documents, files, and images between devices. Apple says the devices use proximity to determine which device a user wants to connect. Based on the user&#039;s behavior, the system will arrange the computer and the other devices accordingly. However, this alignment can also be controlled manually in the &quot;Monitors&quot; control panel. Anyone who uses multiple devices will certainly be happy about this. (Image: Apple)<\/p>\n\n\n\n<ul class=\"wp-block-list\"><li><a href=\"https:\/\/www.apfelpatient.de\/en\/news\/ios-15-4-beta-icloud-keychain-passwords-with-note-function\">iOS 15.4 Beta: iCloud Keychain passwords with note function<\/a><\/li><\/ul>\n\n\n\n<h6 class=\"wp-block-heading translation-block\" id=\"h-kennt-ihr-schon-unsere-amazon-storefront-dort-findet-ihr-eine-handverlesene-auswahl-von-diversen-produkten-f-r-euer-iphone-und-co-viel-spa-beim-st-bern\"><em>Have you already visited our Amazon Storefront? There you&#039;ll find a hand-picked selection of various products for your iPhone and other devices \u2013 <span class=\"has-inline-color has-vivid-red-color\"><a href=\"https:\/\/www.amazon.de\/shop\/apfelpatientofficial\" class=\"ek-link\" data-wpel-link=\"exclude\" rel=\"follow noopener\" target=\"_self\"><span style=\"text-decoration: underline\" class=\"ek-underline\">enjoy browsing<\/span><\/a> !<\/span><\/em><\/h6>\n\n\n\n<h6 class=\"wp-block-heading translation-block\" id=\"h-der-beitrag-enthalt-partnerlinks\">This post contains <a data-type=\"URL\" data-id=\"https:\/\/www.apfelpatient.de\/partnerprogramm\" href=\"https:\/\/www.apfelpatient.de\/en\/partner-program\" data-wpel-link=\"internal\" target=\"_self\">affiliate links<\/a>.<\/h6>","protected":false},"excerpt":{"rendered":"<p>The betas of iPadOS 15.4 and macOS Monterey 12.3, which Apple released on Thursday evening, support Universal Control.<\/p>","protected":false},"author":2,"featured_media":28827,"comment_status":"closed","ping_status":"closed","sticky":false,"template":"","format":"standard","meta":{"jnews-multi-image_gallery":[],"jnews_single_post":{"subtitle":"","format":"standard","video":"","gallery":"","source_name":"","source_url":"","via_name":"","via_url":"","override":[{"single_blog_custom":"","sidebar":"","second_sidebar":"","share_position":"","share_float_style":"","post_date_format":"","post_date_format_custom":"","post_reading_time_wpm":"","zoom_button_out_step":"1","zoom_button_in_step":"1","number_popup_post":"1"}],"image_override":[{"single_post_thumbnail_size":"","single_post_gallery_size":""}],"trending_post_position":"","trending_post_label":"","sponsored_post_label":"","sponsored_post_name":"","sponsored_post_url":"","sponsored_post_logo":"","sponsored_post_desc":""},"jnews_primary_category":{"id":"9"},"footnotes":""},"categories":[9],"tags":[33,696,4,699],"class_list":["post-29836","post","type-post","status-publish","format-standard","has-post-thumbnail","hentry","category-news","tag-ipados","tag-ipados-15-4","tag-macos","tag-macos-monterey-12-3"],"yoast_head":"<!-- This site is optimized with the Yoast SEO Premium plugin v27.5 (Yoast SEO v27.5) - https:\/\/yoast.com\/product\/yoast-seo-premium-wordpress\/ -->\n<title>iPadOS 15.4 &amp; macOS 12.3 Beta: Apple f\u00fcgt Universal Control ein<\/title>\n<meta name=\"description\" content=\"Die Betas von iPadOS 15.4 und macOS Monterey 12.3, die Apple am Donnerstagabend ver\u00f6ffentlicht hat, unterst\u00fctzen Universal Control.\" \/>\n<meta name=\"robots\" content=\"index, follow, max-snippet:-1, max-image-preview:large, max-video-preview:-1\" \/>\n<link rel=\"canonical\" href=\"https:\/\/www.apfelpatient.de\/en\/news\/ipads-15-4-macos-12-3-beta-apple-adds-universal-control\" \/>\n<meta property=\"og:locale\" content=\"en_US\" \/>\n<meta property=\"og:type\" content=\"article\" \/>\n<meta property=\"og:title\" content=\"iPadOS 15.4 &amp; macOS 12.3 Beta: Apple f\u00fcgt Universal Control ein\" \/>\n<meta property=\"og:description\" content=\"Die Betas von iPadOS 15.4 und macOS Monterey 12.3, die Apple am Donnerstagabend ver\u00f6ffentlicht hat, unterst\u00fctzen Universal Control.\" \/>\n<meta property=\"og:url\" content=\"https:\/\/www.apfelpatient.de\/en\/news\/ipads-15-4-macos-12-3-beta-apple-adds-universal-control\" \/>\n<meta property=\"og:site_name\" content=\"Apfelpatient\" \/>\n<meta property=\"article:publisher\" content=\"https:\/\/www.facebook.com\/apfelpatientOfficial\" \/>\n<meta property=\"article:author\" content=\"https:\/\/www.facebook.com\/apfelpatientOfficial\" \/>\n<meta property=\"article:published_time\" content=\"2022-01-27T20:22:00+00:00\" \/>\n<meta property=\"article:modified_time\" content=\"2022-01-27T20:34:44+00:00\" \/>\n<meta property=\"og:image\" content=\"https:\/\/www.apfelpatient.de\/wp-content\/uploads\/2021\/12\/Apple_macos-monterey_connectivity_06072021-2.jpg\" \/>\n\t<meta property=\"og:image:width\" content=\"1600\" \/>\n\t<meta property=\"og:image:height\" content=\"1280\" \/>\n\t<meta property=\"og:image:type\" content=\"image\/jpeg\" \/>\n<meta name=\"author\" content=\"Milan\" \/>\n<meta name=\"twitter:card\" content=\"summary_large_image\" \/>\n<meta name=\"twitter:description\" content=\"Die Betas von iPadOS 15.4 und macOS Monterey 12.3, die Apple am Donnerstagabend ver\u00f6ffentlicht hat, unterst\u00fctzen Universal Control.\" \/>\n<meta name=\"twitter:label1\" content=\"Written by\" \/>\n\t<meta name=\"twitter:data1\" content=\"Milan\" \/>\n\t<meta name=\"twitter:label2\" content=\"Est. reading time\" \/>\n\t<meta name=\"twitter:data2\" content=\"2 minutes\" \/>\n<script type=\"application\/ld+json\" class=\"yoast-schema-graph\">{\"@context\":\"https:\\\/\\\/schema.org\",\"@graph\":[{\"@type\":\"NewsArticle\",\"@id\":\"https:\\\/\\\/www.apfelpatient.de\\\/news\\\/ipados-15-4-macos-12-3-beta-apple-fuegt-universal-control-ein#article\",\"isPartOf\":{\"@id\":\"https:\\\/\\\/www.apfelpatient.de\\\/news\\\/ipados-15-4-macos-12-3-beta-apple-fuegt-universal-control-ein\"},\"author\":{\"@type\":\"Organization\",\"@id\":\"https:\\\/\\\/www.apfelpatient.de\\\/en\\\/#organization\",\"name\":\"Apfelpatient\",\"url\":\"https:\\\/\\\/www.apfelpatient.de\\\/en\\\/\"},\"headline\":\"iPadOS 15.4 &amp; macOS 12.3 Beta: Apple f\u00fcgt Universal Control ein\",\"datePublished\":\"2022-01-27T20:22:00+00:00\",\"dateModified\":\"2022-01-27T20:34:44+00:00\",\"mainEntityOfPage\":{\"@id\":\"https:\\\/\\\/www.apfelpatient.de\\\/news\\\/ipados-15-4-macos-12-3-beta-apple-fuegt-universal-control-ein\"},\"wordCount\":316,\"publisher\":{\"@type\":\"Organization\",\"@id\":\"https:\\\/\\\/www.apfelpatient.de\\\/en\\\/#organization\",\"name\":\"Apfelpatient\",\"url\":\"https:\\\/\\\/www.apfelpatient.de\\\/en\\\/\"},\"image\":{\"@id\":\"https:\\\/\\\/www.apfelpatient.de\\\/news\\\/ipados-15-4-macos-12-3-beta-apple-fuegt-universal-control-ein#primaryimage\"},\"thumbnailUrl\":\"https:\\\/\\\/www.apfelpatient.de\\\/wp-content\\\/uploads\\\/2021\\\/12\\\/Apple_macos-monterey_connectivity_06072021-2.jpg\",\"keywords\":[\"iPadOS\",\"iPadOS 15.4\",\"macOS\",\"macOS Monterey 12.3\"],\"articleSection\":\"News\",\"inLanguage\":\"en-US\",\"copyrightYear\":\"2022\",\"copyrightHolder\":{\"@id\":\"https:\\\/\\\/www.apfelpatient.de\\\/en\\\/#organization\"}},{\"@type\":\"WebPage\",\"@id\":\"https:\\\/\\\/www.apfelpatient.de\\\/news\\\/ipados-15-4-macos-12-3-beta-apple-fuegt-universal-control-ein\",\"url\":\"https:\\\/\\\/www.apfelpatient.de\\\/news\\\/ipados-15-4-macos-12-3-beta-apple-fuegt-universal-control-ein\",\"name\":\"iPadOS 15.4 &amp; macOS 12.3 Beta: Apple f\u00fcgt Universal Control ein\",\"isPartOf\":{\"@id\":\"https:\\\/\\\/www.apfelpatient.de\\\/#website\"},\"primaryImageOfPage\":{\"@id\":\"https:\\\/\\\/www.apfelpatient.de\\\/news\\\/ipados-15-4-macos-12-3-beta-apple-fuegt-universal-control-ein#primaryimage\"},\"image\":{\"@id\":\"https:\\\/\\\/www.apfelpatient.de\\\/news\\\/ipados-15-4-macos-12-3-beta-apple-fuegt-universal-control-ein#primaryimage\"},\"thumbnailUrl\":\"https:\\\/\\\/www.apfelpatient.de\\\/wp-content\\\/uploads\\\/2021\\\/12\\\/Apple_macos-monterey_connectivity_06072021-2.jpg\",\"datePublished\":\"2022-01-27T20:22:00+00:00\",\"dateModified\":\"2022-01-27T20:34:44+00:00\",\"description\":\"Die Betas von iPadOS 15.4 und macOS Monterey 12.3, die Apple am Donnerstagabend ver\u00f6ffentlicht hat, unterst\u00fctzen Universal Control.\",\"breadcrumb\":{\"@id\":\"https:\\\/\\\/www.apfelpatient.de\\\/news\\\/ipados-15-4-macos-12-3-beta-apple-fuegt-universal-control-ein#breadcrumb\"},\"inLanguage\":\"en-US\",\"potentialAction\":[{\"@type\":\"ReadAction\",\"target\":[\"https:\\\/\\\/www.apfelpatient.de\\\/news\\\/ipados-15-4-macos-12-3-beta-apple-fuegt-universal-control-ein\"]}]},{\"@type\":\"ImageObject\",\"inLanguage\":\"en-US\",\"@id\":\"https:\\\/\\\/www.apfelpatient.de\\\/news\\\/ipados-15-4-macos-12-3-beta-apple-fuegt-universal-control-ein#primaryimage\",\"url\":\"https:\\\/\\\/www.apfelpatient.de\\\/wp-content\\\/uploads\\\/2021\\\/12\\\/Apple_macos-monterey_connectivity_06072021-2.jpg\",\"contentUrl\":\"https:\\\/\\\/www.apfelpatient.de\\\/wp-content\\\/uploads\\\/2021\\\/12\\\/Apple_macos-monterey_connectivity_06072021-2.jpg\",\"width\":1600,\"height\":1280,\"caption\":\"Bild: Apple - Universal Control\"},{\"@type\":\"BreadcrumbList\",\"@id\":\"https:\\\/\\\/www.apfelpatient.de\\\/news\\\/ipados-15-4-macos-12-3-beta-apple-fuegt-universal-control-ein#breadcrumb\",\"itemListElement\":[{\"@type\":\"ListItem\",\"position\":1,\"name\":\"Startseite\",\"item\":\"https:\\\/\\\/www.apfelpatient.de\\\/\"},{\"@type\":\"ListItem\",\"position\":2,\"name\":\"iPadOS 15.4 &amp; macOS 12.3 Beta: Apple f\u00fcgt Universal Control ein\"}]},{\"@type\":\"WebSite\",\"@id\":\"https:\\\/\\\/www.apfelpatient.de\\\/#website\",\"url\":\"https:\\\/\\\/www.apfelpatient.de\\\/\",\"name\":\"Apfelpatient\",\"description\":\"Alles rund um Apple!\",\"publisher\":{\"@type\":\"Organization\",\"@id\":\"https:\\\/\\\/www.apfelpatient.de\\\/en\\\/#organization\",\"name\":\"Apfelpatient\",\"url\":\"https:\\\/\\\/www.apfelpatient.de\\\/en\\\/\"},\"alternateName\":\"Apfelpatient\",\"potentialAction\":[{\"@type\":\"SearchAction\",\"target\":{\"@type\":\"EntryPoint\",\"urlTemplate\":\"https:\\\/\\\/www.apfelpatient.de\\\/?s={search_term_string}\"},\"query-input\":{\"@type\":\"PropertyValueSpecification\",\"valueRequired\":true,\"valueName\":\"search_term_string\"}}],\"inLanguage\":\"en-US\"},{\"@type\":[\"Person\",\"Organization\"],\"@id\":\"https:\\\/\\\/www.apfelpatient.de\\\/#\\\/schema\\\/person\\\/7dc56ad6c8e9824b76d2c08d4c140e13\",\"name\":\"Milan\",\"logo\":{\"@id\":\"https:\\\/\\\/www.apfelpatient.de\\\/#\\\/schema\\\/person\\\/image\\\/\"},\"description\":\"Hallo und herzlich willkommen auf meinem Technik-Blog! Als gro\u00dfer Apple-Fan berichte ich hier \u00fcber alles, was mit Apple zu tun hat: von den neuesten News und spannenden Ger\u00fcchten \u00fcber hilfreiche Tipps und Tricks bis hin zu ausf\u00fchrlichen Produkttests. Wenn du genauso technikbegeistert bist wie ich, bist du hier genau richtig!\",\"sameAs\":[\"https:\\\/\\\/www.facebook.com\\\/apfelpatientOfficial\",\"https:\\\/\\\/www.linkedin.com\\\/in\\\/milan-jovicic-42aa0231b\"],\"url\":\"https:\\\/\\\/www.apfelpatient.de\\\/en\\\/author\\\/apfeladmin\"}]}<\/script>\n<!-- \/ Yoast SEO Premium plugin. -->","yoast_head_json":{"title":"iPadOS 15.4 &amp; macOS 12.3 Beta: Apple adds Universal Control","description":"The betas of iPadOS 15.4 and macOS Monterey 12.3, which Apple released on Thursday evening, support Universal Control.","robots":{"index":"index","follow":"follow","max-snippet":"max-snippet:-1","max-image-preview":"max-image-preview:large","max-video-preview":"max-video-preview:-1"},"canonical":"https:\/\/www.apfelpatient.de\/en\/news\/ipads-15-4-macos-12-3-beta-apple-adds-universal-control","og_locale":"en_US","og_type":"article","og_title":"iPadOS 15.4 &amp; macOS 12.3 Beta: Apple f\u00fcgt Universal Control ein","og_description":"Die Betas von iPadOS 15.4 und macOS Monterey 12.3, die Apple am Donnerstagabend ver\u00f6ffentlicht hat, unterst\u00fctzen Universal Control.","og_url":"https:\/\/www.apfelpatient.de\/en\/news\/ipads-15-4-macos-12-3-beta-apple-adds-universal-control","og_site_name":"Apfelpatient","article_publisher":"https:\/\/www.facebook.com\/apfelpatientOfficial","article_author":"https:\/\/www.facebook.com\/apfelpatientOfficial","article_published_time":"2022-01-27T20:22:00+00:00","article_modified_time":"2022-01-27T20:34:44+00:00","og_image":[{"width":1600,"height":1280,"url":"https:\/\/www.apfelpatient.de\/wp-content\/uploads\/2021\/12\/Apple_macos-monterey_connectivity_06072021-2.jpg","type":"image\/jpeg"}],"author":"Milan","twitter_card":"summary_large_image","twitter_description":"Die Betas von iPadOS 15.4 und macOS Monterey 12.3, die Apple am Donnerstagabend ver\u00f6ffentlicht hat, unterst\u00fctzen Universal Control.","twitter_misc":{"Written by":"Milan","Est. reading time":"2 minutes"},"schema":{"@context":"https:\/\/schema.org","@graph":[{"@type":"NewsArticle","@id":"https:\/\/www.apfelpatient.de\/news\/ipados-15-4-macos-12-3-beta-apple-fuegt-universal-control-ein#article","isPartOf":{"@id":"https:\/\/www.apfelpatient.de\/news\/ipados-15-4-macos-12-3-beta-apple-fuegt-universal-control-ein"},"author":{"@type":"Organization","@id":"https:\/\/www.apfelpatient.de\/en\/#organization","name":"Apfelpatient","url":"https:\/\/www.apfelpatient.de\/en\/"},"headline":"iPadOS 15.4 &amp; macOS 12.3 Beta: Apple f\u00fcgt Universal Control ein","datePublished":"2022-01-27T20:22:00+00:00","dateModified":"2022-01-27T20:34:44+00:00","mainEntityOfPage":{"@id":"https:\/\/www.apfelpatient.de\/news\/ipados-15-4-macos-12-3-beta-apple-fuegt-universal-control-ein"},"wordCount":316,"publisher":{"@type":"Organization","@id":"https:\/\/www.apfelpatient.de\/en\/#organization","name":"Apfelpatient","url":"https:\/\/www.apfelpatient.de\/en\/"},"image":{"@id":"https:\/\/www.apfelpatient.de\/news\/ipados-15-4-macos-12-3-beta-apple-fuegt-universal-control-ein#primaryimage"},"thumbnailUrl":"https:\/\/www.apfelpatient.de\/wp-content\/uploads\/2021\/12\/Apple_macos-monterey_connectivity_06072021-2.jpg","keywords":["iPadOS","iPadOS 15.4","macOS","macOS Monterey 12.3"],"articleSection":"News","inLanguage":"en-US","copyrightYear":"2022","copyrightHolder":{"@id":"https:\/\/www.apfelpatient.de\/en\/#organization"}},{"@type":"WebPage","@id":"https:\/\/www.apfelpatient.de\/news\/ipados-15-4-macos-12-3-beta-apple-fuegt-universal-control-ein","url":"https:\/\/www.apfelpatient.de\/news\/ipados-15-4-macos-12-3-beta-apple-fuegt-universal-control-ein","name":"iPadOS 15.4 &amp; macOS 12.3 Beta: Apple adds Universal Control","isPartOf":{"@id":"https:\/\/www.apfelpatient.de\/#website"},"primaryImageOfPage":{"@id":"https:\/\/www.apfelpatient.de\/news\/ipados-15-4-macos-12-3-beta-apple-fuegt-universal-control-ein#primaryimage"},"image":{"@id":"https:\/\/www.apfelpatient.de\/news\/ipados-15-4-macos-12-3-beta-apple-fuegt-universal-control-ein#primaryimage"},"thumbnailUrl":"https:\/\/www.apfelpatient.de\/wp-content\/uploads\/2021\/12\/Apple_macos-monterey_connectivity_06072021-2.jpg","datePublished":"2022-01-27T20:22:00+00:00","dateModified":"2022-01-27T20:34:44+00:00","description":"The betas of iPadOS 15.4 and macOS Monterey 12.3, which Apple released on Thursday evening, support Universal Control.","breadcrumb":{"@id":"https:\/\/www.apfelpatient.de\/news\/ipados-15-4-macos-12-3-beta-apple-fuegt-universal-control-ein#breadcrumb"},"inLanguage":"en-US","potentialAction":[{"@type":"ReadAction","target":["https:\/\/www.apfelpatient.de\/news\/ipados-15-4-macos-12-3-beta-apple-fuegt-universal-control-ein"]}]},{"@type":"ImageObject","inLanguage":"en-US","@id":"https:\/\/www.apfelpatient.de\/news\/ipados-15-4-macos-12-3-beta-apple-fuegt-universal-control-ein#primaryimage","url":"https:\/\/www.apfelpatient.de\/wp-content\/uploads\/2021\/12\/Apple_macos-monterey_connectivity_06072021-2.jpg","contentUrl":"https:\/\/www.apfelpatient.de\/wp-content\/uploads\/2021\/12\/Apple_macos-monterey_connectivity_06072021-2.jpg","width":1600,"height":1280,"caption":"Bild: Apple - Universal Control"},{"@type":"BreadcrumbList","@id":"https:\/\/www.apfelpatient.de\/news\/ipados-15-4-macos-12-3-beta-apple-fuegt-universal-control-ein#breadcrumb","itemListElement":[{"@type":"ListItem","position":1,"name":"Startseite","item":"https:\/\/www.apfelpatient.de\/"},{"@type":"ListItem","position":2,"name":"iPadOS 15.4 &amp; macOS 12.3 Beta: Apple f\u00fcgt Universal Control ein"}]},{"@type":"WebSite","@id":"https:\/\/www.apfelpatient.de\/#website","url":"https:\/\/www.apfelpatient.de\/","name":"apple patient","description":"Everything about Apple!","publisher":{"@type":"Organization","@id":"https:\/\/www.apfelpatient.de\/en\/#organization","name":"Apfelpatient","url":"https:\/\/www.apfelpatient.de\/en\/"},"alternateName":"Apfelpatient","potentialAction":[{"@type":"SearchAction","target":{"@type":"EntryPoint","urlTemplate":"https:\/\/www.apfelpatient.de\/?s={search_term_string}"},"query-input":{"@type":"PropertyValueSpecification","valueRequired":true,"valueName":"search_term_string"}}],"inLanguage":"en-US"},{"@type":["Person","Organization"],"@id":"https:\/\/www.apfelpatient.de\/#\/schema\/person\/7dc56ad6c8e9824b76d2c08d4c140e13","name":"Milan","logo":{"@id":"https:\/\/www.apfelpatient.de\/#\/schema\/person\/image\/"},"description":"Hello and welcome to my technology blog! As a big Apple fan, I report on everything to do with Apple: from the latest news and exciting rumors to helpful tips and tricks and detailed product tests. If you are as enthusiastic about technology as I am, you have come to the right place!","sameAs":["https:\/\/www.facebook.com\/apfelpatientOfficial","https:\/\/www.linkedin.com\/in\/milan-jovicic-42aa0231b"],"url":"https:\/\/www.apfelpatient.de\/en\/author\/apfeladmin"}]}},"_links":{"self":[{"href":"https:\/\/www.apfelpatient.de\/en\/wp-json\/wp\/v2\/posts\/29836","targetHints":{"allow":["GET"]}}],"collection":[{"href":"https:\/\/www.apfelpatient.de\/en\/wp-json\/wp\/v2\/posts"}],"about":[{"href":"https:\/\/www.apfelpatient.de\/en\/wp-json\/wp\/v2\/types\/post"}],"author":[{"embeddable":true,"href":"https:\/\/www.apfelpatient.de\/en\/wp-json\/wp\/v2\/users\/2"}],"replies":[{"embeddable":true,"href":"https:\/\/www.apfelpatient.de\/en\/wp-json\/wp\/v2\/comments?post=29836"}],"version-history":[{"count":0,"href":"https:\/\/www.apfelpatient.de\/en\/wp-json\/wp\/v2\/posts\/29836\/revisions"}],"wp:featuredmedia":[{"embeddable":true,"href":"https:\/\/www.apfelpatient.de\/en\/wp-json\/wp\/v2\/media\/28827"}],"wp:attachment":[{"href":"https:\/\/www.apfelpatient.de\/en\/wp-json\/wp\/v2\/media?parent=29836"}],"wp:term":[{"taxonomy":"category","embeddable":true,"href":"https:\/\/www.apfelpatient.de\/en\/wp-json\/wp\/v2\/categories?post=29836"},{"taxonomy":"post_tag","embeddable":true,"href":"https:\/\/www.apfelpatient.de\/en\/wp-json\/wp\/v2\/tags?post=29836"}],"curies":[{"name":"wp","href":"https:\/\/api.w.org\/{rel}","templated":true}]}}