{"id":2980,"date":"2019-01-02T18:13:14","date_gmt":"2019-01-02T17:13:14","guid":{"rendered":"https:\/\/www.apfelpatient.de\/?p=2980"},"modified":"2025-02-06T07:07:10","modified_gmt":"2025-02-06T06:07:10","slug":"airpower-a-myth","status":"publish","type":"post","link":"https:\/\/www.apfelpatient.de\/en\/news\/airpower-ein-mythos","title":{"rendered":"AirPower \u2013 a myth?"},"content":{"rendered":"<p><strong>Apple&#039;s charging mat is supposed to be able to charge several devices at the same time - AirPower was introduced in September 2017. A market launch was officially scheduled for &quot;early 2018&quot; by Apple.<\/strong><\/p>\n\n<p>To this day, many fans are still waiting in vain. In September last year, AirPower almost completely disappeared from Apple&#039;s homepage - without comment. Many observers interpreted this as the quiet end of the charging station. Shortly afterwards, a report with insider information appeared. According to this, Apple is said to have two problems with the charging mat. The first major problem is the overheating of the Qi mat. This is said to be so strong that even the connection between the device and the charging station is disrupted. Another problem lies in the arrangement, because the installed power coils are said to have been divided into three equal groups. Each of the coils is a different size. Due to a lack of space, this is said to lead to overlapping one another, which is one of the causes of this severe overheating.<\/p>\n<p><strong>Quick guide gives hope<\/strong><\/p>\n\n<p>This report, as well as the fact that a quick guide to AirPower can still be found in the packaging of the iPhone X, iPhone Xs, iPhone Xs Max and iPhone Xr, gives many fans hope. In mid-September, another sign of life appeared - an Apple patent. The patent provided the first deep insight into Apple&#039;s plans on the subject - there have never been so many details about AirPower. Since this year, it has officially been possible to speak of a delayed market launch. Nevertheless, it remains unclear whether AirPower will ever reach market maturity and go on sale.<\/p>\n<p>The AirPower charging station allows you to charge your iPhone, Apple Watch and the AirPods charging case at the same time. During charging, the user is free to place the device in any position \u2013 there is no need to stick to a specific zone.<\/p>\n<p><a href=\"https:\/\/www.apfelpatient.de\/en\"><strong><em>Apple Patent: AirPower should have more capabilities<\/em><\/strong><\/a><\/p>","protected":false},"excerpt":{"rendered":"<p>Apples Ladematte soll mehrere Ger\u00e4te gleichzeitig laden k\u00f6nnen \u2013 vorgestellt wurde AirPower im September 2017. Ein Marktstart wurde offiziell auf &#8222;Anfang 2018&#8220; von Apple angesetzt. Bis heute warten viele Fans vergeblich. Im September letzten Jahres verschwand AirPower fast vollst\u00e4ndig von Apples Homepage &#8211; kommentarlos. Viele Beobachter haben dies als stilles Ende der Ladestation gewertet.\u00a0Kurz danach [&hellip;]<\/p>\n","protected":false},"author":2,"featured_media":1045,"comment_status":"open","ping_status":"open","sticky":false,"template":"","format":"standard","meta":{"jnews-multi-image_gallery":[],"jnews_single_post":[],"jnews_primary_category":[],"footnotes":""},"categories":[9],"tags":[28,11,14,8],"class_list":["post-2980","post","type-post","status-publish","format-standard","has-post-thumbnail","hentry","category-news","tag-airpods","tag-airpower","tag-apple-watch","tag-iphone"],"yoast_head":"<!-- This site is optimized with the Yoast SEO Premium plugin v27.5 (Yoast SEO v27.5) - https:\/\/yoast.com\/product\/yoast-seo-premium-wordpress\/ -->\n<title>AirPower - ein Mythos? Apfelpatient<\/title>\n<meta name=\"description\" content=\"Apples Ladematte soll mehrere Ger\u00e4te gleichzeitig laden k\u00f6nnen \u2013 vorgestellt wurde AirPower im September 2017. Ein Marktstart wurde offiziell auf &quot;Anfang\" \/>\n<meta name=\"robots\" content=\"index, follow, max-snippet:-1, max-image-preview:large, max-video-preview:-1\" \/>\n<link rel=\"canonical\" href=\"https:\/\/www.apfelpatient.de\/en\/news\/airpower-a-myth\" \/>\n<meta property=\"og:locale\" content=\"en_US\" \/>\n<meta property=\"og:type\" content=\"article\" \/>\n<meta property=\"og:title\" content=\"AirPower - ein Mythos?\" \/>\n<meta property=\"og:description\" content=\"Apples Ladematte soll mehrere Ger\u00e4te gleichzeitig laden k\u00f6nnen \u2013 vorgestellt wurde AirPower im September 2017. Ein Marktstart wurde offiziell auf &quot;Anfang\" \/>\n<meta property=\"og:url\" content=\"https:\/\/www.apfelpatient.de\/en\/news\/airpower-a-myth\" \/>\n<meta property=\"og:site_name\" content=\"Apfelpatient\" \/>\n<meta property=\"article:publisher\" content=\"https:\/\/www.facebook.com\/apfelpatientOfficial\" \/>\n<meta property=\"article:author\" content=\"https:\/\/www.facebook.com\/apfelpatientOfficial\" \/>\n<meta property=\"article:published_time\" content=\"2019-01-02T17:13:14+00:00\" \/>\n<meta property=\"article:modified_time\" content=\"2025-02-06T06:07:10+00:00\" \/>\n<meta property=\"og:image\" content=\"https:\/\/www.apfelpatient.de\/wp-content\/uploads\/2018\/07\/IMG_7367.jpg\" \/>\n\t<meta property=\"og:image:width\" content=\"700\" \/>\n\t<meta property=\"og:image:height\" content=\"452\" \/>\n\t<meta property=\"og:image:type\" content=\"image\/jpeg\" \/>\n<meta name=\"author\" content=\"Milan\" \/>\n<meta name=\"twitter:card\" content=\"summary_large_image\" \/>\n<meta name=\"twitter:label1\" content=\"Written by\" \/>\n\t<meta name=\"twitter:data1\" content=\"Milan\" \/>\n\t<meta name=\"twitter:label2\" content=\"Est. reading time\" \/>\n\t<meta name=\"twitter:data2\" content=\"1 minute\" \/>\n<script type=\"application\/ld+json\" class=\"yoast-schema-graph\">{\"@context\":\"https:\\\/\\\/schema.org\",\"@graph\":[{\"@type\":\"NewsArticle\",\"@id\":\"https:\\\/\\\/www.apfelpatient.de\\\/news\\\/airpower-ein-mythos#article\",\"isPartOf\":{\"@id\":\"https:\\\/\\\/www.apfelpatient.de\\\/news\\\/airpower-ein-mythos\"},\"author\":{\"@type\":\"Organization\",\"@id\":\"https:\\\/\\\/www.apfelpatient.de\\\/en\\\/#organization\",\"name\":\"Apfelpatient\",\"url\":\"https:\\\/\\\/www.apfelpatient.de\\\/en\\\/\"},\"headline\":\"AirPower &#8211; ein Mythos?\",\"datePublished\":\"2019-01-02T17:13:14+00:00\",\"dateModified\":\"2025-02-06T06:07:10+00:00\",\"mainEntityOfPage\":{\"@id\":\"https:\\\/\\\/www.apfelpatient.de\\\/news\\\/airpower-ein-mythos\"},\"wordCount\":298,\"commentCount\":0,\"publisher\":{\"@type\":\"Organization\",\"@id\":\"https:\\\/\\\/www.apfelpatient.de\\\/en\\\/#organization\",\"name\":\"Apfelpatient\",\"url\":\"https:\\\/\\\/www.apfelpatient.de\\\/en\\\/\"},\"image\":{\"@id\":\"https:\\\/\\\/www.apfelpatient.de\\\/news\\\/airpower-ein-mythos#primaryimage\"},\"thumbnailUrl\":\"https:\\\/\\\/www.apfelpatient.de\\\/wp-content\\\/uploads\\\/2018\\\/07\\\/IMG_7367.jpg\",\"keywords\":[\"AirPods\",\"AirPower\",\"Apple Watch\",\"iPhone\"],\"articleSection\":\"News\",\"inLanguage\":\"en-US\",\"potentialAction\":[{\"@type\":\"CommentAction\",\"name\":\"Comment\",\"target\":[\"https:\\\/\\\/www.apfelpatient.de\\\/news\\\/airpower-ein-mythos#respond\"]}],\"copyrightYear\":\"2019\",\"copyrightHolder\":{\"@id\":\"https:\\\/\\\/www.apfelpatient.de\\\/en\\\/#organization\"}},{\"@type\":\"WebPage\",\"@id\":\"https:\\\/\\\/www.apfelpatient.de\\\/news\\\/airpower-ein-mythos\",\"url\":\"https:\\\/\\\/www.apfelpatient.de\\\/news\\\/airpower-ein-mythos\",\"name\":\"AirPower - ein Mythos? Apfelpatient\",\"isPartOf\":{\"@id\":\"https:\\\/\\\/www.apfelpatient.de\\\/#website\"},\"primaryImageOfPage\":{\"@id\":\"https:\\\/\\\/www.apfelpatient.de\\\/news\\\/airpower-ein-mythos#primaryimage\"},\"image\":{\"@id\":\"https:\\\/\\\/www.apfelpatient.de\\\/news\\\/airpower-ein-mythos#primaryimage\"},\"thumbnailUrl\":\"https:\\\/\\\/www.apfelpatient.de\\\/wp-content\\\/uploads\\\/2018\\\/07\\\/IMG_7367.jpg\",\"datePublished\":\"2019-01-02T17:13:14+00:00\",\"dateModified\":\"2025-02-06T06:07:10+00:00\",\"description\":\"Apples Ladematte soll mehrere Ger\u00e4te gleichzeitig laden k\u00f6nnen \u2013 vorgestellt wurde AirPower im September 2017. Ein Marktstart wurde offiziell auf \\\"Anfang\",\"breadcrumb\":{\"@id\":\"https:\\\/\\\/www.apfelpatient.de\\\/news\\\/airpower-ein-mythos#breadcrumb\"},\"inLanguage\":\"en-US\",\"potentialAction\":[{\"@type\":\"ReadAction\",\"target\":[\"https:\\\/\\\/www.apfelpatient.de\\\/news\\\/airpower-ein-mythos\"]}]},{\"@type\":\"ImageObject\",\"inLanguage\":\"en-US\",\"@id\":\"https:\\\/\\\/www.apfelpatient.de\\\/news\\\/airpower-ein-mythos#primaryimage\",\"url\":\"https:\\\/\\\/www.apfelpatient.de\\\/wp-content\\\/uploads\\\/2018\\\/07\\\/IMG_7367.jpg\",\"contentUrl\":\"https:\\\/\\\/www.apfelpatient.de\\\/wp-content\\\/uploads\\\/2018\\\/07\\\/IMG_7367.jpg\",\"width\":700,\"height\":452,\"caption\":\"Bild: Apple\"},{\"@type\":\"BreadcrumbList\",\"@id\":\"https:\\\/\\\/www.apfelpatient.de\\\/news\\\/airpower-ein-mythos#breadcrumb\",\"itemListElement\":[{\"@type\":\"ListItem\",\"position\":1,\"name\":\"Startseite\",\"item\":\"https:\\\/\\\/www.apfelpatient.de\\\/\"},{\"@type\":\"ListItem\",\"position\":2,\"name\":\"AirPower &#8211; ein Mythos?\"}]},{\"@type\":\"WebSite\",\"@id\":\"https:\\\/\\\/www.apfelpatient.de\\\/#website\",\"url\":\"https:\\\/\\\/www.apfelpatient.de\\\/\",\"name\":\"Apfelpatient\",\"description\":\"Alles rund um Apple!\",\"publisher\":{\"@type\":\"Organization\",\"@id\":\"https:\\\/\\\/www.apfelpatient.de\\\/en\\\/#organization\",\"name\":\"Apfelpatient\",\"url\":\"https:\\\/\\\/www.apfelpatient.de\\\/en\\\/\"},\"alternateName\":\"Apfelpatient\",\"potentialAction\":[{\"@type\":\"SearchAction\",\"target\":{\"@type\":\"EntryPoint\",\"urlTemplate\":\"https:\\\/\\\/www.apfelpatient.de\\\/?s={search_term_string}\"},\"query-input\":{\"@type\":\"PropertyValueSpecification\",\"valueRequired\":true,\"valueName\":\"search_term_string\"}}],\"inLanguage\":\"en-US\"},{\"@type\":[\"Person\",\"Organization\"],\"@id\":\"https:\\\/\\\/www.apfelpatient.de\\\/#\\\/schema\\\/person\\\/7dc56ad6c8e9824b76d2c08d4c140e13\",\"name\":\"Milan\",\"logo\":{\"@id\":\"https:\\\/\\\/www.apfelpatient.de\\\/#\\\/schema\\\/person\\\/image\\\/\"},\"description\":\"Hallo und herzlich willkommen auf meinem Technik-Blog! Als gro\u00dfer Apple-Fan berichte ich hier \u00fcber alles, was mit Apple zu tun hat: von den neuesten News und spannenden Ger\u00fcchten \u00fcber hilfreiche Tipps und Tricks bis hin zu ausf\u00fchrlichen Produkttests. Wenn du genauso technikbegeistert bist wie ich, bist du hier genau richtig!\",\"sameAs\":[\"https:\\\/\\\/www.facebook.com\\\/apfelpatientOfficial\",\"https:\\\/\\\/www.linkedin.com\\\/in\\\/milan-jovicic-42aa0231b\"],\"url\":\"https:\\\/\\\/www.apfelpatient.de\\\/en\\\/author\\\/apfeladmin\"}]}<\/script>\n<!-- \/ Yoast SEO Premium plugin. -->","yoast_head_json":{"title":"AirPower - a myth? Apfelpatient","description":"Apple&#039;s charging mat is supposed to be able to charge several devices at the same time - AirPower was introduced in September 2017. A market launch was officially scheduled for &quot;early","robots":{"index":"index","follow":"follow","max-snippet":"max-snippet:-1","max-image-preview":"max-image-preview:large","max-video-preview":"max-video-preview:-1"},"canonical":"https:\/\/www.apfelpatient.de\/en\/news\/airpower-a-myth","og_locale":"en_US","og_type":"article","og_title":"AirPower - ein Mythos?","og_description":"Apples Ladematte soll mehrere Ger\u00e4te gleichzeitig laden k\u00f6nnen \u2013 vorgestellt wurde AirPower im September 2017. Ein Marktstart wurde offiziell auf \"Anfang","og_url":"https:\/\/www.apfelpatient.de\/en\/news\/airpower-a-myth","og_site_name":"Apfelpatient","article_publisher":"https:\/\/www.facebook.com\/apfelpatientOfficial","article_author":"https:\/\/www.facebook.com\/apfelpatientOfficial","article_published_time":"2019-01-02T17:13:14+00:00","article_modified_time":"2025-02-06T06:07:10+00:00","og_image":[{"width":700,"height":452,"url":"https:\/\/www.apfelpatient.de\/wp-content\/uploads\/2018\/07\/IMG_7367.jpg","type":"image\/jpeg"}],"author":"Milan","twitter_card":"summary_large_image","twitter_misc":{"Written by":"Milan","Est. reading time":"1 minute"},"schema":{"@context":"https:\/\/schema.org","@graph":[{"@type":"NewsArticle","@id":"https:\/\/www.apfelpatient.de\/news\/airpower-ein-mythos#article","isPartOf":{"@id":"https:\/\/www.apfelpatient.de\/news\/airpower-ein-mythos"},"author":{"@type":"Organization","@id":"https:\/\/www.apfelpatient.de\/en\/#organization","name":"Apfelpatient","url":"https:\/\/www.apfelpatient.de\/en\/"},"headline":"AirPower &#8211; ein Mythos?","datePublished":"2019-01-02T17:13:14+00:00","dateModified":"2025-02-06T06:07:10+00:00","mainEntityOfPage":{"@id":"https:\/\/www.apfelpatient.de\/news\/airpower-ein-mythos"},"wordCount":298,"commentCount":0,"publisher":{"@type":"Organization","@id":"https:\/\/www.apfelpatient.de\/en\/#organization","name":"Apfelpatient","url":"https:\/\/www.apfelpatient.de\/en\/"},"image":{"@id":"https:\/\/www.apfelpatient.de\/news\/airpower-ein-mythos#primaryimage"},"thumbnailUrl":"https:\/\/www.apfelpatient.de\/wp-content\/uploads\/2018\/07\/IMG_7367.jpg","keywords":["AirPods","AirPower","Apple Watch","iPhone"],"articleSection":"News","inLanguage":"en-US","potentialAction":[{"@type":"CommentAction","name":"Comment","target":["https:\/\/www.apfelpatient.de\/news\/airpower-ein-mythos#respond"]}],"copyrightYear":"2019","copyrightHolder":{"@id":"https:\/\/www.apfelpatient.de\/en\/#organization"}},{"@type":"WebPage","@id":"https:\/\/www.apfelpatient.de\/news\/airpower-ein-mythos","url":"https:\/\/www.apfelpatient.de\/news\/airpower-ein-mythos","name":"AirPower - a myth? Apfelpatient","isPartOf":{"@id":"https:\/\/www.apfelpatient.de\/#website"},"primaryImageOfPage":{"@id":"https:\/\/www.apfelpatient.de\/news\/airpower-ein-mythos#primaryimage"},"image":{"@id":"https:\/\/www.apfelpatient.de\/news\/airpower-ein-mythos#primaryimage"},"thumbnailUrl":"https:\/\/www.apfelpatient.de\/wp-content\/uploads\/2018\/07\/IMG_7367.jpg","datePublished":"2019-01-02T17:13:14+00:00","dateModified":"2025-02-06T06:07:10+00:00","description":"Apple&#039;s charging mat is supposed to be able to charge several devices at the same time - AirPower was introduced in September 2017. A market launch was officially scheduled for &quot;early","breadcrumb":{"@id":"https:\/\/www.apfelpatient.de\/news\/airpower-ein-mythos#breadcrumb"},"inLanguage":"en-US","potentialAction":[{"@type":"ReadAction","target":["https:\/\/www.apfelpatient.de\/news\/airpower-ein-mythos"]}]},{"@type":"ImageObject","inLanguage":"en-US","@id":"https:\/\/www.apfelpatient.de\/news\/airpower-ein-mythos#primaryimage","url":"https:\/\/www.apfelpatient.de\/wp-content\/uploads\/2018\/07\/IMG_7367.jpg","contentUrl":"https:\/\/www.apfelpatient.de\/wp-content\/uploads\/2018\/07\/IMG_7367.jpg","width":700,"height":452,"caption":"Bild: Apple"},{"@type":"BreadcrumbList","@id":"https:\/\/www.apfelpatient.de\/news\/airpower-ein-mythos#breadcrumb","itemListElement":[{"@type":"ListItem","position":1,"name":"Startseite","item":"https:\/\/www.apfelpatient.de\/"},{"@type":"ListItem","position":2,"name":"AirPower &#8211; ein Mythos?"}]},{"@type":"WebSite","@id":"https:\/\/www.apfelpatient.de\/#website","url":"https:\/\/www.apfelpatient.de\/","name":"apple patient","description":"Everything about Apple!","publisher":{"@type":"Organization","@id":"https:\/\/www.apfelpatient.de\/en\/#organization","name":"Apfelpatient","url":"https:\/\/www.apfelpatient.de\/en\/"},"alternateName":"Apfelpatient","potentialAction":[{"@type":"SearchAction","target":{"@type":"EntryPoint","urlTemplate":"https:\/\/www.apfelpatient.de\/?s={search_term_string}"},"query-input":{"@type":"PropertyValueSpecification","valueRequired":true,"valueName":"search_term_string"}}],"inLanguage":"en-US"},{"@type":["Person","Organization"],"@id":"https:\/\/www.apfelpatient.de\/#\/schema\/person\/7dc56ad6c8e9824b76d2c08d4c140e13","name":"Milan","logo":{"@id":"https:\/\/www.apfelpatient.de\/#\/schema\/person\/image\/"},"description":"Hello and welcome to my technology blog! As a big Apple fan, I report on everything to do with Apple: from the latest news and exciting rumors to helpful tips and tricks and detailed product tests. If you are as enthusiastic about technology as I am, you have come to the right place!","sameAs":["https:\/\/www.facebook.com\/apfelpatientOfficial","https:\/\/www.linkedin.com\/in\/milan-jovicic-42aa0231b"],"url":"https:\/\/www.apfelpatient.de\/en\/author\/apfeladmin"}]}},"_links":{"self":[{"href":"https:\/\/www.apfelpatient.de\/en\/wp-json\/wp\/v2\/posts\/2980","targetHints":{"allow":["GET"]}}],"collection":[{"href":"https:\/\/www.apfelpatient.de\/en\/wp-json\/wp\/v2\/posts"}],"about":[{"href":"https:\/\/www.apfelpatient.de\/en\/wp-json\/wp\/v2\/types\/post"}],"author":[{"embeddable":true,"href":"https:\/\/www.apfelpatient.de\/en\/wp-json\/wp\/v2\/users\/2"}],"replies":[{"embeddable":true,"href":"https:\/\/www.apfelpatient.de\/en\/wp-json\/wp\/v2\/comments?post=2980"}],"version-history":[{"count":0,"href":"https:\/\/www.apfelpatient.de\/en\/wp-json\/wp\/v2\/posts\/2980\/revisions"}],"wp:featuredmedia":[{"embeddable":true,"href":"https:\/\/www.apfelpatient.de\/en\/wp-json\/wp\/v2\/media\/1045"}],"wp:attachment":[{"href":"https:\/\/www.apfelpatient.de\/en\/wp-json\/wp\/v2\/media?parent=2980"}],"wp:term":[{"taxonomy":"category","embeddable":true,"href":"https:\/\/www.apfelpatient.de\/en\/wp-json\/wp\/v2\/categories?post=2980"},{"taxonomy":"post_tag","embeddable":true,"href":"https:\/\/www.apfelpatient.de\/en\/wp-json\/wp\/v2\/tags?post=2980"}],"curies":[{"name":"wp","href":"https:\/\/api.w.org\/{rel}","templated":true}]}}