{"id":29730,"date":"2022-01-23T21:50:00","date_gmt":"2022-01-23T20:50:00","guid":{"rendered":"https:\/\/www.apfelpatient.de\/?p=29730"},"modified":"2022-01-23T22:57:01","modified_gmt":"2022-01-23T21:57:01","slug":"fourth-m1-chip-with-12-core-cpu-planned-for-imac-pro","status":"publish","type":"post","link":"https:\/\/www.apfelpatient.de\/en\/rumors\/vierter-m1-chip-mit-12-kern-cpu-fuer-imac-pro-geplant","title":{"rendered":"Fourth M1 chip with 12-core CPU planned for iMac Pro?"},"content":{"rendered":"<p class=\"has-drop-cap\"><strong>Apple may not be quite finished with its M1 generation of Apple Silicon chips. A leaker now claims that another configuration will appear in an &quot;iMac Pro&quot;.<\/strong><\/p>\n\n\n\n<p>Apple currently offers its M1 chip in three general configurations: the M1 is followed by the improved M1 Pro and the M1 Pro Max. If a rumor is to be believed, Apple could introduce a fourth M1 chip. As the well-known leaker @Dylandkt in a tweet <a href=\"https:\/\/twitter.com\/dylandkt\/status\/1485319903196454913?ref_src=twsrc%5Etfw%7Ctwcamp%5Etweetembed%7Ctwterm%5E1485319903196454913%7Ctwgr%5E%7Ctwcon%5Es1_&amp;ref_url=https%3A%2F%2Fappleinsider.com%2Farticles%2F22%2F01%2F23%2Ffourth-m1-chip-with-12-core-cpu-may-arrive-in-updated-imac-pro\" target=\"_blank\" rel=\"noreferrer noopener\">reported<\/a>, he has &quot;received confirmation that there will be another configuration for the upcoming iMac Pro alongside the M1 Max.&quot; The tweet goes on to say that a snippet of code that also mentions the iMac references a 12-core CPU configuration.<\/p>\n\n\n\n<h3 class=\"wp-block-heading\" id=\"h-imac-pro-richtet-sich-an-profi-anwender\">iMac Pro is aimed at professional users<\/h3>\n\n\n\n\n\n\n\n<p>The original M1 uses an 8-core CPU with a 7-core or 8-core GPU on board. The M1 Pro uses an 8- or 10-core CPU while the top-of-the-line M1 Max has a 10-core CPU. The Max sets itself apart from the Pro, however, with higher memory support and more GPU cores. There is currently no indication of how the cores in the fourth chip will be configured. Since the 10-core CPUs combine a pair of highly efficient cores with eight powerful cores, it is plausible that the new processor could have a split between two and ten cores. Dylandkt also claims that the &quot;internal name candidate is not called iMac Pro for nothing. It is aimed at professionals.&quot; (Photo by Jshanebutt \/ Bigstockphoto)<\/p>\n\n\n\n<ul class=\"wp-block-list\"><li><a href=\"https:\/\/www.apfelpatient.de\/en\/rumors\/apple-plans-major-product-launches-in-fall\">Apple plans major product launches this fall<\/a><\/li><\/ul>\n\n\n\n<h6 class=\"wp-block-heading translation-block\" id=\"h-kennt-ihr-schon-unsere-amazon-storefront-dort-findet-ihr-eine-handverlesene-auswahl-von-diversen-produkten-f-r-euer-iphone-und-co-viel-spa-beim-st-bern\"><em>Have you already visited our Amazon Storefront? There you&#039;ll find a hand-picked selection of various products for your iPhone and other devices \u2013 <span class=\"has-inline-color has-vivid-red-color\"><a href=\"https:\/\/www.amazon.de\/shop\/apfelpatientofficial\" class=\"ek-link\" data-wpel-link=\"exclude\" rel=\"follow noopener\" target=\"_self\"><span style=\"text-decoration: underline\" class=\"ek-underline\">enjoy browsing<\/span><\/a> !<\/span><\/em><\/h6>\n\n\n\n<h6 class=\"wp-block-heading translation-block\" id=\"h-der-beitrag-enthalt-partnerlinks\">This post contains <a data-type=\"URL\" data-id=\"https:\/\/www.apfelpatient.de\/partnerprogramm\" href=\"https:\/\/www.apfelpatient.de\/en\/partner-program\" data-wpel-link=\"internal\" target=\"_self\">affiliate links<\/a>.<\/h6>","protected":false},"excerpt":{"rendered":"<p>New iMac Pro: Apple may not be quite finished with its M1 generation of Apple Silicon chips.<\/p>","protected":false},"author":2,"featured_media":29731,"comment_status":"closed","ping_status":"closed","sticky":false,"template":"","format":"standard","meta":{"jnews-multi-image_gallery":[],"jnews_single_post":{"subtitle":"","format":"standard","video":"","gallery":"","source_name":"","source_url":"","via_name":"","via_url":"","override":[{"single_blog_custom":"","sidebar":"","second_sidebar":"","share_position":"","share_float_style":"","post_date_format":"","post_date_format_custom":"","post_reading_time_wpm":"","zoom_button_out_step":"1","zoom_button_in_step":"1","number_popup_post":"1"}],"image_override":[{"single_post_thumbnail_size":"","single_post_gallery_size":""}],"trending_post_position":"","trending_post_label":"","sponsored_post_label":"","sponsored_post_name":"","sponsored_post_url":"","sponsored_post_logo":"","sponsored_post_desc":""},"jnews_primary_category":{"id":"25"},"footnotes":""},"categories":[25],"tags":[40],"class_list":["post-29730","post","type-post","status-publish","format-standard","has-post-thumbnail","hentry","category-rumors","tag-mac"],"yoast_head":"<!-- This site is optimized with the Yoast SEO Premium plugin v27.5 (Yoast SEO v27.5) - https:\/\/yoast.com\/product\/yoast-seo-premium-wordpress\/ -->\n<title>Vierter M1-Chip mit 12-Kern-CPU f\u00fcr iMac Pro geplant? Apfelpatient<\/title>\n<meta name=\"description\" content=\"Neuer iMac Pro: Apple ist mit seiner M1 Generation von Apple Silicon Chips m\u00f6glicherweise noch nicht ganz fertig.\" \/>\n<meta name=\"robots\" content=\"index, follow, max-snippet:-1, max-image-preview:large, max-video-preview:-1\" \/>\n<link rel=\"canonical\" href=\"https:\/\/www.apfelpatient.de\/en\/rumors\/fourth-m1-chip-with-12-core-cpu-planned-for-imac-pro\" \/>\n<meta property=\"og:locale\" content=\"en_US\" \/>\n<meta property=\"og:type\" content=\"article\" \/>\n<meta property=\"og:title\" content=\"Vierter M1-Chip mit 12-Kern-CPU f\u00fcr iMac Pro geplant?\" \/>\n<meta property=\"og:description\" content=\"Neuer iMac Pro: Apple ist mit seiner M1 Generation von Apple Silicon Chips m\u00f6glicherweise noch nicht ganz fertig.\" \/>\n<meta property=\"og:url\" content=\"https:\/\/www.apfelpatient.de\/en\/rumors\/fourth-m1-chip-with-12-core-cpu-planned-for-imac-pro\" \/>\n<meta property=\"og:site_name\" content=\"Apfelpatient\" \/>\n<meta property=\"article:publisher\" content=\"https:\/\/www.facebook.com\/apfelpatientOfficial\" \/>\n<meta property=\"article:author\" content=\"https:\/\/www.facebook.com\/apfelpatientOfficial\" \/>\n<meta property=\"article:published_time\" content=\"2022-01-23T20:50:00+00:00\" \/>\n<meta property=\"article:modified_time\" content=\"2022-01-23T21:57:01+00:00\" \/>\n<meta property=\"og:image\" content=\"https:\/\/www.apfelpatient.de\/wp-content\/uploads\/2022\/01\/bigstock-Orlando-Fl-Usa-September-441544058.jpg\" \/>\n\t<meta property=\"og:image:width\" content=\"1600\" \/>\n\t<meta property=\"og:image:height\" content=\"1200\" \/>\n\t<meta property=\"og:image:type\" content=\"image\/jpeg\" \/>\n<meta name=\"author\" content=\"Milan\" \/>\n<meta name=\"twitter:card\" content=\"summary_large_image\" \/>\n<meta name=\"twitter:description\" content=\"Neuer iMac Pro: Apple ist mit seiner M1 Generation von Apple Silicon Chips m\u00f6glicherweise noch nicht ganz fertig.\" \/>\n<meta name=\"twitter:label1\" content=\"Written by\" \/>\n\t<meta name=\"twitter:data1\" content=\"Milan\" \/>\n\t<meta name=\"twitter:label2\" content=\"Est. reading time\" \/>\n\t<meta name=\"twitter:data2\" content=\"2 minutes\" \/>\n<script type=\"application\/ld+json\" class=\"yoast-schema-graph\">{\"@context\":\"https:\\\/\\\/schema.org\",\"@graph\":[{\"@type\":\"NewsArticle\",\"@id\":\"https:\\\/\\\/www.apfelpatient.de\\\/rumors\\\/vierter-m1-chip-mit-12-kern-cpu-fuer-imac-pro-geplant#article\",\"isPartOf\":{\"@id\":\"https:\\\/\\\/www.apfelpatient.de\\\/rumors\\\/vierter-m1-chip-mit-12-kern-cpu-fuer-imac-pro-geplant\"},\"author\":{\"@type\":\"Organization\",\"@id\":\"https:\\\/\\\/www.apfelpatient.de\\\/en\\\/#organization\",\"name\":\"Apfelpatient\",\"url\":\"https:\\\/\\\/www.apfelpatient.de\\\/en\\\/\"},\"headline\":\"Vierter M1-Chip mit 12-Kern-CPU f\u00fcr iMac Pro geplant?\",\"datePublished\":\"2022-01-23T20:50:00+00:00\",\"dateModified\":\"2022-01-23T21:57:01+00:00\",\"mainEntityOfPage\":{\"@id\":\"https:\\\/\\\/www.apfelpatient.de\\\/rumors\\\/vierter-m1-chip-mit-12-kern-cpu-fuer-imac-pro-geplant\"},\"wordCount\":267,\"publisher\":{\"@type\":\"Organization\",\"@id\":\"https:\\\/\\\/www.apfelpatient.de\\\/en\\\/#organization\",\"name\":\"Apfelpatient\",\"url\":\"https:\\\/\\\/www.apfelpatient.de\\\/en\\\/\"},\"image\":{\"@id\":\"https:\\\/\\\/www.apfelpatient.de\\\/rumors\\\/vierter-m1-chip-mit-12-kern-cpu-fuer-imac-pro-geplant#primaryimage\"},\"thumbnailUrl\":\"https:\\\/\\\/www.apfelpatient.de\\\/wp-content\\\/uploads\\\/2022\\\/01\\\/bigstock-Orlando-Fl-Usa-September-441544058.jpg\",\"keywords\":[\"Mac\"],\"articleSection\":\"Rumors\",\"inLanguage\":\"en-US\",\"copyrightYear\":\"2022\",\"copyrightHolder\":{\"@id\":\"https:\\\/\\\/www.apfelpatient.de\\\/en\\\/#organization\"}},{\"@type\":\"WebPage\",\"@id\":\"https:\\\/\\\/www.apfelpatient.de\\\/rumors\\\/vierter-m1-chip-mit-12-kern-cpu-fuer-imac-pro-geplant\",\"url\":\"https:\\\/\\\/www.apfelpatient.de\\\/rumors\\\/vierter-m1-chip-mit-12-kern-cpu-fuer-imac-pro-geplant\",\"name\":\"Vierter M1-Chip mit 12-Kern-CPU f\u00fcr iMac Pro geplant? Apfelpatient\",\"isPartOf\":{\"@id\":\"https:\\\/\\\/www.apfelpatient.de\\\/#website\"},\"primaryImageOfPage\":{\"@id\":\"https:\\\/\\\/www.apfelpatient.de\\\/rumors\\\/vierter-m1-chip-mit-12-kern-cpu-fuer-imac-pro-geplant#primaryimage\"},\"image\":{\"@id\":\"https:\\\/\\\/www.apfelpatient.de\\\/rumors\\\/vierter-m1-chip-mit-12-kern-cpu-fuer-imac-pro-geplant#primaryimage\"},\"thumbnailUrl\":\"https:\\\/\\\/www.apfelpatient.de\\\/wp-content\\\/uploads\\\/2022\\\/01\\\/bigstock-Orlando-Fl-Usa-September-441544058.jpg\",\"datePublished\":\"2022-01-23T20:50:00+00:00\",\"dateModified\":\"2022-01-23T21:57:01+00:00\",\"description\":\"Neuer iMac Pro: Apple ist mit seiner M1 Generation von Apple Silicon Chips m\u00f6glicherweise noch nicht ganz fertig.\",\"breadcrumb\":{\"@id\":\"https:\\\/\\\/www.apfelpatient.de\\\/rumors\\\/vierter-m1-chip-mit-12-kern-cpu-fuer-imac-pro-geplant#breadcrumb\"},\"inLanguage\":\"en-US\",\"potentialAction\":[{\"@type\":\"ReadAction\",\"target\":[\"https:\\\/\\\/www.apfelpatient.de\\\/rumors\\\/vierter-m1-chip-mit-12-kern-cpu-fuer-imac-pro-geplant\"]}]},{\"@type\":\"ImageObject\",\"inLanguage\":\"en-US\",\"@id\":\"https:\\\/\\\/www.apfelpatient.de\\\/rumors\\\/vierter-m1-chip-mit-12-kern-cpu-fuer-imac-pro-geplant#primaryimage\",\"url\":\"https:\\\/\\\/www.apfelpatient.de\\\/wp-content\\\/uploads\\\/2022\\\/01\\\/bigstock-Orlando-Fl-Usa-September-441544058.jpg\",\"contentUrl\":\"https:\\\/\\\/www.apfelpatient.de\\\/wp-content\\\/uploads\\\/2022\\\/01\\\/bigstock-Orlando-Fl-Usa-September-441544058.jpg\",\"width\":1600,\"height\":1200,\"caption\":\"Orlando, FL USA - September 20, 2021: A row of iMac Computers at an Apple store.\"},{\"@type\":\"BreadcrumbList\",\"@id\":\"https:\\\/\\\/www.apfelpatient.de\\\/rumors\\\/vierter-m1-chip-mit-12-kern-cpu-fuer-imac-pro-geplant#breadcrumb\",\"itemListElement\":[{\"@type\":\"ListItem\",\"position\":1,\"name\":\"Startseite\",\"item\":\"https:\\\/\\\/www.apfelpatient.de\\\/\"},{\"@type\":\"ListItem\",\"position\":2,\"name\":\"Vierter M1-Chip mit 12-Kern-CPU f\u00fcr iMac Pro geplant?\"}]},{\"@type\":\"WebSite\",\"@id\":\"https:\\\/\\\/www.apfelpatient.de\\\/#website\",\"url\":\"https:\\\/\\\/www.apfelpatient.de\\\/\",\"name\":\"Apfelpatient\",\"description\":\"Alles rund um Apple!\",\"publisher\":{\"@type\":\"Organization\",\"@id\":\"https:\\\/\\\/www.apfelpatient.de\\\/en\\\/#organization\",\"name\":\"Apfelpatient\",\"url\":\"https:\\\/\\\/www.apfelpatient.de\\\/en\\\/\"},\"alternateName\":\"Apfelpatient\",\"potentialAction\":[{\"@type\":\"SearchAction\",\"target\":{\"@type\":\"EntryPoint\",\"urlTemplate\":\"https:\\\/\\\/www.apfelpatient.de\\\/?s={search_term_string}\"},\"query-input\":{\"@type\":\"PropertyValueSpecification\",\"valueRequired\":true,\"valueName\":\"search_term_string\"}}],\"inLanguage\":\"en-US\"},{\"@type\":[\"Person\",\"Organization\"],\"@id\":\"https:\\\/\\\/www.apfelpatient.de\\\/#\\\/schema\\\/person\\\/7dc56ad6c8e9824b76d2c08d4c140e13\",\"name\":\"Milan\",\"logo\":{\"@id\":\"https:\\\/\\\/www.apfelpatient.de\\\/#\\\/schema\\\/person\\\/image\\\/\"},\"description\":\"Hallo und herzlich willkommen auf meinem Technik-Blog! Als gro\u00dfer Apple-Fan berichte ich hier \u00fcber alles, was mit Apple zu tun hat: von den neuesten News und spannenden Ger\u00fcchten \u00fcber hilfreiche Tipps und Tricks bis hin zu ausf\u00fchrlichen Produkttests. Wenn du genauso technikbegeistert bist wie ich, bist du hier genau richtig!\",\"sameAs\":[\"https:\\\/\\\/www.facebook.com\\\/apfelpatientOfficial\",\"https:\\\/\\\/www.linkedin.com\\\/in\\\/milan-jovicic-42aa0231b\"],\"url\":\"https:\\\/\\\/www.apfelpatient.de\\\/en\\\/author\\\/apfeladmin\"}]}<\/script>\n<!-- \/ Yoast SEO Premium plugin. -->","yoast_head_json":{"title":"Fourth M1 chip with 12-core CPU planned for iMac Pro? Apfelpatient","description":"New iMac Pro: Apple may not be quite finished with its M1 generation of Apple Silicon chips.","robots":{"index":"index","follow":"follow","max-snippet":"max-snippet:-1","max-image-preview":"max-image-preview:large","max-video-preview":"max-video-preview:-1"},"canonical":"https:\/\/www.apfelpatient.de\/en\/rumors\/fourth-m1-chip-with-12-core-cpu-planned-for-imac-pro","og_locale":"en_US","og_type":"article","og_title":"Vierter M1-Chip mit 12-Kern-CPU f\u00fcr iMac Pro geplant?","og_description":"Neuer iMac Pro: Apple ist mit seiner M1 Generation von Apple Silicon Chips m\u00f6glicherweise noch nicht ganz fertig.","og_url":"https:\/\/www.apfelpatient.de\/en\/rumors\/fourth-m1-chip-with-12-core-cpu-planned-for-imac-pro","og_site_name":"Apfelpatient","article_publisher":"https:\/\/www.facebook.com\/apfelpatientOfficial","article_author":"https:\/\/www.facebook.com\/apfelpatientOfficial","article_published_time":"2022-01-23T20:50:00+00:00","article_modified_time":"2022-01-23T21:57:01+00:00","og_image":[{"width":1600,"height":1200,"url":"https:\/\/www.apfelpatient.de\/wp-content\/uploads\/2022\/01\/bigstock-Orlando-Fl-Usa-September-441544058.jpg","type":"image\/jpeg"}],"author":"Milan","twitter_card":"summary_large_image","twitter_description":"Neuer iMac Pro: Apple ist mit seiner M1 Generation von Apple Silicon Chips m\u00f6glicherweise noch nicht ganz fertig.","twitter_misc":{"Written by":"Milan","Est. reading time":"2 minutes"},"schema":{"@context":"https:\/\/schema.org","@graph":[{"@type":"NewsArticle","@id":"https:\/\/www.apfelpatient.de\/rumors\/vierter-m1-chip-mit-12-kern-cpu-fuer-imac-pro-geplant#article","isPartOf":{"@id":"https:\/\/www.apfelpatient.de\/rumors\/vierter-m1-chip-mit-12-kern-cpu-fuer-imac-pro-geplant"},"author":{"@type":"Organization","@id":"https:\/\/www.apfelpatient.de\/en\/#organization","name":"Apfelpatient","url":"https:\/\/www.apfelpatient.de\/en\/"},"headline":"Vierter M1-Chip mit 12-Kern-CPU f\u00fcr iMac Pro geplant?","datePublished":"2022-01-23T20:50:00+00:00","dateModified":"2022-01-23T21:57:01+00:00","mainEntityOfPage":{"@id":"https:\/\/www.apfelpatient.de\/rumors\/vierter-m1-chip-mit-12-kern-cpu-fuer-imac-pro-geplant"},"wordCount":267,"publisher":{"@type":"Organization","@id":"https:\/\/www.apfelpatient.de\/en\/#organization","name":"Apfelpatient","url":"https:\/\/www.apfelpatient.de\/en\/"},"image":{"@id":"https:\/\/www.apfelpatient.de\/rumors\/vierter-m1-chip-mit-12-kern-cpu-fuer-imac-pro-geplant#primaryimage"},"thumbnailUrl":"https:\/\/www.apfelpatient.de\/wp-content\/uploads\/2022\/01\/bigstock-Orlando-Fl-Usa-September-441544058.jpg","keywords":["Mac"],"articleSection":"Rumors","inLanguage":"en-US","copyrightYear":"2022","copyrightHolder":{"@id":"https:\/\/www.apfelpatient.de\/en\/#organization"}},{"@type":"WebPage","@id":"https:\/\/www.apfelpatient.de\/rumors\/vierter-m1-chip-mit-12-kern-cpu-fuer-imac-pro-geplant","url":"https:\/\/www.apfelpatient.de\/rumors\/vierter-m1-chip-mit-12-kern-cpu-fuer-imac-pro-geplant","name":"Fourth M1 chip with 12-core CPU planned for iMac Pro? Apfelpatient","isPartOf":{"@id":"https:\/\/www.apfelpatient.de\/#website"},"primaryImageOfPage":{"@id":"https:\/\/www.apfelpatient.de\/rumors\/vierter-m1-chip-mit-12-kern-cpu-fuer-imac-pro-geplant#primaryimage"},"image":{"@id":"https:\/\/www.apfelpatient.de\/rumors\/vierter-m1-chip-mit-12-kern-cpu-fuer-imac-pro-geplant#primaryimage"},"thumbnailUrl":"https:\/\/www.apfelpatient.de\/wp-content\/uploads\/2022\/01\/bigstock-Orlando-Fl-Usa-September-441544058.jpg","datePublished":"2022-01-23T20:50:00+00:00","dateModified":"2022-01-23T21:57:01+00:00","description":"New iMac Pro: Apple may not be quite finished with its M1 generation of Apple Silicon chips.","breadcrumb":{"@id":"https:\/\/www.apfelpatient.de\/rumors\/vierter-m1-chip-mit-12-kern-cpu-fuer-imac-pro-geplant#breadcrumb"},"inLanguage":"en-US","potentialAction":[{"@type":"ReadAction","target":["https:\/\/www.apfelpatient.de\/rumors\/vierter-m1-chip-mit-12-kern-cpu-fuer-imac-pro-geplant"]}]},{"@type":"ImageObject","inLanguage":"en-US","@id":"https:\/\/www.apfelpatient.de\/rumors\/vierter-m1-chip-mit-12-kern-cpu-fuer-imac-pro-geplant#primaryimage","url":"https:\/\/www.apfelpatient.de\/wp-content\/uploads\/2022\/01\/bigstock-Orlando-Fl-Usa-September-441544058.jpg","contentUrl":"https:\/\/www.apfelpatient.de\/wp-content\/uploads\/2022\/01\/bigstock-Orlando-Fl-Usa-September-441544058.jpg","width":1600,"height":1200,"caption":"Orlando, FL USA - September 20, 2021: A row of iMac Computers at an Apple store."},{"@type":"BreadcrumbList","@id":"https:\/\/www.apfelpatient.de\/rumors\/vierter-m1-chip-mit-12-kern-cpu-fuer-imac-pro-geplant#breadcrumb","itemListElement":[{"@type":"ListItem","position":1,"name":"Startseite","item":"https:\/\/www.apfelpatient.de\/"},{"@type":"ListItem","position":2,"name":"Vierter M1-Chip mit 12-Kern-CPU f\u00fcr iMac Pro geplant?"}]},{"@type":"WebSite","@id":"https:\/\/www.apfelpatient.de\/#website","url":"https:\/\/www.apfelpatient.de\/","name":"apple patient","description":"Everything about Apple!","publisher":{"@type":"Organization","@id":"https:\/\/www.apfelpatient.de\/en\/#organization","name":"Apfelpatient","url":"https:\/\/www.apfelpatient.de\/en\/"},"alternateName":"Apfelpatient","potentialAction":[{"@type":"SearchAction","target":{"@type":"EntryPoint","urlTemplate":"https:\/\/www.apfelpatient.de\/?s={search_term_string}"},"query-input":{"@type":"PropertyValueSpecification","valueRequired":true,"valueName":"search_term_string"}}],"inLanguage":"en-US"},{"@type":["Person","Organization"],"@id":"https:\/\/www.apfelpatient.de\/#\/schema\/person\/7dc56ad6c8e9824b76d2c08d4c140e13","name":"Milan","logo":{"@id":"https:\/\/www.apfelpatient.de\/#\/schema\/person\/image\/"},"description":"Hello and welcome to my technology blog! As a big Apple fan, I report on everything to do with Apple: from the latest news and exciting rumors to helpful tips and tricks and detailed product tests. If you are as enthusiastic about technology as I am, you have come to the right place!","sameAs":["https:\/\/www.facebook.com\/apfelpatientOfficial","https:\/\/www.linkedin.com\/in\/milan-jovicic-42aa0231b"],"url":"https:\/\/www.apfelpatient.de\/en\/author\/apfeladmin"}]}},"_links":{"self":[{"href":"https:\/\/www.apfelpatient.de\/en\/wp-json\/wp\/v2\/posts\/29730","targetHints":{"allow":["GET"]}}],"collection":[{"href":"https:\/\/www.apfelpatient.de\/en\/wp-json\/wp\/v2\/posts"}],"about":[{"href":"https:\/\/www.apfelpatient.de\/en\/wp-json\/wp\/v2\/types\/post"}],"author":[{"embeddable":true,"href":"https:\/\/www.apfelpatient.de\/en\/wp-json\/wp\/v2\/users\/2"}],"replies":[{"embeddable":true,"href":"https:\/\/www.apfelpatient.de\/en\/wp-json\/wp\/v2\/comments?post=29730"}],"version-history":[{"count":0,"href":"https:\/\/www.apfelpatient.de\/en\/wp-json\/wp\/v2\/posts\/29730\/revisions"}],"wp:featuredmedia":[{"embeddable":true,"href":"https:\/\/www.apfelpatient.de\/en\/wp-json\/wp\/v2\/media\/29731"}],"wp:attachment":[{"href":"https:\/\/www.apfelpatient.de\/en\/wp-json\/wp\/v2\/media?parent=29730"}],"wp:term":[{"taxonomy":"category","embeddable":true,"href":"https:\/\/www.apfelpatient.de\/en\/wp-json\/wp\/v2\/categories?post=29730"},{"taxonomy":"post_tag","embeddable":true,"href":"https:\/\/www.apfelpatient.de\/en\/wp-json\/wp\/v2\/tags?post=29730"}],"curies":[{"name":"wp","href":"https:\/\/api.w.org\/{rel}","templated":true}]}}