{"id":29660,"date":"2022-01-19T18:17:48","date_gmt":"2022-01-19T17:17:48","guid":{"rendered":"https:\/\/www.apfelpatient.de\/?p=29660"},"modified":"2022-01-19T18:17:48","modified_gmt":"2022-01-19T17:17:48","slug":"iphone-se-3-mass-production-to-start-in-march","status":"publish","type":"post","link":"https:\/\/www.apfelpatient.de\/en\/rumors\/iphone-se-3-massenproduktion-soll-im-maerz-anlaufen","title":{"rendered":"iPhone SE 3: Mass production to start in March"},"content":{"rendered":"<p class=\"has-drop-cap\"><strong>The release of the iPhone SE 3 with 5G connectivity is getting closer. According to reliable analyst Ross Young, production of the display panel will begin later this month, suggesting a launch in the second half of April or early May.<\/strong><\/p>\n\n\n\n<p>The new iPhone SE 3 is expected to look similar to its predecessor. This means that the design will continue to be based on the iPhone 8, with a 4.7-inch display, home button and Touch ID. The device is also expected to get 5G connectivity and rely on the new A15 chip. In his latest tweet <a href=\"https:\/\/twitter.com\/dsccross\/status\/1483810892206727171?s=21\" target=\"_blank\" rel=\"noreferrer noopener\">writes<\/a> Young that production of the panel for the new iPhone SE will begin this month and actual mass production of the iPhone will likely begin in March.<\/p>\n\n\n\n<h3 class=\"wp-block-heading\" id=\"h-iphone-se-3-wird-apple-auch-das-ipad-air-5-enthullen\">iPhone SE 3: Will Apple also unveil the iPad Air 5?<\/h3>\n\n\n\n\n\n\n\n<blockquote class=\"wp-block-quote is-layout-flow wp-block-quote-is-layout-flow\"><p>Apple 5G SE model starts panel production this month. Mass production likely from March. This means the launch will likely be in the second half of April\/early May, with shipping in late April or early May.<\/p><\/blockquote>\n\n\n\n<p>This statement is consistent with earlier reports from Mark Gurman, who claims that Apple is currently aiming for a virtual event in March or April to announce the iPhone SE 3. In addition to the new iPhone SE 3, the fifth generation of the iPad Air is also expected. (Photo by Unsplash \/ Noah Silliman)<\/p>\n\n\n\n<ul class=\"wp-block-list\"><li><a href=\"https:\/\/www.apfelpatient.de\/en\/rumors\/iphone-se-5g-successor-to-the-iphone-se-3-should-get-a-larger-display\">iPhone SE+ 5G: Successor to the iPhone SE 3 to have a larger display<\/a><\/li><\/ul>\n\n\n\n<h6 class=\"wp-block-heading translation-block\" id=\"h-kennt-ihr-schon-unsere-amazon-storefront-dort-findet-ihr-eine-handverlesene-auswahl-von-diversen-produkten-f-r-euer-iphone-und-co-viel-spa-beim-st-bern\"><em>Have you already visited our Amazon Storefront? There you&#039;ll find a hand-picked selection of various products for your iPhone and other devices \u2013 <span class=\"has-inline-color has-vivid-red-color\"><a href=\"https:\/\/www.amazon.de\/shop\/apfelpatientofficial\" class=\"ek-link\" data-wpel-link=\"exclude\" rel=\"follow noopener\" target=\"_self\"><span style=\"text-decoration: underline\" class=\"ek-underline\">enjoy browsing<\/span><\/a> !<\/span><\/em><\/h6>\n\n\n\n<h6 class=\"wp-block-heading translation-block\" id=\"h-der-beitrag-enthalt-partnerlinks\">This post contains <a data-type=\"URL\" data-id=\"https:\/\/www.apfelpatient.de\/partnerprogramm\" href=\"https:\/\/www.apfelpatient.de\/en\/partner-program\" data-wpel-link=\"internal\" target=\"_self\">affiliate links<\/a>.<\/h6>","protected":false},"excerpt":{"rendered":"<p>The release of the iPhone SE 3 with 5G connectivity is getting closer. Will Apple also unveil the iPad Air 5?<\/p>","protected":false},"author":2,"featured_media":29654,"comment_status":"closed","ping_status":"closed","sticky":false,"template":"","format":"standard","meta":{"jnews-multi-image_gallery":[],"jnews_single_post":{"subtitle":"","format":"standard","video":"","gallery":"","source_name":"","source_url":"","via_name":"","via_url":"","override":[{"single_blog_custom":"","sidebar":"","second_sidebar":"","share_position":"","share_float_style":"","post_date_format":"","post_date_format_custom":"","post_reading_time_wpm":"","zoom_button_out_step":"1","zoom_button_in_step":"1","number_popup_post":"1"}],"image_override":[{"single_post_thumbnail_size":"","single_post_gallery_size":""}],"trending_post_position":"","trending_post_label":"","sponsored_post_label":"","sponsored_post_name":"","sponsored_post_url":"","sponsored_post_logo":"","sponsored_post_desc":""},"jnews_primary_category":{"id":"25"},"footnotes":""},"categories":[25],"tags":[8,422,70],"class_list":["post-29660","post","type-post","status-publish","format-standard","has-post-thumbnail","hentry","category-rumors","tag-iphone","tag-iphone-2022","tag-iphone-se"],"yoast_head":"<!-- This site is optimized with the Yoast SEO Premium plugin v27.5 (Yoast SEO v27.5) - https:\/\/yoast.com\/product\/yoast-seo-premium-wordpress\/ -->\n<title>iPhone SE 3: Massenproduktion soll im M\u00e4rz anlaufen Apfelpatient<\/title>\n<meta name=\"description\" content=\"Die Ver\u00f6ffentlichung des iPhone SE 3 mit 5G-Konnektivit\u00e4t r\u00fcckt n\u00e4her. Wird Apple auch das iPad Air 5 enth\u00fcllen?\" \/>\n<meta name=\"robots\" content=\"index, follow, max-snippet:-1, max-image-preview:large, max-video-preview:-1\" \/>\n<link rel=\"canonical\" href=\"https:\/\/www.apfelpatient.de\/en\/rumors\/iphone-se-3-mass-production-to-start-in-march\" \/>\n<meta property=\"og:locale\" content=\"en_US\" \/>\n<meta property=\"og:type\" content=\"article\" \/>\n<meta property=\"og:title\" content=\"iPhone SE 3: Massenproduktion soll im M\u00e4rz anlaufen\" \/>\n<meta property=\"og:description\" content=\"Die Ver\u00f6ffentlichung des iPhone SE 3 mit 5G-Konnektivit\u00e4t r\u00fcckt n\u00e4her. Wird Apple auch das iPad Air 5 enth\u00fcllen?\" \/>\n<meta property=\"og:url\" content=\"https:\/\/www.apfelpatient.de\/en\/rumors\/iphone-se-3-mass-production-to-start-in-march\" \/>\n<meta property=\"og:site_name\" content=\"Apfelpatient\" \/>\n<meta property=\"article:publisher\" content=\"https:\/\/www.facebook.com\/apfelpatientOfficial\" \/>\n<meta property=\"article:author\" content=\"https:\/\/www.facebook.com\/apfelpatientOfficial\" \/>\n<meta property=\"article:published_time\" content=\"2022-01-19T17:17:48+00:00\" \/>\n<meta property=\"og:image\" content=\"https:\/\/www.apfelpatient.de\/wp-content\/uploads\/2022\/01\/noah-silliman-zKzHHKOsZ-8-unsplash.jpg\" \/>\n\t<meta property=\"og:image:width\" content=\"1600\" \/>\n\t<meta property=\"og:image:height\" content=\"1067\" \/>\n\t<meta property=\"og:image:type\" content=\"image\/jpeg\" \/>\n<meta name=\"author\" content=\"Milan\" \/>\n<meta name=\"twitter:card\" content=\"summary_large_image\" \/>\n<meta name=\"twitter:description\" content=\"Die Ver\u00f6ffentlichung des iPhone SE 3 mit 5G-Konnektivit\u00e4t r\u00fcckt n\u00e4her. Wird Apple auch das iPad Air 5 enth\u00fcllen?\" \/>\n<meta name=\"twitter:label1\" content=\"Written by\" \/>\n\t<meta name=\"twitter:data1\" content=\"Milan\" \/>\n\t<meta name=\"twitter:label2\" content=\"Est. reading time\" \/>\n\t<meta name=\"twitter:data2\" content=\"2 minutes\" \/>\n<script type=\"application\/ld+json\" class=\"yoast-schema-graph\">{\"@context\":\"https:\\\/\\\/schema.org\",\"@graph\":[{\"@type\":\"NewsArticle\",\"@id\":\"https:\\\/\\\/www.apfelpatient.de\\\/rumors\\\/iphone-se-3-massenproduktion-soll-im-maerz-anlaufen#article\",\"isPartOf\":{\"@id\":\"https:\\\/\\\/www.apfelpatient.de\\\/rumors\\\/iphone-se-3-massenproduktion-soll-im-maerz-anlaufen\"},\"author\":{\"@type\":\"Organization\",\"@id\":\"https:\\\/\\\/www.apfelpatient.de\\\/en\\\/#organization\",\"name\":\"Apfelpatient\",\"url\":\"https:\\\/\\\/www.apfelpatient.de\\\/en\\\/\"},\"headline\":\"iPhone SE 3: Massenproduktion soll im M\u00e4rz anlaufen\",\"datePublished\":\"2022-01-19T17:17:48+00:00\",\"mainEntityOfPage\":{\"@id\":\"https:\\\/\\\/www.apfelpatient.de\\\/rumors\\\/iphone-se-3-massenproduktion-soll-im-maerz-anlaufen\"},\"wordCount\":249,\"publisher\":{\"@type\":\"Organization\",\"@id\":\"https:\\\/\\\/www.apfelpatient.de\\\/en\\\/#organization\",\"name\":\"Apfelpatient\",\"url\":\"https:\\\/\\\/www.apfelpatient.de\\\/en\\\/\"},\"image\":{\"@id\":\"https:\\\/\\\/www.apfelpatient.de\\\/rumors\\\/iphone-se-3-massenproduktion-soll-im-maerz-anlaufen#primaryimage\"},\"thumbnailUrl\":\"https:\\\/\\\/www.apfelpatient.de\\\/wp-content\\\/uploads\\\/2022\\\/01\\\/noah-silliman-zKzHHKOsZ-8-unsplash.jpg\",\"keywords\":[\"iPhone\",\"iPhone 2022\",\"iPhone SE\"],\"articleSection\":\"Rumors\",\"inLanguage\":\"en-US\",\"copyrightYear\":\"2022\",\"copyrightHolder\":{\"@id\":\"https:\\\/\\\/www.apfelpatient.de\\\/en\\\/#organization\"}},{\"@type\":\"WebPage\",\"@id\":\"https:\\\/\\\/www.apfelpatient.de\\\/rumors\\\/iphone-se-3-massenproduktion-soll-im-maerz-anlaufen\",\"url\":\"https:\\\/\\\/www.apfelpatient.de\\\/rumors\\\/iphone-se-3-massenproduktion-soll-im-maerz-anlaufen\",\"name\":\"iPhone SE 3: Massenproduktion soll im M\u00e4rz anlaufen Apfelpatient\",\"isPartOf\":{\"@id\":\"https:\\\/\\\/www.apfelpatient.de\\\/#website\"},\"primaryImageOfPage\":{\"@id\":\"https:\\\/\\\/www.apfelpatient.de\\\/rumors\\\/iphone-se-3-massenproduktion-soll-im-maerz-anlaufen#primaryimage\"},\"image\":{\"@id\":\"https:\\\/\\\/www.apfelpatient.de\\\/rumors\\\/iphone-se-3-massenproduktion-soll-im-maerz-anlaufen#primaryimage\"},\"thumbnailUrl\":\"https:\\\/\\\/www.apfelpatient.de\\\/wp-content\\\/uploads\\\/2022\\\/01\\\/noah-silliman-zKzHHKOsZ-8-unsplash.jpg\",\"datePublished\":\"2022-01-19T17:17:48+00:00\",\"description\":\"Die Ver\u00f6ffentlichung des iPhone SE 3 mit 5G-Konnektivit\u00e4t r\u00fcckt n\u00e4her. Wird Apple auch das iPad Air 5 enth\u00fcllen?\",\"breadcrumb\":{\"@id\":\"https:\\\/\\\/www.apfelpatient.de\\\/rumors\\\/iphone-se-3-massenproduktion-soll-im-maerz-anlaufen#breadcrumb\"},\"inLanguage\":\"en-US\",\"potentialAction\":[{\"@type\":\"ReadAction\",\"target\":[\"https:\\\/\\\/www.apfelpatient.de\\\/rumors\\\/iphone-se-3-massenproduktion-soll-im-maerz-anlaufen\"]}]},{\"@type\":\"ImageObject\",\"inLanguage\":\"en-US\",\"@id\":\"https:\\\/\\\/www.apfelpatient.de\\\/rumors\\\/iphone-se-3-massenproduktion-soll-im-maerz-anlaufen#primaryimage\",\"url\":\"https:\\\/\\\/www.apfelpatient.de\\\/wp-content\\\/uploads\\\/2022\\\/01\\\/noah-silliman-zKzHHKOsZ-8-unsplash.jpg\",\"contentUrl\":\"https:\\\/\\\/www.apfelpatient.de\\\/wp-content\\\/uploads\\\/2022\\\/01\\\/noah-silliman-zKzHHKOsZ-8-unsplash.jpg\",\"width\":1600,\"height\":1067,\"caption\":\"Photo by Unsplash \\\/ Noah Silliman\"},{\"@type\":\"BreadcrumbList\",\"@id\":\"https:\\\/\\\/www.apfelpatient.de\\\/rumors\\\/iphone-se-3-massenproduktion-soll-im-maerz-anlaufen#breadcrumb\",\"itemListElement\":[{\"@type\":\"ListItem\",\"position\":1,\"name\":\"Startseite\",\"item\":\"https:\\\/\\\/www.apfelpatient.de\\\/\"},{\"@type\":\"ListItem\",\"position\":2,\"name\":\"iPhone SE 3: Massenproduktion soll im M\u00e4rz anlaufen\"}]},{\"@type\":\"WebSite\",\"@id\":\"https:\\\/\\\/www.apfelpatient.de\\\/#website\",\"url\":\"https:\\\/\\\/www.apfelpatient.de\\\/\",\"name\":\"Apfelpatient\",\"description\":\"Alles rund um Apple!\",\"publisher\":{\"@type\":\"Organization\",\"@id\":\"https:\\\/\\\/www.apfelpatient.de\\\/en\\\/#organization\",\"name\":\"Apfelpatient\",\"url\":\"https:\\\/\\\/www.apfelpatient.de\\\/en\\\/\"},\"alternateName\":\"Apfelpatient\",\"potentialAction\":[{\"@type\":\"SearchAction\",\"target\":{\"@type\":\"EntryPoint\",\"urlTemplate\":\"https:\\\/\\\/www.apfelpatient.de\\\/?s={search_term_string}\"},\"query-input\":{\"@type\":\"PropertyValueSpecification\",\"valueRequired\":true,\"valueName\":\"search_term_string\"}}],\"inLanguage\":\"en-US\"},{\"@type\":[\"Person\",\"Organization\"],\"@id\":\"https:\\\/\\\/www.apfelpatient.de\\\/#\\\/schema\\\/person\\\/7dc56ad6c8e9824b76d2c08d4c140e13\",\"name\":\"Milan\",\"logo\":{\"@id\":\"https:\\\/\\\/www.apfelpatient.de\\\/#\\\/schema\\\/person\\\/image\\\/\"},\"description\":\"Hallo und herzlich willkommen auf meinem Technik-Blog! Als gro\u00dfer Apple-Fan berichte ich hier \u00fcber alles, was mit Apple zu tun hat: von den neuesten News und spannenden Ger\u00fcchten \u00fcber hilfreiche Tipps und Tricks bis hin zu ausf\u00fchrlichen Produkttests. Wenn du genauso technikbegeistert bist wie ich, bist du hier genau richtig!\",\"sameAs\":[\"https:\\\/\\\/www.facebook.com\\\/apfelpatientOfficial\",\"https:\\\/\\\/www.linkedin.com\\\/in\\\/milan-jovicic-42aa0231b\"],\"url\":\"https:\\\/\\\/www.apfelpatient.de\\\/en\\\/author\\\/apfeladmin\"}]}<\/script>\n<!-- \/ Yoast SEO Premium plugin. -->","yoast_head_json":{"title":"iPhone SE 3: Mass production to start in March Apfelpatient","description":"The release of the iPhone SE 3 with 5G connectivity is getting closer. Will Apple also unveil the iPad Air 5?","robots":{"index":"index","follow":"follow","max-snippet":"max-snippet:-1","max-image-preview":"max-image-preview:large","max-video-preview":"max-video-preview:-1"},"canonical":"https:\/\/www.apfelpatient.de\/en\/rumors\/iphone-se-3-mass-production-to-start-in-march","og_locale":"en_US","og_type":"article","og_title":"iPhone SE 3: Massenproduktion soll im M\u00e4rz anlaufen","og_description":"Die Ver\u00f6ffentlichung des iPhone SE 3 mit 5G-Konnektivit\u00e4t r\u00fcckt n\u00e4her. Wird Apple auch das iPad Air 5 enth\u00fcllen?","og_url":"https:\/\/www.apfelpatient.de\/en\/rumors\/iphone-se-3-mass-production-to-start-in-march","og_site_name":"Apfelpatient","article_publisher":"https:\/\/www.facebook.com\/apfelpatientOfficial","article_author":"https:\/\/www.facebook.com\/apfelpatientOfficial","article_published_time":"2022-01-19T17:17:48+00:00","og_image":[{"width":1600,"height":1067,"url":"https:\/\/www.apfelpatient.de\/wp-content\/uploads\/2022\/01\/noah-silliman-zKzHHKOsZ-8-unsplash.jpg","type":"image\/jpeg"}],"author":"Milan","twitter_card":"summary_large_image","twitter_description":"Die Ver\u00f6ffentlichung des iPhone SE 3 mit 5G-Konnektivit\u00e4t r\u00fcckt n\u00e4her. Wird Apple auch das iPad Air 5 enth\u00fcllen?","twitter_misc":{"Written by":"Milan","Est. reading time":"2 minutes"},"schema":{"@context":"https:\/\/schema.org","@graph":[{"@type":"NewsArticle","@id":"https:\/\/www.apfelpatient.de\/rumors\/iphone-se-3-massenproduktion-soll-im-maerz-anlaufen#article","isPartOf":{"@id":"https:\/\/www.apfelpatient.de\/rumors\/iphone-se-3-massenproduktion-soll-im-maerz-anlaufen"},"author":{"@type":"Organization","@id":"https:\/\/www.apfelpatient.de\/en\/#organization","name":"Apfelpatient","url":"https:\/\/www.apfelpatient.de\/en\/"},"headline":"iPhone SE 3: Massenproduktion soll im M\u00e4rz anlaufen","datePublished":"2022-01-19T17:17:48+00:00","mainEntityOfPage":{"@id":"https:\/\/www.apfelpatient.de\/rumors\/iphone-se-3-massenproduktion-soll-im-maerz-anlaufen"},"wordCount":249,"publisher":{"@type":"Organization","@id":"https:\/\/www.apfelpatient.de\/en\/#organization","name":"Apfelpatient","url":"https:\/\/www.apfelpatient.de\/en\/"},"image":{"@id":"https:\/\/www.apfelpatient.de\/rumors\/iphone-se-3-massenproduktion-soll-im-maerz-anlaufen#primaryimage"},"thumbnailUrl":"https:\/\/www.apfelpatient.de\/wp-content\/uploads\/2022\/01\/noah-silliman-zKzHHKOsZ-8-unsplash.jpg","keywords":["iPhone","iPhone 2022","iPhone SE"],"articleSection":"Rumors","inLanguage":"en-US","copyrightYear":"2022","copyrightHolder":{"@id":"https:\/\/www.apfelpatient.de\/en\/#organization"}},{"@type":"WebPage","@id":"https:\/\/www.apfelpatient.de\/rumors\/iphone-se-3-massenproduktion-soll-im-maerz-anlaufen","url":"https:\/\/www.apfelpatient.de\/rumors\/iphone-se-3-massenproduktion-soll-im-maerz-anlaufen","name":"iPhone SE 3: Mass production to start in March Apfelpatient","isPartOf":{"@id":"https:\/\/www.apfelpatient.de\/#website"},"primaryImageOfPage":{"@id":"https:\/\/www.apfelpatient.de\/rumors\/iphone-se-3-massenproduktion-soll-im-maerz-anlaufen#primaryimage"},"image":{"@id":"https:\/\/www.apfelpatient.de\/rumors\/iphone-se-3-massenproduktion-soll-im-maerz-anlaufen#primaryimage"},"thumbnailUrl":"https:\/\/www.apfelpatient.de\/wp-content\/uploads\/2022\/01\/noah-silliman-zKzHHKOsZ-8-unsplash.jpg","datePublished":"2022-01-19T17:17:48+00:00","description":"The release of the iPhone SE 3 with 5G connectivity is getting closer. Will Apple also unveil the iPad Air 5?","breadcrumb":{"@id":"https:\/\/www.apfelpatient.de\/rumors\/iphone-se-3-massenproduktion-soll-im-maerz-anlaufen#breadcrumb"},"inLanguage":"en-US","potentialAction":[{"@type":"ReadAction","target":["https:\/\/www.apfelpatient.de\/rumors\/iphone-se-3-massenproduktion-soll-im-maerz-anlaufen"]}]},{"@type":"ImageObject","inLanguage":"en-US","@id":"https:\/\/www.apfelpatient.de\/rumors\/iphone-se-3-massenproduktion-soll-im-maerz-anlaufen#primaryimage","url":"https:\/\/www.apfelpatient.de\/wp-content\/uploads\/2022\/01\/noah-silliman-zKzHHKOsZ-8-unsplash.jpg","contentUrl":"https:\/\/www.apfelpatient.de\/wp-content\/uploads\/2022\/01\/noah-silliman-zKzHHKOsZ-8-unsplash.jpg","width":1600,"height":1067,"caption":"Photo by Unsplash \/ Noah Silliman"},{"@type":"BreadcrumbList","@id":"https:\/\/www.apfelpatient.de\/rumors\/iphone-se-3-massenproduktion-soll-im-maerz-anlaufen#breadcrumb","itemListElement":[{"@type":"ListItem","position":1,"name":"Startseite","item":"https:\/\/www.apfelpatient.de\/"},{"@type":"ListItem","position":2,"name":"iPhone SE 3: Massenproduktion soll im M\u00e4rz anlaufen"}]},{"@type":"WebSite","@id":"https:\/\/www.apfelpatient.de\/#website","url":"https:\/\/www.apfelpatient.de\/","name":"apple patient","description":"Everything about Apple!","publisher":{"@type":"Organization","@id":"https:\/\/www.apfelpatient.de\/en\/#organization","name":"Apfelpatient","url":"https:\/\/www.apfelpatient.de\/en\/"},"alternateName":"Apfelpatient","potentialAction":[{"@type":"SearchAction","target":{"@type":"EntryPoint","urlTemplate":"https:\/\/www.apfelpatient.de\/?s={search_term_string}"},"query-input":{"@type":"PropertyValueSpecification","valueRequired":true,"valueName":"search_term_string"}}],"inLanguage":"en-US"},{"@type":["Person","Organization"],"@id":"https:\/\/www.apfelpatient.de\/#\/schema\/person\/7dc56ad6c8e9824b76d2c08d4c140e13","name":"Milan","logo":{"@id":"https:\/\/www.apfelpatient.de\/#\/schema\/person\/image\/"},"description":"Hello and welcome to my technology blog! As a big Apple fan, I report on everything to do with Apple: from the latest news and exciting rumors to helpful tips and tricks and detailed product tests. If you are as enthusiastic about technology as I am, you have come to the right place!","sameAs":["https:\/\/www.facebook.com\/apfelpatientOfficial","https:\/\/www.linkedin.com\/in\/milan-jovicic-42aa0231b"],"url":"https:\/\/www.apfelpatient.de\/en\/author\/apfeladmin"}]}},"_links":{"self":[{"href":"https:\/\/www.apfelpatient.de\/en\/wp-json\/wp\/v2\/posts\/29660","targetHints":{"allow":["GET"]}}],"collection":[{"href":"https:\/\/www.apfelpatient.de\/en\/wp-json\/wp\/v2\/posts"}],"about":[{"href":"https:\/\/www.apfelpatient.de\/en\/wp-json\/wp\/v2\/types\/post"}],"author":[{"embeddable":true,"href":"https:\/\/www.apfelpatient.de\/en\/wp-json\/wp\/v2\/users\/2"}],"replies":[{"embeddable":true,"href":"https:\/\/www.apfelpatient.de\/en\/wp-json\/wp\/v2\/comments?post=29660"}],"version-history":[{"count":0,"href":"https:\/\/www.apfelpatient.de\/en\/wp-json\/wp\/v2\/posts\/29660\/revisions"}],"wp:featuredmedia":[{"embeddable":true,"href":"https:\/\/www.apfelpatient.de\/en\/wp-json\/wp\/v2\/media\/29654"}],"wp:attachment":[{"href":"https:\/\/www.apfelpatient.de\/en\/wp-json\/wp\/v2\/media?parent=29660"}],"wp:term":[{"taxonomy":"category","embeddable":true,"href":"https:\/\/www.apfelpatient.de\/en\/wp-json\/wp\/v2\/categories?post=29660"},{"taxonomy":"post_tag","embeddable":true,"href":"https:\/\/www.apfelpatient.de\/en\/wp-json\/wp\/v2\/tags?post=29660"}],"curies":[{"name":"wp","href":"https:\/\/api.w.org\/{rel}","templated":true}]}}