{"id":29589,"date":"2022-01-16T18:00:18","date_gmt":"2022-01-16T17:00:18","guid":{"rendered":"https:\/\/www.apfelpatient.de\/?p=29589"},"modified":"2022-01-16T18:00:19","modified_gmt":"2022-01-16T17:00:19","slug":"ipad-air-5-new-details-on-features-and-launch","status":"publish","type":"post","link":"https:\/\/www.apfelpatient.de\/en\/rumors\/ipad-air-5-neue-details-zu-ausstattung-und-start","title":{"rendered":"iPad Air 5: New details on features and launch"},"content":{"rendered":"<p class=\"has-drop-cap\"><strong>Apple&#039;s fifth-generation iPad Air could launch as early as early 2022. According to a new report, it will be similar to the sixth-generation iPad mini and will feature some new features, including 5G connectivity and an ultra-wide FaceTime HD camera.<\/strong><\/p>\n\n\n\n<p>According to rumors and speculation, Apple will hold another special event in the spring, possibly as early as March. It is expected that the iPhone SE will be presented in particular, but it is also suspected that the iPad Air could receive an update at the same time. According to <a href=\"http:\/\/www.macotakara.jp\/blog\/rumor\/entry-42293.html\" target=\"_blank\" rel=\"noreferrer noopener\">Sources<\/a> According to Macotakara, the fifth-generation iPad Air will have similar features to the iPad mini, including an A15 Bionic chip and support for 5G cellular networks.<\/p>\n\n\n\n<h3 class=\"wp-block-heading\" id=\"h-ipad-air-5-mit-center-stage-kompatiblem-sensor\">iPad Air 5: With Center Stage compatible sensor?<\/h3>\n\n\n\n\n\n\n\n<p>The FaceTime HD camera will also be upgraded to a 12-megapixel ultra-wide-angle version, giving it the same Center Stage-compatible sensor as other iPad models. On the back, the camera will get a quad-LED True Tone flash. As for the chassis, there were rumors that it would have the same chassis as the third-generation 11-inch iPad Pro, with a dual-lens camera on the back. But it is now believed that it will have a single-lens camera as usual. Few other rumors have surfaced about the iPad Air 2022 so far. In October, analyst Ming-Chi Kuo predicted that Apple will not use an OLED display to avoid a conflict with a possible 11-inch iPad Pro update with mini-LED backlighting. Are you interested in the iPad mini 6? The small tablet is currently priced at <a href=\"https:\/\/www.idealo.de\/preisvergleich\/OffersOfProduct\/201573013_-ipad-mini-2021-apple.html\" target=\"_blank\" rel=\"noreferrer noopener\">from 548.99 euros<\/a> available. (Photo by Denys Prykhodov \/ Bigstockphoto)<\/p>\n\n\n\n<ul class=\"wp-block-list\"><li><a href=\"https:\/\/www.apfelpatient.de\/en\/rumors\/new-ipad-pro-with-large-glass-apple-logo\">New iPad Pro with large glass Apple logo?<\/a><\/li><\/ul>\n\n\n\n<h6 class=\"wp-block-heading translation-block\" id=\"h-kennt-ihr-schon-unsere-amazon-storefront-dort-findet-ihr-eine-handverlesene-auswahl-von-diversen-produkten-f-r-euer-iphone-und-co-viel-spa-beim-st-bern\"><em>Have you already visited our Amazon Storefront? There you&#039;ll find a hand-picked selection of various products for your iPhone and other devices \u2013 <span class=\"has-inline-color has-vivid-red-color\"><a href=\"https:\/\/www.amazon.de\/shop\/apfelpatientofficial\" class=\"ek-link\" data-wpel-link=\"exclude\" rel=\"follow noopener\" target=\"_self\"><span style=\"text-decoration: underline\" class=\"ek-underline\">enjoy browsing<\/span><\/a> !<\/span><\/em><\/h6>\n\n\n\n<h6 class=\"wp-block-heading translation-block\" id=\"h-der-beitrag-enthalt-partnerlinks\">This post contains <a data-type=\"URL\" data-id=\"https:\/\/www.apfelpatient.de\/partnerprogramm\" href=\"https:\/\/www.apfelpatient.de\/en\/partner-program\" data-wpel-link=\"internal\" target=\"_self\">affiliate links<\/a>.<\/h6>","protected":false},"excerpt":{"rendered":"<p>Apple&#039;s fifth-generation iPad Air could hit the market as early as early 2022. These innovations are expected!<\/p>","protected":false},"author":2,"featured_media":29591,"comment_status":"closed","ping_status":"closed","sticky":false,"template":"","format":"standard","meta":{"jnews-multi-image_gallery":[],"jnews_single_post":{"subtitle":"","format":"standard","video":"","gallery":"","source_name":"","source_url":"","via_name":"","via_url":"","override":[{"single_blog_custom":"","sidebar":"","second_sidebar":"","share_position":"","share_float_style":"","post_date_format":"","post_date_format_custom":"","post_reading_time_wpm":"","zoom_button_out_step":"1","zoom_button_in_step":"1","number_popup_post":"1"}],"image_override":[{"single_post_thumbnail_size":"","single_post_gallery_size":""}],"trending_post_position":"","trending_post_label":"","sponsored_post_label":"","sponsored_post_name":"","sponsored_post_url":"","sponsored_post_logo":"","sponsored_post_desc":""},"jnews_primary_category":{"id":"25"},"footnotes":""},"categories":[25],"tags":[18,240],"class_list":["post-29589","post","type-post","status-publish","format-standard","has-post-thumbnail","hentry","category-rumors","tag-ipad","tag-ipad-air"],"yoast_head":"<!-- This site is optimized with the Yoast SEO Premium plugin v27.5 (Yoast SEO v27.5) - https:\/\/yoast.com\/product\/yoast-seo-premium-wordpress\/ -->\n<title>iPad Air 5: Neue Details zu Ausstattung und Start Apfelpatient<\/title>\n<meta name=\"description\" content=\"Apples iPad Air der f\u00fcnften Generation k\u00f6nnte bereits Anfang 2022 auf den Markt kommen. Diese Neuerungen werden erwartet!\" \/>\n<meta name=\"robots\" content=\"index, follow, max-snippet:-1, max-image-preview:large, max-video-preview:-1\" \/>\n<link rel=\"canonical\" href=\"https:\/\/www.apfelpatient.de\/en\/rumors\/ipad-air-5-new-details-on-features-and-launch\" \/>\n<meta property=\"og:locale\" content=\"en_US\" \/>\n<meta property=\"og:type\" content=\"article\" \/>\n<meta property=\"og:title\" content=\"iPad Air 5: Neue Details zu Ausstattung und Start\" \/>\n<meta property=\"og:description\" content=\"Apples iPad Air der f\u00fcnften Generation k\u00f6nnte bereits Anfang 2022 auf den Markt kommen. Diese Neuerungen werden erwartet!\" \/>\n<meta property=\"og:url\" content=\"https:\/\/www.apfelpatient.de\/en\/rumors\/ipad-air-5-new-details-on-features-and-launch\" \/>\n<meta property=\"og:site_name\" content=\"Apfelpatient\" \/>\n<meta property=\"article:publisher\" content=\"https:\/\/www.facebook.com\/apfelpatientOfficial\" \/>\n<meta property=\"article:author\" content=\"https:\/\/www.facebook.com\/apfelpatientOfficial\" \/>\n<meta property=\"article:published_time\" content=\"2022-01-16T17:00:18+00:00\" \/>\n<meta property=\"article:modified_time\" content=\"2022-01-16T17:00:19+00:00\" \/>\n<meta property=\"og:image\" content=\"https:\/\/www.apfelpatient.de\/wp-content\/uploads\/2022\/01\/bigstock-Alanya-Turkey-June-432516611.jpg\" \/>\n\t<meta property=\"og:image:width\" content=\"1600\" \/>\n\t<meta property=\"og:image:height\" content=\"1067\" \/>\n\t<meta property=\"og:image:type\" content=\"image\/jpeg\" \/>\n<meta name=\"author\" content=\"Milan\" \/>\n<meta name=\"twitter:card\" content=\"summary_large_image\" \/>\n<meta name=\"twitter:description\" content=\"Apples iPad Air der f\u00fcnften Generation k\u00f6nnte bereits Anfang 2022 auf den Markt kommen. Diese Neuerungen werden erwartet!\" \/>\n<meta name=\"twitter:label1\" content=\"Written by\" \/>\n\t<meta name=\"twitter:data1\" content=\"Milan\" \/>\n\t<meta name=\"twitter:label2\" content=\"Est. reading time\" \/>\n\t<meta name=\"twitter:data2\" content=\"2 minutes\" \/>\n<script type=\"application\/ld+json\" class=\"yoast-schema-graph\">{\"@context\":\"https:\\\/\\\/schema.org\",\"@graph\":[{\"@type\":\"NewsArticle\",\"@id\":\"https:\\\/\\\/www.apfelpatient.de\\\/rumors\\\/ipad-air-5-neue-details-zu-ausstattung-und-start#article\",\"isPartOf\":{\"@id\":\"https:\\\/\\\/www.apfelpatient.de\\\/rumors\\\/ipad-air-5-neue-details-zu-ausstattung-und-start\"},\"author\":{\"@type\":\"Organization\",\"@id\":\"https:\\\/\\\/www.apfelpatient.de\\\/en\\\/#organization\",\"name\":\"Apfelpatient\",\"url\":\"https:\\\/\\\/www.apfelpatient.de\\\/en\\\/\"},\"headline\":\"iPad Air 5: Neue Details zu Ausstattung und Start\",\"datePublished\":\"2022-01-16T17:00:18+00:00\",\"dateModified\":\"2022-01-16T17:00:19+00:00\",\"mainEntityOfPage\":{\"@id\":\"https:\\\/\\\/www.apfelpatient.de\\\/rumors\\\/ipad-air-5-neue-details-zu-ausstattung-und-start\"},\"wordCount\":291,\"publisher\":{\"@type\":\"Organization\",\"@id\":\"https:\\\/\\\/www.apfelpatient.de\\\/en\\\/#organization\",\"name\":\"Apfelpatient\",\"url\":\"https:\\\/\\\/www.apfelpatient.de\\\/en\\\/\"},\"image\":{\"@id\":\"https:\\\/\\\/www.apfelpatient.de\\\/rumors\\\/ipad-air-5-neue-details-zu-ausstattung-und-start#primaryimage\"},\"thumbnailUrl\":\"https:\\\/\\\/www.apfelpatient.de\\\/wp-content\\\/uploads\\\/2022\\\/01\\\/bigstock-Alanya-Turkey-June-432516611.jpg\",\"keywords\":[\"iPad\",\"iPad Air\"],\"articleSection\":\"Rumors\",\"inLanguage\":\"en-US\",\"copyrightYear\":\"2022\",\"copyrightHolder\":{\"@id\":\"https:\\\/\\\/www.apfelpatient.de\\\/en\\\/#organization\"}},{\"@type\":\"WebPage\",\"@id\":\"https:\\\/\\\/www.apfelpatient.de\\\/rumors\\\/ipad-air-5-neue-details-zu-ausstattung-und-start\",\"url\":\"https:\\\/\\\/www.apfelpatient.de\\\/rumors\\\/ipad-air-5-neue-details-zu-ausstattung-und-start\",\"name\":\"iPad Air 5: Neue Details zu Ausstattung und Start Apfelpatient\",\"isPartOf\":{\"@id\":\"https:\\\/\\\/www.apfelpatient.de\\\/#website\"},\"primaryImageOfPage\":{\"@id\":\"https:\\\/\\\/www.apfelpatient.de\\\/rumors\\\/ipad-air-5-neue-details-zu-ausstattung-und-start#primaryimage\"},\"image\":{\"@id\":\"https:\\\/\\\/www.apfelpatient.de\\\/rumors\\\/ipad-air-5-neue-details-zu-ausstattung-und-start#primaryimage\"},\"thumbnailUrl\":\"https:\\\/\\\/www.apfelpatient.de\\\/wp-content\\\/uploads\\\/2022\\\/01\\\/bigstock-Alanya-Turkey-June-432516611.jpg\",\"datePublished\":\"2022-01-16T17:00:18+00:00\",\"dateModified\":\"2022-01-16T17:00:19+00:00\",\"description\":\"Apples iPad Air der f\u00fcnften Generation k\u00f6nnte bereits Anfang 2022 auf den Markt kommen. Diese Neuerungen werden erwartet!\",\"breadcrumb\":{\"@id\":\"https:\\\/\\\/www.apfelpatient.de\\\/rumors\\\/ipad-air-5-neue-details-zu-ausstattung-und-start#breadcrumb\"},\"inLanguage\":\"en-US\",\"potentialAction\":[{\"@type\":\"ReadAction\",\"target\":[\"https:\\\/\\\/www.apfelpatient.de\\\/rumors\\\/ipad-air-5-neue-details-zu-ausstattung-und-start\"]}]},{\"@type\":\"ImageObject\",\"inLanguage\":\"en-US\",\"@id\":\"https:\\\/\\\/www.apfelpatient.de\\\/rumors\\\/ipad-air-5-neue-details-zu-ausstattung-und-start#primaryimage\",\"url\":\"https:\\\/\\\/www.apfelpatient.de\\\/wp-content\\\/uploads\\\/2022\\\/01\\\/bigstock-Alanya-Turkey-June-432516611.jpg\",\"contentUrl\":\"https:\\\/\\\/www.apfelpatient.de\\\/wp-content\\\/uploads\\\/2022\\\/01\\\/bigstock-Alanya-Turkey-June-432516611.jpg\",\"width\":1600,\"height\":1067,\"caption\":\"Alanya, Turkey - June 2, 2021: Woman hand holding iPad Air Space Gray with home screen Shortcuts app. iPad Air was created and developed by the Apple inc.\"},{\"@type\":\"BreadcrumbList\",\"@id\":\"https:\\\/\\\/www.apfelpatient.de\\\/rumors\\\/ipad-air-5-neue-details-zu-ausstattung-und-start#breadcrumb\",\"itemListElement\":[{\"@type\":\"ListItem\",\"position\":1,\"name\":\"Startseite\",\"item\":\"https:\\\/\\\/www.apfelpatient.de\\\/\"},{\"@type\":\"ListItem\",\"position\":2,\"name\":\"iPad Air 5: Neue Details zu Ausstattung und Start\"}]},{\"@type\":\"WebSite\",\"@id\":\"https:\\\/\\\/www.apfelpatient.de\\\/#website\",\"url\":\"https:\\\/\\\/www.apfelpatient.de\\\/\",\"name\":\"Apfelpatient\",\"description\":\"Alles rund um Apple!\",\"publisher\":{\"@type\":\"Organization\",\"@id\":\"https:\\\/\\\/www.apfelpatient.de\\\/en\\\/#organization\",\"name\":\"Apfelpatient\",\"url\":\"https:\\\/\\\/www.apfelpatient.de\\\/en\\\/\"},\"alternateName\":\"Apfelpatient\",\"potentialAction\":[{\"@type\":\"SearchAction\",\"target\":{\"@type\":\"EntryPoint\",\"urlTemplate\":\"https:\\\/\\\/www.apfelpatient.de\\\/?s={search_term_string}\"},\"query-input\":{\"@type\":\"PropertyValueSpecification\",\"valueRequired\":true,\"valueName\":\"search_term_string\"}}],\"inLanguage\":\"en-US\"},{\"@type\":[\"Person\",\"Organization\"],\"@id\":\"https:\\\/\\\/www.apfelpatient.de\\\/#\\\/schema\\\/person\\\/35b3ddba5832f2bfc7fff5206d4f6b7b\",\"name\":\"Milan\",\"logo\":{\"@id\":\"https:\\\/\\\/www.apfelpatient.de\\\/#\\\/schema\\\/person\\\/image\\\/\"},\"description\":\"Hallo und herzlich willkommen auf meinem Technik-Blog! Als gro\u00dfer Apple-Fan berichte ich hier \u00fcber alles, was mit Apple zu tun hat: von den neuesten News und spannenden Ger\u00fcchten \u00fcber hilfreiche Tipps und Tricks bis hin zu ausf\u00fchrlichen Produkttests. Wenn du genauso technikbegeistert bist wie ich, bist du hier genau richtig!\",\"sameAs\":[\"https:\\\/\\\/www.facebook.com\\\/apfelpatientOfficial\",\"https:\\\/\\\/www.linkedin.com\\\/in\\\/milan-jovicic-42aa0231b\"],\"url\":\"https:\\\/\\\/www.apfelpatient.de\\\/en\\\/author\\\/apfeladmin\"}]}<\/script>\n<!-- \/ Yoast SEO Premium plugin. -->","yoast_head_json":{"title":"iPad Air 5: New details on features and launch Apfelpatient","description":"Apple&#039;s fifth-generation iPad Air could hit the market as early as early 2022. These innovations are expected!","robots":{"index":"index","follow":"follow","max-snippet":"max-snippet:-1","max-image-preview":"max-image-preview:large","max-video-preview":"max-video-preview:-1"},"canonical":"https:\/\/www.apfelpatient.de\/en\/rumors\/ipad-air-5-new-details-on-features-and-launch","og_locale":"en_US","og_type":"article","og_title":"iPad Air 5: Neue Details zu Ausstattung und Start","og_description":"Apples iPad Air der f\u00fcnften Generation k\u00f6nnte bereits Anfang 2022 auf den Markt kommen. Diese Neuerungen werden erwartet!","og_url":"https:\/\/www.apfelpatient.de\/en\/rumors\/ipad-air-5-new-details-on-features-and-launch","og_site_name":"Apfelpatient","article_publisher":"https:\/\/www.facebook.com\/apfelpatientOfficial","article_author":"https:\/\/www.facebook.com\/apfelpatientOfficial","article_published_time":"2022-01-16T17:00:18+00:00","article_modified_time":"2022-01-16T17:00:19+00:00","og_image":[{"width":1600,"height":1067,"url":"https:\/\/www.apfelpatient.de\/wp-content\/uploads\/2022\/01\/bigstock-Alanya-Turkey-June-432516611.jpg","type":"image\/jpeg"}],"author":"Milan","twitter_card":"summary_large_image","twitter_description":"Apples iPad Air der f\u00fcnften Generation k\u00f6nnte bereits Anfang 2022 auf den Markt kommen. Diese Neuerungen werden erwartet!","twitter_misc":{"Written by":"Milan","Est. reading time":"2 minutes"},"schema":{"@context":"https:\/\/schema.org","@graph":[{"@type":"NewsArticle","@id":"https:\/\/www.apfelpatient.de\/rumors\/ipad-air-5-neue-details-zu-ausstattung-und-start#article","isPartOf":{"@id":"https:\/\/www.apfelpatient.de\/rumors\/ipad-air-5-neue-details-zu-ausstattung-und-start"},"author":{"@type":"Organization","@id":"https:\/\/www.apfelpatient.de\/en\/#organization","name":"Apfelpatient","url":"https:\/\/www.apfelpatient.de\/en\/"},"headline":"iPad Air 5: Neue Details zu Ausstattung und Start","datePublished":"2022-01-16T17:00:18+00:00","dateModified":"2022-01-16T17:00:19+00:00","mainEntityOfPage":{"@id":"https:\/\/www.apfelpatient.de\/rumors\/ipad-air-5-neue-details-zu-ausstattung-und-start"},"wordCount":291,"publisher":{"@type":"Organization","@id":"https:\/\/www.apfelpatient.de\/en\/#organization","name":"Apfelpatient","url":"https:\/\/www.apfelpatient.de\/en\/"},"image":{"@id":"https:\/\/www.apfelpatient.de\/rumors\/ipad-air-5-neue-details-zu-ausstattung-und-start#primaryimage"},"thumbnailUrl":"https:\/\/www.apfelpatient.de\/wp-content\/uploads\/2022\/01\/bigstock-Alanya-Turkey-June-432516611.jpg","keywords":["iPad","iPad Air"],"articleSection":"Rumors","inLanguage":"en-US","copyrightYear":"2022","copyrightHolder":{"@id":"https:\/\/www.apfelpatient.de\/en\/#organization"}},{"@type":"WebPage","@id":"https:\/\/www.apfelpatient.de\/rumors\/ipad-air-5-neue-details-zu-ausstattung-und-start","url":"https:\/\/www.apfelpatient.de\/rumors\/ipad-air-5-neue-details-zu-ausstattung-und-start","name":"iPad Air 5: New details on features and launch Apfelpatient","isPartOf":{"@id":"https:\/\/www.apfelpatient.de\/#website"},"primaryImageOfPage":{"@id":"https:\/\/www.apfelpatient.de\/rumors\/ipad-air-5-neue-details-zu-ausstattung-und-start#primaryimage"},"image":{"@id":"https:\/\/www.apfelpatient.de\/rumors\/ipad-air-5-neue-details-zu-ausstattung-und-start#primaryimage"},"thumbnailUrl":"https:\/\/www.apfelpatient.de\/wp-content\/uploads\/2022\/01\/bigstock-Alanya-Turkey-June-432516611.jpg","datePublished":"2022-01-16T17:00:18+00:00","dateModified":"2022-01-16T17:00:19+00:00","description":"Apple&#039;s fifth-generation iPad Air could hit the market as early as early 2022. These innovations are expected!","breadcrumb":{"@id":"https:\/\/www.apfelpatient.de\/rumors\/ipad-air-5-neue-details-zu-ausstattung-und-start#breadcrumb"},"inLanguage":"en-US","potentialAction":[{"@type":"ReadAction","target":["https:\/\/www.apfelpatient.de\/rumors\/ipad-air-5-neue-details-zu-ausstattung-und-start"]}]},{"@type":"ImageObject","inLanguage":"en-US","@id":"https:\/\/www.apfelpatient.de\/rumors\/ipad-air-5-neue-details-zu-ausstattung-und-start#primaryimage","url":"https:\/\/www.apfelpatient.de\/wp-content\/uploads\/2022\/01\/bigstock-Alanya-Turkey-June-432516611.jpg","contentUrl":"https:\/\/www.apfelpatient.de\/wp-content\/uploads\/2022\/01\/bigstock-Alanya-Turkey-June-432516611.jpg","width":1600,"height":1067,"caption":"Alanya, Turkey - June 2, 2021: Woman hand holding iPad Air Space Gray with home screen Shortcuts app. iPad Air was created and developed by the Apple inc."},{"@type":"BreadcrumbList","@id":"https:\/\/www.apfelpatient.de\/rumors\/ipad-air-5-neue-details-zu-ausstattung-und-start#breadcrumb","itemListElement":[{"@type":"ListItem","position":1,"name":"Startseite","item":"https:\/\/www.apfelpatient.de\/"},{"@type":"ListItem","position":2,"name":"iPad Air 5: Neue Details zu Ausstattung und Start"}]},{"@type":"WebSite","@id":"https:\/\/www.apfelpatient.de\/#website","url":"https:\/\/www.apfelpatient.de\/","name":"apple patient","description":"Everything about Apple!","publisher":{"@type":"Organization","@id":"https:\/\/www.apfelpatient.de\/en\/#organization","name":"Apfelpatient","url":"https:\/\/www.apfelpatient.de\/en\/"},"alternateName":"Apfelpatient","potentialAction":[{"@type":"SearchAction","target":{"@type":"EntryPoint","urlTemplate":"https:\/\/www.apfelpatient.de\/?s={search_term_string}"},"query-input":{"@type":"PropertyValueSpecification","valueRequired":true,"valueName":"search_term_string"}}],"inLanguage":"en-US"},{"@type":["Person","Organization"],"@id":"https:\/\/www.apfelpatient.de\/#\/schema\/person\/35b3ddba5832f2bfc7fff5206d4f6b7b","name":"Milan","logo":{"@id":"https:\/\/www.apfelpatient.de\/#\/schema\/person\/image\/"},"description":"Hello and welcome to my technology blog! As a big Apple fan, I report on everything to do with Apple: from the latest news and exciting rumors to helpful tips and tricks and detailed product tests. If you are as enthusiastic about technology as I am, you have come to the right place!","sameAs":["https:\/\/www.facebook.com\/apfelpatientOfficial","https:\/\/www.linkedin.com\/in\/milan-jovicic-42aa0231b"],"url":"https:\/\/www.apfelpatient.de\/en\/author\/apfeladmin"}]}},"_links":{"self":[{"href":"https:\/\/www.apfelpatient.de\/en\/wp-json\/wp\/v2\/posts\/29589","targetHints":{"allow":["GET"]}}],"collection":[{"href":"https:\/\/www.apfelpatient.de\/en\/wp-json\/wp\/v2\/posts"}],"about":[{"href":"https:\/\/www.apfelpatient.de\/en\/wp-json\/wp\/v2\/types\/post"}],"author":[{"embeddable":true,"href":"https:\/\/www.apfelpatient.de\/en\/wp-json\/wp\/v2\/users\/2"}],"replies":[{"embeddable":true,"href":"https:\/\/www.apfelpatient.de\/en\/wp-json\/wp\/v2\/comments?post=29589"}],"version-history":[{"count":0,"href":"https:\/\/www.apfelpatient.de\/en\/wp-json\/wp\/v2\/posts\/29589\/revisions"}],"wp:featuredmedia":[{"embeddable":true,"href":"https:\/\/www.apfelpatient.de\/en\/wp-json\/wp\/v2\/media\/29591"}],"wp:attachment":[{"href":"https:\/\/www.apfelpatient.de\/en\/wp-json\/wp\/v2\/media?parent=29589"}],"wp:term":[{"taxonomy":"category","embeddable":true,"href":"https:\/\/www.apfelpatient.de\/en\/wp-json\/wp\/v2\/categories?post=29589"},{"taxonomy":"post_tag","embeddable":true,"href":"https:\/\/www.apfelpatient.de\/en\/wp-json\/wp\/v2\/tags?post=29589"}],"curies":[{"name":"wp","href":"https:\/\/api.w.org\/{rel}","templated":true}]}}