{"id":2953,"date":"2018-12-28T17:13:11","date_gmt":"2018-12-28T16:13:11","guid":{"rendered":"https:\/\/www.apfelpatient.de\/?p=2953"},"modified":"2025-02-06T08:36:27","modified_gmt":"2025-02-06T07:36:27","slug":"will-the-iphone-soon-have-a-3d-camera","status":"publish","type":"post","link":"https:\/\/www.apfelpatient.de\/en\/rumors\/bekommt-das-iphone-bald-eine-3d-kamera","title":{"rendered":"Will the iPhone soon have a 3D camera?"},"content":{"rendered":"<p><strong>A 3D camera could make the iPhone &amp; Co. a lot more attractive. Many smartphone manufacturers are said to be very interested in Sony&#039;s technology - including Apple.<span class=\"Apple-converted-space\">\u00a0<\/span><\/strong><\/p>\n\n<p>The news portal Bloomberg has published a report on the current movements in the 3D camera sector. According to the report, Apple is also said to be very interested in Sony&#039;s 3D camera sensors. This camera module could, among other things, replace the TrueDepth technology behind Face ID.<span class=\"Apple-converted-space\">\u00a0<\/span><\/p>\n<p><strong>time-of-flight technology<\/strong><\/p>\n<p>Sony&#039;s 3D camera uses the time-of-flight (TOF) method and allows for better images. The sensor calculates the time it takes for light to reach a surface - it can therefore determine depth information and thus create more precise images.<\/p>\n\n<p>The rear camera would also benefit from the TOF module \u2013 augmented reality could be significantly improved.<span class=\"Apple-converted-space\">\u00a0<\/span>In an earlier report, star analyst Ming-Chi Kuo hinted at such 3D camera technology for the iPad Pro 2019. According to him, this technology would not be introduced into the iPhone until 2020 at the earliest. It remains to be seen when Apple will actually use such camera technology - in addition to many advantages in various application areas, it could even significantly improve sales of iPhone and iPad devices.<\/p>\n<p><strong>iTunes deals throughout December. On offer today:\u00a0<em>All 5 Jurassic Park films<span class=\"Apple-converted-space\">\u00a0<\/span><\/em><\/strong><\/p>","protected":false},"excerpt":{"rendered":"<p>Eine 3D-Kamera k\u00f6nnte das iPhone &amp; Co. um einiges attraktiver machen. Viele Smartphonehersteller sollen gro\u00dfes Interesse an einer Technologie von Sony haben &#8211; auch Apple.\u00a0 Das Nachrichtenportal Bloomberg hat einen Bericht \u00fcber die aktuellen Bewegungen in der 3D-Kamerasparte ver\u00f6ffentlicht. Demnach soll auch Apple gro\u00dfes Interesse an Sonys 3D-Kamerasensoren haben. Dieses Kamera-Modul k\u00f6nnte unter Anderem auch [&hellip;]<\/p>\n","protected":false},"author":2,"featured_media":2954,"comment_status":"open","ping_status":"open","sticky":false,"template":"","format":"standard","meta":{"jnews-multi-image_gallery":[],"jnews_single_post":[],"jnews_primary_category":[],"footnotes":""},"categories":[25],"tags":[37,18,8],"class_list":["post-2953","post","type-post","status-publish","format-standard","has-post-thumbnail","hentry","category-rumors","tag-face-id","tag-ipad","tag-iphone"],"yoast_head":"<!-- This site is optimized with the Yoast SEO Premium plugin v27.5 (Yoast SEO v27.5) - https:\/\/yoast.com\/product\/yoast-seo-premium-wordpress\/ -->\n<title>Bekommt das iPhone bald eine 3D-Kamera? Apfelpatient<\/title>\n<meta name=\"description\" content=\"Eine 3D-Kamera k\u00f6nnte das iPhone &amp; Co. um einiges attraktiver machen. Viele Smartphonehersteller sollen gro\u00dfes Interesse an einer Technologie von Sony\" \/>\n<meta name=\"robots\" content=\"index, follow, max-snippet:-1, max-image-preview:large, max-video-preview:-1\" \/>\n<link rel=\"canonical\" href=\"https:\/\/www.apfelpatient.de\/en\/rumors\/will-the-iphone-soon-have-a-3d-camera\" \/>\n<meta property=\"og:locale\" content=\"en_US\" \/>\n<meta property=\"og:type\" content=\"article\" \/>\n<meta property=\"og:title\" content=\"Bekommt das iPhone bald eine 3D-Kamera?\" \/>\n<meta property=\"og:description\" content=\"Eine 3D-Kamera k\u00f6nnte das iPhone &amp; Co. um einiges attraktiver machen. Viele Smartphonehersteller sollen gro\u00dfes Interesse an einer Technologie von Sony\" \/>\n<meta property=\"og:url\" content=\"https:\/\/www.apfelpatient.de\/en\/rumors\/will-the-iphone-soon-have-a-3d-camera\" \/>\n<meta property=\"og:site_name\" content=\"Apfelpatient\" \/>\n<meta property=\"article:publisher\" content=\"https:\/\/www.facebook.com\/apfelpatientOfficial\" \/>\n<meta property=\"article:author\" content=\"https:\/\/www.facebook.com\/apfelpatientOfficial\" \/>\n<meta property=\"article:published_time\" content=\"2018-12-28T16:13:11+00:00\" \/>\n<meta property=\"article:modified_time\" content=\"2025-02-06T07:36:27+00:00\" \/>\n<meta property=\"og:image\" content=\"https:\/\/www.apfelpatient.de\/wp-content\/uploads\/2018\/12\/nigel-tadyanehondo-230499-unsplash.jpg\" \/>\n\t<meta property=\"og:image:width\" content=\"1024\" \/>\n\t<meta property=\"og:image:height\" content=\"683\" \/>\n\t<meta property=\"og:image:type\" content=\"image\/jpeg\" \/>\n<meta name=\"author\" content=\"Milan\" \/>\n<meta name=\"twitter:card\" content=\"summary_large_image\" \/>\n<meta name=\"twitter:label1\" content=\"Written by\" \/>\n\t<meta name=\"twitter:data1\" content=\"Milan\" \/>\n\t<meta name=\"twitter:label2\" content=\"Est. reading time\" \/>\n\t<meta name=\"twitter:data2\" content=\"1 minute\" \/>\n<script type=\"application\/ld+json\" class=\"yoast-schema-graph\">{\"@context\":\"https:\\\/\\\/schema.org\",\"@graph\":[{\"@type\":\"NewsArticle\",\"@id\":\"https:\\\/\\\/www.apfelpatient.de\\\/rumors\\\/bekommt-das-iphone-bald-eine-3d-kamera#article\",\"isPartOf\":{\"@id\":\"https:\\\/\\\/www.apfelpatient.de\\\/rumors\\\/bekommt-das-iphone-bald-eine-3d-kamera\"},\"author\":{\"@type\":\"Organization\",\"@id\":\"https:\\\/\\\/www.apfelpatient.de\\\/en\\\/#organization\",\"name\":\"Apfelpatient\",\"url\":\"https:\\\/\\\/www.apfelpatient.de\\\/en\\\/\"},\"headline\":\"Bekommt das iPhone bald eine 3D-Kamera?\",\"datePublished\":\"2018-12-28T16:13:11+00:00\",\"dateModified\":\"2025-02-06T07:36:27+00:00\",\"mainEntityOfPage\":{\"@id\":\"https:\\\/\\\/www.apfelpatient.de\\\/rumors\\\/bekommt-das-iphone-bald-eine-3d-kamera\"},\"wordCount\":211,\"commentCount\":0,\"publisher\":{\"@type\":\"Organization\",\"@id\":\"https:\\\/\\\/www.apfelpatient.de\\\/en\\\/#organization\",\"name\":\"Apfelpatient\",\"url\":\"https:\\\/\\\/www.apfelpatient.de\\\/en\\\/\"},\"image\":{\"@id\":\"https:\\\/\\\/www.apfelpatient.de\\\/rumors\\\/bekommt-das-iphone-bald-eine-3d-kamera#primaryimage\"},\"thumbnailUrl\":\"https:\\\/\\\/www.apfelpatient.de\\\/wp-content\\\/uploads\\\/2018\\\/12\\\/nigel-tadyanehondo-230499-unsplash.jpg\",\"keywords\":[\"Face ID\",\"iPad\",\"iPhone\"],\"articleSection\":\"Rumors\",\"inLanguage\":\"en-US\",\"potentialAction\":[{\"@type\":\"CommentAction\",\"name\":\"Comment\",\"target\":[\"https:\\\/\\\/www.apfelpatient.de\\\/rumors\\\/bekommt-das-iphone-bald-eine-3d-kamera#respond\"]}],\"copyrightYear\":\"2018\",\"copyrightHolder\":{\"@id\":\"https:\\\/\\\/www.apfelpatient.de\\\/en\\\/#organization\"}},{\"@type\":\"WebPage\",\"@id\":\"https:\\\/\\\/www.apfelpatient.de\\\/rumors\\\/bekommt-das-iphone-bald-eine-3d-kamera\",\"url\":\"https:\\\/\\\/www.apfelpatient.de\\\/rumors\\\/bekommt-das-iphone-bald-eine-3d-kamera\",\"name\":\"Bekommt das iPhone bald eine 3D-Kamera? Apfelpatient\",\"isPartOf\":{\"@id\":\"https:\\\/\\\/www.apfelpatient.de\\\/#website\"},\"primaryImageOfPage\":{\"@id\":\"https:\\\/\\\/www.apfelpatient.de\\\/rumors\\\/bekommt-das-iphone-bald-eine-3d-kamera#primaryimage\"},\"image\":{\"@id\":\"https:\\\/\\\/www.apfelpatient.de\\\/rumors\\\/bekommt-das-iphone-bald-eine-3d-kamera#primaryimage\"},\"thumbnailUrl\":\"https:\\\/\\\/www.apfelpatient.de\\\/wp-content\\\/uploads\\\/2018\\\/12\\\/nigel-tadyanehondo-230499-unsplash.jpg\",\"datePublished\":\"2018-12-28T16:13:11+00:00\",\"dateModified\":\"2025-02-06T07:36:27+00:00\",\"description\":\"Eine 3D-Kamera k\u00f6nnte das iPhone &amp; Co. um einiges attraktiver machen. Viele Smartphonehersteller sollen gro\u00dfes Interesse an einer Technologie von Sony\",\"breadcrumb\":{\"@id\":\"https:\\\/\\\/www.apfelpatient.de\\\/rumors\\\/bekommt-das-iphone-bald-eine-3d-kamera#breadcrumb\"},\"inLanguage\":\"en-US\",\"potentialAction\":[{\"@type\":\"ReadAction\",\"target\":[\"https:\\\/\\\/www.apfelpatient.de\\\/rumors\\\/bekommt-das-iphone-bald-eine-3d-kamera\"]}]},{\"@type\":\"ImageObject\",\"inLanguage\":\"en-US\",\"@id\":\"https:\\\/\\\/www.apfelpatient.de\\\/rumors\\\/bekommt-das-iphone-bald-eine-3d-kamera#primaryimage\",\"url\":\"https:\\\/\\\/www.apfelpatient.de\\\/wp-content\\\/uploads\\\/2018\\\/12\\\/nigel-tadyanehondo-230499-unsplash.jpg\",\"contentUrl\":\"https:\\\/\\\/www.apfelpatient.de\\\/wp-content\\\/uploads\\\/2018\\\/12\\\/nigel-tadyanehondo-230499-unsplash.jpg\",\"width\":6000,\"height\":4000,\"caption\":\"Photo by Unsplash\"},{\"@type\":\"BreadcrumbList\",\"@id\":\"https:\\\/\\\/www.apfelpatient.de\\\/rumors\\\/bekommt-das-iphone-bald-eine-3d-kamera#breadcrumb\",\"itemListElement\":[{\"@type\":\"ListItem\",\"position\":1,\"name\":\"Startseite\",\"item\":\"https:\\\/\\\/www.apfelpatient.de\\\/\"},{\"@type\":\"ListItem\",\"position\":2,\"name\":\"Bekommt das iPhone bald eine 3D-Kamera?\"}]},{\"@type\":\"WebSite\",\"@id\":\"https:\\\/\\\/www.apfelpatient.de\\\/#website\",\"url\":\"https:\\\/\\\/www.apfelpatient.de\\\/\",\"name\":\"Apfelpatient\",\"description\":\"Alles rund um Apple!\",\"publisher\":{\"@type\":\"Organization\",\"@id\":\"https:\\\/\\\/www.apfelpatient.de\\\/en\\\/#organization\",\"name\":\"Apfelpatient\",\"url\":\"https:\\\/\\\/www.apfelpatient.de\\\/en\\\/\"},\"alternateName\":\"Apfelpatient\",\"potentialAction\":[{\"@type\":\"SearchAction\",\"target\":{\"@type\":\"EntryPoint\",\"urlTemplate\":\"https:\\\/\\\/www.apfelpatient.de\\\/?s={search_term_string}\"},\"query-input\":{\"@type\":\"PropertyValueSpecification\",\"valueRequired\":true,\"valueName\":\"search_term_string\"}}],\"inLanguage\":\"en-US\"},{\"@type\":[\"Person\",\"Organization\"],\"@id\":\"https:\\\/\\\/www.apfelpatient.de\\\/#\\\/schema\\\/person\\\/7dc56ad6c8e9824b76d2c08d4c140e13\",\"name\":\"Milan\",\"logo\":{\"@id\":\"https:\\\/\\\/www.apfelpatient.de\\\/#\\\/schema\\\/person\\\/image\\\/\"},\"description\":\"Hallo und herzlich willkommen auf meinem Technik-Blog! Als gro\u00dfer Apple-Fan berichte ich hier \u00fcber alles, was mit Apple zu tun hat: von den neuesten News und spannenden Ger\u00fcchten \u00fcber hilfreiche Tipps und Tricks bis hin zu ausf\u00fchrlichen Produkttests. Wenn du genauso technikbegeistert bist wie ich, bist du hier genau richtig!\",\"sameAs\":[\"https:\\\/\\\/www.facebook.com\\\/apfelpatientOfficial\",\"https:\\\/\\\/www.linkedin.com\\\/in\\\/milan-jovicic-42aa0231b\"],\"url\":\"https:\\\/\\\/www.apfelpatient.de\\\/en\\\/author\\\/apfeladmin\"}]}<\/script>\n<!-- \/ Yoast SEO Premium plugin. -->","yoast_head_json":{"title":"Will the iPhone soon have a 3D camera? Apfelpatient","description":"A 3D camera could make the iPhone &amp; Co. much more attractive. Many smartphone manufacturers are said to be very interested in a technology from Sony","robots":{"index":"index","follow":"follow","max-snippet":"max-snippet:-1","max-image-preview":"max-image-preview:large","max-video-preview":"max-video-preview:-1"},"canonical":"https:\/\/www.apfelpatient.de\/en\/rumors\/will-the-iphone-soon-have-a-3d-camera","og_locale":"en_US","og_type":"article","og_title":"Bekommt das iPhone bald eine 3D-Kamera?","og_description":"Eine 3D-Kamera k\u00f6nnte das iPhone &amp; Co. um einiges attraktiver machen. Viele Smartphonehersteller sollen gro\u00dfes Interesse an einer Technologie von Sony","og_url":"https:\/\/www.apfelpatient.de\/en\/rumors\/will-the-iphone-soon-have-a-3d-camera","og_site_name":"Apfelpatient","article_publisher":"https:\/\/www.facebook.com\/apfelpatientOfficial","article_author":"https:\/\/www.facebook.com\/apfelpatientOfficial","article_published_time":"2018-12-28T16:13:11+00:00","article_modified_time":"2025-02-06T07:36:27+00:00","og_image":[{"url":"https:\/\/www.apfelpatient.de\/wp-content\/uploads\/2018\/12\/nigel-tadyanehondo-230499-unsplash.jpg","width":1024,"height":683,"type":"image\/jpeg"}],"author":"Milan","twitter_card":"summary_large_image","twitter_misc":{"Written by":"Milan","Est. reading time":"1 minute"},"schema":{"@context":"https:\/\/schema.org","@graph":[{"@type":"NewsArticle","@id":"https:\/\/www.apfelpatient.de\/rumors\/bekommt-das-iphone-bald-eine-3d-kamera#article","isPartOf":{"@id":"https:\/\/www.apfelpatient.de\/rumors\/bekommt-das-iphone-bald-eine-3d-kamera"},"author":{"@type":"Organization","@id":"https:\/\/www.apfelpatient.de\/en\/#organization","name":"Apfelpatient","url":"https:\/\/www.apfelpatient.de\/en\/"},"headline":"Bekommt das iPhone bald eine 3D-Kamera?","datePublished":"2018-12-28T16:13:11+00:00","dateModified":"2025-02-06T07:36:27+00:00","mainEntityOfPage":{"@id":"https:\/\/www.apfelpatient.de\/rumors\/bekommt-das-iphone-bald-eine-3d-kamera"},"wordCount":211,"commentCount":0,"publisher":{"@type":"Organization","@id":"https:\/\/www.apfelpatient.de\/en\/#organization","name":"Apfelpatient","url":"https:\/\/www.apfelpatient.de\/en\/"},"image":{"@id":"https:\/\/www.apfelpatient.de\/rumors\/bekommt-das-iphone-bald-eine-3d-kamera#primaryimage"},"thumbnailUrl":"https:\/\/www.apfelpatient.de\/wp-content\/uploads\/2018\/12\/nigel-tadyanehondo-230499-unsplash.jpg","keywords":["Face ID","iPad","iPhone"],"articleSection":"Rumors","inLanguage":"en-US","potentialAction":[{"@type":"CommentAction","name":"Comment","target":["https:\/\/www.apfelpatient.de\/rumors\/bekommt-das-iphone-bald-eine-3d-kamera#respond"]}],"copyrightYear":"2018","copyrightHolder":{"@id":"https:\/\/www.apfelpatient.de\/en\/#organization"}},{"@type":"WebPage","@id":"https:\/\/www.apfelpatient.de\/rumors\/bekommt-das-iphone-bald-eine-3d-kamera","url":"https:\/\/www.apfelpatient.de\/rumors\/bekommt-das-iphone-bald-eine-3d-kamera","name":"Will the iPhone soon have a 3D camera? Apfelpatient","isPartOf":{"@id":"https:\/\/www.apfelpatient.de\/#website"},"primaryImageOfPage":{"@id":"https:\/\/www.apfelpatient.de\/rumors\/bekommt-das-iphone-bald-eine-3d-kamera#primaryimage"},"image":{"@id":"https:\/\/www.apfelpatient.de\/rumors\/bekommt-das-iphone-bald-eine-3d-kamera#primaryimage"},"thumbnailUrl":"https:\/\/www.apfelpatient.de\/wp-content\/uploads\/2018\/12\/nigel-tadyanehondo-230499-unsplash.jpg","datePublished":"2018-12-28T16:13:11+00:00","dateModified":"2025-02-06T07:36:27+00:00","description":"A 3D camera could make the iPhone &amp; Co. much more attractive. Many smartphone manufacturers are said to be very interested in a technology from Sony","breadcrumb":{"@id":"https:\/\/www.apfelpatient.de\/rumors\/bekommt-das-iphone-bald-eine-3d-kamera#breadcrumb"},"inLanguage":"en-US","potentialAction":[{"@type":"ReadAction","target":["https:\/\/www.apfelpatient.de\/rumors\/bekommt-das-iphone-bald-eine-3d-kamera"]}]},{"@type":"ImageObject","inLanguage":"en-US","@id":"https:\/\/www.apfelpatient.de\/rumors\/bekommt-das-iphone-bald-eine-3d-kamera#primaryimage","url":"https:\/\/www.apfelpatient.de\/wp-content\/uploads\/2018\/12\/nigel-tadyanehondo-230499-unsplash.jpg","contentUrl":"https:\/\/www.apfelpatient.de\/wp-content\/uploads\/2018\/12\/nigel-tadyanehondo-230499-unsplash.jpg","width":6000,"height":4000,"caption":"Photo by Unsplash"},{"@type":"BreadcrumbList","@id":"https:\/\/www.apfelpatient.de\/rumors\/bekommt-das-iphone-bald-eine-3d-kamera#breadcrumb","itemListElement":[{"@type":"ListItem","position":1,"name":"Startseite","item":"https:\/\/www.apfelpatient.de\/"},{"@type":"ListItem","position":2,"name":"Bekommt das iPhone bald eine 3D-Kamera?"}]},{"@type":"WebSite","@id":"https:\/\/www.apfelpatient.de\/#website","url":"https:\/\/www.apfelpatient.de\/","name":"apple patient","description":"Everything about Apple!","publisher":{"@type":"Organization","@id":"https:\/\/www.apfelpatient.de\/en\/#organization","name":"Apfelpatient","url":"https:\/\/www.apfelpatient.de\/en\/"},"alternateName":"Apfelpatient","potentialAction":[{"@type":"SearchAction","target":{"@type":"EntryPoint","urlTemplate":"https:\/\/www.apfelpatient.de\/?s={search_term_string}"},"query-input":{"@type":"PropertyValueSpecification","valueRequired":true,"valueName":"search_term_string"}}],"inLanguage":"en-US"},{"@type":["Person","Organization"],"@id":"https:\/\/www.apfelpatient.de\/#\/schema\/person\/7dc56ad6c8e9824b76d2c08d4c140e13","name":"Milan","logo":{"@id":"https:\/\/www.apfelpatient.de\/#\/schema\/person\/image\/"},"description":"Hello and welcome to my technology blog! As a big Apple fan, I report on everything to do with Apple: from the latest news and exciting rumors to helpful tips and tricks and detailed product tests. If you are as enthusiastic about technology as I am, you have come to the right place!","sameAs":["https:\/\/www.facebook.com\/apfelpatientOfficial","https:\/\/www.linkedin.com\/in\/milan-jovicic-42aa0231b"],"url":"https:\/\/www.apfelpatient.de\/en\/author\/apfeladmin"}]}},"_links":{"self":[{"href":"https:\/\/www.apfelpatient.de\/en\/wp-json\/wp\/v2\/posts\/2953","targetHints":{"allow":["GET"]}}],"collection":[{"href":"https:\/\/www.apfelpatient.de\/en\/wp-json\/wp\/v2\/posts"}],"about":[{"href":"https:\/\/www.apfelpatient.de\/en\/wp-json\/wp\/v2\/types\/post"}],"author":[{"embeddable":true,"href":"https:\/\/www.apfelpatient.de\/en\/wp-json\/wp\/v2\/users\/2"}],"replies":[{"embeddable":true,"href":"https:\/\/www.apfelpatient.de\/en\/wp-json\/wp\/v2\/comments?post=2953"}],"version-history":[{"count":0,"href":"https:\/\/www.apfelpatient.de\/en\/wp-json\/wp\/v2\/posts\/2953\/revisions"}],"wp:featuredmedia":[{"embeddable":true,"href":"https:\/\/www.apfelpatient.de\/en\/wp-json\/wp\/v2\/media\/2954"}],"wp:attachment":[{"href":"https:\/\/www.apfelpatient.de\/en\/wp-json\/wp\/v2\/media?parent=2953"}],"wp:term":[{"taxonomy":"category","embeddable":true,"href":"https:\/\/www.apfelpatient.de\/en\/wp-json\/wp\/v2\/categories?post=2953"},{"taxonomy":"post_tag","embeddable":true,"href":"https:\/\/www.apfelpatient.de\/en\/wp-json\/wp\/v2\/tags?post=2953"}],"curies":[{"name":"wp","href":"https:\/\/api.w.org\/{rel}","templated":true}]}}