{"id":29276,"date":"2021-12-28T19:05:06","date_gmt":"2021-12-28T18:05:06","guid":{"rendered":"https:\/\/www.apfelpatient.de\/?p=29276"},"modified":"2021-12-28T19:05:07","modified_gmt":"2021-12-28T18:05:07","slug":"ipad-pro-6-all-rumors-at-a-glance","status":"publish","type":"post","link":"https:\/\/www.apfelpatient.de\/en\/allgemein\/ipad-pro-6-alle-geruechte-im-ueberblick","title":{"rendered":"iPad Pro 6: All rumors at a glance"},"content":{"rendered":"<p class=\"has-drop-cap\"><strong>After countless rumors about new iPad Pro models, Apple introduced the fifth generation in spring 2021. There are now reports about the sixth generation, which is supposedly due to be released in 2022. But what innovations could the device offer? We have taken a look at all the reports and summarized them below.<\/strong><\/p>\n\n\n\n<p>According to various reports, Apple is planning to introduce a new iPad Pro next year. But what will the device offer? Let&#039;s get started.<\/p>\n\n\n\n<h3 class=\"wp-block-heading\" id=\"h-design-und-display-technologie\">design and display technology<\/h3>\n\n\n\n<p>So far, there is only one report that says the iPad Pro 6 will have a new design. In fact, Bloomberg&#039;s Mark Gurman claims that the next iPad Pro could have a glass back to enable wireless charging. What&#039;s more, according to Gurman&#039;s sources, the device could support the &quot;reverse wireless charging&quot; feature. This means that users could charge accessories such as AirPods and the like on the back of the iPad. In fact, it should be a MagSafe-like system. As for the display, Apple will likely keep two different sizes: 11-inch and 12.9-inch. The update would be more noticeable on the 11-inch model, as Apple analyst Ming-Chi Kuo believes that the company will replace the LCD panel with a miniLED display. Basically, Apple is expected to take the same step as it did with the large model in 2021.<\/p>\n\n\n\n<h3 class=\"wp-block-heading\">processor<\/h3>\n\n\n\n\n\n\n\n<p>Some of you may remember the keynote at the time. When the company introduced the 2021 iPad Pro series, it caused a big surprise. Nobody expected Apple to give the iPad Pro the M1 chip. Until the official unveiling, everyone believed that the processor would be powerful but not part of the M series. But what does that mean for the successor? It is assumed that the iPad Pro 6 will have a better chip. It will probably be the so-called M2 processor, which, according to reports, will be released together with a brand new MacBook Air.<\/p>\n\n\n\n<h3 class=\"wp-block-heading\">storage capacities<\/h3>\n\n\n\n<p>Alternatively, the Pro tablet could of course also get a version of the M1 Pro or M1 Max, although there is no indication of this. However, it is unlikely that Apple will return to an A-series chip variant, as the company markets the iPad Pro range with Mac power. In terms of storage capacities, Apple will probably keep the same options that were introduced this year. This means that the devices will probably be available in 128GB, 256GB, 512GB, 1TB and 2TB storage variants. However, the elimination of the 128GB version is not ruled out.<\/p>\n\n\n\n<h3 class=\"wp-block-heading\">5G connectivity, battery and accessories<\/h3>\n\n\n\n<p>There have been no reports of 5G connectivity so far, so it&#039;s safe to assume that there will be little change in this regard compared to the fifth generation. When it comes to the battery, things are a little different. Since Mark Gurman is convinced that the next iPad Pro generation will support reverse wireless charging, it&#039;s safe to assume that Apple will increase battery capacity. This means that Apple would have to extend battery life and could pave the way for new MagSafe accessories such as a new Magic Keyboard, Smart Folio, and even a larger MagSafe charger.<\/p>\n\n\n\n<h3 class=\"wp-block-heading\">When will Apple introduce the iPad Pro 6?<\/h3>\n\n\n\n\n\n\n\n<p>Little is currently known about the launch of the new iPad Pro series. Both Mark Gurman and Apple analyst Ming-Chi Kuo are talking about 2022. However, no one was more specific. If the company follows the trend of 2021, it will probably be unveiled in the first half of 2022. An event in March or even April is already expected anyway. However, a later launch is not out of the question. So the whole thing should certainly remain exciting. Are you looking for new accessories? Then take a look\u00a0<a href=\"https:\/\/www.amazon.de\/shop\/apfelpatientofficial\" target=\"_blank\" rel=\"noreferrer noopener\">in our Amazon Storefront<\/a>\u00a0- there you will find numerous products from leading suppliers. (Photo by Colour59 \/ Bigstockphoto)<\/p>\n\n\n\n<ul class=\"wp-block-list\"><li><a href=\"https:\/\/www.apfelpatient.de\/en\/tests-experience-reports\/bye-bye-apple-adapter-anchor-nano-ii-chargers-in-the-test\">Bye Bye Apple Adapter: Anker Nano II chargers in test<\/a><\/li><\/ul>\n\n\n\n<h6 class=\"wp-block-heading translation-block\" id=\"h-kennt-ihr-schon-unsere-amazon-storefront-dort-findet-ihr-eine-handverlesene-auswahl-von-diversen-produkten-f-r-euer-iphone-und-co-viel-spa-beim-st-bern\"><em>Have you already visited our Amazon Storefront? There you&#039;ll find a hand-picked selection of various products for your iPhone and other devices \u2013 <span class=\"has-inline-color has-vivid-red-color\"><a href=\"https:\/\/www.amazon.de\/shop\/apfelpatientofficial\" class=\"ek-link\" data-wpel-link=\"exclude\" rel=\"follow noopener\" target=\"_self\"><span style=\"text-decoration: underline\" class=\"ek-underline\">enjoy browsing<\/span><\/a> !<\/span><\/em><\/h6>\n\n\n\n<h6 class=\"wp-block-heading translation-block\" id=\"h-der-beitrag-enthalt-partnerlinks\">This post contains <a data-type=\"URL\" data-id=\"https:\/\/www.apfelpatient.de\/partnerprogramm\" href=\"https:\/\/www.apfelpatient.de\/en\/partner-program\" data-wpel-link=\"internal\" target=\"_self\">affiliate links<\/a>.<\/h6>","protected":false},"excerpt":{"rendered":"<p>iPad Pro 6 rumors at a glance: There are now reports about the sixth generation, which is supposedly due to be released in 2022.<\/p>","protected":false},"author":2,"featured_media":29278,"comment_status":"closed","ping_status":"closed","sticky":false,"template":"","format":"standard","meta":{"jnews-multi-image_gallery":[],"jnews_single_post":{"subtitle":"","format":"standard","video":"","gallery":"","source_name":"","source_url":"","via_name":"","via_url":"","override":[{"single_blog_custom":"","sidebar":"","second_sidebar":"","share_position":"","share_float_style":"","post_date_format":"","post_date_format_custom":"","post_reading_time_wpm":"","zoom_button_out_step":"1","zoom_button_in_step":"1","number_popup_post":"1"}],"image_override":[{"single_post_thumbnail_size":"","single_post_gallery_size":""}],"trending_post_position":"","trending_post_label":"","sponsored_post_label":"","sponsored_post_name":"","sponsored_post_url":"","sponsored_post_logo":"","sponsored_post_desc":""},"jnews_primary_category":{"id":"2"},"footnotes":""},"categories":[2],"tags":[18,66],"class_list":["post-29276","post","type-post","status-publish","format-standard","has-post-thumbnail","hentry","category-allgemein","tag-ipad","tag-ipad-pro"],"yoast_head":"<!-- This site is optimized with the Yoast SEO Premium plugin v27.5 (Yoast SEO v27.5) - https:\/\/yoast.com\/product\/yoast-seo-premium-wordpress\/ -->\n<title>iPad Pro 6: Alle Ger\u00fcchte im \u00dcberblick Apfelpatient<\/title>\n<meta name=\"description\" content=\"iPad Pro 6 Ger\u00fcchte im \u00dcberblick: Mittlerweile wird \u00fcber die sechste Generation berichtet, die angeblich schon 2022 erscheinen soll.\" \/>\n<meta name=\"robots\" content=\"index, follow, max-snippet:-1, max-image-preview:large, max-video-preview:-1\" \/>\n<link rel=\"canonical\" href=\"https:\/\/www.apfelpatient.de\/en\/generally\/ipad-pro-6-all-rumors-at-a-glance\" \/>\n<meta property=\"og:locale\" content=\"en_US\" \/>\n<meta property=\"og:type\" content=\"article\" \/>\n<meta property=\"og:title\" content=\"iPad Pro 6: Alle Ger\u00fcchte im \u00dcberblick\" \/>\n<meta property=\"og:description\" content=\"iPad Pro 6 Ger\u00fcchte im \u00dcberblick: Mittlerweile wird \u00fcber die sechste Generation berichtet, die angeblich schon 2022 erscheinen soll.\" \/>\n<meta property=\"og:url\" content=\"https:\/\/www.apfelpatient.de\/en\/generally\/ipad-pro-6-all-rumors-at-a-glance\" \/>\n<meta property=\"og:site_name\" content=\"Apfelpatient\" \/>\n<meta property=\"article:publisher\" content=\"https:\/\/www.facebook.com\/apfelpatientOfficial\" \/>\n<meta property=\"article:author\" content=\"https:\/\/www.facebook.com\/apfelpatientOfficial\" \/>\n<meta property=\"article:published_time\" content=\"2021-12-28T18:05:06+00:00\" \/>\n<meta property=\"article:modified_time\" content=\"2021-12-28T18:05:07+00:00\" \/>\n<meta property=\"og:image\" content=\"https:\/\/www.apfelpatient.de\/wp-content\/uploads\/2021\/12\/bigstock-Wetzlar-Germany-380725360.jpg\" \/>\n\t<meta property=\"og:image:width\" content=\"1600\" \/>\n\t<meta property=\"og:image:height\" content=\"1067\" \/>\n\t<meta property=\"og:image:type\" content=\"image\/jpeg\" \/>\n<meta name=\"author\" content=\"Milan\" \/>\n<meta name=\"twitter:card\" content=\"summary_large_image\" \/>\n<meta name=\"twitter:description\" content=\"iPad Pro 6 Ger\u00fcchte im \u00dcberblick: Mittlerweile wird \u00fcber die sechste Generation berichtet, die angeblich schon 2022 erscheinen soll.\" \/>\n<meta name=\"twitter:label1\" content=\"Written by\" \/>\n\t<meta name=\"twitter:data1\" content=\"Milan\" \/>\n\t<meta name=\"twitter:label2\" content=\"Est. reading time\" \/>\n\t<meta name=\"twitter:data2\" content=\"4 minutes\" \/>\n<script type=\"application\/ld+json\" class=\"yoast-schema-graph\">{\"@context\":\"https:\\\/\\\/schema.org\",\"@graph\":[{\"@type\":\"NewsArticle\",\"@id\":\"https:\\\/\\\/www.apfelpatient.de\\\/allgemein\\\/ipad-pro-6-alle-geruechte-im-ueberblick#article\",\"isPartOf\":{\"@id\":\"https:\\\/\\\/www.apfelpatient.de\\\/allgemein\\\/ipad-pro-6-alle-geruechte-im-ueberblick\"},\"author\":{\"@type\":\"Organization\",\"@id\":\"https:\\\/\\\/www.apfelpatient.de\\\/en\\\/#organization\",\"name\":\"Apfelpatient\",\"url\":\"https:\\\/\\\/www.apfelpatient.de\\\/en\\\/\"},\"headline\":\"iPad Pro 6: Alle Ger\u00fcchte im \u00dcberblick\",\"datePublished\":\"2021-12-28T18:05:06+00:00\",\"dateModified\":\"2021-12-28T18:05:07+00:00\",\"mainEntityOfPage\":{\"@id\":\"https:\\\/\\\/www.apfelpatient.de\\\/allgemein\\\/ipad-pro-6-alle-geruechte-im-ueberblick\"},\"wordCount\":683,\"publisher\":{\"@type\":\"Organization\",\"@id\":\"https:\\\/\\\/www.apfelpatient.de\\\/en\\\/#organization\",\"name\":\"Apfelpatient\",\"url\":\"https:\\\/\\\/www.apfelpatient.de\\\/en\\\/\"},\"image\":{\"@id\":\"https:\\\/\\\/www.apfelpatient.de\\\/allgemein\\\/ipad-pro-6-alle-geruechte-im-ueberblick#primaryimage\"},\"thumbnailUrl\":\"https:\\\/\\\/www.apfelpatient.de\\\/wp-content\\\/uploads\\\/2021\\\/12\\\/bigstock-Wetzlar-Germany-380725360.jpg\",\"keywords\":[\"iPad\",\"iPad Pro\"],\"articleSection\":\"Allgemein\",\"inLanguage\":\"en-US\",\"copyrightYear\":\"2021\",\"copyrightHolder\":{\"@id\":\"https:\\\/\\\/www.apfelpatient.de\\\/en\\\/#organization\"}},{\"@type\":\"WebPage\",\"@id\":\"https:\\\/\\\/www.apfelpatient.de\\\/allgemein\\\/ipad-pro-6-alle-geruechte-im-ueberblick\",\"url\":\"https:\\\/\\\/www.apfelpatient.de\\\/allgemein\\\/ipad-pro-6-alle-geruechte-im-ueberblick\",\"name\":\"iPad Pro 6: Alle Ger\u00fcchte im \u00dcberblick Apfelpatient\",\"isPartOf\":{\"@id\":\"https:\\\/\\\/www.apfelpatient.de\\\/#website\"},\"primaryImageOfPage\":{\"@id\":\"https:\\\/\\\/www.apfelpatient.de\\\/allgemein\\\/ipad-pro-6-alle-geruechte-im-ueberblick#primaryimage\"},\"image\":{\"@id\":\"https:\\\/\\\/www.apfelpatient.de\\\/allgemein\\\/ipad-pro-6-alle-geruechte-im-ueberblick#primaryimage\"},\"thumbnailUrl\":\"https:\\\/\\\/www.apfelpatient.de\\\/wp-content\\\/uploads\\\/2021\\\/12\\\/bigstock-Wetzlar-Germany-380725360.jpg\",\"datePublished\":\"2021-12-28T18:05:06+00:00\",\"dateModified\":\"2021-12-28T18:05:07+00:00\",\"description\":\"iPad Pro 6 Ger\u00fcchte im \u00dcberblick: Mittlerweile wird \u00fcber die sechste Generation berichtet, die angeblich schon 2022 erscheinen soll.\",\"breadcrumb\":{\"@id\":\"https:\\\/\\\/www.apfelpatient.de\\\/allgemein\\\/ipad-pro-6-alle-geruechte-im-ueberblick#breadcrumb\"},\"inLanguage\":\"en-US\",\"potentialAction\":[{\"@type\":\"ReadAction\",\"target\":[\"https:\\\/\\\/www.apfelpatient.de\\\/allgemein\\\/ipad-pro-6-alle-geruechte-im-ueberblick\"]}]},{\"@type\":\"ImageObject\",\"inLanguage\":\"en-US\",\"@id\":\"https:\\\/\\\/www.apfelpatient.de\\\/allgemein\\\/ipad-pro-6-alle-geruechte-im-ueberblick#primaryimage\",\"url\":\"https:\\\/\\\/www.apfelpatient.de\\\/wp-content\\\/uploads\\\/2021\\\/12\\\/bigstock-Wetzlar-Germany-380725360.jpg\",\"contentUrl\":\"https:\\\/\\\/www.apfelpatient.de\\\/wp-content\\\/uploads\\\/2021\\\/12\\\/bigstock-Wetzlar-Germany-380725360.jpg\",\"width\":1600,\"height\":1067,\"caption\":\"WETZLAR, GERMANY - 2020-07-10: APPLE The iPad Pro is a tablet computer from the iPad model line from Apple.\"},{\"@type\":\"BreadcrumbList\",\"@id\":\"https:\\\/\\\/www.apfelpatient.de\\\/allgemein\\\/ipad-pro-6-alle-geruechte-im-ueberblick#breadcrumb\",\"itemListElement\":[{\"@type\":\"ListItem\",\"position\":1,\"name\":\"Startseite\",\"item\":\"https:\\\/\\\/www.apfelpatient.de\\\/\"},{\"@type\":\"ListItem\",\"position\":2,\"name\":\"iPad Pro 6: Alle Ger\u00fcchte im \u00dcberblick\"}]},{\"@type\":\"WebSite\",\"@id\":\"https:\\\/\\\/www.apfelpatient.de\\\/#website\",\"url\":\"https:\\\/\\\/www.apfelpatient.de\\\/\",\"name\":\"Apfelpatient\",\"description\":\"Alles rund um Apple!\",\"publisher\":{\"@type\":\"Organization\",\"@id\":\"https:\\\/\\\/www.apfelpatient.de\\\/en\\\/#organization\",\"name\":\"Apfelpatient\",\"url\":\"https:\\\/\\\/www.apfelpatient.de\\\/en\\\/\"},\"alternateName\":\"Apfelpatient\",\"potentialAction\":[{\"@type\":\"SearchAction\",\"target\":{\"@type\":\"EntryPoint\",\"urlTemplate\":\"https:\\\/\\\/www.apfelpatient.de\\\/?s={search_term_string}\"},\"query-input\":{\"@type\":\"PropertyValueSpecification\",\"valueRequired\":true,\"valueName\":\"search_term_string\"}}],\"inLanguage\":\"en-US\"},{\"@type\":[\"Person\",\"Organization\"],\"@id\":\"https:\\\/\\\/www.apfelpatient.de\\\/#\\\/schema\\\/person\\\/35b3ddba5832f2bfc7fff5206d4f6b7b\",\"name\":\"Milan\",\"logo\":{\"@id\":\"https:\\\/\\\/www.apfelpatient.de\\\/#\\\/schema\\\/person\\\/image\\\/\"},\"description\":\"Hallo und herzlich willkommen auf meinem Technik-Blog! Als gro\u00dfer Apple-Fan berichte ich hier \u00fcber alles, was mit Apple zu tun hat: von den neuesten News und spannenden Ger\u00fcchten \u00fcber hilfreiche Tipps und Tricks bis hin zu ausf\u00fchrlichen Produkttests. Wenn du genauso technikbegeistert bist wie ich, bist du hier genau richtig!\",\"sameAs\":[\"https:\\\/\\\/www.facebook.com\\\/apfelpatientOfficial\",\"https:\\\/\\\/www.linkedin.com\\\/in\\\/milan-jovicic-42aa0231b\"],\"url\":\"https:\\\/\\\/www.apfelpatient.de\\\/en\\\/author\\\/apfeladmin\"}]}<\/script>\n<!-- \/ Yoast SEO Premium plugin. -->","yoast_head_json":{"title":"iPad Pro 6: All rumors at a glance Apfelpatient","description":"iPad Pro 6 rumors at a glance: There are now reports about the sixth generation, which is supposedly due to be released in 2022.","robots":{"index":"index","follow":"follow","max-snippet":"max-snippet:-1","max-image-preview":"max-image-preview:large","max-video-preview":"max-video-preview:-1"},"canonical":"https:\/\/www.apfelpatient.de\/en\/generally\/ipad-pro-6-all-rumors-at-a-glance","og_locale":"en_US","og_type":"article","og_title":"iPad Pro 6: Alle Ger\u00fcchte im \u00dcberblick","og_description":"iPad Pro 6 Ger\u00fcchte im \u00dcberblick: Mittlerweile wird \u00fcber die sechste Generation berichtet, die angeblich schon 2022 erscheinen soll.","og_url":"https:\/\/www.apfelpatient.de\/en\/generally\/ipad-pro-6-all-rumors-at-a-glance","og_site_name":"Apfelpatient","article_publisher":"https:\/\/www.facebook.com\/apfelpatientOfficial","article_author":"https:\/\/www.facebook.com\/apfelpatientOfficial","article_published_time":"2021-12-28T18:05:06+00:00","article_modified_time":"2021-12-28T18:05:07+00:00","og_image":[{"width":1600,"height":1067,"url":"https:\/\/www.apfelpatient.de\/wp-content\/uploads\/2021\/12\/bigstock-Wetzlar-Germany-380725360.jpg","type":"image\/jpeg"}],"author":"Milan","twitter_card":"summary_large_image","twitter_description":"iPad Pro 6 Ger\u00fcchte im \u00dcberblick: Mittlerweile wird \u00fcber die sechste Generation berichtet, die angeblich schon 2022 erscheinen soll.","twitter_misc":{"Written by":"Milan","Est. reading time":"4 minutes"},"schema":{"@context":"https:\/\/schema.org","@graph":[{"@type":"NewsArticle","@id":"https:\/\/www.apfelpatient.de\/allgemein\/ipad-pro-6-alle-geruechte-im-ueberblick#article","isPartOf":{"@id":"https:\/\/www.apfelpatient.de\/allgemein\/ipad-pro-6-alle-geruechte-im-ueberblick"},"author":{"@type":"Organization","@id":"https:\/\/www.apfelpatient.de\/en\/#organization","name":"Apfelpatient","url":"https:\/\/www.apfelpatient.de\/en\/"},"headline":"iPad Pro 6: Alle Ger\u00fcchte im \u00dcberblick","datePublished":"2021-12-28T18:05:06+00:00","dateModified":"2021-12-28T18:05:07+00:00","mainEntityOfPage":{"@id":"https:\/\/www.apfelpatient.de\/allgemein\/ipad-pro-6-alle-geruechte-im-ueberblick"},"wordCount":683,"publisher":{"@type":"Organization","@id":"https:\/\/www.apfelpatient.de\/en\/#organization","name":"Apfelpatient","url":"https:\/\/www.apfelpatient.de\/en\/"},"image":{"@id":"https:\/\/www.apfelpatient.de\/allgemein\/ipad-pro-6-alle-geruechte-im-ueberblick#primaryimage"},"thumbnailUrl":"https:\/\/www.apfelpatient.de\/wp-content\/uploads\/2021\/12\/bigstock-Wetzlar-Germany-380725360.jpg","keywords":["iPad","iPad Pro"],"articleSection":"Allgemein","inLanguage":"en-US","copyrightYear":"2021","copyrightHolder":{"@id":"https:\/\/www.apfelpatient.de\/en\/#organization"}},{"@type":"WebPage","@id":"https:\/\/www.apfelpatient.de\/allgemein\/ipad-pro-6-alle-geruechte-im-ueberblick","url":"https:\/\/www.apfelpatient.de\/allgemein\/ipad-pro-6-alle-geruechte-im-ueberblick","name":"iPad Pro 6: All rumors at a glance Apfelpatient","isPartOf":{"@id":"https:\/\/www.apfelpatient.de\/#website"},"primaryImageOfPage":{"@id":"https:\/\/www.apfelpatient.de\/allgemein\/ipad-pro-6-alle-geruechte-im-ueberblick#primaryimage"},"image":{"@id":"https:\/\/www.apfelpatient.de\/allgemein\/ipad-pro-6-alle-geruechte-im-ueberblick#primaryimage"},"thumbnailUrl":"https:\/\/www.apfelpatient.de\/wp-content\/uploads\/2021\/12\/bigstock-Wetzlar-Germany-380725360.jpg","datePublished":"2021-12-28T18:05:06+00:00","dateModified":"2021-12-28T18:05:07+00:00","description":"iPad Pro 6 rumors at a glance: There are now reports about the sixth generation, which is supposedly due to be released in 2022.","breadcrumb":{"@id":"https:\/\/www.apfelpatient.de\/allgemein\/ipad-pro-6-alle-geruechte-im-ueberblick#breadcrumb"},"inLanguage":"en-US","potentialAction":[{"@type":"ReadAction","target":["https:\/\/www.apfelpatient.de\/allgemein\/ipad-pro-6-alle-geruechte-im-ueberblick"]}]},{"@type":"ImageObject","inLanguage":"en-US","@id":"https:\/\/www.apfelpatient.de\/allgemein\/ipad-pro-6-alle-geruechte-im-ueberblick#primaryimage","url":"https:\/\/www.apfelpatient.de\/wp-content\/uploads\/2021\/12\/bigstock-Wetzlar-Germany-380725360.jpg","contentUrl":"https:\/\/www.apfelpatient.de\/wp-content\/uploads\/2021\/12\/bigstock-Wetzlar-Germany-380725360.jpg","width":1600,"height":1067,"caption":"WETZLAR, GERMANY - 2020-07-10: APPLE The iPad Pro is a tablet computer from the iPad model line from Apple."},{"@type":"BreadcrumbList","@id":"https:\/\/www.apfelpatient.de\/allgemein\/ipad-pro-6-alle-geruechte-im-ueberblick#breadcrumb","itemListElement":[{"@type":"ListItem","position":1,"name":"Startseite","item":"https:\/\/www.apfelpatient.de\/"},{"@type":"ListItem","position":2,"name":"iPad Pro 6: Alle Ger\u00fcchte im \u00dcberblick"}]},{"@type":"WebSite","@id":"https:\/\/www.apfelpatient.de\/#website","url":"https:\/\/www.apfelpatient.de\/","name":"apple patient","description":"Everything about Apple!","publisher":{"@type":"Organization","@id":"https:\/\/www.apfelpatient.de\/en\/#organization","name":"Apfelpatient","url":"https:\/\/www.apfelpatient.de\/en\/"},"alternateName":"Apfelpatient","potentialAction":[{"@type":"SearchAction","target":{"@type":"EntryPoint","urlTemplate":"https:\/\/www.apfelpatient.de\/?s={search_term_string}"},"query-input":{"@type":"PropertyValueSpecification","valueRequired":true,"valueName":"search_term_string"}}],"inLanguage":"en-US"},{"@type":["Person","Organization"],"@id":"https:\/\/www.apfelpatient.de\/#\/schema\/person\/35b3ddba5832f2bfc7fff5206d4f6b7b","name":"Milan","logo":{"@id":"https:\/\/www.apfelpatient.de\/#\/schema\/person\/image\/"},"description":"Hello and welcome to my technology blog! As a big Apple fan, I report on everything to do with Apple: from the latest news and exciting rumors to helpful tips and tricks and detailed product tests. If you are as enthusiastic about technology as I am, you have come to the right place!","sameAs":["https:\/\/www.facebook.com\/apfelpatientOfficial","https:\/\/www.linkedin.com\/in\/milan-jovicic-42aa0231b"],"url":"https:\/\/www.apfelpatient.de\/en\/author\/apfeladmin"}]}},"_links":{"self":[{"href":"https:\/\/www.apfelpatient.de\/en\/wp-json\/wp\/v2\/posts\/29276","targetHints":{"allow":["GET"]}}],"collection":[{"href":"https:\/\/www.apfelpatient.de\/en\/wp-json\/wp\/v2\/posts"}],"about":[{"href":"https:\/\/www.apfelpatient.de\/en\/wp-json\/wp\/v2\/types\/post"}],"author":[{"embeddable":true,"href":"https:\/\/www.apfelpatient.de\/en\/wp-json\/wp\/v2\/users\/2"}],"replies":[{"embeddable":true,"href":"https:\/\/www.apfelpatient.de\/en\/wp-json\/wp\/v2\/comments?post=29276"}],"version-history":[{"count":0,"href":"https:\/\/www.apfelpatient.de\/en\/wp-json\/wp\/v2\/posts\/29276\/revisions"}],"wp:featuredmedia":[{"embeddable":true,"href":"https:\/\/www.apfelpatient.de\/en\/wp-json\/wp\/v2\/media\/29278"}],"wp:attachment":[{"href":"https:\/\/www.apfelpatient.de\/en\/wp-json\/wp\/v2\/media?parent=29276"}],"wp:term":[{"taxonomy":"category","embeddable":true,"href":"https:\/\/www.apfelpatient.de\/en\/wp-json\/wp\/v2\/categories?post=29276"},{"taxonomy":"post_tag","embeddable":true,"href":"https:\/\/www.apfelpatient.de\/en\/wp-json\/wp\/v2\/tags?post=29276"}],"curies":[{"name":"wp","href":"https:\/\/api.w.org\/{rel}","templated":true}]}}