{"id":29248,"date":"2021-12-26T15:56:34","date_gmt":"2021-12-26T14:56:34","guid":{"rendered":"https:\/\/www.apfelpatient.de\/?p=29248"},"modified":"2021-12-26T15:56:34","modified_gmt":"2021-12-26T14:56:34","slug":"iphone-15-pro-will-apple-do-without-the-sim-card-slot","status":"publish","type":"post","link":"https:\/\/www.apfelpatient.de\/en\/rumors\/iphone-15-pro-wird-apple-auf-den-sim-kartensteckplatz-verzichten","title":{"rendered":"iPhone 15 Pro: Will Apple do away with the SIM card slot?"},"content":{"rendered":"<p class=\"has-drop-cap\"><strong>Rumors about future iPhone models have long been nothing new. There are also sometimes reports about much later iPhone generations, as in the most recent case - the alleged iPhone 15 Pro.<\/strong><\/p>\n\n\n\n<p>According to a new rumor from the Brazilian <a href=\"https:\/\/blogdoiphone.com\/bdi\/exclusivo\/iphone-15-sim-fisico-2023\/\" target=\"_blank\" rel=\"noreferrer noopener nofollow\">website<\/a> Blog do iPhone, the iPhone 15 Pro models could come without a physical SIM card slot. While the current iPhone models have a physical nano-SIM card slot and a digital eSIM, the report claims that the iPhone 15 Pro models, due to be released in 2023, will have two eSIMs instead to provide dual-SIM functionality. Dual-SIM mode allows users to use two phone numbers on one iPhone. This is useful if you use a data-only plan when traveling abroad or want to use a personal and a business phone number on the iPhone.<\/p>\n\n\n\n<h3 class=\"wp-block-heading\" id=\"h-iphone-15-pro-geruchte-wie-ernst-sollten-solche-berichte-genommen-werden\">iPhone 15 Pro rumors: How seriously should such reports be taken?<\/h3>\n\n\n\n<p>Admittedly, rumors should always be viewed with skepticism. However, there are sources that are much more trustworthy and yet are not always right. However, their statements carry more weight. What am I getting at? Since the iPhone 15 Pro is not expected until 2023, i.e. in just under two years, a lot could still change. If many independent sources make the same statement, such a report can definitely be taken more seriously, especially with regard to new iPhones. However, such a rumor has not yet been documented and is being spread by a website that is not an established source for Apple leaks. This does not mean that <a href=\"https:\/\/www.apple.com\/\" target=\"_blank\" rel=\"noreferrer noopener\">Apple<\/a> will not do without the SIM card slot at some point.<\/p>\n\n\n\n<h3 class=\"wp-block-heading\">iPhone without SIM card slot would be more waterproof<\/h3>\n\n\n\n\n\n\n\n<p>But that doesn&#039;t necessarily have to be the case with the iPhone 15 Pro. The elimination of the physical SIM would have the advantage of making the iPhone more waterproof. But such a device can only be marketed in countries where the eSIM service is available from all providers. Whatever. Actually, I wanted to refrain from such a rumor for once, but since many platforms write about it as if it were already certain, I felt obliged to provide more clarification. So, for now, no one can say for sure whether and when the SIM card slot will be eliminated. However, if other sources comment on this, I will of course report on it and only then should we take the whole thing more seriously. (Photo by thanmano \/ Bigstockphoto)<\/p>\n\n\n\n<ul class=\"wp-block-list\"><li><a href=\"https:\/\/www.apfelpatient.de\/en\/rumors\/iphone-14-pro-new-report-supports-hole-punch-display-rumors\">iPhone 14 Pro: New report supports hole-punch display rumors<\/a><\/li><\/ul>\n\n\n\n<h6 class=\"wp-block-heading translation-block\" id=\"h-kennt-ihr-schon-unsere-amazon-storefront-dort-findet-ihr-eine-handverlesene-auswahl-von-diversen-produkten-f-r-euer-iphone-und-co-viel-spa-beim-st-bern\"><em>Have you already visited our Amazon Storefront? There you&#039;ll find a hand-picked selection of various products for your iPhone and other devices \u2013 <span class=\"has-inline-color has-vivid-red-color\"><a href=\"https:\/\/www.amazon.de\/shop\/apfelpatientofficial\" class=\"ek-link\" data-wpel-link=\"exclude\" rel=\"follow noopener\" target=\"_self\"><span style=\"text-decoration: underline\" class=\"ek-underline\">enjoy browsing<\/span><\/a> !<\/span><\/em><\/h6>\n\n\n\n<h6 class=\"wp-block-heading translation-block\" id=\"h-der-beitrag-enthalt-partnerlinks\">This post contains <a data-type=\"URL\" data-id=\"https:\/\/www.apfelpatient.de\/partnerprogramm\" href=\"https:\/\/www.apfelpatient.de\/en\/partner-program\" data-wpel-link=\"internal\" target=\"_self\">affiliate links<\/a>.<\/h6>","protected":false},"excerpt":{"rendered":"<p>There are also sometimes reports of much later iPhone generations, as in the most recent case \u2013 the alleged iPhone 15 Pro.<\/p>","protected":false},"author":2,"featured_media":29246,"comment_status":"closed","ping_status":"closed","sticky":false,"template":"","format":"standard","meta":{"jnews-multi-image_gallery":[],"jnews_single_post":{"subtitle":"","format":"standard","video":"","gallery":"","source_name":"","source_url":"","via_name":"","via_url":"","override":[{"single_blog_custom":"","sidebar":"","second_sidebar":"","share_position":"","share_float_style":"","post_date_format":"","post_date_format_custom":"","post_reading_time_wpm":"","zoom_button_out_step":"1","zoom_button_in_step":"1","number_popup_post":"1"}],"image_override":[{"single_post_thumbnail_size":"","single_post_gallery_size":""}],"trending_post_position":"","trending_post_label":"","sponsored_post_label":"","sponsored_post_name":"","sponsored_post_url":"","sponsored_post_logo":"","sponsored_post_desc":""},"jnews_primary_category":{"id":"25"},"footnotes":""},"categories":[25],"tags":[8,689,579],"class_list":["post-29248","post","type-post","status-publish","format-standard","has-post-thumbnail","hentry","category-rumors","tag-iphone","tag-iphone-15","tag-iphone-2023"],"yoast_head":"<!-- This site is optimized with the Yoast SEO Premium plugin v27.5 (Yoast SEO v27.5) - https:\/\/yoast.com\/product\/yoast-seo-premium-wordpress\/ -->\n<title>iPhone 15 Pro: Wird Apple auf den Sim-Kartensteckplatz verzichten?<\/title>\n<meta name=\"description\" content=\"Dabei gibt es auch manchmal Berichte zu deutlich sp\u00e4teren iPhone-Generationen, wie auch im j\u00fcngsten Fall - dem vermeintlichen iPhone 15 Pro.\" \/>\n<meta name=\"robots\" content=\"index, follow, max-snippet:-1, max-image-preview:large, max-video-preview:-1\" \/>\n<link rel=\"canonical\" href=\"https:\/\/www.apfelpatient.de\/en\/rumors\/iphone-15-pro-will-apple-do-without-the-sim-card-slot\" \/>\n<meta property=\"og:locale\" content=\"en_US\" \/>\n<meta property=\"og:type\" content=\"article\" \/>\n<meta property=\"og:title\" content=\"iPhone 15 Pro: Wird Apple auf den Sim-Kartensteckplatz verzichten?\" \/>\n<meta property=\"og:description\" content=\"Dabei gibt es auch manchmal Berichte zu deutlich sp\u00e4teren iPhone-Generationen, wie auch im j\u00fcngsten Fall - dem vermeintlichen iPhone 15 Pro.\" \/>\n<meta property=\"og:url\" content=\"https:\/\/www.apfelpatient.de\/en\/rumors\/iphone-15-pro-will-apple-do-without-the-sim-card-slot\" \/>\n<meta property=\"og:site_name\" content=\"Apfelpatient\" \/>\n<meta property=\"article:publisher\" content=\"https:\/\/www.facebook.com\/apfelpatientOfficial\" \/>\n<meta property=\"article:author\" content=\"https:\/\/www.facebook.com\/apfelpatientOfficial\" \/>\n<meta property=\"article:published_time\" content=\"2021-12-26T14:56:34+00:00\" \/>\n<meta property=\"og:image\" content=\"https:\/\/www.apfelpatient.de\/wp-content\/uploads\/2021\/12\/bigstock-Bangkok-Thailand-April-184415620.jpg\" \/>\n\t<meta property=\"og:image:width\" content=\"1600\" \/>\n\t<meta property=\"og:image:height\" content=\"1067\" \/>\n\t<meta property=\"og:image:type\" content=\"image\/jpeg\" \/>\n<meta name=\"author\" content=\"Milan\" \/>\n<meta name=\"twitter:card\" content=\"summary_large_image\" \/>\n<meta name=\"twitter:description\" content=\"Dabei gibt es auch manchmal Berichte zu deutlich sp\u00e4teren iPhone-Generationen, wie auch im j\u00fcngsten Fall - dem vermeintlichen iPhone 15 Pro.\" \/>\n<meta name=\"twitter:label1\" content=\"Written by\" \/>\n\t<meta name=\"twitter:data1\" content=\"Milan\" \/>\n\t<meta name=\"twitter:label2\" content=\"Est. reading time\" \/>\n\t<meta name=\"twitter:data2\" content=\"3 minutes\" \/>\n<script type=\"application\/ld+json\" class=\"yoast-schema-graph\">{\"@context\":\"https:\\\/\\\/schema.org\",\"@graph\":[{\"@type\":\"NewsArticle\",\"@id\":\"https:\\\/\\\/www.apfelpatient.de\\\/rumors\\\/iphone-15-pro-wird-apple-auf-den-sim-kartensteckplatz-verzichten#article\",\"isPartOf\":{\"@id\":\"https:\\\/\\\/www.apfelpatient.de\\\/rumors\\\/iphone-15-pro-wird-apple-auf-den-sim-kartensteckplatz-verzichten\"},\"author\":{\"@type\":\"Organization\",\"@id\":\"https:\\\/\\\/www.apfelpatient.de\\\/en\\\/#organization\",\"name\":\"Apfelpatient\",\"url\":\"https:\\\/\\\/www.apfelpatient.de\\\/en\\\/\"},\"headline\":\"iPhone 15 Pro: Wird Apple auf den Sim-Kartensteckplatz verzichten?\",\"datePublished\":\"2021-12-26T14:56:34+00:00\",\"mainEntityOfPage\":{\"@id\":\"https:\\\/\\\/www.apfelpatient.de\\\/rumors\\\/iphone-15-pro-wird-apple-auf-den-sim-kartensteckplatz-verzichten\"},\"wordCount\":423,\"publisher\":{\"@type\":\"Organization\",\"@id\":\"https:\\\/\\\/www.apfelpatient.de\\\/en\\\/#organization\",\"name\":\"Apfelpatient\",\"url\":\"https:\\\/\\\/www.apfelpatient.de\\\/en\\\/\"},\"image\":{\"@id\":\"https:\\\/\\\/www.apfelpatient.de\\\/rumors\\\/iphone-15-pro-wird-apple-auf-den-sim-kartensteckplatz-verzichten#primaryimage\"},\"thumbnailUrl\":\"https:\\\/\\\/www.apfelpatient.de\\\/wp-content\\\/uploads\\\/2021\\\/12\\\/bigstock-Bangkok-Thailand-April-184415620.jpg\",\"keywords\":[\"iPhone\",\"iPhone 15\",\"iPhone 2023\"],\"articleSection\":\"Rumors\",\"inLanguage\":\"en-US\",\"copyrightYear\":\"2021\",\"copyrightHolder\":{\"@id\":\"https:\\\/\\\/www.apfelpatient.de\\\/en\\\/#organization\"}},{\"@type\":\"WebPage\",\"@id\":\"https:\\\/\\\/www.apfelpatient.de\\\/rumors\\\/iphone-15-pro-wird-apple-auf-den-sim-kartensteckplatz-verzichten\",\"url\":\"https:\\\/\\\/www.apfelpatient.de\\\/rumors\\\/iphone-15-pro-wird-apple-auf-den-sim-kartensteckplatz-verzichten\",\"name\":\"iPhone 15 Pro: Wird Apple auf den Sim-Kartensteckplatz verzichten?\",\"isPartOf\":{\"@id\":\"https:\\\/\\\/www.apfelpatient.de\\\/#website\"},\"primaryImageOfPage\":{\"@id\":\"https:\\\/\\\/www.apfelpatient.de\\\/rumors\\\/iphone-15-pro-wird-apple-auf-den-sim-kartensteckplatz-verzichten#primaryimage\"},\"image\":{\"@id\":\"https:\\\/\\\/www.apfelpatient.de\\\/rumors\\\/iphone-15-pro-wird-apple-auf-den-sim-kartensteckplatz-verzichten#primaryimage\"},\"thumbnailUrl\":\"https:\\\/\\\/www.apfelpatient.de\\\/wp-content\\\/uploads\\\/2021\\\/12\\\/bigstock-Bangkok-Thailand-April-184415620.jpg\",\"datePublished\":\"2021-12-26T14:56:34+00:00\",\"description\":\"Dabei gibt es auch manchmal Berichte zu deutlich sp\u00e4teren iPhone-Generationen, wie auch im j\u00fcngsten Fall - dem vermeintlichen iPhone 15 Pro.\",\"breadcrumb\":{\"@id\":\"https:\\\/\\\/www.apfelpatient.de\\\/rumors\\\/iphone-15-pro-wird-apple-auf-den-sim-kartensteckplatz-verzichten#breadcrumb\"},\"inLanguage\":\"en-US\",\"potentialAction\":[{\"@type\":\"ReadAction\",\"target\":[\"https:\\\/\\\/www.apfelpatient.de\\\/rumors\\\/iphone-15-pro-wird-apple-auf-den-sim-kartensteckplatz-verzichten\"]}]},{\"@type\":\"ImageObject\",\"inLanguage\":\"en-US\",\"@id\":\"https:\\\/\\\/www.apfelpatient.de\\\/rumors\\\/iphone-15-pro-wird-apple-auf-den-sim-kartensteckplatz-verzichten#primaryimage\",\"url\":\"https:\\\/\\\/www.apfelpatient.de\\\/wp-content\\\/uploads\\\/2021\\\/12\\\/bigstock-Bangkok-Thailand-April-184415620.jpg\",\"contentUrl\":\"https:\\\/\\\/www.apfelpatient.de\\\/wp-content\\\/uploads\\\/2021\\\/12\\\/bigstock-Bangkok-Thailand-April-184415620.jpg\",\"width\":1600,\"height\":1067,\"caption\":\"BANGKOK THAILAND - April 22 2017: New Apple Product Red iPhone 7 Plus Special Edition Top view of Back side show SIM Card Slot on red background\"},{\"@type\":\"BreadcrumbList\",\"@id\":\"https:\\\/\\\/www.apfelpatient.de\\\/rumors\\\/iphone-15-pro-wird-apple-auf-den-sim-kartensteckplatz-verzichten#breadcrumb\",\"itemListElement\":[{\"@type\":\"ListItem\",\"position\":1,\"name\":\"Startseite\",\"item\":\"https:\\\/\\\/www.apfelpatient.de\\\/\"},{\"@type\":\"ListItem\",\"position\":2,\"name\":\"iPhone 15 Pro: Wird Apple auf den Sim-Kartensteckplatz verzichten?\"}]},{\"@type\":\"WebSite\",\"@id\":\"https:\\\/\\\/www.apfelpatient.de\\\/#website\",\"url\":\"https:\\\/\\\/www.apfelpatient.de\\\/\",\"name\":\"Apfelpatient\",\"description\":\"Alles rund um Apple!\",\"publisher\":{\"@type\":\"Organization\",\"@id\":\"https:\\\/\\\/www.apfelpatient.de\\\/en\\\/#organization\",\"name\":\"Apfelpatient\",\"url\":\"https:\\\/\\\/www.apfelpatient.de\\\/en\\\/\"},\"alternateName\":\"Apfelpatient\",\"potentialAction\":[{\"@type\":\"SearchAction\",\"target\":{\"@type\":\"EntryPoint\",\"urlTemplate\":\"https:\\\/\\\/www.apfelpatient.de\\\/?s={search_term_string}\"},\"query-input\":{\"@type\":\"PropertyValueSpecification\",\"valueRequired\":true,\"valueName\":\"search_term_string\"}}],\"inLanguage\":\"en-US\"},{\"@type\":[\"Person\",\"Organization\"],\"@id\":\"https:\\\/\\\/www.apfelpatient.de\\\/#\\\/schema\\\/person\\\/35b3ddba5832f2bfc7fff5206d4f6b7b\",\"name\":\"Milan\",\"logo\":{\"@id\":\"https:\\\/\\\/www.apfelpatient.de\\\/#\\\/schema\\\/person\\\/image\\\/\"},\"description\":\"Hallo und herzlich willkommen auf meinem Technik-Blog! Als gro\u00dfer Apple-Fan berichte ich hier \u00fcber alles, was mit Apple zu tun hat: von den neuesten News und spannenden Ger\u00fcchten \u00fcber hilfreiche Tipps und Tricks bis hin zu ausf\u00fchrlichen Produkttests. Wenn du genauso technikbegeistert bist wie ich, bist du hier genau richtig!\",\"sameAs\":[\"https:\\\/\\\/www.facebook.com\\\/apfelpatientOfficial\",\"https:\\\/\\\/www.linkedin.com\\\/in\\\/milan-jovicic-42aa0231b\"],\"url\":\"https:\\\/\\\/www.apfelpatient.de\\\/en\\\/author\\\/apfeladmin\"}]}<\/script>\n<!-- \/ Yoast SEO Premium plugin. -->","yoast_head_json":{"title":"iPhone 15 Pro: Will Apple do away with the SIM card slot?","description":"There are also sometimes reports about much later iPhone generations, as in the most recent case - the supposed iPhone 15 Pro.","robots":{"index":"index","follow":"follow","max-snippet":"max-snippet:-1","max-image-preview":"max-image-preview:large","max-video-preview":"max-video-preview:-1"},"canonical":"https:\/\/www.apfelpatient.de\/en\/rumors\/iphone-15-pro-will-apple-do-without-the-sim-card-slot","og_locale":"en_US","og_type":"article","og_title":"iPhone 15 Pro: Wird Apple auf den Sim-Kartensteckplatz verzichten?","og_description":"Dabei gibt es auch manchmal Berichte zu deutlich sp\u00e4teren iPhone-Generationen, wie auch im j\u00fcngsten Fall - dem vermeintlichen iPhone 15 Pro.","og_url":"https:\/\/www.apfelpatient.de\/en\/rumors\/iphone-15-pro-will-apple-do-without-the-sim-card-slot","og_site_name":"Apfelpatient","article_publisher":"https:\/\/www.facebook.com\/apfelpatientOfficial","article_author":"https:\/\/www.facebook.com\/apfelpatientOfficial","article_published_time":"2021-12-26T14:56:34+00:00","og_image":[{"width":1600,"height":1067,"url":"https:\/\/www.apfelpatient.de\/wp-content\/uploads\/2021\/12\/bigstock-Bangkok-Thailand-April-184415620.jpg","type":"image\/jpeg"}],"author":"Milan","twitter_card":"summary_large_image","twitter_description":"Dabei gibt es auch manchmal Berichte zu deutlich sp\u00e4teren iPhone-Generationen, wie auch im j\u00fcngsten Fall - dem vermeintlichen iPhone 15 Pro.","twitter_misc":{"Written by":"Milan","Est. reading time":"3 minutes"},"schema":{"@context":"https:\/\/schema.org","@graph":[{"@type":"NewsArticle","@id":"https:\/\/www.apfelpatient.de\/rumors\/iphone-15-pro-wird-apple-auf-den-sim-kartensteckplatz-verzichten#article","isPartOf":{"@id":"https:\/\/www.apfelpatient.de\/rumors\/iphone-15-pro-wird-apple-auf-den-sim-kartensteckplatz-verzichten"},"author":{"@type":"Organization","@id":"https:\/\/www.apfelpatient.de\/en\/#organization","name":"Apfelpatient","url":"https:\/\/www.apfelpatient.de\/en\/"},"headline":"iPhone 15 Pro: Wird Apple auf den Sim-Kartensteckplatz verzichten?","datePublished":"2021-12-26T14:56:34+00:00","mainEntityOfPage":{"@id":"https:\/\/www.apfelpatient.de\/rumors\/iphone-15-pro-wird-apple-auf-den-sim-kartensteckplatz-verzichten"},"wordCount":423,"publisher":{"@type":"Organization","@id":"https:\/\/www.apfelpatient.de\/en\/#organization","name":"Apfelpatient","url":"https:\/\/www.apfelpatient.de\/en\/"},"image":{"@id":"https:\/\/www.apfelpatient.de\/rumors\/iphone-15-pro-wird-apple-auf-den-sim-kartensteckplatz-verzichten#primaryimage"},"thumbnailUrl":"https:\/\/www.apfelpatient.de\/wp-content\/uploads\/2021\/12\/bigstock-Bangkok-Thailand-April-184415620.jpg","keywords":["iPhone","iPhone 15","iPhone 2023"],"articleSection":"Rumors","inLanguage":"en-US","copyrightYear":"2021","copyrightHolder":{"@id":"https:\/\/www.apfelpatient.de\/en\/#organization"}},{"@type":"WebPage","@id":"https:\/\/www.apfelpatient.de\/rumors\/iphone-15-pro-wird-apple-auf-den-sim-kartensteckplatz-verzichten","url":"https:\/\/www.apfelpatient.de\/rumors\/iphone-15-pro-wird-apple-auf-den-sim-kartensteckplatz-verzichten","name":"iPhone 15 Pro: Will Apple do away with the SIM card slot?","isPartOf":{"@id":"https:\/\/www.apfelpatient.de\/#website"},"primaryImageOfPage":{"@id":"https:\/\/www.apfelpatient.de\/rumors\/iphone-15-pro-wird-apple-auf-den-sim-kartensteckplatz-verzichten#primaryimage"},"image":{"@id":"https:\/\/www.apfelpatient.de\/rumors\/iphone-15-pro-wird-apple-auf-den-sim-kartensteckplatz-verzichten#primaryimage"},"thumbnailUrl":"https:\/\/www.apfelpatient.de\/wp-content\/uploads\/2021\/12\/bigstock-Bangkok-Thailand-April-184415620.jpg","datePublished":"2021-12-26T14:56:34+00:00","description":"There are also sometimes reports about much later iPhone generations, as in the most recent case - the supposed iPhone 15 Pro.","breadcrumb":{"@id":"https:\/\/www.apfelpatient.de\/rumors\/iphone-15-pro-wird-apple-auf-den-sim-kartensteckplatz-verzichten#breadcrumb"},"inLanguage":"en-US","potentialAction":[{"@type":"ReadAction","target":["https:\/\/www.apfelpatient.de\/rumors\/iphone-15-pro-wird-apple-auf-den-sim-kartensteckplatz-verzichten"]}]},{"@type":"ImageObject","inLanguage":"en-US","@id":"https:\/\/www.apfelpatient.de\/rumors\/iphone-15-pro-wird-apple-auf-den-sim-kartensteckplatz-verzichten#primaryimage","url":"https:\/\/www.apfelpatient.de\/wp-content\/uploads\/2021\/12\/bigstock-Bangkok-Thailand-April-184415620.jpg","contentUrl":"https:\/\/www.apfelpatient.de\/wp-content\/uploads\/2021\/12\/bigstock-Bangkok-Thailand-April-184415620.jpg","width":1600,"height":1067,"caption":"BANGKOK THAILAND - April 22 2017: New Apple Product Red iPhone 7 Plus Special Edition Top view of Back side show SIM Card Slot on red background"},{"@type":"BreadcrumbList","@id":"https:\/\/www.apfelpatient.de\/rumors\/iphone-15-pro-wird-apple-auf-den-sim-kartensteckplatz-verzichten#breadcrumb","itemListElement":[{"@type":"ListItem","position":1,"name":"Startseite","item":"https:\/\/www.apfelpatient.de\/"},{"@type":"ListItem","position":2,"name":"iPhone 15 Pro: Wird Apple auf den Sim-Kartensteckplatz verzichten?"}]},{"@type":"WebSite","@id":"https:\/\/www.apfelpatient.de\/#website","url":"https:\/\/www.apfelpatient.de\/","name":"apple patient","description":"Everything about Apple!","publisher":{"@type":"Organization","@id":"https:\/\/www.apfelpatient.de\/en\/#organization","name":"Apfelpatient","url":"https:\/\/www.apfelpatient.de\/en\/"},"alternateName":"Apfelpatient","potentialAction":[{"@type":"SearchAction","target":{"@type":"EntryPoint","urlTemplate":"https:\/\/www.apfelpatient.de\/?s={search_term_string}"},"query-input":{"@type":"PropertyValueSpecification","valueRequired":true,"valueName":"search_term_string"}}],"inLanguage":"en-US"},{"@type":["Person","Organization"],"@id":"https:\/\/www.apfelpatient.de\/#\/schema\/person\/35b3ddba5832f2bfc7fff5206d4f6b7b","name":"Milan","logo":{"@id":"https:\/\/www.apfelpatient.de\/#\/schema\/person\/image\/"},"description":"Hello and welcome to my technology blog! As a big Apple fan, I report on everything to do with Apple: from the latest news and exciting rumors to helpful tips and tricks and detailed product tests. If you are as enthusiastic about technology as I am, you have come to the right place!","sameAs":["https:\/\/www.facebook.com\/apfelpatientOfficial","https:\/\/www.linkedin.com\/in\/milan-jovicic-42aa0231b"],"url":"https:\/\/www.apfelpatient.de\/en\/author\/apfeladmin"}]}},"_links":{"self":[{"href":"https:\/\/www.apfelpatient.de\/en\/wp-json\/wp\/v2\/posts\/29248","targetHints":{"allow":["GET"]}}],"collection":[{"href":"https:\/\/www.apfelpatient.de\/en\/wp-json\/wp\/v2\/posts"}],"about":[{"href":"https:\/\/www.apfelpatient.de\/en\/wp-json\/wp\/v2\/types\/post"}],"author":[{"embeddable":true,"href":"https:\/\/www.apfelpatient.de\/en\/wp-json\/wp\/v2\/users\/2"}],"replies":[{"embeddable":true,"href":"https:\/\/www.apfelpatient.de\/en\/wp-json\/wp\/v2\/comments?post=29248"}],"version-history":[{"count":0,"href":"https:\/\/www.apfelpatient.de\/en\/wp-json\/wp\/v2\/posts\/29248\/revisions"}],"wp:featuredmedia":[{"embeddable":true,"href":"https:\/\/www.apfelpatient.de\/en\/wp-json\/wp\/v2\/media\/29246"}],"wp:attachment":[{"href":"https:\/\/www.apfelpatient.de\/en\/wp-json\/wp\/v2\/media?parent=29248"}],"wp:term":[{"taxonomy":"category","embeddable":true,"href":"https:\/\/www.apfelpatient.de\/en\/wp-json\/wp\/v2\/categories?post=29248"},{"taxonomy":"post_tag","embeddable":true,"href":"https:\/\/www.apfelpatient.de\/en\/wp-json\/wp\/v2\/tags?post=29248"}],"curies":[{"name":"wp","href":"https:\/\/api.w.org\/{rel}","templated":true}]}}