{"id":29047,"date":"2021-12-13T21:55:00","date_gmt":"2021-12-13T20:55:00","guid":{"rendered":"https:\/\/www.apfelpatient.de\/?p=29047"},"modified":"2021-12-14T18:21:02","modified_gmt":"2021-12-14T17:21:02","slug":"when-will-the-first-foldable-iphone-be-released","status":"publish","type":"post","link":"https:\/\/www.apfelpatient.de\/en\/rumors\/wann-wird-das-erste-faltbare-iphone-erscheinen","title":{"rendered":"When will the first foldable iPhone be released?"},"content":{"rendered":"<p class=\"has-drop-cap\"><strong>Rumors about a foldable iPhone have been around for a long time. There are also corresponding patents. Now display analyst Ross Young has commented on the topic and claims that the first foldable iPhone will probably appear in 2024.<\/strong><\/p>\n\n\n\n<p>While rumors of a foldable iPhone have died down in recent months, that doesn&#039;t mean the device isn&#039;t already in development. Plus, new patents keep cropping up, so it can&#039;t be forgotten. Whatever. In September 2020, it was suggested that Samsung had provided Apple with samples of foldable displays for testing purposes. There were also rumors that Apple was working with LG Display. In May of this year, Apple analyst Ming-Chi Kuo said that Apple is working to launch a foldable iPhone with a flexible 8-inch OLED display in 2023. But since then, he has said little about Apple&#039;s work on foldable devices. Bloomberg, on the other hand, reported in January that Apple began working on a foldable iPhone some time ago.<\/p>\n\n\n\n<h3 class=\"wp-block-heading\" id=\"h-faltbares-iphone-probleme-bei-der-massenproduktion\">Foldable iPhone: Problems with mass production<\/h3>\n\n\n\n\n\n\n\n<p>But development hadn&#039;t progressed beyond a display at the time. There are now said to be several prototypes. Kuo believes that foldable smartphones will be a &quot;must have&quot; for all major smartphone brands in the future. At least, that&#039;s Samsung&#039;s goal. Earlier this year, Samsung introduced the Galaxy Z Fold 3, the third generation of its foldable smartphone. Samsung&#039;s first Galaxy Fold devices were plagued with problems. But the company has now had three years to iron out the bugs. If Apple decides to launch a foldable smartphone in 2023 or 2024, it will have to compete with Samsung, a company that already has several years of experience with foldable devices. Kuo has previously said that Apple will need to solve &quot;key technological and mass production issues&quot; to launch a foldable iPhone by 2023, so it would not be a surprise if the technology improves by 2024 <a href=\"https:\/\/www.displaysupplychain.com\/blog\/what-will-the-big-display-stories-be-in-2022\" target=\"_blank\" rel=\"noreferrer noopener\">delayed<\/a>. (Photo by artmagination \/ Bigstockphoto)<\/p>\n\n\n\n<blockquote class=\"wp-block-quote is-layout-flow wp-block-quote-is-layout-flow\"><p>PS: For our Premium users, you can find out more about foldable iPhones under the Apple Patents tag. By the way, if you don&#039;t have Premium yet, give it a try. You can reduce the content and therefore the push notifications to those areas that actually interest you. Everything else is hidden. Apart from that, you are of course supporting us. Thank you for your support.<\/p><\/blockquote>\n\n\n\n<ul class=\"wp-block-list\"><li><a href=\"https:\/\/www.apfelpatient.de\/en\/news\/discount-on-iphone-13-cases-more-pitaka-celebrates-christmas\">Discount on iPhone 13 cases &amp; more: Pitaka celebrates Christmas<\/a><\/li><\/ul>\n\n\n\n<h6 class=\"wp-block-heading translation-block\" id=\"h-kennt-ihr-schon-unsere-amazon-storefront-dort-findet-ihr-eine-handverlesene-auswahl-von-diversen-produkten-f-r-euer-iphone-und-co-viel-spa-beim-st-bern\"><em>Have you already visited our Amazon Storefront? There you&#039;ll find a hand-picked selection of various products for your iPhone and other devices \u2013 <span class=\"has-inline-color has-vivid-red-color\"><a href=\"https:\/\/www.amazon.de\/shop\/apfelpatientofficial\" class=\"ek-link\" data-wpel-link=\"exclude\" rel=\"follow noopener\" target=\"_self\"><span style=\"text-decoration: underline\" class=\"ek-underline\">enjoy browsing<\/span><\/a> !<\/span><\/em><\/h6>\n\n\n\n<h6 class=\"wp-block-heading translation-block\" id=\"h-der-beitrag-enthalt-partnerlinks\">This post contains <a data-type=\"URL\" data-id=\"https:\/\/www.apfelpatient.de\/partnerprogramm\" href=\"https:\/\/www.apfelpatient.de\/en\/partner-program\" data-wpel-link=\"internal\" target=\"_self\">affiliate links<\/a>.<\/h6>","protected":false},"excerpt":{"rendered":"<p>Rumors about a foldable iPhone have been around for a long time. There are also corresponding patents. But when will it start?<\/p>","protected":false},"author":2,"featured_media":29046,"comment_status":"closed","ping_status":"closed","sticky":false,"template":"","format":"standard","meta":{"jnews-multi-image_gallery":[],"jnews_single_post":{"subtitle":"","format":"standard","video":"","gallery":"","source_name":"","source_url":"","via_name":"","via_url":"","override":[{"single_blog_custom":"","sidebar":"","second_sidebar":"","share_position":"","share_float_style":"","post_date_format":"","post_date_format_custom":"","post_reading_time_wpm":"","zoom_button_out_step":"1","zoom_button_in_step":"1","number_popup_post":"1"}],"image_override":[{"single_post_thumbnail_size":"","single_post_gallery_size":""}],"trending_post_position":"","trending_post_label":"","sponsored_post_label":"","sponsored_post_name":"","sponsored_post_url":"","sponsored_post_logo":"","sponsored_post_desc":""},"jnews_primary_category":{"id":"25"},"footnotes":""},"categories":[25],"tags":[8,579,657],"class_list":["post-29047","post","type-post","status-publish","format-standard","has-post-thumbnail","hentry","category-rumors","tag-iphone","tag-iphone-2023","tag-iphone-2024"],"yoast_head":"<!-- This site is optimized with the Yoast SEO Premium plugin v27.5 (Yoast SEO v27.5) - https:\/\/yoast.com\/product\/yoast-seo-premium-wordpress\/ -->\n<title>Wann wird das erste faltbare iPhone erscheinen? Apfelpatient<\/title>\n<meta name=\"description\" content=\"Ger\u00fcchte rund um ein faltbares iPhone begleiten uns schon lange. Passende Patente gibt es ebenfalls dazu. Doch wann geht es los?\" \/>\n<meta name=\"robots\" content=\"index, follow, max-snippet:-1, max-image-preview:large, max-video-preview:-1\" \/>\n<link rel=\"canonical\" href=\"https:\/\/www.apfelpatient.de\/en\/rumors\/when-will-the-first-foldable-iphone-be-released\" \/>\n<meta property=\"og:locale\" content=\"en_US\" \/>\n<meta property=\"og:type\" content=\"article\" \/>\n<meta property=\"og:title\" content=\"Wann wird das erste faltbare iPhone erscheinen?\" \/>\n<meta property=\"og:description\" content=\"Ger\u00fcchte rund um ein faltbares iPhone begleiten uns schon lange. Passende Patente gibt es ebenfalls dazu. Doch wann geht es los?\" \/>\n<meta property=\"og:url\" content=\"https:\/\/www.apfelpatient.de\/en\/rumors\/when-will-the-first-foldable-iphone-be-released\" \/>\n<meta property=\"og:site_name\" content=\"Apfelpatient\" \/>\n<meta property=\"article:publisher\" content=\"https:\/\/www.facebook.com\/apfelpatientOfficial\" \/>\n<meta property=\"article:author\" content=\"https:\/\/www.facebook.com\/apfelpatientOfficial\" \/>\n<meta property=\"article:published_time\" content=\"2021-12-13T20:55:00+00:00\" \/>\n<meta property=\"article:modified_time\" content=\"2021-12-14T17:21:02+00:00\" \/>\n<meta property=\"og:image\" content=\"https:\/\/www.apfelpatient.de\/wp-content\/uploads\/2021\/12\/bigstock-Concept-Of-Two-Foldable-Smartp-333729529.jpg\" \/>\n\t<meta property=\"og:image:width\" content=\"1600\" \/>\n\t<meta property=\"og:image:height\" content=\"1200\" \/>\n\t<meta property=\"og:image:type\" content=\"image\/jpeg\" \/>\n<meta name=\"author\" content=\"Milan\" \/>\n<meta name=\"twitter:card\" content=\"summary_large_image\" \/>\n<meta name=\"twitter:description\" content=\"Ger\u00fcchte rund um ein faltbares iPhone begleiten uns schon lange. Passende Patente gibt es ebenfalls dazu. Doch wann geht es los?\" \/>\n<meta name=\"twitter:label1\" content=\"Written by\" \/>\n\t<meta name=\"twitter:data1\" content=\"Milan\" \/>\n\t<meta name=\"twitter:label2\" content=\"Est. reading time\" \/>\n\t<meta name=\"twitter:data2\" content=\"2 minutes\" \/>\n<script type=\"application\/ld+json\" class=\"yoast-schema-graph\">{\"@context\":\"https:\\\/\\\/schema.org\",\"@graph\":[{\"@type\":\"NewsArticle\",\"@id\":\"https:\\\/\\\/www.apfelpatient.de\\\/rumors\\\/wann-wird-das-erste-faltbare-iphone-erscheinen#article\",\"isPartOf\":{\"@id\":\"https:\\\/\\\/www.apfelpatient.de\\\/rumors\\\/wann-wird-das-erste-faltbare-iphone-erscheinen\"},\"author\":{\"@type\":\"Organization\",\"@id\":\"https:\\\/\\\/www.apfelpatient.de\\\/en\\\/#organization\",\"name\":\"Apfelpatient\",\"url\":\"https:\\\/\\\/www.apfelpatient.de\\\/en\\\/\"},\"headline\":\"Wann wird das erste faltbare iPhone erscheinen?\",\"datePublished\":\"2021-12-13T20:55:00+00:00\",\"dateModified\":\"2021-12-14T17:21:02+00:00\",\"mainEntityOfPage\":{\"@id\":\"https:\\\/\\\/www.apfelpatient.de\\\/rumors\\\/wann-wird-das-erste-faltbare-iphone-erscheinen\"},\"wordCount\":420,\"publisher\":{\"@type\":\"Organization\",\"@id\":\"https:\\\/\\\/www.apfelpatient.de\\\/en\\\/#organization\",\"name\":\"Apfelpatient\",\"url\":\"https:\\\/\\\/www.apfelpatient.de\\\/en\\\/\"},\"image\":{\"@id\":\"https:\\\/\\\/www.apfelpatient.de\\\/rumors\\\/wann-wird-das-erste-faltbare-iphone-erscheinen#primaryimage\"},\"thumbnailUrl\":\"https:\\\/\\\/www.apfelpatient.de\\\/wp-content\\\/uploads\\\/2021\\\/12\\\/bigstock-Concept-Of-Two-Foldable-Smartp-333729529.jpg\",\"keywords\":[\"iPhone\",\"iPhone 2023\",\"iPhone 2024\"],\"articleSection\":\"Rumors\",\"inLanguage\":\"en-US\",\"copyrightYear\":\"2021\",\"copyrightHolder\":{\"@id\":\"https:\\\/\\\/www.apfelpatient.de\\\/en\\\/#organization\"}},{\"@type\":\"WebPage\",\"@id\":\"https:\\\/\\\/www.apfelpatient.de\\\/rumors\\\/wann-wird-das-erste-faltbare-iphone-erscheinen\",\"url\":\"https:\\\/\\\/www.apfelpatient.de\\\/rumors\\\/wann-wird-das-erste-faltbare-iphone-erscheinen\",\"name\":\"Wann wird das erste faltbare iPhone erscheinen? Apfelpatient\",\"isPartOf\":{\"@id\":\"https:\\\/\\\/www.apfelpatient.de\\\/#website\"},\"primaryImageOfPage\":{\"@id\":\"https:\\\/\\\/www.apfelpatient.de\\\/rumors\\\/wann-wird-das-erste-faltbare-iphone-erscheinen#primaryimage\"},\"image\":{\"@id\":\"https:\\\/\\\/www.apfelpatient.de\\\/rumors\\\/wann-wird-das-erste-faltbare-iphone-erscheinen#primaryimage\"},\"thumbnailUrl\":\"https:\\\/\\\/www.apfelpatient.de\\\/wp-content\\\/uploads\\\/2021\\\/12\\\/bigstock-Concept-Of-Two-Foldable-Smartp-333729529.jpg\",\"datePublished\":\"2021-12-13T20:55:00+00:00\",\"dateModified\":\"2021-12-14T17:21:02+00:00\",\"description\":\"Ger\u00fcchte rund um ein faltbares iPhone begleiten uns schon lange. Passende Patente gibt es ebenfalls dazu. Doch wann geht es los?\",\"breadcrumb\":{\"@id\":\"https:\\\/\\\/www.apfelpatient.de\\\/rumors\\\/wann-wird-das-erste-faltbare-iphone-erscheinen#breadcrumb\"},\"inLanguage\":\"en-US\",\"potentialAction\":[{\"@type\":\"ReadAction\",\"target\":[\"https:\\\/\\\/www.apfelpatient.de\\\/rumors\\\/wann-wird-das-erste-faltbare-iphone-erscheinen\"]}]},{\"@type\":\"ImageObject\",\"inLanguage\":\"en-US\",\"@id\":\"https:\\\/\\\/www.apfelpatient.de\\\/rumors\\\/wann-wird-das-erste-faltbare-iphone-erscheinen#primaryimage\",\"url\":\"https:\\\/\\\/www.apfelpatient.de\\\/wp-content\\\/uploads\\\/2021\\\/12\\\/bigstock-Concept-Of-Two-Foldable-Smartp-333729529.jpg\",\"contentUrl\":\"https:\\\/\\\/www.apfelpatient.de\\\/wp-content\\\/uploads\\\/2021\\\/12\\\/bigstock-Concept-Of-Two-Foldable-Smartp-333729529.jpg\",\"width\":1600,\"height\":1200,\"caption\":\"Concept of two foldable smartphone folded and placed next to each other with butterfly image on screens. Flexible smartphone isolated on black background. 3D rendering\"},{\"@type\":\"BreadcrumbList\",\"@id\":\"https:\\\/\\\/www.apfelpatient.de\\\/rumors\\\/wann-wird-das-erste-faltbare-iphone-erscheinen#breadcrumb\",\"itemListElement\":[{\"@type\":\"ListItem\",\"position\":1,\"name\":\"Startseite\",\"item\":\"https:\\\/\\\/www.apfelpatient.de\\\/\"},{\"@type\":\"ListItem\",\"position\":2,\"name\":\"Wann wird das erste faltbare iPhone erscheinen?\"}]},{\"@type\":\"WebSite\",\"@id\":\"https:\\\/\\\/www.apfelpatient.de\\\/#website\",\"url\":\"https:\\\/\\\/www.apfelpatient.de\\\/\",\"name\":\"Apfelpatient\",\"description\":\"Alles rund um Apple!\",\"publisher\":{\"@type\":\"Organization\",\"@id\":\"https:\\\/\\\/www.apfelpatient.de\\\/en\\\/#organization\",\"name\":\"Apfelpatient\",\"url\":\"https:\\\/\\\/www.apfelpatient.de\\\/en\\\/\"},\"alternateName\":\"Apfelpatient\",\"potentialAction\":[{\"@type\":\"SearchAction\",\"target\":{\"@type\":\"EntryPoint\",\"urlTemplate\":\"https:\\\/\\\/www.apfelpatient.de\\\/?s={search_term_string}\"},\"query-input\":{\"@type\":\"PropertyValueSpecification\",\"valueRequired\":true,\"valueName\":\"search_term_string\"}}],\"inLanguage\":\"en-US\"},{\"@type\":[\"Person\",\"Organization\"],\"@id\":\"https:\\\/\\\/www.apfelpatient.de\\\/#\\\/schema\\\/person\\\/35b3ddba5832f2bfc7fff5206d4f6b7b\",\"name\":\"Milan\",\"logo\":{\"@id\":\"https:\\\/\\\/www.apfelpatient.de\\\/#\\\/schema\\\/person\\\/image\\\/\"},\"description\":\"Hallo und herzlich willkommen auf meinem Technik-Blog! Als gro\u00dfer Apple-Fan berichte ich hier \u00fcber alles, was mit Apple zu tun hat: von den neuesten News und spannenden Ger\u00fcchten \u00fcber hilfreiche Tipps und Tricks bis hin zu ausf\u00fchrlichen Produkttests. Wenn du genauso technikbegeistert bist wie ich, bist du hier genau richtig!\",\"sameAs\":[\"https:\\\/\\\/www.facebook.com\\\/apfelpatientOfficial\",\"https:\\\/\\\/www.linkedin.com\\\/in\\\/milan-jovicic-42aa0231b\"],\"url\":\"https:\\\/\\\/www.apfelpatient.de\\\/en\\\/author\\\/apfeladmin\"}]}<\/script>\n<!-- \/ Yoast SEO Premium plugin. -->","yoast_head_json":{"title":"When will the first foldable iPhone be released? Apfelpatient","description":"Rumors about a foldable iPhone have been around for a long time. There are also corresponding patents. But when will it start?","robots":{"index":"index","follow":"follow","max-snippet":"max-snippet:-1","max-image-preview":"max-image-preview:large","max-video-preview":"max-video-preview:-1"},"canonical":"https:\/\/www.apfelpatient.de\/en\/rumors\/when-will-the-first-foldable-iphone-be-released","og_locale":"en_US","og_type":"article","og_title":"Wann wird das erste faltbare iPhone erscheinen?","og_description":"Ger\u00fcchte rund um ein faltbares iPhone begleiten uns schon lange. Passende Patente gibt es ebenfalls dazu. Doch wann geht es los?","og_url":"https:\/\/www.apfelpatient.de\/en\/rumors\/when-will-the-first-foldable-iphone-be-released","og_site_name":"Apfelpatient","article_publisher":"https:\/\/www.facebook.com\/apfelpatientOfficial","article_author":"https:\/\/www.facebook.com\/apfelpatientOfficial","article_published_time":"2021-12-13T20:55:00+00:00","article_modified_time":"2021-12-14T17:21:02+00:00","og_image":[{"width":1600,"height":1200,"url":"https:\/\/www.apfelpatient.de\/wp-content\/uploads\/2021\/12\/bigstock-Concept-Of-Two-Foldable-Smartp-333729529.jpg","type":"image\/jpeg"}],"author":"Milan","twitter_card":"summary_large_image","twitter_description":"Ger\u00fcchte rund um ein faltbares iPhone begleiten uns schon lange. Passende Patente gibt es ebenfalls dazu. Doch wann geht es los?","twitter_misc":{"Written by":"Milan","Est. reading time":"2 minutes"},"schema":{"@context":"https:\/\/schema.org","@graph":[{"@type":"NewsArticle","@id":"https:\/\/www.apfelpatient.de\/rumors\/wann-wird-das-erste-faltbare-iphone-erscheinen#article","isPartOf":{"@id":"https:\/\/www.apfelpatient.de\/rumors\/wann-wird-das-erste-faltbare-iphone-erscheinen"},"author":{"@type":"Organization","@id":"https:\/\/www.apfelpatient.de\/en\/#organization","name":"Apfelpatient","url":"https:\/\/www.apfelpatient.de\/en\/"},"headline":"Wann wird das erste faltbare iPhone erscheinen?","datePublished":"2021-12-13T20:55:00+00:00","dateModified":"2021-12-14T17:21:02+00:00","mainEntityOfPage":{"@id":"https:\/\/www.apfelpatient.de\/rumors\/wann-wird-das-erste-faltbare-iphone-erscheinen"},"wordCount":420,"publisher":{"@type":"Organization","@id":"https:\/\/www.apfelpatient.de\/en\/#organization","name":"Apfelpatient","url":"https:\/\/www.apfelpatient.de\/en\/"},"image":{"@id":"https:\/\/www.apfelpatient.de\/rumors\/wann-wird-das-erste-faltbare-iphone-erscheinen#primaryimage"},"thumbnailUrl":"https:\/\/www.apfelpatient.de\/wp-content\/uploads\/2021\/12\/bigstock-Concept-Of-Two-Foldable-Smartp-333729529.jpg","keywords":["iPhone","iPhone 2023","iPhone 2024"],"articleSection":"Rumors","inLanguage":"en-US","copyrightYear":"2021","copyrightHolder":{"@id":"https:\/\/www.apfelpatient.de\/en\/#organization"}},{"@type":"WebPage","@id":"https:\/\/www.apfelpatient.de\/rumors\/wann-wird-das-erste-faltbare-iphone-erscheinen","url":"https:\/\/www.apfelpatient.de\/rumors\/wann-wird-das-erste-faltbare-iphone-erscheinen","name":"When will the first foldable iPhone be released? Apfelpatient","isPartOf":{"@id":"https:\/\/www.apfelpatient.de\/#website"},"primaryImageOfPage":{"@id":"https:\/\/www.apfelpatient.de\/rumors\/wann-wird-das-erste-faltbare-iphone-erscheinen#primaryimage"},"image":{"@id":"https:\/\/www.apfelpatient.de\/rumors\/wann-wird-das-erste-faltbare-iphone-erscheinen#primaryimage"},"thumbnailUrl":"https:\/\/www.apfelpatient.de\/wp-content\/uploads\/2021\/12\/bigstock-Concept-Of-Two-Foldable-Smartp-333729529.jpg","datePublished":"2021-12-13T20:55:00+00:00","dateModified":"2021-12-14T17:21:02+00:00","description":"Rumors about a foldable iPhone have been around for a long time. There are also corresponding patents. But when will it start?","breadcrumb":{"@id":"https:\/\/www.apfelpatient.de\/rumors\/wann-wird-das-erste-faltbare-iphone-erscheinen#breadcrumb"},"inLanguage":"en-US","potentialAction":[{"@type":"ReadAction","target":["https:\/\/www.apfelpatient.de\/rumors\/wann-wird-das-erste-faltbare-iphone-erscheinen"]}]},{"@type":"ImageObject","inLanguage":"en-US","@id":"https:\/\/www.apfelpatient.de\/rumors\/wann-wird-das-erste-faltbare-iphone-erscheinen#primaryimage","url":"https:\/\/www.apfelpatient.de\/wp-content\/uploads\/2021\/12\/bigstock-Concept-Of-Two-Foldable-Smartp-333729529.jpg","contentUrl":"https:\/\/www.apfelpatient.de\/wp-content\/uploads\/2021\/12\/bigstock-Concept-Of-Two-Foldable-Smartp-333729529.jpg","width":1600,"height":1200,"caption":"Concept of two foldable smartphone folded and placed next to each other with butterfly image on screens. Flexible smartphone isolated on black background. 3D rendering"},{"@type":"BreadcrumbList","@id":"https:\/\/www.apfelpatient.de\/rumors\/wann-wird-das-erste-faltbare-iphone-erscheinen#breadcrumb","itemListElement":[{"@type":"ListItem","position":1,"name":"Startseite","item":"https:\/\/www.apfelpatient.de\/"},{"@type":"ListItem","position":2,"name":"Wann wird das erste faltbare iPhone erscheinen?"}]},{"@type":"WebSite","@id":"https:\/\/www.apfelpatient.de\/#website","url":"https:\/\/www.apfelpatient.de\/","name":"apple patient","description":"Everything about Apple!","publisher":{"@type":"Organization","@id":"https:\/\/www.apfelpatient.de\/en\/#organization","name":"Apfelpatient","url":"https:\/\/www.apfelpatient.de\/en\/"},"alternateName":"Apfelpatient","potentialAction":[{"@type":"SearchAction","target":{"@type":"EntryPoint","urlTemplate":"https:\/\/www.apfelpatient.de\/?s={search_term_string}"},"query-input":{"@type":"PropertyValueSpecification","valueRequired":true,"valueName":"search_term_string"}}],"inLanguage":"en-US"},{"@type":["Person","Organization"],"@id":"https:\/\/www.apfelpatient.de\/#\/schema\/person\/35b3ddba5832f2bfc7fff5206d4f6b7b","name":"Milan","logo":{"@id":"https:\/\/www.apfelpatient.de\/#\/schema\/person\/image\/"},"description":"Hello and welcome to my technology blog! As a big Apple fan, I report on everything to do with Apple: from the latest news and exciting rumors to helpful tips and tricks and detailed product tests. If you are as enthusiastic about technology as I am, you have come to the right place!","sameAs":["https:\/\/www.facebook.com\/apfelpatientOfficial","https:\/\/www.linkedin.com\/in\/milan-jovicic-42aa0231b"],"url":"https:\/\/www.apfelpatient.de\/en\/author\/apfeladmin"}]}},"_links":{"self":[{"href":"https:\/\/www.apfelpatient.de\/en\/wp-json\/wp\/v2\/posts\/29047","targetHints":{"allow":["GET"]}}],"collection":[{"href":"https:\/\/www.apfelpatient.de\/en\/wp-json\/wp\/v2\/posts"}],"about":[{"href":"https:\/\/www.apfelpatient.de\/en\/wp-json\/wp\/v2\/types\/post"}],"author":[{"embeddable":true,"href":"https:\/\/www.apfelpatient.de\/en\/wp-json\/wp\/v2\/users\/2"}],"replies":[{"embeddable":true,"href":"https:\/\/www.apfelpatient.de\/en\/wp-json\/wp\/v2\/comments?post=29047"}],"version-history":[{"count":0,"href":"https:\/\/www.apfelpatient.de\/en\/wp-json\/wp\/v2\/posts\/29047\/revisions"}],"wp:featuredmedia":[{"embeddable":true,"href":"https:\/\/www.apfelpatient.de\/en\/wp-json\/wp\/v2\/media\/29046"}],"wp:attachment":[{"href":"https:\/\/www.apfelpatient.de\/en\/wp-json\/wp\/v2\/media?parent=29047"}],"wp:term":[{"taxonomy":"category","embeddable":true,"href":"https:\/\/www.apfelpatient.de\/en\/wp-json\/wp\/v2\/categories?post=29047"},{"taxonomy":"post_tag","embeddable":true,"href":"https:\/\/www.apfelpatient.de\/en\/wp-json\/wp\/v2\/tags?post=29047"}],"curies":[{"name":"wp","href":"https:\/\/api.w.org\/{rel}","templated":true}]}}