{"id":29042,"date":"2021-12-13T21:53:32","date_gmt":"2021-12-13T20:53:32","guid":{"rendered":"https:\/\/www.apfelpatient.de\/?p=29042"},"modified":"2021-12-13T21:53:33","modified_gmt":"2021-12-13T20:53:33","slug":"brand-new-imac-pro-new-details-on-features-and-introduction","status":"publish","type":"post","link":"https:\/\/www.apfelpatient.de\/en\/rumors\/brandneuer-imac-pro-neue-details-zu-ausstattung-und-einfuehrung","title":{"rendered":"Brand new iMac Pro: New details on features and introduction"},"content":{"rendered":"<p class=\"has-drop-cap\"><strong>Apple&#039;s next generation &quot;iMac Pro&quot; with a larger screen is expected to be released next spring.<\/strong><\/p>\n\n\n\n<p>The well-known display analyst Ross Young <a href=\"https:\/\/www.displaysupplychain.com\/blog\/what-will-the-big-display-stories-be-in-2022\" target=\"_blank\" rel=\"noreferrer noopener\">writes<\/a>that the new iMac is &quot;expected in the spring.&quot; Apple often holds an event in the spring, so we might see the new iMac at the annual spring event. There have been rumors of an iMac with a display larger than 27 inches. However, recent information, including details from Young, suggests that Apple is keeping the 27-inch display size. The device will use a mini-LED display similar to the MacBook Pro and support ProMotion with a 120Hz refresh rate. To simplify the naming, the new iMac could be called the &quot;iMac Pro,&quot; which would differentiate it from the 24-inch iMac and put it on par with the MacBook Pro devices.<\/p>\n\n\n\n<h3 class=\"wp-block-heading\" id=\"h-imac-pro-mit-m1-pro-und-m1-max-chips\">iMac Pro with M1 Pro and M1 Max chips<\/h3>\n\n\n\n\n\n\n\n<p>The new 27-inch iMacs are expected to use the same M1 Pro and M1 Max chips as the 2021 MacBook Pro models. There have been rumors that Apple might switch to OLED displays instead of mini-LED displays on some Macs and iPads. For this reason, Young also addresses this topic in his analysis. The analyst believes that we can expect an OLED iPad or MacBook in 2023 at the earliest. At the moment, prices for Apple&#039;s mini-LED panels are more expensive than comparable OLED panels. But the acceptance of OLED over mini-LED will depend on how quickly mini-LED prices fall. Young says that the price differences will be crucial in the &quot;OLED vs. mini-LED battle.&quot; (Photo by hadrian \/ Bigstockphoto)<\/p>\n\n\n\n<ul class=\"wp-block-list\"><li><a href=\"https:\/\/www.apfelpatient.de\/en\/rumors\/macs-with-m3-chips-are-said-to-use-3nm-chip-technology\">Macs with \u201cM3\u201d chips are said to use 3nm chip technology<\/a><\/li><\/ul>\n\n\n\n<h6 class=\"wp-block-heading translation-block\" id=\"h-kennt-ihr-schon-unsere-amazon-storefront-dort-findet-ihr-eine-handverlesene-auswahl-von-diversen-produkten-f-r-euer-iphone-und-co-viel-spa-beim-st-bern\"><em>Have you already visited our Amazon Storefront? There you&#039;ll find a hand-picked selection of various products for your iPhone and other devices \u2013 <span class=\"has-inline-color has-vivid-red-color\"><a href=\"https:\/\/www.amazon.de\/shop\/apfelpatientofficial\" class=\"ek-link\" data-wpel-link=\"exclude\" rel=\"follow noopener\" target=\"_self\"><span style=\"text-decoration: underline\" class=\"ek-underline\">enjoy browsing<\/span><\/a> !<\/span><\/em><\/h6>\n\n\n\n<h6 class=\"wp-block-heading translation-block\" id=\"h-der-beitrag-enthalt-partnerlinks\">This post contains <a data-type=\"URL\" data-id=\"https:\/\/www.apfelpatient.de\/partnerprogramm\" href=\"https:\/\/www.apfelpatient.de\/en\/partner-program\" data-wpel-link=\"internal\" target=\"_self\">affiliate links<\/a>.<\/h6>","protected":false},"excerpt":{"rendered":"<p>Apple&#039;s next generation &quot;iMac Pro&quot; with a larger screen is expected to be released next spring.<\/p>","protected":false},"author":2,"featured_media":29036,"comment_status":"closed","ping_status":"closed","sticky":false,"template":"","format":"standard","meta":{"jnews-multi-image_gallery":[],"jnews_single_post":{"subtitle":"","format":"standard","video":"","gallery":"","source_name":"","source_url":"","via_name":"","via_url":"","override":[{"single_blog_custom":"","sidebar":"","second_sidebar":"","share_position":"","share_float_style":"","post_date_format":"","post_date_format_custom":"","post_reading_time_wpm":"","zoom_button_out_step":"1","zoom_button_in_step":"1","number_popup_post":"1"}],"image_override":[{"single_post_thumbnail_size":"","single_post_gallery_size":""}],"trending_post_position":"","trending_post_label":"","sponsored_post_label":"","sponsored_post_name":"","sponsored_post_url":"","sponsored_post_logo":"","sponsored_post_desc":""},"jnews_primary_category":{"id":"25"},"footnotes":""},"categories":[25],"tags":[72,40],"class_list":["post-29042","post","type-post","status-publish","format-standard","has-post-thumbnail","hentry","category-rumors","tag-imac","tag-mac"],"yoast_head":"<!-- This site is optimized with the Yoast SEO Premium plugin v27.5 (Yoast SEO v27.5) - https:\/\/yoast.com\/product\/yoast-seo-premium-wordpress\/ -->\n<title>Brandneuer iMac Pro: Neue Details zu Ausstattung und Einf\u00fchrung<\/title>\n<meta name=\"description\" content=\"Apples n\u00e4chste Generation des &quot;iMac Pro&quot; mit gr\u00f6\u00dferem Bildschirm wird voraussichtlich im kommenden Fr\u00fchjahr erscheinen.\" \/>\n<meta name=\"robots\" content=\"index, follow, max-snippet:-1, max-image-preview:large, max-video-preview:-1\" \/>\n<link rel=\"canonical\" href=\"https:\/\/www.apfelpatient.de\/en\/rumors\/brand-new-imac-pro-new-details-on-features-and-introduction\" \/>\n<meta property=\"og:locale\" content=\"en_US\" \/>\n<meta property=\"og:type\" content=\"article\" \/>\n<meta property=\"og:title\" content=\"Brandneuer iMac Pro: Neue Details zu Ausstattung und Einf\u00fchrung\" \/>\n<meta property=\"og:description\" content=\"Apples n\u00e4chste Generation des &quot;iMac Pro&quot; mit gr\u00f6\u00dferem Bildschirm wird voraussichtlich im kommenden Fr\u00fchjahr erscheinen.\" \/>\n<meta property=\"og:url\" content=\"https:\/\/www.apfelpatient.de\/en\/rumors\/brand-new-imac-pro-new-details-on-features-and-introduction\" \/>\n<meta property=\"og:site_name\" content=\"Apfelpatient\" \/>\n<meta property=\"article:publisher\" content=\"https:\/\/www.facebook.com\/apfelpatientOfficial\" \/>\n<meta property=\"article:author\" content=\"https:\/\/www.facebook.com\/apfelpatientOfficial\" \/>\n<meta property=\"article:published_time\" content=\"2021-12-13T20:53:32+00:00\" \/>\n<meta property=\"article:modified_time\" content=\"2021-12-13T20:53:33+00:00\" \/>\n<meta property=\"og:image\" content=\"https:\/\/www.apfelpatient.de\/wp-content\/uploads\/2021\/12\/bigstock-Paris-France-Sep-437039540.jpg\" \/>\n\t<meta property=\"og:image:width\" content=\"1600\" \/>\n\t<meta property=\"og:image:height\" content=\"1257\" \/>\n\t<meta property=\"og:image:type\" content=\"image\/jpeg\" \/>\n<meta name=\"author\" content=\"Milan\" \/>\n<meta name=\"twitter:card\" content=\"summary_large_image\" \/>\n<meta name=\"twitter:description\" content=\"Apples n\u00e4chste Generation des &quot;iMac Pro&quot; mit gr\u00f6\u00dferem Bildschirm wird voraussichtlich im kommenden Fr\u00fchjahr erscheinen.\" \/>\n<meta name=\"twitter:label1\" content=\"Written by\" \/>\n\t<meta name=\"twitter:data1\" content=\"Milan\" \/>\n\t<meta name=\"twitter:label2\" content=\"Est. reading time\" \/>\n\t<meta name=\"twitter:data2\" content=\"2 minutes\" \/>\n<script type=\"application\/ld+json\" class=\"yoast-schema-graph\">{\"@context\":\"https:\\\/\\\/schema.org\",\"@graph\":[{\"@type\":\"NewsArticle\",\"@id\":\"https:\\\/\\\/www.apfelpatient.de\\\/rumors\\\/brandneuer-imac-pro-neue-details-zu-ausstattung-und-einfuehrung#article\",\"isPartOf\":{\"@id\":\"https:\\\/\\\/www.apfelpatient.de\\\/rumors\\\/brandneuer-imac-pro-neue-details-zu-ausstattung-und-einfuehrung\"},\"author\":{\"@type\":\"Organization\",\"@id\":\"https:\\\/\\\/www.apfelpatient.de\\\/en\\\/#organization\",\"name\":\"Apfelpatient\",\"url\":\"https:\\\/\\\/www.apfelpatient.de\\\/en\\\/\"},\"headline\":\"Brandneuer iMac Pro: Neue Details zu Ausstattung und Einf\u00fchrung\",\"datePublished\":\"2021-12-13T20:53:32+00:00\",\"dateModified\":\"2021-12-13T20:53:33+00:00\",\"mainEntityOfPage\":{\"@id\":\"https:\\\/\\\/www.apfelpatient.de\\\/rumors\\\/brandneuer-imac-pro-neue-details-zu-ausstattung-und-einfuehrung\"},\"wordCount\":286,\"publisher\":{\"@type\":\"Organization\",\"@id\":\"https:\\\/\\\/www.apfelpatient.de\\\/en\\\/#organization\",\"name\":\"Apfelpatient\",\"url\":\"https:\\\/\\\/www.apfelpatient.de\\\/en\\\/\"},\"image\":{\"@id\":\"https:\\\/\\\/www.apfelpatient.de\\\/rumors\\\/brandneuer-imac-pro-neue-details-zu-ausstattung-und-einfuehrung#primaryimage\"},\"thumbnailUrl\":\"https:\\\/\\\/www.apfelpatient.de\\\/wp-content\\\/uploads\\\/2021\\\/12\\\/bigstock-Paris-France-Sep-437039540.jpg\",\"keywords\":[\"iMac\",\"Mac\"],\"articleSection\":\"Rumors\",\"inLanguage\":\"en-US\",\"copyrightYear\":\"2021\",\"copyrightHolder\":{\"@id\":\"https:\\\/\\\/www.apfelpatient.de\\\/en\\\/#organization\"}},{\"@type\":\"WebPage\",\"@id\":\"https:\\\/\\\/www.apfelpatient.de\\\/rumors\\\/brandneuer-imac-pro-neue-details-zu-ausstattung-und-einfuehrung\",\"url\":\"https:\\\/\\\/www.apfelpatient.de\\\/rumors\\\/brandneuer-imac-pro-neue-details-zu-ausstattung-und-einfuehrung\",\"name\":\"Brandneuer iMac Pro: Neue Details zu Ausstattung und Einf\u00fchrung\",\"isPartOf\":{\"@id\":\"https:\\\/\\\/www.apfelpatient.de\\\/#website\"},\"primaryImageOfPage\":{\"@id\":\"https:\\\/\\\/www.apfelpatient.de\\\/rumors\\\/brandneuer-imac-pro-neue-details-zu-ausstattung-und-einfuehrung#primaryimage\"},\"image\":{\"@id\":\"https:\\\/\\\/www.apfelpatient.de\\\/rumors\\\/brandneuer-imac-pro-neue-details-zu-ausstattung-und-einfuehrung#primaryimage\"},\"thumbnailUrl\":\"https:\\\/\\\/www.apfelpatient.de\\\/wp-content\\\/uploads\\\/2021\\\/12\\\/bigstock-Paris-France-Sep-437039540.jpg\",\"datePublished\":\"2021-12-13T20:53:32+00:00\",\"dateModified\":\"2021-12-13T20:53:33+00:00\",\"description\":\"Apples n\u00e4chste Generation des \\\"iMac Pro\\\" mit gr\u00f6\u00dferem Bildschirm wird voraussichtlich im kommenden Fr\u00fchjahr erscheinen.\",\"breadcrumb\":{\"@id\":\"https:\\\/\\\/www.apfelpatient.de\\\/rumors\\\/brandneuer-imac-pro-neue-details-zu-ausstattung-und-einfuehrung#breadcrumb\"},\"inLanguage\":\"en-US\",\"potentialAction\":[{\"@type\":\"ReadAction\",\"target\":[\"https:\\\/\\\/www.apfelpatient.de\\\/rumors\\\/brandneuer-imac-pro-neue-details-zu-ausstattung-und-einfuehrung\"]}]},{\"@type\":\"ImageObject\",\"inLanguage\":\"en-US\",\"@id\":\"https:\\\/\\\/www.apfelpatient.de\\\/rumors\\\/brandneuer-imac-pro-neue-details-zu-ausstattung-und-einfuehrung#primaryimage\",\"url\":\"https:\\\/\\\/www.apfelpatient.de\\\/wp-content\\\/uploads\\\/2021\\\/12\\\/bigstock-Paris-France-Sep-437039540.jpg\",\"contentUrl\":\"https:\\\/\\\/www.apfelpatient.de\\\/wp-content\\\/uploads\\\/2021\\\/12\\\/bigstock-Paris-France-Sep-437039540.jpg\",\"width\":1600,\"height\":1257,\"caption\":\"Paris, France - Sep 24, 2021: Apple logo on the new iMac colorful 2021 versions the all-in-one personal computer in Apple Computers Store. Manufacturer claims the iMac M1 most powerful Mac ever made\"},{\"@type\":\"BreadcrumbList\",\"@id\":\"https:\\\/\\\/www.apfelpatient.de\\\/rumors\\\/brandneuer-imac-pro-neue-details-zu-ausstattung-und-einfuehrung#breadcrumb\",\"itemListElement\":[{\"@type\":\"ListItem\",\"position\":1,\"name\":\"Startseite\",\"item\":\"https:\\\/\\\/www.apfelpatient.de\\\/\"},{\"@type\":\"ListItem\",\"position\":2,\"name\":\"Brandneuer iMac Pro: Neue Details zu Ausstattung und Einf\u00fchrung\"}]},{\"@type\":\"WebSite\",\"@id\":\"https:\\\/\\\/www.apfelpatient.de\\\/#website\",\"url\":\"https:\\\/\\\/www.apfelpatient.de\\\/\",\"name\":\"Apfelpatient\",\"description\":\"Alles rund um Apple!\",\"publisher\":{\"@type\":\"Organization\",\"@id\":\"https:\\\/\\\/www.apfelpatient.de\\\/en\\\/#organization\",\"name\":\"Apfelpatient\",\"url\":\"https:\\\/\\\/www.apfelpatient.de\\\/en\\\/\"},\"alternateName\":\"Apfelpatient\",\"potentialAction\":[{\"@type\":\"SearchAction\",\"target\":{\"@type\":\"EntryPoint\",\"urlTemplate\":\"https:\\\/\\\/www.apfelpatient.de\\\/?s={search_term_string}\"},\"query-input\":{\"@type\":\"PropertyValueSpecification\",\"valueRequired\":true,\"valueName\":\"search_term_string\"}}],\"inLanguage\":\"en-US\"},{\"@type\":[\"Person\",\"Organization\"],\"@id\":\"https:\\\/\\\/www.apfelpatient.de\\\/#\\\/schema\\\/person\\\/35b3ddba5832f2bfc7fff5206d4f6b7b\",\"name\":\"Milan\",\"logo\":{\"@id\":\"https:\\\/\\\/www.apfelpatient.de\\\/#\\\/schema\\\/person\\\/image\\\/\"},\"description\":\"Hallo und herzlich willkommen auf meinem Technik-Blog! Als gro\u00dfer Apple-Fan berichte ich hier \u00fcber alles, was mit Apple zu tun hat: von den neuesten News und spannenden Ger\u00fcchten \u00fcber hilfreiche Tipps und Tricks bis hin zu ausf\u00fchrlichen Produkttests. Wenn du genauso technikbegeistert bist wie ich, bist du hier genau richtig!\",\"sameAs\":[\"https:\\\/\\\/www.facebook.com\\\/apfelpatientOfficial\",\"https:\\\/\\\/www.linkedin.com\\\/in\\\/milan-jovicic-42aa0231b\"],\"url\":\"https:\\\/\\\/www.apfelpatient.de\\\/en\\\/author\\\/apfeladmin\"}]}<\/script>\n<!-- \/ Yoast SEO Premium plugin. -->","yoast_head_json":{"title":"Brand new iMac Pro: New details on features and introduction","description":"Apple&#039;s next generation &quot;iMac Pro&quot; with a larger screen is expected to be released next spring.","robots":{"index":"index","follow":"follow","max-snippet":"max-snippet:-1","max-image-preview":"max-image-preview:large","max-video-preview":"max-video-preview:-1"},"canonical":"https:\/\/www.apfelpatient.de\/en\/rumors\/brand-new-imac-pro-new-details-on-features-and-introduction","og_locale":"en_US","og_type":"article","og_title":"Brandneuer iMac Pro: Neue Details zu Ausstattung und Einf\u00fchrung","og_description":"Apples n\u00e4chste Generation des \"iMac Pro\" mit gr\u00f6\u00dferem Bildschirm wird voraussichtlich im kommenden Fr\u00fchjahr erscheinen.","og_url":"https:\/\/www.apfelpatient.de\/en\/rumors\/brand-new-imac-pro-new-details-on-features-and-introduction","og_site_name":"Apfelpatient","article_publisher":"https:\/\/www.facebook.com\/apfelpatientOfficial","article_author":"https:\/\/www.facebook.com\/apfelpatientOfficial","article_published_time":"2021-12-13T20:53:32+00:00","article_modified_time":"2021-12-13T20:53:33+00:00","og_image":[{"width":1600,"height":1257,"url":"https:\/\/www.apfelpatient.de\/wp-content\/uploads\/2021\/12\/bigstock-Paris-France-Sep-437039540.jpg","type":"image\/jpeg"}],"author":"Milan","twitter_card":"summary_large_image","twitter_description":"Apples n\u00e4chste Generation des \"iMac Pro\" mit gr\u00f6\u00dferem Bildschirm wird voraussichtlich im kommenden Fr\u00fchjahr erscheinen.","twitter_misc":{"Written by":"Milan","Est. reading time":"2 minutes"},"schema":{"@context":"https:\/\/schema.org","@graph":[{"@type":"NewsArticle","@id":"https:\/\/www.apfelpatient.de\/rumors\/brandneuer-imac-pro-neue-details-zu-ausstattung-und-einfuehrung#article","isPartOf":{"@id":"https:\/\/www.apfelpatient.de\/rumors\/brandneuer-imac-pro-neue-details-zu-ausstattung-und-einfuehrung"},"author":{"@type":"Organization","@id":"https:\/\/www.apfelpatient.de\/en\/#organization","name":"Apfelpatient","url":"https:\/\/www.apfelpatient.de\/en\/"},"headline":"Brandneuer iMac Pro: Neue Details zu Ausstattung und Einf\u00fchrung","datePublished":"2021-12-13T20:53:32+00:00","dateModified":"2021-12-13T20:53:33+00:00","mainEntityOfPage":{"@id":"https:\/\/www.apfelpatient.de\/rumors\/brandneuer-imac-pro-neue-details-zu-ausstattung-und-einfuehrung"},"wordCount":286,"publisher":{"@type":"Organization","@id":"https:\/\/www.apfelpatient.de\/en\/#organization","name":"Apfelpatient","url":"https:\/\/www.apfelpatient.de\/en\/"},"image":{"@id":"https:\/\/www.apfelpatient.de\/rumors\/brandneuer-imac-pro-neue-details-zu-ausstattung-und-einfuehrung#primaryimage"},"thumbnailUrl":"https:\/\/www.apfelpatient.de\/wp-content\/uploads\/2021\/12\/bigstock-Paris-France-Sep-437039540.jpg","keywords":["iMac","Mac"],"articleSection":"Rumors","inLanguage":"en-US","copyrightYear":"2021","copyrightHolder":{"@id":"https:\/\/www.apfelpatient.de\/en\/#organization"}},{"@type":"WebPage","@id":"https:\/\/www.apfelpatient.de\/rumors\/brandneuer-imac-pro-neue-details-zu-ausstattung-und-einfuehrung","url":"https:\/\/www.apfelpatient.de\/rumors\/brandneuer-imac-pro-neue-details-zu-ausstattung-und-einfuehrung","name":"Brand new iMac Pro: New details on features and introduction","isPartOf":{"@id":"https:\/\/www.apfelpatient.de\/#website"},"primaryImageOfPage":{"@id":"https:\/\/www.apfelpatient.de\/rumors\/brandneuer-imac-pro-neue-details-zu-ausstattung-und-einfuehrung#primaryimage"},"image":{"@id":"https:\/\/www.apfelpatient.de\/rumors\/brandneuer-imac-pro-neue-details-zu-ausstattung-und-einfuehrung#primaryimage"},"thumbnailUrl":"https:\/\/www.apfelpatient.de\/wp-content\/uploads\/2021\/12\/bigstock-Paris-France-Sep-437039540.jpg","datePublished":"2021-12-13T20:53:32+00:00","dateModified":"2021-12-13T20:53:33+00:00","description":"Apple&#039;s next generation &quot;iMac Pro&quot; with a larger screen is expected to be released next spring.","breadcrumb":{"@id":"https:\/\/www.apfelpatient.de\/rumors\/brandneuer-imac-pro-neue-details-zu-ausstattung-und-einfuehrung#breadcrumb"},"inLanguage":"en-US","potentialAction":[{"@type":"ReadAction","target":["https:\/\/www.apfelpatient.de\/rumors\/brandneuer-imac-pro-neue-details-zu-ausstattung-und-einfuehrung"]}]},{"@type":"ImageObject","inLanguage":"en-US","@id":"https:\/\/www.apfelpatient.de\/rumors\/brandneuer-imac-pro-neue-details-zu-ausstattung-und-einfuehrung#primaryimage","url":"https:\/\/www.apfelpatient.de\/wp-content\/uploads\/2021\/12\/bigstock-Paris-France-Sep-437039540.jpg","contentUrl":"https:\/\/www.apfelpatient.de\/wp-content\/uploads\/2021\/12\/bigstock-Paris-France-Sep-437039540.jpg","width":1600,"height":1257,"caption":"Paris, France - Sep 24, 2021: Apple logo on the new iMac colorful 2021 versions the all-in-one personal computer in Apple Computers Store. Manufacturer claims the iMac M1 most powerful Mac ever made"},{"@type":"BreadcrumbList","@id":"https:\/\/www.apfelpatient.de\/rumors\/brandneuer-imac-pro-neue-details-zu-ausstattung-und-einfuehrung#breadcrumb","itemListElement":[{"@type":"ListItem","position":1,"name":"Startseite","item":"https:\/\/www.apfelpatient.de\/"},{"@type":"ListItem","position":2,"name":"Brandneuer iMac Pro: Neue Details zu Ausstattung und Einf\u00fchrung"}]},{"@type":"WebSite","@id":"https:\/\/www.apfelpatient.de\/#website","url":"https:\/\/www.apfelpatient.de\/","name":"apple patient","description":"Everything about Apple!","publisher":{"@type":"Organization","@id":"https:\/\/www.apfelpatient.de\/en\/#organization","name":"Apfelpatient","url":"https:\/\/www.apfelpatient.de\/en\/"},"alternateName":"Apfelpatient","potentialAction":[{"@type":"SearchAction","target":{"@type":"EntryPoint","urlTemplate":"https:\/\/www.apfelpatient.de\/?s={search_term_string}"},"query-input":{"@type":"PropertyValueSpecification","valueRequired":true,"valueName":"search_term_string"}}],"inLanguage":"en-US"},{"@type":["Person","Organization"],"@id":"https:\/\/www.apfelpatient.de\/#\/schema\/person\/35b3ddba5832f2bfc7fff5206d4f6b7b","name":"Milan","logo":{"@id":"https:\/\/www.apfelpatient.de\/#\/schema\/person\/image\/"},"description":"Hello and welcome to my technology blog! As a big Apple fan, I report on everything to do with Apple: from the latest news and exciting rumors to helpful tips and tricks and detailed product tests. If you are as enthusiastic about technology as I am, you have come to the right place!","sameAs":["https:\/\/www.facebook.com\/apfelpatientOfficial","https:\/\/www.linkedin.com\/in\/milan-jovicic-42aa0231b"],"url":"https:\/\/www.apfelpatient.de\/en\/author\/apfeladmin"}]}},"_links":{"self":[{"href":"https:\/\/www.apfelpatient.de\/en\/wp-json\/wp\/v2\/posts\/29042","targetHints":{"allow":["GET"]}}],"collection":[{"href":"https:\/\/www.apfelpatient.de\/en\/wp-json\/wp\/v2\/posts"}],"about":[{"href":"https:\/\/www.apfelpatient.de\/en\/wp-json\/wp\/v2\/types\/post"}],"author":[{"embeddable":true,"href":"https:\/\/www.apfelpatient.de\/en\/wp-json\/wp\/v2\/users\/2"}],"replies":[{"embeddable":true,"href":"https:\/\/www.apfelpatient.de\/en\/wp-json\/wp\/v2\/comments?post=29042"}],"version-history":[{"count":0,"href":"https:\/\/www.apfelpatient.de\/en\/wp-json\/wp\/v2\/posts\/29042\/revisions"}],"wp:featuredmedia":[{"embeddable":true,"href":"https:\/\/www.apfelpatient.de\/en\/wp-json\/wp\/v2\/media\/29036"}],"wp:attachment":[{"href":"https:\/\/www.apfelpatient.de\/en\/wp-json\/wp\/v2\/media?parent=29042"}],"wp:term":[{"taxonomy":"category","embeddable":true,"href":"https:\/\/www.apfelpatient.de\/en\/wp-json\/wp\/v2\/categories?post=29042"},{"taxonomy":"post_tag","embeddable":true,"href":"https:\/\/www.apfelpatient.de\/en\/wp-json\/wp\/v2\/tags?post=29042"}],"curies":[{"name":"wp","href":"https:\/\/api.w.org\/{rel}","templated":true}]}}