{"id":29005,"date":"2021-12-13T20:28:43","date_gmt":"2021-12-13T19:28:43","guid":{"rendered":"https:\/\/www.apfelpatient.de\/?p=29005"},"modified":"2021-12-13T20:28:43","modified_gmt":"2021-12-13T19:28:43","slug":"homepod-audioos-15-2-introduces-multi-user-voice-recognition","status":"publish","type":"post","link":"https:\/\/www.apfelpatient.de\/en\/news\/homepod-audioos-15-2-fuehrt-mehrbenutzer-spracherkennung-ein","title":{"rendered":"HomePod: audioOS 15.2 introduces multi-user voice recognition"},"content":{"rendered":"<p class=\"has-drop-cap\"><strong>Apple released iOS 15.2, iPadOS 15.2, tvOS 15.2, watchOS 8.3 and macOS Monterey 12.1 to all users this evening. AudioOS 15.2 was also released for the HomePod.<\/strong><\/p>\n\n\n\n<p>The new HomePod update, audioOS 15.2, mostly fixes bugs and improves stability for AirPlay. But the update also contains an important innovation that should please HomePod users in this country - Siri voice recognition or multi-user voice recognition. The feature was previously only available in English. This means that requests that, for example, use personal data such as the address book or music tastes, were previously only possible via the &quot;owner&#039;s&quot; iPhone.<\/p>\n\n\n\n<h3 class=\"wp-block-heading\" id=\"h-homepod-mehrbenutzer-spracherkennung-unterstutzt-bis-zu-sechs-personen-pro-haushalt\">HomePod: Multi-user voice recognition supports up to six people per household<\/h3>\n\n\n\n\n\n\n\n<p>But now it can also be used in German here. This means that Siri on the HomePod \/ HomePod mini can recognize multiple voices, so that everyone in your home can <a href=\"https:\/\/www.apple.com\/de\/homepod-mini\/\" target=\"_blank\" rel=\"noreferrer noopener\">Speaker<\/a> can use it to listen to music tailored to their taste profile, access their own playlists, send and read messages, make phone calls and much more. In addition to German, other languages such as French and Italian are also taken into account in voice recognition. When setting up for the first time, the voices of the various users must be taught; in total, HomePods should be able to distinguish between up to six users per household. You can find out how it all works in our step-by-step instructions below. (Photo by franky242 \/ Bigstockphoto)<\/p>\n\n\n\n<ul class=\"wp-block-list\"><li><a href=\"https:\/\/www.apfelpatient.de\/en\/tips-tricks\/homepod-multi-user-speech-recognition-setup-how-to-do-it\">HomePod: How to set up multi-user voice recognition<\/a><\/li><\/ul>\n\n\n\n<h6 class=\"wp-block-heading translation-block\" id=\"h-kennt-ihr-schon-unsere-amazon-storefront-dort-findet-ihr-eine-handverlesene-auswahl-von-diversen-produkten-f-r-euer-iphone-und-co-viel-spa-beim-st-bern\"><em>Have you already visited our Amazon Storefront? There you&#039;ll find a hand-picked selection of various products for your iPhone and other devices \u2013 <span class=\"has-inline-color has-vivid-red-color\"><a href=\"https:\/\/www.amazon.de\/shop\/apfelpatientofficial\" class=\"ek-link\" data-wpel-link=\"exclude\" rel=\"follow noopener\" target=\"_self\"><span style=\"text-decoration: underline\" class=\"ek-underline\">enjoy browsing<\/span><\/a> !<\/span><\/em><\/h6>\n\n\n\n<h6 class=\"wp-block-heading translation-block\" id=\"h-der-beitrag-enthalt-partnerlinks\">This post contains <a data-type=\"URL\" data-id=\"https:\/\/www.apfelpatient.de\/partnerprogramm\" href=\"https:\/\/www.apfelpatient.de\/en\/partner-program\" data-wpel-link=\"internal\" target=\"_self\">affiliate links<\/a>.<\/h6>","protected":false},"excerpt":{"rendered":"<p>Apple released iOS 15.2 and Co. for all users this evening. AudioOS 15.2 was also released for the HomePod.<\/p>","protected":false},"author":2,"featured_media":28998,"comment_status":"closed","ping_status":"closed","sticky":false,"template":"","format":"standard","meta":{"jnews-multi-image_gallery":[],"jnews_single_post":{"subtitle":"","format":"standard","video":"","gallery":"","source_name":"","source_url":"","via_name":"","via_url":"","override":[{"single_blog_custom":"","sidebar":"","second_sidebar":"","share_position":"","share_float_style":"","post_date_format":"","post_date_format_custom":"","post_reading_time_wpm":"","zoom_button_out_step":"1","zoom_button_in_step":"1","number_popup_post":"1"}],"image_override":[{"single_post_thumbnail_size":"","single_post_gallery_size":""}],"trending_post_position":"","trending_post_label":"","sponsored_post_label":"","sponsored_post_name":"","sponsored_post_url":"","sponsored_post_logo":"","sponsored_post_desc":""},"jnews_primary_category":{"id":"9"},"footnotes":""},"categories":[9],"tags":[85],"class_list":["post-29005","post","type-post","status-publish","format-standard","has-post-thumbnail","hentry","category-news","tag-homepod"],"yoast_head":"<!-- This site is optimized with the Yoast SEO Premium plugin v27.5 (Yoast SEO v27.5) - https:\/\/yoast.com\/product\/yoast-seo-premium-wordpress\/ -->\n<title>HomePod: audioOS 15.2 f\u00fchrt Mehrbenutzer-Spracherkennung ein<\/title>\n<meta name=\"description\" content=\"Apple hat am heutigen Abend iOS 15.2 und Co. f\u00fcr alle Nutzer ver\u00f6ffentlicht. Dabei wurde auch audioOS 15.2 f\u00fcr den HomePod freigegeben.\" \/>\n<meta name=\"robots\" content=\"index, follow, max-snippet:-1, max-image-preview:large, max-video-preview:-1\" \/>\n<link rel=\"canonical\" href=\"https:\/\/www.apfelpatient.de\/en\/news\/homepod-audioos-15-2-introduces-multi-user-voice-recognition\" \/>\n<meta property=\"og:locale\" content=\"en_US\" \/>\n<meta property=\"og:type\" content=\"article\" \/>\n<meta property=\"og:title\" content=\"HomePod: audioOS 15.2 f\u00fchrt Mehrbenutzer-Spracherkennung ein\" \/>\n<meta property=\"og:description\" content=\"Apple hat am heutigen Abend iOS 15.2 und Co. f\u00fcr alle Nutzer ver\u00f6ffentlicht. Dabei wurde auch audioOS 15.2 f\u00fcr den HomePod freigegeben.\" \/>\n<meta property=\"og:url\" content=\"https:\/\/www.apfelpatient.de\/en\/news\/homepod-audioos-15-2-introduces-multi-user-voice-recognition\" \/>\n<meta property=\"og:site_name\" content=\"Apfelpatient\" \/>\n<meta property=\"article:publisher\" content=\"https:\/\/www.facebook.com\/apfelpatientOfficial\" \/>\n<meta property=\"article:author\" content=\"https:\/\/www.facebook.com\/apfelpatientOfficial\" \/>\n<meta property=\"article:published_time\" content=\"2021-12-13T19:28:43+00:00\" \/>\n<meta property=\"og:image\" content=\"https:\/\/www.apfelpatient.de\/wp-content\/uploads\/2021\/12\/bigstock-Ostfildern-Germany-June-247178800.jpg\" \/>\n\t<meta property=\"og:image:width\" content=\"1600\" \/>\n\t<meta property=\"og:image:height\" content=\"1068\" \/>\n\t<meta property=\"og:image:type\" content=\"image\/jpeg\" \/>\n<meta name=\"author\" content=\"Milan\" \/>\n<meta name=\"twitter:card\" content=\"summary_large_image\" \/>\n<meta name=\"twitter:description\" content=\"Apple hat am heutigen Abend iOS 15.2 und Co. f\u00fcr alle Nutzer ver\u00f6ffentlicht. Dabei wurde auch audioOS 15.2 f\u00fcr den HomePod freigegeben.\" \/>\n<meta name=\"twitter:label1\" content=\"Written by\" \/>\n\t<meta name=\"twitter:data1\" content=\"Milan\" \/>\n\t<meta name=\"twitter:label2\" content=\"Est. reading time\" \/>\n\t<meta name=\"twitter:data2\" content=\"1 minute\" \/>\n<script type=\"application\/ld+json\" class=\"yoast-schema-graph\">{\"@context\":\"https:\\\/\\\/schema.org\",\"@graph\":[{\"@type\":\"NewsArticle\",\"@id\":\"https:\\\/\\\/www.apfelpatient.de\\\/news\\\/homepod-audioos-15-2-fuehrt-mehrbenutzer-spracherkennung-ein#article\",\"isPartOf\":{\"@id\":\"https:\\\/\\\/www.apfelpatient.de\\\/news\\\/homepod-audioos-15-2-fuehrt-mehrbenutzer-spracherkennung-ein\"},\"author\":{\"@type\":\"Organization\",\"@id\":\"https:\\\/\\\/www.apfelpatient.de\\\/en\\\/#organization\",\"name\":\"Apfelpatient\",\"url\":\"https:\\\/\\\/www.apfelpatient.de\\\/en\\\/\"},\"headline\":\"HomePod: audioOS 15.2 f\u00fchrt Mehrbenutzer-Spracherkennung ein\",\"datePublished\":\"2021-12-13T19:28:43+00:00\",\"mainEntityOfPage\":{\"@id\":\"https:\\\/\\\/www.apfelpatient.de\\\/news\\\/homepod-audioos-15-2-fuehrt-mehrbenutzer-spracherkennung-ein\"},\"wordCount\":236,\"publisher\":{\"@type\":\"Organization\",\"@id\":\"https:\\\/\\\/www.apfelpatient.de\\\/en\\\/#organization\",\"name\":\"Apfelpatient\",\"url\":\"https:\\\/\\\/www.apfelpatient.de\\\/en\\\/\"},\"image\":{\"@id\":\"https:\\\/\\\/www.apfelpatient.de\\\/news\\\/homepod-audioos-15-2-fuehrt-mehrbenutzer-spracherkennung-ein#primaryimage\"},\"thumbnailUrl\":\"https:\\\/\\\/www.apfelpatient.de\\\/wp-content\\\/uploads\\\/2021\\\/12\\\/bigstock-Ostfildern-Germany-June-247178800.jpg\",\"keywords\":[\"HomePod\"],\"articleSection\":\"News\",\"inLanguage\":\"en-US\",\"copyrightYear\":\"2021\",\"copyrightHolder\":{\"@id\":\"https:\\\/\\\/www.apfelpatient.de\\\/en\\\/#organization\"}},{\"@type\":\"WebPage\",\"@id\":\"https:\\\/\\\/www.apfelpatient.de\\\/news\\\/homepod-audioos-15-2-fuehrt-mehrbenutzer-spracherkennung-ein\",\"url\":\"https:\\\/\\\/www.apfelpatient.de\\\/news\\\/homepod-audioos-15-2-fuehrt-mehrbenutzer-spracherkennung-ein\",\"name\":\"HomePod: audioOS 15.2 f\u00fchrt Mehrbenutzer-Spracherkennung ein\",\"isPartOf\":{\"@id\":\"https:\\\/\\\/www.apfelpatient.de\\\/#website\"},\"primaryImageOfPage\":{\"@id\":\"https:\\\/\\\/www.apfelpatient.de\\\/news\\\/homepod-audioos-15-2-fuehrt-mehrbenutzer-spracherkennung-ein#primaryimage\"},\"image\":{\"@id\":\"https:\\\/\\\/www.apfelpatient.de\\\/news\\\/homepod-audioos-15-2-fuehrt-mehrbenutzer-spracherkennung-ein#primaryimage\"},\"thumbnailUrl\":\"https:\\\/\\\/www.apfelpatient.de\\\/wp-content\\\/uploads\\\/2021\\\/12\\\/bigstock-Ostfildern-Germany-June-247178800.jpg\",\"datePublished\":\"2021-12-13T19:28:43+00:00\",\"description\":\"Apple hat am heutigen Abend iOS 15.2 und Co. f\u00fcr alle Nutzer ver\u00f6ffentlicht. Dabei wurde auch audioOS 15.2 f\u00fcr den HomePod freigegeben.\",\"breadcrumb\":{\"@id\":\"https:\\\/\\\/www.apfelpatient.de\\\/news\\\/homepod-audioos-15-2-fuehrt-mehrbenutzer-spracherkennung-ein#breadcrumb\"},\"inLanguage\":\"en-US\",\"potentialAction\":[{\"@type\":\"ReadAction\",\"target\":[\"https:\\\/\\\/www.apfelpatient.de\\\/news\\\/homepod-audioos-15-2-fuehrt-mehrbenutzer-spracherkennung-ein\"]}]},{\"@type\":\"ImageObject\",\"inLanguage\":\"en-US\",\"@id\":\"https:\\\/\\\/www.apfelpatient.de\\\/news\\\/homepod-audioos-15-2-fuehrt-mehrbenutzer-spracherkennung-ein#primaryimage\",\"url\":\"https:\\\/\\\/www.apfelpatient.de\\\/wp-content\\\/uploads\\\/2021\\\/12\\\/bigstock-Ostfildern-Germany-June-247178800.jpg\",\"contentUrl\":\"https:\\\/\\\/www.apfelpatient.de\\\/wp-content\\\/uploads\\\/2021\\\/12\\\/bigstock-Ostfildern-Germany-June-247178800.jpg\",\"width\":1600,\"height\":1068,\"caption\":\"Ostfildern, Germany - June 26, 2018: Unboxing an Apple HomePod speaker: The speaker is standing next to its iconic box, ready to receive voice commands.\"},{\"@type\":\"BreadcrumbList\",\"@id\":\"https:\\\/\\\/www.apfelpatient.de\\\/news\\\/homepod-audioos-15-2-fuehrt-mehrbenutzer-spracherkennung-ein#breadcrumb\",\"itemListElement\":[{\"@type\":\"ListItem\",\"position\":1,\"name\":\"Startseite\",\"item\":\"https:\\\/\\\/www.apfelpatient.de\\\/\"},{\"@type\":\"ListItem\",\"position\":2,\"name\":\"HomePod: audioOS 15.2 f\u00fchrt Mehrbenutzer-Spracherkennung ein\"}]},{\"@type\":\"WebSite\",\"@id\":\"https:\\\/\\\/www.apfelpatient.de\\\/#website\",\"url\":\"https:\\\/\\\/www.apfelpatient.de\\\/\",\"name\":\"Apfelpatient\",\"description\":\"Alles rund um Apple!\",\"publisher\":{\"@type\":\"Organization\",\"@id\":\"https:\\\/\\\/www.apfelpatient.de\\\/en\\\/#organization\",\"name\":\"Apfelpatient\",\"url\":\"https:\\\/\\\/www.apfelpatient.de\\\/en\\\/\"},\"alternateName\":\"Apfelpatient\",\"potentialAction\":[{\"@type\":\"SearchAction\",\"target\":{\"@type\":\"EntryPoint\",\"urlTemplate\":\"https:\\\/\\\/www.apfelpatient.de\\\/?s={search_term_string}\"},\"query-input\":{\"@type\":\"PropertyValueSpecification\",\"valueRequired\":true,\"valueName\":\"search_term_string\"}}],\"inLanguage\":\"en-US\"},{\"@type\":[\"Person\",\"Organization\"],\"@id\":\"https:\\\/\\\/www.apfelpatient.de\\\/#\\\/schema\\\/person\\\/35b3ddba5832f2bfc7fff5206d4f6b7b\",\"name\":\"Milan\",\"logo\":{\"@id\":\"https:\\\/\\\/www.apfelpatient.de\\\/#\\\/schema\\\/person\\\/image\\\/\"},\"description\":\"Hallo und herzlich willkommen auf meinem Technik-Blog! Als gro\u00dfer Apple-Fan berichte ich hier \u00fcber alles, was mit Apple zu tun hat: von den neuesten News und spannenden Ger\u00fcchten \u00fcber hilfreiche Tipps und Tricks bis hin zu ausf\u00fchrlichen Produkttests. Wenn du genauso technikbegeistert bist wie ich, bist du hier genau richtig!\",\"sameAs\":[\"https:\\\/\\\/www.facebook.com\\\/apfelpatientOfficial\",\"https:\\\/\\\/www.linkedin.com\\\/in\\\/milan-jovicic-42aa0231b\"],\"url\":\"https:\\\/\\\/www.apfelpatient.de\\\/en\\\/author\\\/apfeladmin\"}]}<\/script>\n<!-- \/ Yoast SEO Premium plugin. -->","yoast_head_json":{"title":"HomePod: audioOS 15.2 introduces multi-user voice recognition","description":"Apple released iOS 15.2 and Co. for all users this evening. AudioOS 15.2 was also released for the HomePod.","robots":{"index":"index","follow":"follow","max-snippet":"max-snippet:-1","max-image-preview":"max-image-preview:large","max-video-preview":"max-video-preview:-1"},"canonical":"https:\/\/www.apfelpatient.de\/en\/news\/homepod-audioos-15-2-introduces-multi-user-voice-recognition","og_locale":"en_US","og_type":"article","og_title":"HomePod: audioOS 15.2 f\u00fchrt Mehrbenutzer-Spracherkennung ein","og_description":"Apple hat am heutigen Abend iOS 15.2 und Co. f\u00fcr alle Nutzer ver\u00f6ffentlicht. Dabei wurde auch audioOS 15.2 f\u00fcr den HomePod freigegeben.","og_url":"https:\/\/www.apfelpatient.de\/en\/news\/homepod-audioos-15-2-introduces-multi-user-voice-recognition","og_site_name":"Apfelpatient","article_publisher":"https:\/\/www.facebook.com\/apfelpatientOfficial","article_author":"https:\/\/www.facebook.com\/apfelpatientOfficial","article_published_time":"2021-12-13T19:28:43+00:00","og_image":[{"width":1600,"height":1068,"url":"https:\/\/www.apfelpatient.de\/wp-content\/uploads\/2021\/12\/bigstock-Ostfildern-Germany-June-247178800.jpg","type":"image\/jpeg"}],"author":"Milan","twitter_card":"summary_large_image","twitter_description":"Apple hat am heutigen Abend iOS 15.2 und Co. f\u00fcr alle Nutzer ver\u00f6ffentlicht. Dabei wurde auch audioOS 15.2 f\u00fcr den HomePod freigegeben.","twitter_misc":{"Written by":"Milan","Est. reading time":"1 minute"},"schema":{"@context":"https:\/\/schema.org","@graph":[{"@type":"NewsArticle","@id":"https:\/\/www.apfelpatient.de\/news\/homepod-audioos-15-2-fuehrt-mehrbenutzer-spracherkennung-ein#article","isPartOf":{"@id":"https:\/\/www.apfelpatient.de\/news\/homepod-audioos-15-2-fuehrt-mehrbenutzer-spracherkennung-ein"},"author":{"@type":"Organization","@id":"https:\/\/www.apfelpatient.de\/en\/#organization","name":"Apfelpatient","url":"https:\/\/www.apfelpatient.de\/en\/"},"headline":"HomePod: audioOS 15.2 f\u00fchrt Mehrbenutzer-Spracherkennung ein","datePublished":"2021-12-13T19:28:43+00:00","mainEntityOfPage":{"@id":"https:\/\/www.apfelpatient.de\/news\/homepod-audioos-15-2-fuehrt-mehrbenutzer-spracherkennung-ein"},"wordCount":236,"publisher":{"@type":"Organization","@id":"https:\/\/www.apfelpatient.de\/en\/#organization","name":"Apfelpatient","url":"https:\/\/www.apfelpatient.de\/en\/"},"image":{"@id":"https:\/\/www.apfelpatient.de\/news\/homepod-audioos-15-2-fuehrt-mehrbenutzer-spracherkennung-ein#primaryimage"},"thumbnailUrl":"https:\/\/www.apfelpatient.de\/wp-content\/uploads\/2021\/12\/bigstock-Ostfildern-Germany-June-247178800.jpg","keywords":["HomePod"],"articleSection":"News","inLanguage":"en-US","copyrightYear":"2021","copyrightHolder":{"@id":"https:\/\/www.apfelpatient.de\/en\/#organization"}},{"@type":"WebPage","@id":"https:\/\/www.apfelpatient.de\/news\/homepod-audioos-15-2-fuehrt-mehrbenutzer-spracherkennung-ein","url":"https:\/\/www.apfelpatient.de\/news\/homepod-audioos-15-2-fuehrt-mehrbenutzer-spracherkennung-ein","name":"HomePod: audioOS 15.2 introduces multi-user voice recognition","isPartOf":{"@id":"https:\/\/www.apfelpatient.de\/#website"},"primaryImageOfPage":{"@id":"https:\/\/www.apfelpatient.de\/news\/homepod-audioos-15-2-fuehrt-mehrbenutzer-spracherkennung-ein#primaryimage"},"image":{"@id":"https:\/\/www.apfelpatient.de\/news\/homepod-audioos-15-2-fuehrt-mehrbenutzer-spracherkennung-ein#primaryimage"},"thumbnailUrl":"https:\/\/www.apfelpatient.de\/wp-content\/uploads\/2021\/12\/bigstock-Ostfildern-Germany-June-247178800.jpg","datePublished":"2021-12-13T19:28:43+00:00","description":"Apple released iOS 15.2 and Co. for all users this evening. AudioOS 15.2 was also released for the HomePod.","breadcrumb":{"@id":"https:\/\/www.apfelpatient.de\/news\/homepod-audioos-15-2-fuehrt-mehrbenutzer-spracherkennung-ein#breadcrumb"},"inLanguage":"en-US","potentialAction":[{"@type":"ReadAction","target":["https:\/\/www.apfelpatient.de\/news\/homepod-audioos-15-2-fuehrt-mehrbenutzer-spracherkennung-ein"]}]},{"@type":"ImageObject","inLanguage":"en-US","@id":"https:\/\/www.apfelpatient.de\/news\/homepod-audioos-15-2-fuehrt-mehrbenutzer-spracherkennung-ein#primaryimage","url":"https:\/\/www.apfelpatient.de\/wp-content\/uploads\/2021\/12\/bigstock-Ostfildern-Germany-June-247178800.jpg","contentUrl":"https:\/\/www.apfelpatient.de\/wp-content\/uploads\/2021\/12\/bigstock-Ostfildern-Germany-June-247178800.jpg","width":1600,"height":1068,"caption":"Ostfildern, Germany - June 26, 2018: Unboxing an Apple HomePod speaker: The speaker is standing next to its iconic box, ready to receive voice commands."},{"@type":"BreadcrumbList","@id":"https:\/\/www.apfelpatient.de\/news\/homepod-audioos-15-2-fuehrt-mehrbenutzer-spracherkennung-ein#breadcrumb","itemListElement":[{"@type":"ListItem","position":1,"name":"Startseite","item":"https:\/\/www.apfelpatient.de\/"},{"@type":"ListItem","position":2,"name":"HomePod: audioOS 15.2 f\u00fchrt Mehrbenutzer-Spracherkennung ein"}]},{"@type":"WebSite","@id":"https:\/\/www.apfelpatient.de\/#website","url":"https:\/\/www.apfelpatient.de\/","name":"apple patient","description":"Everything about Apple!","publisher":{"@type":"Organization","@id":"https:\/\/www.apfelpatient.de\/en\/#organization","name":"Apfelpatient","url":"https:\/\/www.apfelpatient.de\/en\/"},"alternateName":"Apfelpatient","potentialAction":[{"@type":"SearchAction","target":{"@type":"EntryPoint","urlTemplate":"https:\/\/www.apfelpatient.de\/?s={search_term_string}"},"query-input":{"@type":"PropertyValueSpecification","valueRequired":true,"valueName":"search_term_string"}}],"inLanguage":"en-US"},{"@type":["Person","Organization"],"@id":"https:\/\/www.apfelpatient.de\/#\/schema\/person\/35b3ddba5832f2bfc7fff5206d4f6b7b","name":"Milan","logo":{"@id":"https:\/\/www.apfelpatient.de\/#\/schema\/person\/image\/"},"description":"Hello and welcome to my technology blog! As a big Apple fan, I report on everything to do with Apple: from the latest news and exciting rumors to helpful tips and tricks and detailed product tests. If you are as enthusiastic about technology as I am, you have come to the right place!","sameAs":["https:\/\/www.facebook.com\/apfelpatientOfficial","https:\/\/www.linkedin.com\/in\/milan-jovicic-42aa0231b"],"url":"https:\/\/www.apfelpatient.de\/en\/author\/apfeladmin"}]}},"_links":{"self":[{"href":"https:\/\/www.apfelpatient.de\/en\/wp-json\/wp\/v2\/posts\/29005","targetHints":{"allow":["GET"]}}],"collection":[{"href":"https:\/\/www.apfelpatient.de\/en\/wp-json\/wp\/v2\/posts"}],"about":[{"href":"https:\/\/www.apfelpatient.de\/en\/wp-json\/wp\/v2\/types\/post"}],"author":[{"embeddable":true,"href":"https:\/\/www.apfelpatient.de\/en\/wp-json\/wp\/v2\/users\/2"}],"replies":[{"embeddable":true,"href":"https:\/\/www.apfelpatient.de\/en\/wp-json\/wp\/v2\/comments?post=29005"}],"version-history":[{"count":0,"href":"https:\/\/www.apfelpatient.de\/en\/wp-json\/wp\/v2\/posts\/29005\/revisions"}],"wp:featuredmedia":[{"embeddable":true,"href":"https:\/\/www.apfelpatient.de\/en\/wp-json\/wp\/v2\/media\/28998"}],"wp:attachment":[{"href":"https:\/\/www.apfelpatient.de\/en\/wp-json\/wp\/v2\/media?parent=29005"}],"wp:term":[{"taxonomy":"category","embeddable":true,"href":"https:\/\/www.apfelpatient.de\/en\/wp-json\/wp\/v2\/categories?post=29005"},{"taxonomy":"post_tag","embeddable":true,"href":"https:\/\/www.apfelpatient.de\/en\/wp-json\/wp\/v2\/tags?post=29005"}],"curies":[{"name":"wp","href":"https:\/\/api.w.org\/{rel}","templated":true}]}}