{"id":28744,"date":"2021-12-03T16:37:43","date_gmt":"2021-12-03T15:37:43","guid":{"rendered":"https:\/\/www.apfelpatient.de\/?p=28744"},"modified":"2021-12-03T16:38:19","modified_gmt":"2021-12-03T15:38:19","slug":"apple-fitness-time-for-walking-with-prince-william","status":"publish","type":"post","link":"https:\/\/www.apfelpatient.de\/en\/news\/apple-fitness-zeit-fuers-gehen-mit-prinz-william","title":{"rendered":"Apple Fitness+: &quot;Time to Walk&quot; with Prince William"},"content":{"rendered":"<p class=\"has-drop-cap\"><strong>Apple today announced that Britain&#039;s Prince William will appear in Going Time and Apple Music 1 on December 6.<\/strong><\/p>\n\n\n\n<p>Prince William will host the second season of \u201cTime to Walk\u201d on Apple Fitness+ with a <a href=\"https:\/\/www.apple.com\/newsroom\/2021\/12\/apple-fitness-plus-will-feature-prince-william-on-time-to-walk-starting-december-6\/\" target=\"_blank\" rel=\"noreferrer noopener\">special episode<\/a> for the holidays. In the episode, Prince William talks about the importance of staying mentally sharp, getting out of your comfort zone and the importance of listening. Time to Walk is a selection of Apple Fitness+ audio experiences on Apple Watch in which influential people share personal stories and memories, photos and music to explore thoughts on purpose and gratitude, lightness and thought-provoking topics. Each episode is recorded while the guest is walking outdoors or in places that are meaningful to them.<\/p>\n\n\n\n<h3 class=\"wp-block-heading\" id=\"h-zeit-f-rs-gehen-mit-prinz-william-apple-spendet-an-drei-wohlt-tigkeitsorganisationen\">\u201cTime to Go\u201d with Prince William: Apple donates to three charities<\/h3>\n\n\n\n\n\n\n\n<p>The series has previously featured Dolly Parton, Anthony Joshua, Randall Park, Jane Fonda, Camila Cabello, Kurt Fearnley, Naomi Campbell, Draymond Green, Bebe Rexha, Min Jin Lee, Shawn Mendes, Stephen Fry, Dr. Sanjay Gupta, Kesha and more. Apple has also announced that it will donate to three mental health charities selected by Prince William around the world: Crisis Text Line in the US, Shout 85258 in the UK and Lifeline in Australia. These charities provide free, confidential crisis support. Prince William&#039;s Christmas special episode will be released on December 6 and will be available on demand for Apple Fitness+ subscribers in the Fitness app on Apple Watch. (Image: Apple)<\/p>\n\n\n\n<ul class=\"wp-block-list\"><li><a href=\"https:\/\/www.apfelpatient.de\/en\/tips-tricks\/apple-fitness-training-summaries-view-how-it-works\">Apple Fitness+: How to view training summaries<\/a><\/li><\/ul>\n\n\n\n<h6 class=\"wp-block-heading translation-block\" id=\"h-kennt-ihr-schon-unsere-amazon-storefront-dort-findet-ihr-eine-handverlesene-auswahl-von-diversen-produkten-f-r-euer-iphone-und-co-viel-spa-beim-st-bern\"><em>Have you already visited our Amazon Storefront? There you&#039;ll find a hand-picked selection of various products for your iPhone and other devices \u2013 <span class=\"has-inline-color has-vivid-red-color\"><a href=\"https:\/\/www.amazon.de\/shop\/apfelpatientofficial\" class=\"ek-link\" data-wpel-link=\"exclude\" rel=\"follow noopener\" target=\"_self\"><span style=\"text-decoration: underline\" class=\"ek-underline\">enjoy browsing<\/span><\/a> !<\/span><\/em><\/h6>\n\n\n\n<h6 class=\"wp-block-heading translation-block\" id=\"h-der-beitrag-enthalt-partnerlinks\">This post contains <a data-type=\"URL\" data-id=\"https:\/\/www.apfelpatient.de\/partnerprogramm\" href=\"https:\/\/www.apfelpatient.de\/en\/partner-program\" data-wpel-link=\"internal\" target=\"_self\">affiliate links<\/a>.<\/h6>","protected":false},"excerpt":{"rendered":"<p>Apple today announced that Britain&#039;s Prince William will appear in Going Time and Apple Music 1 on December 6.<\/p>","protected":false},"author":2,"featured_media":28742,"comment_status":"closed","ping_status":"closed","sticky":false,"template":"","format":"standard","meta":{"jnews-multi-image_gallery":[],"jnews_single_post":{"subtitle":"","format":"standard","video":"","gallery":"","source_name":"","source_url":"","via_name":"","via_url":"","override":[{"single_blog_custom":"","sidebar":"","second_sidebar":"","share_position":"","share_float_style":"","post_date_format":"","post_date_format_custom":"","post_reading_time_wpm":"","zoom_button_out_step":"1","zoom_button_in_step":"1","number_popup_post":"1"}],"image_override":[{"single_post_thumbnail_size":"","single_post_gallery_size":""}],"trending_post_position":"","trending_post_label":"","sponsored_post_label":"","sponsored_post_name":"","sponsored_post_url":"","sponsored_post_logo":"","sponsored_post_desc":""},"jnews_primary_category":{"id":"9"},"footnotes":""},"categories":[9],"tags":[34,429,3,33,95,21],"class_list":["post-28744","post","type-post","status-publish","format-standard","has-post-thumbnail","hentry","category-news","tag-apple-dienste","tag-apple-fitness","tag-ios","tag-ipados","tag-tvos","tag-watchos"],"yoast_head":"<!-- This site is optimized with the Yoast SEO Premium plugin v27.5 (Yoast SEO v27.5) - https:\/\/yoast.com\/product\/yoast-seo-premium-wordpress\/ -->\n<title>Apple Fitness+: &quot;Zeit f\u00fcrs gehen&quot; mit Prinz William Apfelpatient<\/title>\n<meta name=\"description\" content=\"Apple hat heute bekannt gegeben, dass der britische Prinz William am 06. Dezember in &quot;Zeit f\u00fcrs gehen&quot; und Apple Music 1 zu sehen sein wird.\" \/>\n<meta name=\"robots\" content=\"index, follow, max-snippet:-1, max-image-preview:large, max-video-preview:-1\" \/>\n<link rel=\"canonical\" href=\"https:\/\/www.apfelpatient.de\/en\/news\/apple-fitness-time-for-walking-with-prince-william\" \/>\n<meta property=\"og:locale\" content=\"en_US\" \/>\n<meta property=\"og:type\" content=\"article\" \/>\n<meta property=\"og:title\" content=\"Apple Fitness+: &quot;Zeit f\u00fcrs gehen&quot; mit Prinz William\" \/>\n<meta property=\"og:description\" content=\"Apple hat heute bekannt gegeben, dass der britische Prinz William am 06. Dezember in &quot;Zeit f\u00fcrs gehen&quot; und Apple Music 1 zu sehen sein wird.\" \/>\n<meta property=\"og:url\" content=\"https:\/\/www.apfelpatient.de\/en\/news\/apple-fitness-time-for-walking-with-prince-william\" \/>\n<meta property=\"og:site_name\" content=\"Apfelpatient\" \/>\n<meta property=\"article:publisher\" content=\"https:\/\/www.facebook.com\/apfelpatientOfficial\" \/>\n<meta property=\"article:author\" content=\"https:\/\/www.facebook.com\/apfelpatientOfficial\" \/>\n<meta property=\"article:published_time\" content=\"2021-12-03T15:37:43+00:00\" \/>\n<meta property=\"article:modified_time\" content=\"2021-12-03T15:38:19+00:00\" \/>\n<meta property=\"og:image\" content=\"https:\/\/www.apfelpatient.de\/wp-content\/uploads\/2021\/12\/Apple_Watch-TTW_Joshua-Cabello-Park_12022021.jpg\" \/>\n\t<meta property=\"og:image:width\" content=\"1600\" \/>\n\t<meta property=\"og:image:height\" content=\"900\" \/>\n\t<meta property=\"og:image:type\" content=\"image\/jpeg\" \/>\n<meta name=\"author\" content=\"Milan\" \/>\n<meta name=\"twitter:card\" content=\"summary_large_image\" \/>\n<meta name=\"twitter:description\" content=\"Apple hat heute bekannt gegeben, dass der britische Prinz William am 06. Dezember in &quot;Zeit f\u00fcrs gehen&quot; und Apple Music 1 zu sehen sein wird.\" \/>\n<meta name=\"twitter:label1\" content=\"Written by\" \/>\n\t<meta name=\"twitter:data1\" content=\"Milan\" \/>\n\t<meta name=\"twitter:label2\" content=\"Est. reading time\" \/>\n\t<meta name=\"twitter:data2\" content=\"2 minutes\" \/>\n<script type=\"application\/ld+json\" class=\"yoast-schema-graph\">{\"@context\":\"https:\\\/\\\/schema.org\",\"@graph\":[{\"@type\":\"NewsArticle\",\"@id\":\"https:\\\/\\\/www.apfelpatient.de\\\/news\\\/apple-fitness-zeit-fuers-gehen-mit-prinz-william#article\",\"isPartOf\":{\"@id\":\"https:\\\/\\\/www.apfelpatient.de\\\/news\\\/apple-fitness-zeit-fuers-gehen-mit-prinz-william\"},\"author\":{\"@type\":\"Organization\",\"@id\":\"https:\\\/\\\/www.apfelpatient.de\\\/en\\\/#organization\",\"name\":\"Apfelpatient\",\"url\":\"https:\\\/\\\/www.apfelpatient.de\\\/en\\\/\"},\"headline\":\"Apple Fitness+: &#8222;Zeit f\u00fcrs gehen&#8220; mit Prinz William\",\"datePublished\":\"2021-12-03T15:37:43+00:00\",\"dateModified\":\"2021-12-03T15:38:19+00:00\",\"mainEntityOfPage\":{\"@id\":\"https:\\\/\\\/www.apfelpatient.de\\\/news\\\/apple-fitness-zeit-fuers-gehen-mit-prinz-william\"},\"wordCount\":287,\"publisher\":{\"@type\":\"Organization\",\"@id\":\"https:\\\/\\\/www.apfelpatient.de\\\/en\\\/#organization\",\"name\":\"Apfelpatient\",\"url\":\"https:\\\/\\\/www.apfelpatient.de\\\/en\\\/\"},\"image\":{\"@id\":\"https:\\\/\\\/www.apfelpatient.de\\\/news\\\/apple-fitness-zeit-fuers-gehen-mit-prinz-william#primaryimage\"},\"thumbnailUrl\":\"https:\\\/\\\/www.apfelpatient.de\\\/wp-content\\\/uploads\\\/2021\\\/12\\\/Apple_Watch-TTW_Joshua-Cabello-Park_12022021.jpg\",\"keywords\":[\"Apple Dienste\",\"Apple Fitness Plus\",\"iOS\",\"iPadOS\",\"tvOS\",\"watchOS\"],\"articleSection\":\"News\",\"inLanguage\":\"en-US\",\"copyrightYear\":\"2021\",\"copyrightHolder\":{\"@id\":\"https:\\\/\\\/www.apfelpatient.de\\\/en\\\/#organization\"}},{\"@type\":\"WebPage\",\"@id\":\"https:\\\/\\\/www.apfelpatient.de\\\/news\\\/apple-fitness-zeit-fuers-gehen-mit-prinz-william\",\"url\":\"https:\\\/\\\/www.apfelpatient.de\\\/news\\\/apple-fitness-zeit-fuers-gehen-mit-prinz-william\",\"name\":\"Apple Fitness+: \\\"Zeit f\u00fcrs gehen\\\" mit Prinz William Apfelpatient\",\"isPartOf\":{\"@id\":\"https:\\\/\\\/www.apfelpatient.de\\\/#website\"},\"primaryImageOfPage\":{\"@id\":\"https:\\\/\\\/www.apfelpatient.de\\\/news\\\/apple-fitness-zeit-fuers-gehen-mit-prinz-william#primaryimage\"},\"image\":{\"@id\":\"https:\\\/\\\/www.apfelpatient.de\\\/news\\\/apple-fitness-zeit-fuers-gehen-mit-prinz-william#primaryimage\"},\"thumbnailUrl\":\"https:\\\/\\\/www.apfelpatient.de\\\/wp-content\\\/uploads\\\/2021\\\/12\\\/Apple_Watch-TTW_Joshua-Cabello-Park_12022021.jpg\",\"datePublished\":\"2021-12-03T15:37:43+00:00\",\"dateModified\":\"2021-12-03T15:38:19+00:00\",\"description\":\"Apple hat heute bekannt gegeben, dass der britische Prinz William am 06. Dezember in \\\"Zeit f\u00fcrs gehen\\\" und Apple Music 1 zu sehen sein wird.\",\"breadcrumb\":{\"@id\":\"https:\\\/\\\/www.apfelpatient.de\\\/news\\\/apple-fitness-zeit-fuers-gehen-mit-prinz-william#breadcrumb\"},\"inLanguage\":\"en-US\",\"potentialAction\":[{\"@type\":\"ReadAction\",\"target\":[\"https:\\\/\\\/www.apfelpatient.de\\\/news\\\/apple-fitness-zeit-fuers-gehen-mit-prinz-william\"]}]},{\"@type\":\"ImageObject\",\"inLanguage\":\"en-US\",\"@id\":\"https:\\\/\\\/www.apfelpatient.de\\\/news\\\/apple-fitness-zeit-fuers-gehen-mit-prinz-william#primaryimage\",\"url\":\"https:\\\/\\\/www.apfelpatient.de\\\/wp-content\\\/uploads\\\/2021\\\/12\\\/Apple_Watch-TTW_Joshua-Cabello-Park_12022021.jpg\",\"contentUrl\":\"https:\\\/\\\/www.apfelpatient.de\\\/wp-content\\\/uploads\\\/2021\\\/12\\\/Apple_Watch-TTW_Joshua-Cabello-Park_12022021.jpg\",\"width\":1600,\"height\":900,\"caption\":\"Bild: Apple\"},{\"@type\":\"BreadcrumbList\",\"@id\":\"https:\\\/\\\/www.apfelpatient.de\\\/news\\\/apple-fitness-zeit-fuers-gehen-mit-prinz-william#breadcrumb\",\"itemListElement\":[{\"@type\":\"ListItem\",\"position\":1,\"name\":\"Startseite\",\"item\":\"https:\\\/\\\/www.apfelpatient.de\\\/\"},{\"@type\":\"ListItem\",\"position\":2,\"name\":\"Apple Fitness+: &#8222;Zeit f\u00fcrs gehen&#8220; mit Prinz William\"}]},{\"@type\":\"WebSite\",\"@id\":\"https:\\\/\\\/www.apfelpatient.de\\\/#website\",\"url\":\"https:\\\/\\\/www.apfelpatient.de\\\/\",\"name\":\"Apfelpatient\",\"description\":\"Alles rund um Apple!\",\"publisher\":{\"@type\":\"Organization\",\"@id\":\"https:\\\/\\\/www.apfelpatient.de\\\/en\\\/#organization\",\"name\":\"Apfelpatient\",\"url\":\"https:\\\/\\\/www.apfelpatient.de\\\/en\\\/\"},\"alternateName\":\"Apfelpatient\",\"potentialAction\":[{\"@type\":\"SearchAction\",\"target\":{\"@type\":\"EntryPoint\",\"urlTemplate\":\"https:\\\/\\\/www.apfelpatient.de\\\/?s={search_term_string}\"},\"query-input\":{\"@type\":\"PropertyValueSpecification\",\"valueRequired\":true,\"valueName\":\"search_term_string\"}}],\"inLanguage\":\"en-US\"},{\"@type\":[\"Person\",\"Organization\"],\"@id\":\"https:\\\/\\\/www.apfelpatient.de\\\/#\\\/schema\\\/person\\\/7dc56ad6c8e9824b76d2c08d4c140e13\",\"name\":\"Milan\",\"logo\":{\"@id\":\"https:\\\/\\\/www.apfelpatient.de\\\/#\\\/schema\\\/person\\\/image\\\/\"},\"description\":\"Hallo und herzlich willkommen auf meinem Technik-Blog! Als gro\u00dfer Apple-Fan berichte ich hier \u00fcber alles, was mit Apple zu tun hat: von den neuesten News und spannenden Ger\u00fcchten \u00fcber hilfreiche Tipps und Tricks bis hin zu ausf\u00fchrlichen Produkttests. Wenn du genauso technikbegeistert bist wie ich, bist du hier genau richtig!\",\"sameAs\":[\"https:\\\/\\\/www.facebook.com\\\/apfelpatientOfficial\",\"https:\\\/\\\/www.linkedin.com\\\/in\\\/milan-jovicic-42aa0231b\"],\"url\":\"https:\\\/\\\/www.apfelpatient.de\\\/en\\\/author\\\/apfeladmin\"}]}<\/script>\n<!-- \/ Yoast SEO Premium plugin. -->","yoast_head_json":{"title":"Apple Fitness+: &quot;Time to Walk&quot; with Prince William Apfelpatient","description":"Apple today announced that Britain&#039;s Prince William will appear in Going Time and Apple Music 1 on December 6th.","robots":{"index":"index","follow":"follow","max-snippet":"max-snippet:-1","max-image-preview":"max-image-preview:large","max-video-preview":"max-video-preview:-1"},"canonical":"https:\/\/www.apfelpatient.de\/en\/news\/apple-fitness-time-for-walking-with-prince-william","og_locale":"en_US","og_type":"article","og_title":"Apple Fitness+: \"Zeit f\u00fcrs gehen\" mit Prinz William","og_description":"Apple hat heute bekannt gegeben, dass der britische Prinz William am 06. Dezember in \"Zeit f\u00fcrs gehen\" und Apple Music 1 zu sehen sein wird.","og_url":"https:\/\/www.apfelpatient.de\/en\/news\/apple-fitness-time-for-walking-with-prince-william","og_site_name":"Apfelpatient","article_publisher":"https:\/\/www.facebook.com\/apfelpatientOfficial","article_author":"https:\/\/www.facebook.com\/apfelpatientOfficial","article_published_time":"2021-12-03T15:37:43+00:00","article_modified_time":"2021-12-03T15:38:19+00:00","og_image":[{"width":1600,"height":900,"url":"https:\/\/www.apfelpatient.de\/wp-content\/uploads\/2021\/12\/Apple_Watch-TTW_Joshua-Cabello-Park_12022021.jpg","type":"image\/jpeg"}],"author":"Milan","twitter_card":"summary_large_image","twitter_description":"Apple hat heute bekannt gegeben, dass der britische Prinz William am 06. Dezember in \"Zeit f\u00fcrs gehen\" und Apple Music 1 zu sehen sein wird.","twitter_misc":{"Written by":"Milan","Est. reading time":"2 minutes"},"schema":{"@context":"https:\/\/schema.org","@graph":[{"@type":"NewsArticle","@id":"https:\/\/www.apfelpatient.de\/news\/apple-fitness-zeit-fuers-gehen-mit-prinz-william#article","isPartOf":{"@id":"https:\/\/www.apfelpatient.de\/news\/apple-fitness-zeit-fuers-gehen-mit-prinz-william"},"author":{"@type":"Organization","@id":"https:\/\/www.apfelpatient.de\/en\/#organization","name":"Apfelpatient","url":"https:\/\/www.apfelpatient.de\/en\/"},"headline":"Apple Fitness+: &#8222;Zeit f\u00fcrs gehen&#8220; mit Prinz William","datePublished":"2021-12-03T15:37:43+00:00","dateModified":"2021-12-03T15:38:19+00:00","mainEntityOfPage":{"@id":"https:\/\/www.apfelpatient.de\/news\/apple-fitness-zeit-fuers-gehen-mit-prinz-william"},"wordCount":287,"publisher":{"@type":"Organization","@id":"https:\/\/www.apfelpatient.de\/en\/#organization","name":"Apfelpatient","url":"https:\/\/www.apfelpatient.de\/en\/"},"image":{"@id":"https:\/\/www.apfelpatient.de\/news\/apple-fitness-zeit-fuers-gehen-mit-prinz-william#primaryimage"},"thumbnailUrl":"https:\/\/www.apfelpatient.de\/wp-content\/uploads\/2021\/12\/Apple_Watch-TTW_Joshua-Cabello-Park_12022021.jpg","keywords":["Apple Dienste","Apple Fitness Plus","iOS","iPadOS","tvOS","watchOS"],"articleSection":"News","inLanguage":"en-US","copyrightYear":"2021","copyrightHolder":{"@id":"https:\/\/www.apfelpatient.de\/en\/#organization"}},{"@type":"WebPage","@id":"https:\/\/www.apfelpatient.de\/news\/apple-fitness-zeit-fuers-gehen-mit-prinz-william","url":"https:\/\/www.apfelpatient.de\/news\/apple-fitness-zeit-fuers-gehen-mit-prinz-william","name":"Apple Fitness+: &quot;Time to Walk&quot; with Prince William Apfelpatient","isPartOf":{"@id":"https:\/\/www.apfelpatient.de\/#website"},"primaryImageOfPage":{"@id":"https:\/\/www.apfelpatient.de\/news\/apple-fitness-zeit-fuers-gehen-mit-prinz-william#primaryimage"},"image":{"@id":"https:\/\/www.apfelpatient.de\/news\/apple-fitness-zeit-fuers-gehen-mit-prinz-william#primaryimage"},"thumbnailUrl":"https:\/\/www.apfelpatient.de\/wp-content\/uploads\/2021\/12\/Apple_Watch-TTW_Joshua-Cabello-Park_12022021.jpg","datePublished":"2021-12-03T15:37:43+00:00","dateModified":"2021-12-03T15:38:19+00:00","description":"Apple today announced that Britain&#039;s Prince William will appear in Going Time and Apple Music 1 on December 6th.","breadcrumb":{"@id":"https:\/\/www.apfelpatient.de\/news\/apple-fitness-zeit-fuers-gehen-mit-prinz-william#breadcrumb"},"inLanguage":"en-US","potentialAction":[{"@type":"ReadAction","target":["https:\/\/www.apfelpatient.de\/news\/apple-fitness-zeit-fuers-gehen-mit-prinz-william"]}]},{"@type":"ImageObject","inLanguage":"en-US","@id":"https:\/\/www.apfelpatient.de\/news\/apple-fitness-zeit-fuers-gehen-mit-prinz-william#primaryimage","url":"https:\/\/www.apfelpatient.de\/wp-content\/uploads\/2021\/12\/Apple_Watch-TTW_Joshua-Cabello-Park_12022021.jpg","contentUrl":"https:\/\/www.apfelpatient.de\/wp-content\/uploads\/2021\/12\/Apple_Watch-TTW_Joshua-Cabello-Park_12022021.jpg","width":1600,"height":900,"caption":"Bild: Apple"},{"@type":"BreadcrumbList","@id":"https:\/\/www.apfelpatient.de\/news\/apple-fitness-zeit-fuers-gehen-mit-prinz-william#breadcrumb","itemListElement":[{"@type":"ListItem","position":1,"name":"Startseite","item":"https:\/\/www.apfelpatient.de\/"},{"@type":"ListItem","position":2,"name":"Apple Fitness+: &#8222;Zeit f\u00fcrs gehen&#8220; mit Prinz William"}]},{"@type":"WebSite","@id":"https:\/\/www.apfelpatient.de\/#website","url":"https:\/\/www.apfelpatient.de\/","name":"apple patient","description":"Everything about Apple!","publisher":{"@type":"Organization","@id":"https:\/\/www.apfelpatient.de\/en\/#organization","name":"Apfelpatient","url":"https:\/\/www.apfelpatient.de\/en\/"},"alternateName":"Apfelpatient","potentialAction":[{"@type":"SearchAction","target":{"@type":"EntryPoint","urlTemplate":"https:\/\/www.apfelpatient.de\/?s={search_term_string}"},"query-input":{"@type":"PropertyValueSpecification","valueRequired":true,"valueName":"search_term_string"}}],"inLanguage":"en-US"},{"@type":["Person","Organization"],"@id":"https:\/\/www.apfelpatient.de\/#\/schema\/person\/7dc56ad6c8e9824b76d2c08d4c140e13","name":"Milan","logo":{"@id":"https:\/\/www.apfelpatient.de\/#\/schema\/person\/image\/"},"description":"Hello and welcome to my technology blog! As a big Apple fan, I report on everything to do with Apple: from the latest news and exciting rumors to helpful tips and tricks and detailed product tests. If you are as enthusiastic about technology as I am, you have come to the right place!","sameAs":["https:\/\/www.facebook.com\/apfelpatientOfficial","https:\/\/www.linkedin.com\/in\/milan-jovicic-42aa0231b"],"url":"https:\/\/www.apfelpatient.de\/en\/author\/apfeladmin"}]}},"_links":{"self":[{"href":"https:\/\/www.apfelpatient.de\/en\/wp-json\/wp\/v2\/posts\/28744","targetHints":{"allow":["GET"]}}],"collection":[{"href":"https:\/\/www.apfelpatient.de\/en\/wp-json\/wp\/v2\/posts"}],"about":[{"href":"https:\/\/www.apfelpatient.de\/en\/wp-json\/wp\/v2\/types\/post"}],"author":[{"embeddable":true,"href":"https:\/\/www.apfelpatient.de\/en\/wp-json\/wp\/v2\/users\/2"}],"replies":[{"embeddable":true,"href":"https:\/\/www.apfelpatient.de\/en\/wp-json\/wp\/v2\/comments?post=28744"}],"version-history":[{"count":0,"href":"https:\/\/www.apfelpatient.de\/en\/wp-json\/wp\/v2\/posts\/28744\/revisions"}],"wp:featuredmedia":[{"embeddable":true,"href":"https:\/\/www.apfelpatient.de\/en\/wp-json\/wp\/v2\/media\/28742"}],"wp:attachment":[{"href":"https:\/\/www.apfelpatient.de\/en\/wp-json\/wp\/v2\/media?parent=28744"}],"wp:term":[{"taxonomy":"category","embeddable":true,"href":"https:\/\/www.apfelpatient.de\/en\/wp-json\/wp\/v2\/categories?post=28744"},{"taxonomy":"post_tag","embeddable":true,"href":"https:\/\/www.apfelpatient.de\/en\/wp-json\/wp\/v2\/tags?post=28744"}],"curies":[{"name":"wp","href":"https:\/\/api.w.org\/{rel}","templated":true}]}}