{"id":28662,"date":"2021-11-30T15:02:27","date_gmt":"2021-11-30T14:02:27","guid":{"rendered":"https:\/\/www.apfelpatient.de\/?p=28662"},"modified":"2021-11-30T15:02:27","modified_gmt":"2021-11-30T14:02:27","slug":"apple-store-in-rosenthaler-strasse-opens-on-december-2nd","status":"publish","type":"post","link":"https:\/\/www.apfelpatient.de\/en\/news\/apple-store-in-rosenthaler-strasse-eroeffnet-am-02-dezember","title":{"rendered":"Apple Store in Rosenthaler Stra\u00dfe opens on December 2nd"},"content":{"rendered":"<p class=\"has-drop-cap\"><strong>After months of speculation, Apple confirmed the opening of a second Apple Store in Berlin on November 19. Now the Cupertino-based company has announced the opening date in a press release.<\/strong><\/p>\n\n\n\n<p>There are currently 15 Apple Stores in Germany. In cities with a population of one million, such as Munich, Hamburg and Cologne, there are even two stores. The capital, on the other hand, has had to make do with one store. But that is now changing. In a press release, Apple announced that the Apple Store on Rosenthaler Strasse will open its doors on December 2nd at 10 a.m. Deirdre O&#039;Brien, Senior Vice President Retail + People at Apple, <a href=\"https:\/\/www.apple.com\/de\/newsroom\/2021\/11\/apple-rosenthaler-strasse-opens-thursday-december-2-in-berlin\/\" target=\"_blank\" rel=\"noreferrer noopener\">expressed<\/a> as follows:<\/p>\n\n\n\n<blockquote class=\"wp-block-quote is-layout-flow wp-block-quote-is-layout-flow\"><p>We are thrilled to open our second store in Berlin \u2013 right in the heart of Mitte. By combining Apple&#039;s amazing technology with the creative passion of this community, we have the opportunity to create something truly special for our customers in Germany.<\/p><\/blockquote>\n\n\n\n<h3 class=\"wp-block-heading\" id=\"h-apple-rosenthaler-stra-e-berlin-bekommt-zweiten-store\">Apple Rosenthaler Stra\u00dfe: Berlin gets second store<\/h3>\n\n\n\n\n\n\n\n<p>According to Apple, on opening day only customers who have reserved an appointment in advance for a short introduction or a purchase will be allowed into the store. This means that the store will open with reduced capacity and strict adherence to the minimum distance.<\/p>\n\n\n\n<figure class=\"wp-block-image size-large\"><img decoding=\"async\" width=\"1024\" height=\"682\" src=\"https:\/\/www.apfelpatient.de\/wp-content\/uploads\/2021\/11\/Apple_nso-rosenthaler-strasse_Forum_11302021-1024x682.jpg\" alt=\"Apple Store in Rosenthaler Stra\u00dfe opens on December 2nd\" class=\"wp-image-28661\" srcset=\"https:\/\/www.apfelpatient.de\/wp-content\/uploads\/2021\/11\/Apple_nso-rosenthaler-strasse_Forum_11302021-1024x682.jpg 1024w, https:\/\/www.apfelpatient.de\/wp-content\/uploads\/2021\/11\/Apple_nso-rosenthaler-strasse_Forum_11302021-300x200.jpg 300w, https:\/\/www.apfelpatient.de\/wp-content\/uploads\/2021\/11\/Apple_nso-rosenthaler-strasse_Forum_11302021-768x512.jpg 768w, https:\/\/www.apfelpatient.de\/wp-content\/uploads\/2021\/11\/Apple_nso-rosenthaler-strasse_Forum_11302021-1536x1023.jpg 1536w, https:\/\/www.apfelpatient.de\/wp-content\/uploads\/2021\/11\/Apple_nso-rosenthaler-strasse_Forum_11302021-750x500.jpg 750w, https:\/\/www.apfelpatient.de\/wp-content\/uploads\/2021\/11\/Apple_nso-rosenthaler-strasse_Forum_11302021-1140x760.jpg 1140w, https:\/\/www.apfelpatient.de\/wp-content\/uploads\/2021\/11\/Apple_nso-rosenthaler-strasse_Forum_11302021.jpg 1600w\" sizes=\"(max-width: 1024px) 100vw, 1024px\" \/><figcaption>Image: Apple<\/figcaption><\/figure>\n\n\n\n<p>According to Apple, walk-ins, Apple pickup, service by Genius Support and shopping with an Apple Specialist will also be offered from December 3rd. Apple also refers to the current Corona regulations. These include proof of 2G status, the obligation to wear a mouth and nose covering and compliance with the minimum distance. Anyone who would like to make an appointment in advance can do so <a href=\"https:\/\/www.apple.com\/de\/retail\/rosenthalerstrasse\/\" target=\"_blank\" rel=\"noreferrer noopener\">here<\/a> do. (Image: Apple)<\/p>\n\n\n\n<ul class=\"wp-block-list\"><li><a href=\"https:\/\/www.apfelpatient.de\/en\/tests-experience-reports\/maggo-anker-magnetic-power-bank-with-stand-in-hands-on\">MagGo: Anker magnetic power bank with stand in hands-on<\/a><\/li><\/ul>\n\n\n\n<h6 class=\"wp-block-heading translation-block\" id=\"h-kennt-ihr-schon-unsere-amazon-storefront-dort-findet-ihr-eine-handverlesene-auswahl-von-diversen-produkten-f-r-euer-iphone-und-co-viel-spa-beim-st-bern\"><em>Have you already visited our Amazon Storefront? There you&#039;ll find a hand-picked selection of various products for your iPhone and other devices \u2013 <span class=\"has-inline-color has-vivid-red-color\"><a href=\"https:\/\/www.amazon.de\/shop\/apfelpatientofficial\" class=\"ek-link\" data-wpel-link=\"exclude\" rel=\"follow noopener\" target=\"_self\"><span style=\"text-decoration: underline\" class=\"ek-underline\">enjoy browsing<\/span><\/a> !<\/span><\/em><\/h6>\n\n\n\n<h6 class=\"wp-block-heading translation-block\" id=\"h-der-beitrag-enthalt-partnerlinks\">This post contains <a data-type=\"URL\" data-id=\"https:\/\/www.apfelpatient.de\/partnerprogramm\" href=\"https:\/\/www.apfelpatient.de\/en\/partner-program\" data-wpel-link=\"internal\" target=\"_self\">affiliate links<\/a>.<\/h6>","protected":false},"excerpt":{"rendered":"<p>Opening date announced: After months of speculation, Apple recently confirmed the opening of a second store in Berlin.<\/p>","protected":false},"author":2,"featured_media":28660,"comment_status":"closed","ping_status":"closed","sticky":false,"template":"","format":"standard","meta":{"jnews-multi-image_gallery":[],"jnews_single_post":{"subtitle":"","format":"standard","video":"","gallery":"","source_name":"","source_url":"","via_name":"","via_url":"","override":[{"single_blog_custom":"","sidebar":"","second_sidebar":"","share_position":"","share_float_style":"","post_date_format":"","post_date_format_custom":"","post_reading_time_wpm":"","zoom_button_out_step":"1","zoom_button_in_step":"1","number_popup_post":"1"}],"image_override":[{"single_post_thumbnail_size":"","single_post_gallery_size":""}],"trending_post_position":"","trending_post_label":"","sponsored_post_label":"","sponsored_post_name":"","sponsored_post_url":"","sponsored_post_logo":"","sponsored_post_desc":""},"jnews_primary_category":{"id":"9"},"footnotes":""},"categories":[9],"tags":[28,34,156,14,85,18,8,40],"class_list":["post-28662","post","type-post","status-publish","format-standard","has-post-thumbnail","hentry","category-news","tag-airpods","tag-apple-dienste","tag-apple-tv","tag-apple-watch","tag-homepod","tag-ipad","tag-iphone","tag-mac"],"yoast_head":"<!-- This site is optimized with the Yoast SEO Premium plugin v27.5 (Yoast SEO v27.5) - https:\/\/yoast.com\/product\/yoast-seo-premium-wordpress\/ -->\n<title>Apple Store in Rosenthaler Stra\u00dfe er\u00f6ffnet am 02. Dezember Apfelpatient<\/title>\n<meta name=\"description\" content=\"Er\u00f6ffnungsdatum bekannt: Nach monatelangen Spekulationen hat Apple k\u00fcrzlich die Er\u00f6ffnung eines zweiten Stores in Berlin best\u00e4tigt.\" \/>\n<meta name=\"robots\" content=\"index, follow, max-snippet:-1, max-image-preview:large, max-video-preview:-1\" \/>\n<link rel=\"canonical\" href=\"https:\/\/www.apfelpatient.de\/en\/news\/apple-store-in-rosenthaler-strasse-opens-on-december-2nd\" \/>\n<meta property=\"og:locale\" content=\"en_US\" \/>\n<meta property=\"og:type\" content=\"article\" \/>\n<meta property=\"og:title\" content=\"Apple Store in Rosenthaler Stra\u00dfe er\u00f6ffnet am 02. Dezember\" \/>\n<meta property=\"og:description\" content=\"Er\u00f6ffnungsdatum bekannt: Nach monatelangen Spekulationen hat Apple k\u00fcrzlich die Er\u00f6ffnung eines zweiten Stores in Berlin best\u00e4tigt.\" \/>\n<meta property=\"og:url\" content=\"https:\/\/www.apfelpatient.de\/en\/news\/apple-store-in-rosenthaler-strasse-opens-on-december-2nd\" \/>\n<meta property=\"og:site_name\" content=\"Apfelpatient\" \/>\n<meta property=\"article:publisher\" content=\"https:\/\/www.facebook.com\/apfelpatientOfficial\" \/>\n<meta property=\"article:author\" content=\"https:\/\/www.facebook.com\/apfelpatientOfficial\" \/>\n<meta property=\"article:published_time\" content=\"2021-11-30T14:02:27+00:00\" \/>\n<meta property=\"og:image\" content=\"https:\/\/www.apfelpatient.de\/wp-content\/uploads\/2021\/11\/Apple_nso-rosenthaler-strasse_Hero_11302021.jpg\" \/>\n\t<meta property=\"og:image:width\" content=\"1600\" \/>\n\t<meta property=\"og:image:height\" content=\"900\" \/>\n\t<meta property=\"og:image:type\" content=\"image\/jpeg\" \/>\n<meta name=\"author\" content=\"Milan\" \/>\n<meta name=\"twitter:card\" content=\"summary_large_image\" \/>\n<meta name=\"twitter:description\" content=\"Er\u00f6ffnungsdatum bekannt: Nach monatelangen Spekulationen hat Apple k\u00fcrzlich die Er\u00f6ffnung eines zweiten Stores in Berlin best\u00e4tigt.\" \/>\n<meta name=\"twitter:label1\" content=\"Written by\" \/>\n\t<meta name=\"twitter:data1\" content=\"Milan\" \/>\n\t<meta name=\"twitter:label2\" content=\"Est. reading time\" \/>\n\t<meta name=\"twitter:data2\" content=\"2 minutes\" \/>\n<script type=\"application\/ld+json\" class=\"yoast-schema-graph\">{\"@context\":\"https:\\\/\\\/schema.org\",\"@graph\":[{\"@type\":\"NewsArticle\",\"@id\":\"https:\\\/\\\/www.apfelpatient.de\\\/news\\\/apple-store-in-rosenthaler-strasse-eroeffnet-am-02-dezember#article\",\"isPartOf\":{\"@id\":\"https:\\\/\\\/www.apfelpatient.de\\\/news\\\/apple-store-in-rosenthaler-strasse-eroeffnet-am-02-dezember\"},\"author\":{\"@type\":\"Organization\",\"@id\":\"https:\\\/\\\/www.apfelpatient.de\\\/en\\\/#organization\",\"name\":\"Apfelpatient\",\"url\":\"https:\\\/\\\/www.apfelpatient.de\\\/en\\\/\"},\"headline\":\"Apple Store in Rosenthaler Stra\u00dfe er\u00f6ffnet am 02. Dezember\",\"datePublished\":\"2021-11-30T14:02:27+00:00\",\"mainEntityOfPage\":{\"@id\":\"https:\\\/\\\/www.apfelpatient.de\\\/news\\\/apple-store-in-rosenthaler-strasse-eroeffnet-am-02-dezember\"},\"wordCount\":290,\"publisher\":{\"@type\":\"Organization\",\"@id\":\"https:\\\/\\\/www.apfelpatient.de\\\/en\\\/#organization\",\"name\":\"Apfelpatient\",\"url\":\"https:\\\/\\\/www.apfelpatient.de\\\/en\\\/\"},\"image\":{\"@id\":\"https:\\\/\\\/www.apfelpatient.de\\\/news\\\/apple-store-in-rosenthaler-strasse-eroeffnet-am-02-dezember#primaryimage\"},\"thumbnailUrl\":\"https:\\\/\\\/www.apfelpatient.de\\\/wp-content\\\/uploads\\\/2021\\\/11\\\/Apple_nso-rosenthaler-strasse_Hero_11302021.jpg\",\"keywords\":[\"AirPods\",\"Apple Dienste\",\"Apple TV\",\"Apple Watch\",\"HomePod\",\"iPad\",\"iPhone\",\"Mac\"],\"articleSection\":\"News\",\"inLanguage\":\"en-US\",\"copyrightYear\":\"2021\",\"copyrightHolder\":{\"@id\":\"https:\\\/\\\/www.apfelpatient.de\\\/en\\\/#organization\"}},{\"@type\":\"WebPage\",\"@id\":\"https:\\\/\\\/www.apfelpatient.de\\\/news\\\/apple-store-in-rosenthaler-strasse-eroeffnet-am-02-dezember\",\"url\":\"https:\\\/\\\/www.apfelpatient.de\\\/news\\\/apple-store-in-rosenthaler-strasse-eroeffnet-am-02-dezember\",\"name\":\"Apple Store in Rosenthaler Stra\u00dfe er\u00f6ffnet am 02. Dezember Apfelpatient\",\"isPartOf\":{\"@id\":\"https:\\\/\\\/www.apfelpatient.de\\\/#website\"},\"primaryImageOfPage\":{\"@id\":\"https:\\\/\\\/www.apfelpatient.de\\\/news\\\/apple-store-in-rosenthaler-strasse-eroeffnet-am-02-dezember#primaryimage\"},\"image\":{\"@id\":\"https:\\\/\\\/www.apfelpatient.de\\\/news\\\/apple-store-in-rosenthaler-strasse-eroeffnet-am-02-dezember#primaryimage\"},\"thumbnailUrl\":\"https:\\\/\\\/www.apfelpatient.de\\\/wp-content\\\/uploads\\\/2021\\\/11\\\/Apple_nso-rosenthaler-strasse_Hero_11302021.jpg\",\"datePublished\":\"2021-11-30T14:02:27+00:00\",\"description\":\"Er\u00f6ffnungsdatum bekannt: Nach monatelangen Spekulationen hat Apple k\u00fcrzlich die Er\u00f6ffnung eines zweiten Stores in Berlin best\u00e4tigt.\",\"breadcrumb\":{\"@id\":\"https:\\\/\\\/www.apfelpatient.de\\\/news\\\/apple-store-in-rosenthaler-strasse-eroeffnet-am-02-dezember#breadcrumb\"},\"inLanguage\":\"en-US\",\"potentialAction\":[{\"@type\":\"ReadAction\",\"target\":[\"https:\\\/\\\/www.apfelpatient.de\\\/news\\\/apple-store-in-rosenthaler-strasse-eroeffnet-am-02-dezember\"]}]},{\"@type\":\"ImageObject\",\"inLanguage\":\"en-US\",\"@id\":\"https:\\\/\\\/www.apfelpatient.de\\\/news\\\/apple-store-in-rosenthaler-strasse-eroeffnet-am-02-dezember#primaryimage\",\"url\":\"https:\\\/\\\/www.apfelpatient.de\\\/wp-content\\\/uploads\\\/2021\\\/11\\\/Apple_nso-rosenthaler-strasse_Hero_11302021.jpg\",\"contentUrl\":\"https:\\\/\\\/www.apfelpatient.de\\\/wp-content\\\/uploads\\\/2021\\\/11\\\/Apple_nso-rosenthaler-strasse_Hero_11302021.jpg\",\"width\":1600,\"height\":900,\"caption\":\"Bild: Apple\"},{\"@type\":\"BreadcrumbList\",\"@id\":\"https:\\\/\\\/www.apfelpatient.de\\\/news\\\/apple-store-in-rosenthaler-strasse-eroeffnet-am-02-dezember#breadcrumb\",\"itemListElement\":[{\"@type\":\"ListItem\",\"position\":1,\"name\":\"Startseite\",\"item\":\"https:\\\/\\\/www.apfelpatient.de\\\/\"},{\"@type\":\"ListItem\",\"position\":2,\"name\":\"Apple Store in Rosenthaler Stra\u00dfe er\u00f6ffnet am 02. Dezember\"}]},{\"@type\":\"WebSite\",\"@id\":\"https:\\\/\\\/www.apfelpatient.de\\\/#website\",\"url\":\"https:\\\/\\\/www.apfelpatient.de\\\/\",\"name\":\"Apfelpatient\",\"description\":\"Alles rund um Apple!\",\"publisher\":{\"@type\":\"Organization\",\"@id\":\"https:\\\/\\\/www.apfelpatient.de\\\/en\\\/#organization\",\"name\":\"Apfelpatient\",\"url\":\"https:\\\/\\\/www.apfelpatient.de\\\/en\\\/\"},\"alternateName\":\"Apfelpatient\",\"potentialAction\":[{\"@type\":\"SearchAction\",\"target\":{\"@type\":\"EntryPoint\",\"urlTemplate\":\"https:\\\/\\\/www.apfelpatient.de\\\/?s={search_term_string}\"},\"query-input\":{\"@type\":\"PropertyValueSpecification\",\"valueRequired\":true,\"valueName\":\"search_term_string\"}}],\"inLanguage\":\"en-US\"},{\"@type\":[\"Person\",\"Organization\"],\"@id\":\"https:\\\/\\\/www.apfelpatient.de\\\/#\\\/schema\\\/person\\\/7dc56ad6c8e9824b76d2c08d4c140e13\",\"name\":\"Milan\",\"logo\":{\"@id\":\"https:\\\/\\\/www.apfelpatient.de\\\/#\\\/schema\\\/person\\\/image\\\/\"},\"description\":\"Hallo und herzlich willkommen auf meinem Technik-Blog! Als gro\u00dfer Apple-Fan berichte ich hier \u00fcber alles, was mit Apple zu tun hat: von den neuesten News und spannenden Ger\u00fcchten \u00fcber hilfreiche Tipps und Tricks bis hin zu ausf\u00fchrlichen Produkttests. Wenn du genauso technikbegeistert bist wie ich, bist du hier genau richtig!\",\"sameAs\":[\"https:\\\/\\\/www.facebook.com\\\/apfelpatientOfficial\",\"https:\\\/\\\/www.linkedin.com\\\/in\\\/milan-jovicic-42aa0231b\"],\"url\":\"https:\\\/\\\/www.apfelpatient.de\\\/en\\\/author\\\/apfeladmin\"}]}<\/script>\n<!-- \/ Yoast SEO Premium plugin. -->","yoast_head_json":{"title":"Apple Store in Rosenthaler Stra\u00dfe opens on December 2nd Apfelpatient","description":"Opening date announced: After months of speculation, Apple recently confirmed the opening of a second store in Berlin.","robots":{"index":"index","follow":"follow","max-snippet":"max-snippet:-1","max-image-preview":"max-image-preview:large","max-video-preview":"max-video-preview:-1"},"canonical":"https:\/\/www.apfelpatient.de\/en\/news\/apple-store-in-rosenthaler-strasse-opens-on-december-2nd","og_locale":"en_US","og_type":"article","og_title":"Apple Store in Rosenthaler Stra\u00dfe er\u00f6ffnet am 02. Dezember","og_description":"Er\u00f6ffnungsdatum bekannt: Nach monatelangen Spekulationen hat Apple k\u00fcrzlich die Er\u00f6ffnung eines zweiten Stores in Berlin best\u00e4tigt.","og_url":"https:\/\/www.apfelpatient.de\/en\/news\/apple-store-in-rosenthaler-strasse-opens-on-december-2nd","og_site_name":"Apfelpatient","article_publisher":"https:\/\/www.facebook.com\/apfelpatientOfficial","article_author":"https:\/\/www.facebook.com\/apfelpatientOfficial","article_published_time":"2021-11-30T14:02:27+00:00","og_image":[{"width":1600,"height":900,"url":"https:\/\/www.apfelpatient.de\/wp-content\/uploads\/2021\/11\/Apple_nso-rosenthaler-strasse_Hero_11302021.jpg","type":"image\/jpeg"}],"author":"Milan","twitter_card":"summary_large_image","twitter_description":"Er\u00f6ffnungsdatum bekannt: Nach monatelangen Spekulationen hat Apple k\u00fcrzlich die Er\u00f6ffnung eines zweiten Stores in Berlin best\u00e4tigt.","twitter_misc":{"Written by":"Milan","Est. reading time":"2 minutes"},"schema":{"@context":"https:\/\/schema.org","@graph":[{"@type":"NewsArticle","@id":"https:\/\/www.apfelpatient.de\/news\/apple-store-in-rosenthaler-strasse-eroeffnet-am-02-dezember#article","isPartOf":{"@id":"https:\/\/www.apfelpatient.de\/news\/apple-store-in-rosenthaler-strasse-eroeffnet-am-02-dezember"},"author":{"@type":"Organization","@id":"https:\/\/www.apfelpatient.de\/en\/#organization","name":"Apfelpatient","url":"https:\/\/www.apfelpatient.de\/en\/"},"headline":"Apple Store in Rosenthaler Stra\u00dfe er\u00f6ffnet am 02. Dezember","datePublished":"2021-11-30T14:02:27+00:00","mainEntityOfPage":{"@id":"https:\/\/www.apfelpatient.de\/news\/apple-store-in-rosenthaler-strasse-eroeffnet-am-02-dezember"},"wordCount":290,"publisher":{"@type":"Organization","@id":"https:\/\/www.apfelpatient.de\/en\/#organization","name":"Apfelpatient","url":"https:\/\/www.apfelpatient.de\/en\/"},"image":{"@id":"https:\/\/www.apfelpatient.de\/news\/apple-store-in-rosenthaler-strasse-eroeffnet-am-02-dezember#primaryimage"},"thumbnailUrl":"https:\/\/www.apfelpatient.de\/wp-content\/uploads\/2021\/11\/Apple_nso-rosenthaler-strasse_Hero_11302021.jpg","keywords":["AirPods","Apple Dienste","Apple TV","Apple Watch","HomePod","iPad","iPhone","Mac"],"articleSection":"News","inLanguage":"en-US","copyrightYear":"2021","copyrightHolder":{"@id":"https:\/\/www.apfelpatient.de\/en\/#organization"}},{"@type":"WebPage","@id":"https:\/\/www.apfelpatient.de\/news\/apple-store-in-rosenthaler-strasse-eroeffnet-am-02-dezember","url":"https:\/\/www.apfelpatient.de\/news\/apple-store-in-rosenthaler-strasse-eroeffnet-am-02-dezember","name":"Apple Store in Rosenthaler Stra\u00dfe opens on December 2nd Apfelpatient","isPartOf":{"@id":"https:\/\/www.apfelpatient.de\/#website"},"primaryImageOfPage":{"@id":"https:\/\/www.apfelpatient.de\/news\/apple-store-in-rosenthaler-strasse-eroeffnet-am-02-dezember#primaryimage"},"image":{"@id":"https:\/\/www.apfelpatient.de\/news\/apple-store-in-rosenthaler-strasse-eroeffnet-am-02-dezember#primaryimage"},"thumbnailUrl":"https:\/\/www.apfelpatient.de\/wp-content\/uploads\/2021\/11\/Apple_nso-rosenthaler-strasse_Hero_11302021.jpg","datePublished":"2021-11-30T14:02:27+00:00","description":"Opening date announced: After months of speculation, Apple recently confirmed the opening of a second store in Berlin.","breadcrumb":{"@id":"https:\/\/www.apfelpatient.de\/news\/apple-store-in-rosenthaler-strasse-eroeffnet-am-02-dezember#breadcrumb"},"inLanguage":"en-US","potentialAction":[{"@type":"ReadAction","target":["https:\/\/www.apfelpatient.de\/news\/apple-store-in-rosenthaler-strasse-eroeffnet-am-02-dezember"]}]},{"@type":"ImageObject","inLanguage":"en-US","@id":"https:\/\/www.apfelpatient.de\/news\/apple-store-in-rosenthaler-strasse-eroeffnet-am-02-dezember#primaryimage","url":"https:\/\/www.apfelpatient.de\/wp-content\/uploads\/2021\/11\/Apple_nso-rosenthaler-strasse_Hero_11302021.jpg","contentUrl":"https:\/\/www.apfelpatient.de\/wp-content\/uploads\/2021\/11\/Apple_nso-rosenthaler-strasse_Hero_11302021.jpg","width":1600,"height":900,"caption":"Bild: Apple"},{"@type":"BreadcrumbList","@id":"https:\/\/www.apfelpatient.de\/news\/apple-store-in-rosenthaler-strasse-eroeffnet-am-02-dezember#breadcrumb","itemListElement":[{"@type":"ListItem","position":1,"name":"Startseite","item":"https:\/\/www.apfelpatient.de\/"},{"@type":"ListItem","position":2,"name":"Apple Store in Rosenthaler Stra\u00dfe er\u00f6ffnet am 02. Dezember"}]},{"@type":"WebSite","@id":"https:\/\/www.apfelpatient.de\/#website","url":"https:\/\/www.apfelpatient.de\/","name":"apple patient","description":"Everything about Apple!","publisher":{"@type":"Organization","@id":"https:\/\/www.apfelpatient.de\/en\/#organization","name":"Apfelpatient","url":"https:\/\/www.apfelpatient.de\/en\/"},"alternateName":"Apfelpatient","potentialAction":[{"@type":"SearchAction","target":{"@type":"EntryPoint","urlTemplate":"https:\/\/www.apfelpatient.de\/?s={search_term_string}"},"query-input":{"@type":"PropertyValueSpecification","valueRequired":true,"valueName":"search_term_string"}}],"inLanguage":"en-US"},{"@type":["Person","Organization"],"@id":"https:\/\/www.apfelpatient.de\/#\/schema\/person\/7dc56ad6c8e9824b76d2c08d4c140e13","name":"Milan","logo":{"@id":"https:\/\/www.apfelpatient.de\/#\/schema\/person\/image\/"},"description":"Hello and welcome to my technology blog! As a big Apple fan, I report on everything to do with Apple: from the latest news and exciting rumors to helpful tips and tricks and detailed product tests. If you are as enthusiastic about technology as I am, you have come to the right place!","sameAs":["https:\/\/www.facebook.com\/apfelpatientOfficial","https:\/\/www.linkedin.com\/in\/milan-jovicic-42aa0231b"],"url":"https:\/\/www.apfelpatient.de\/en\/author\/apfeladmin"}]}},"_links":{"self":[{"href":"https:\/\/www.apfelpatient.de\/en\/wp-json\/wp\/v2\/posts\/28662","targetHints":{"allow":["GET"]}}],"collection":[{"href":"https:\/\/www.apfelpatient.de\/en\/wp-json\/wp\/v2\/posts"}],"about":[{"href":"https:\/\/www.apfelpatient.de\/en\/wp-json\/wp\/v2\/types\/post"}],"author":[{"embeddable":true,"href":"https:\/\/www.apfelpatient.de\/en\/wp-json\/wp\/v2\/users\/2"}],"replies":[{"embeddable":true,"href":"https:\/\/www.apfelpatient.de\/en\/wp-json\/wp\/v2\/comments?post=28662"}],"version-history":[{"count":0,"href":"https:\/\/www.apfelpatient.de\/en\/wp-json\/wp\/v2\/posts\/28662\/revisions"}],"wp:featuredmedia":[{"embeddable":true,"href":"https:\/\/www.apfelpatient.de\/en\/wp-json\/wp\/v2\/media\/28660"}],"wp:attachment":[{"href":"https:\/\/www.apfelpatient.de\/en\/wp-json\/wp\/v2\/media?parent=28662"}],"wp:term":[{"taxonomy":"category","embeddable":true,"href":"https:\/\/www.apfelpatient.de\/en\/wp-json\/wp\/v2\/categories?post=28662"},{"taxonomy":"post_tag","embeddable":true,"href":"https:\/\/www.apfelpatient.de\/en\/wp-json\/wp\/v2\/tags?post=28662"}],"curies":[{"name":"wp","href":"https:\/\/api.w.org\/{rel}","templated":true}]}}