{"id":28432,"date":"2021-11-12T17:57:00","date_gmt":"2021-11-12T16:57:00","guid":{"rendered":"https:\/\/www.apfelpatient.de\/?p=28432"},"modified":"2021-11-12T17:57:28","modified_gmt":"2021-11-12T16:57:28","slug":"ios-15-2-beta-iphone-13-pro-gets-macro-mode-switch","status":"publish","type":"post","link":"https:\/\/www.apfelpatient.de\/en\/news\/ios-15-2-beta-iphone-13-pro-bekommt-makromodus-schalter","title":{"rendered":"iOS 15.2 Beta: iPhone 13 Pro gets macro mode switch"},"content":{"rendered":"<p class=\"has-drop-cap\"><strong>Apple released the second beta of iOS 15.2 earlier this week. Now a small extension has been discovered that is specifically designed for iPhone 13 Pro models.<\/strong><\/p>\n\n\n\n<p>Apple has added a Macro mode switch to the iPhone 13 Pro and iPhone 13 Pro Max in iOS 15.2 Beta 2, which appears when the automatic macro function is disabled in the settings. This allows users to manually control the macro mode directly in the camera app. The new feature, which was first reported by Aaron Zollo <a href=\"https:\/\/www.youtube.com\/watch?v=aD0QQhaPAwQ&amp;t=349s\" target=\"_blank\" rel=\"noreferrer noopener\">discovered<\/a> displays a flower icon in the bottom left of the screen when the camera is close enough to an object to trigger macro mode. Users can then tap the flower icon to enable or disable macro mode.<\/p>\n\n\n\n<h3 class=\"wp-block-heading\" id=\"h-ios-15-2-makromodus-auf-iphone-13-pro-wird-flexibler\">iOS 15.2: Macro mode on iPhone 13 Pro becomes more flexible<\/h3>\n\n\n\n\n\n\n\n<p>To use the new option, users need to go to iOS Settings and open the Camera section. There, the Auto Macro option must be disabled. Then, when you get close enough to an object, the switch will appear automatically. In addition, there are also new settings for Auto Macro that can be retained. By default, the iPhone 13 Pro automatically switches to macro mode when it gets close enough to an object, which has led to macro mode sometimes being activated under undesirable circumstances. So the new switch is a significant improvement over the current implementation in iOS 15.1, where users have to go to Settings to turn macro mode off completely if they want to temporarily disable it. Do you already know the early&nbsp;<a href=\"https:\/\/amzn.to\/309zv4u\" target=\"_blank\" rel=\"noreferrer noopener\">Black Friday deals on Amazon<\/a>? Stop by, there are dozens of bargains to be found. (Image: Apple)<\/p>\n\n\n\n<ul class=\"wp-block-list\"><li><a href=\"https:\/\/www.apfelpatient.de\/en\/news\/ios-15-2-all-new-features-under-beta-2\">iOS 15.2: All new features in Beta 2<\/a><\/li><\/ul>\n\n\n\n<h6 class=\"wp-block-heading translation-block\" id=\"h-kennt-ihr-schon-unsere-amazon-storefront-dort-findet-ihr-eine-handverlesene-auswahl-von-diversen-produkten-f-r-euer-iphone-und-co-viel-spa-beim-st-bern\"><em>Have you already visited our Amazon Storefront? There you&#039;ll find a hand-picked selection of various products for your iPhone and other devices \u2013 <span class=\"has-inline-color has-vivid-red-color\"><a href=\"https:\/\/www.amazon.de\/shop\/apfelpatientofficial\" class=\"ek-link\" data-wpel-link=\"exclude\" rel=\"follow noopener\" target=\"_self\"><span style=\"text-decoration: underline\" class=\"ek-underline\">enjoy browsing<\/span><\/a> !<\/span><\/em><\/h6>\n\n\n\n<h6 class=\"wp-block-heading translation-block\" id=\"h-der-beitrag-enthalt-partnerlinks\">This post contains <a data-type=\"URL\" data-id=\"https:\/\/www.apfelpatient.de\/partnerprogramm\" href=\"https:\/\/www.apfelpatient.de\/en\/partner-program\" data-wpel-link=\"internal\" target=\"_self\">affiliate links<\/a>.<\/h6>","protected":false},"excerpt":{"rendered":"<p>iPhone 13 Pro macro mode: Apple released the second beta of iOS 15.2 earlier this week. Now a small extension has been discovered.<\/p>","protected":false},"author":2,"featured_media":28431,"comment_status":"closed","ping_status":"closed","sticky":false,"template":"","format":"standard","meta":{"jnews-multi-image_gallery":[],"jnews_single_post":{"subtitle":"","format":"standard","video":"","gallery":"","source_name":"","source_url":"","via_name":"","via_url":"","override":[{"single_blog_custom":"","sidebar":"","second_sidebar":"","share_position":"","share_float_style":"","post_date_format":"","post_date_format_custom":"","post_reading_time_wpm":"","zoom_button_out_step":"1","zoom_button_in_step":"1","number_popup_post":"1"}],"image_override":[{"single_post_thumbnail_size":"","single_post_gallery_size":""}],"trending_post_position":"","trending_post_label":"","sponsored_post_label":"","sponsored_post_name":"","sponsored_post_url":"","sponsored_post_logo":"","sponsored_post_desc":""},"jnews_primary_category":{"id":"9"},"footnotes":""},"categories":[9],"tags":[3,673,8,311],"class_list":["post-28432","post","type-post","status-publish","format-standard","has-post-thumbnail","hentry","category-news","tag-ios","tag-ios-15-2","tag-iphone","tag-iphone-2021"],"yoast_head":"<!-- This site is optimized with the Yoast SEO Premium plugin v27.5 (Yoast SEO v27.5) - https:\/\/yoast.com\/product\/yoast-seo-premium-wordpress\/ -->\n<title>iOS 15.2 Beta: iPhone 13 Pro bekommt Makromodus-Schalter<\/title>\n<meta name=\"description\" content=\"iPhone 13 Pro Makromodus: Apple hat Anfang der Woche die zweite Beta von iOS 15.2 ver\u00f6ffentlicht. Nun wurde eine kleine Erweiterung entdeckt.\" \/>\n<meta name=\"robots\" content=\"index, follow, max-snippet:-1, max-image-preview:large, max-video-preview:-1\" \/>\n<link rel=\"canonical\" href=\"https:\/\/www.apfelpatient.de\/en\/news\/ios-15-2-beta-iphone-13-pro-gets-macro-mode-switch\" \/>\n<meta property=\"og:locale\" content=\"en_US\" \/>\n<meta property=\"og:type\" content=\"article\" \/>\n<meta property=\"og:title\" content=\"iOS 15.2 Beta: iPhone 13 Pro bekommt Makromodus-Schalter\" \/>\n<meta property=\"og:description\" content=\"iPhone 13 Pro Makromodus: Apple hat Anfang der Woche die zweite Beta von iOS 15.2 ver\u00f6ffentlicht. Nun wurde eine kleine Erweiterung entdeckt.\" \/>\n<meta property=\"og:url\" content=\"https:\/\/www.apfelpatient.de\/en\/news\/ios-15-2-beta-iphone-13-pro-gets-macro-mode-switch\" \/>\n<meta property=\"og:site_name\" content=\"Apfelpatient\" \/>\n<meta property=\"article:publisher\" content=\"https:\/\/www.facebook.com\/apfelpatientOfficial\" \/>\n<meta property=\"article:author\" content=\"https:\/\/www.facebook.com\/apfelpatientOfficial\" \/>\n<meta property=\"article:published_time\" content=\"2021-11-12T16:57:00+00:00\" \/>\n<meta property=\"article:modified_time\" content=\"2021-11-12T16:57:28+00:00\" \/>\n<meta property=\"og:image\" content=\"https:\/\/www.apfelpatient.de\/wp-content\/uploads\/2021\/11\/Apple_iPhone-13-Pro_Mushroom_09142021.jpg\" \/>\n\t<meta property=\"og:image:width\" content=\"1600\" \/>\n\t<meta property=\"og:image:height\" content=\"1200\" \/>\n\t<meta property=\"og:image:type\" content=\"image\/jpeg\" \/>\n<meta name=\"author\" content=\"Milan\" \/>\n<meta name=\"twitter:card\" content=\"summary_large_image\" \/>\n<meta name=\"twitter:description\" content=\"iPhone 13 Pro Makromodus: Apple hat Anfang der Woche die zweite Beta von iOS 15.2 ver\u00f6ffentlicht. Nun wurde eine kleine Erweiterung entdeckt.\" \/>\n<meta name=\"twitter:label1\" content=\"Written by\" \/>\n\t<meta name=\"twitter:data1\" content=\"Milan\" \/>\n\t<meta name=\"twitter:label2\" content=\"Est. reading time\" \/>\n\t<meta name=\"twitter:data2\" content=\"2 minutes\" \/>\n<script type=\"application\/ld+json\" class=\"yoast-schema-graph\">{\"@context\":\"https:\\\/\\\/schema.org\",\"@graph\":[{\"@type\":\"NewsArticle\",\"@id\":\"https:\\\/\\\/www.apfelpatient.de\\\/news\\\/ios-15-2-beta-iphone-13-pro-bekommt-makromodus-schalter#article\",\"isPartOf\":{\"@id\":\"https:\\\/\\\/www.apfelpatient.de\\\/news\\\/ios-15-2-beta-iphone-13-pro-bekommt-makromodus-schalter\"},\"author\":{\"@type\":\"Organization\",\"@id\":\"https:\\\/\\\/www.apfelpatient.de\\\/en\\\/#organization\",\"name\":\"Apfelpatient\",\"url\":\"https:\\\/\\\/www.apfelpatient.de\\\/en\\\/\"},\"headline\":\"iOS 15.2 Beta: iPhone 13 Pro bekommt Makromodus-Schalter\",\"datePublished\":\"2021-11-12T16:57:00+00:00\",\"dateModified\":\"2021-11-12T16:57:28+00:00\",\"mainEntityOfPage\":{\"@id\":\"https:\\\/\\\/www.apfelpatient.de\\\/news\\\/ios-15-2-beta-iphone-13-pro-bekommt-makromodus-schalter\"},\"wordCount\":290,\"publisher\":{\"@type\":\"Organization\",\"@id\":\"https:\\\/\\\/www.apfelpatient.de\\\/en\\\/#organization\",\"name\":\"Apfelpatient\",\"url\":\"https:\\\/\\\/www.apfelpatient.de\\\/en\\\/\"},\"image\":{\"@id\":\"https:\\\/\\\/www.apfelpatient.de\\\/news\\\/ios-15-2-beta-iphone-13-pro-bekommt-makromodus-schalter#primaryimage\"},\"thumbnailUrl\":\"https:\\\/\\\/www.apfelpatient.de\\\/wp-content\\\/uploads\\\/2021\\\/11\\\/Apple_iPhone-13-Pro_Mushroom_09142021.jpg\",\"keywords\":[\"iOS\",\"iOS 15.2\",\"iPhone\",\"iPhone 13\"],\"articleSection\":\"News\",\"inLanguage\":\"en-US\",\"copyrightYear\":\"2021\",\"copyrightHolder\":{\"@id\":\"https:\\\/\\\/www.apfelpatient.de\\\/en\\\/#organization\"}},{\"@type\":\"WebPage\",\"@id\":\"https:\\\/\\\/www.apfelpatient.de\\\/news\\\/ios-15-2-beta-iphone-13-pro-bekommt-makromodus-schalter\",\"url\":\"https:\\\/\\\/www.apfelpatient.de\\\/news\\\/ios-15-2-beta-iphone-13-pro-bekommt-makromodus-schalter\",\"name\":\"iOS 15.2 Beta: iPhone 13 Pro bekommt Makromodus-Schalter\",\"isPartOf\":{\"@id\":\"https:\\\/\\\/www.apfelpatient.de\\\/#website\"},\"primaryImageOfPage\":{\"@id\":\"https:\\\/\\\/www.apfelpatient.de\\\/news\\\/ios-15-2-beta-iphone-13-pro-bekommt-makromodus-schalter#primaryimage\"},\"image\":{\"@id\":\"https:\\\/\\\/www.apfelpatient.de\\\/news\\\/ios-15-2-beta-iphone-13-pro-bekommt-makromodus-schalter#primaryimage\"},\"thumbnailUrl\":\"https:\\\/\\\/www.apfelpatient.de\\\/wp-content\\\/uploads\\\/2021\\\/11\\\/Apple_iPhone-13-Pro_Mushroom_09142021.jpg\",\"datePublished\":\"2021-11-12T16:57:00+00:00\",\"dateModified\":\"2021-11-12T16:57:28+00:00\",\"description\":\"iPhone 13 Pro Makromodus: Apple hat Anfang der Woche die zweite Beta von iOS 15.2 ver\u00f6ffentlicht. Nun wurde eine kleine Erweiterung entdeckt.\",\"breadcrumb\":{\"@id\":\"https:\\\/\\\/www.apfelpatient.de\\\/news\\\/ios-15-2-beta-iphone-13-pro-bekommt-makromodus-schalter#breadcrumb\"},\"inLanguage\":\"en-US\",\"potentialAction\":[{\"@type\":\"ReadAction\",\"target\":[\"https:\\\/\\\/www.apfelpatient.de\\\/news\\\/ios-15-2-beta-iphone-13-pro-bekommt-makromodus-schalter\"]}]},{\"@type\":\"ImageObject\",\"inLanguage\":\"en-US\",\"@id\":\"https:\\\/\\\/www.apfelpatient.de\\\/news\\\/ios-15-2-beta-iphone-13-pro-bekommt-makromodus-schalter#primaryimage\",\"url\":\"https:\\\/\\\/www.apfelpatient.de\\\/wp-content\\\/uploads\\\/2021\\\/11\\\/Apple_iPhone-13-Pro_Mushroom_09142021.jpg\",\"contentUrl\":\"https:\\\/\\\/www.apfelpatient.de\\\/wp-content\\\/uploads\\\/2021\\\/11\\\/Apple_iPhone-13-Pro_Mushroom_09142021.jpg\",\"width\":1600,\"height\":1200,\"caption\":\"Bild: Apple\"},{\"@type\":\"BreadcrumbList\",\"@id\":\"https:\\\/\\\/www.apfelpatient.de\\\/news\\\/ios-15-2-beta-iphone-13-pro-bekommt-makromodus-schalter#breadcrumb\",\"itemListElement\":[{\"@type\":\"ListItem\",\"position\":1,\"name\":\"Startseite\",\"item\":\"https:\\\/\\\/www.apfelpatient.de\\\/\"},{\"@type\":\"ListItem\",\"position\":2,\"name\":\"iOS 15.2 Beta: iPhone 13 Pro bekommt Makromodus-Schalter\"}]},{\"@type\":\"WebSite\",\"@id\":\"https:\\\/\\\/www.apfelpatient.de\\\/#website\",\"url\":\"https:\\\/\\\/www.apfelpatient.de\\\/\",\"name\":\"Apfelpatient\",\"description\":\"Alles rund um Apple!\",\"publisher\":{\"@type\":\"Organization\",\"@id\":\"https:\\\/\\\/www.apfelpatient.de\\\/en\\\/#organization\",\"name\":\"Apfelpatient\",\"url\":\"https:\\\/\\\/www.apfelpatient.de\\\/en\\\/\"},\"alternateName\":\"Apfelpatient\",\"potentialAction\":[{\"@type\":\"SearchAction\",\"target\":{\"@type\":\"EntryPoint\",\"urlTemplate\":\"https:\\\/\\\/www.apfelpatient.de\\\/?s={search_term_string}\"},\"query-input\":{\"@type\":\"PropertyValueSpecification\",\"valueRequired\":true,\"valueName\":\"search_term_string\"}}],\"inLanguage\":\"en-US\"},{\"@type\":[\"Person\",\"Organization\"],\"@id\":\"https:\\\/\\\/www.apfelpatient.de\\\/#\\\/schema\\\/person\\\/7dc56ad6c8e9824b76d2c08d4c140e13\",\"name\":\"Milan\",\"logo\":{\"@id\":\"https:\\\/\\\/www.apfelpatient.de\\\/#\\\/schema\\\/person\\\/image\\\/\"},\"description\":\"Hallo und herzlich willkommen auf meinem Technik-Blog! Als gro\u00dfer Apple-Fan berichte ich hier \u00fcber alles, was mit Apple zu tun hat: von den neuesten News und spannenden Ger\u00fcchten \u00fcber hilfreiche Tipps und Tricks bis hin zu ausf\u00fchrlichen Produkttests. Wenn du genauso technikbegeistert bist wie ich, bist du hier genau richtig!\",\"sameAs\":[\"https:\\\/\\\/www.facebook.com\\\/apfelpatientOfficial\",\"https:\\\/\\\/www.linkedin.com\\\/in\\\/milan-jovicic-42aa0231b\"],\"url\":\"https:\\\/\\\/www.apfelpatient.de\\\/en\\\/author\\\/apfeladmin\"}]}<\/script>\n<!-- \/ Yoast SEO Premium plugin. -->","yoast_head_json":{"title":"iOS 15.2 Beta: iPhone 13 Pro gets macro mode switch","description":"iPhone 13 Pro macro mode: Apple released the second beta of iOS 15.2 earlier this week. Now a small extension has been discovered.","robots":{"index":"index","follow":"follow","max-snippet":"max-snippet:-1","max-image-preview":"max-image-preview:large","max-video-preview":"max-video-preview:-1"},"canonical":"https:\/\/www.apfelpatient.de\/en\/news\/ios-15-2-beta-iphone-13-pro-gets-macro-mode-switch","og_locale":"en_US","og_type":"article","og_title":"iOS 15.2 Beta: iPhone 13 Pro bekommt Makromodus-Schalter","og_description":"iPhone 13 Pro Makromodus: Apple hat Anfang der Woche die zweite Beta von iOS 15.2 ver\u00f6ffentlicht. Nun wurde eine kleine Erweiterung entdeckt.","og_url":"https:\/\/www.apfelpatient.de\/en\/news\/ios-15-2-beta-iphone-13-pro-gets-macro-mode-switch","og_site_name":"Apfelpatient","article_publisher":"https:\/\/www.facebook.com\/apfelpatientOfficial","article_author":"https:\/\/www.facebook.com\/apfelpatientOfficial","article_published_time":"2021-11-12T16:57:00+00:00","article_modified_time":"2021-11-12T16:57:28+00:00","og_image":[{"width":1600,"height":1200,"url":"https:\/\/www.apfelpatient.de\/wp-content\/uploads\/2021\/11\/Apple_iPhone-13-Pro_Mushroom_09142021.jpg","type":"image\/jpeg"}],"author":"Milan","twitter_card":"summary_large_image","twitter_description":"iPhone 13 Pro Makromodus: Apple hat Anfang der Woche die zweite Beta von iOS 15.2 ver\u00f6ffentlicht. Nun wurde eine kleine Erweiterung entdeckt.","twitter_misc":{"Written by":"Milan","Est. reading time":"2 minutes"},"schema":{"@context":"https:\/\/schema.org","@graph":[{"@type":"NewsArticle","@id":"https:\/\/www.apfelpatient.de\/news\/ios-15-2-beta-iphone-13-pro-bekommt-makromodus-schalter#article","isPartOf":{"@id":"https:\/\/www.apfelpatient.de\/news\/ios-15-2-beta-iphone-13-pro-bekommt-makromodus-schalter"},"author":{"@type":"Organization","@id":"https:\/\/www.apfelpatient.de\/en\/#organization","name":"Apfelpatient","url":"https:\/\/www.apfelpatient.de\/en\/"},"headline":"iOS 15.2 Beta: iPhone 13 Pro bekommt Makromodus-Schalter","datePublished":"2021-11-12T16:57:00+00:00","dateModified":"2021-11-12T16:57:28+00:00","mainEntityOfPage":{"@id":"https:\/\/www.apfelpatient.de\/news\/ios-15-2-beta-iphone-13-pro-bekommt-makromodus-schalter"},"wordCount":290,"publisher":{"@type":"Organization","@id":"https:\/\/www.apfelpatient.de\/en\/#organization","name":"Apfelpatient","url":"https:\/\/www.apfelpatient.de\/en\/"},"image":{"@id":"https:\/\/www.apfelpatient.de\/news\/ios-15-2-beta-iphone-13-pro-bekommt-makromodus-schalter#primaryimage"},"thumbnailUrl":"https:\/\/www.apfelpatient.de\/wp-content\/uploads\/2021\/11\/Apple_iPhone-13-Pro_Mushroom_09142021.jpg","keywords":["iOS","iOS 15.2","iPhone","iPhone 13"],"articleSection":"News","inLanguage":"en-US","copyrightYear":"2021","copyrightHolder":{"@id":"https:\/\/www.apfelpatient.de\/en\/#organization"}},{"@type":"WebPage","@id":"https:\/\/www.apfelpatient.de\/news\/ios-15-2-beta-iphone-13-pro-bekommt-makromodus-schalter","url":"https:\/\/www.apfelpatient.de\/news\/ios-15-2-beta-iphone-13-pro-bekommt-makromodus-schalter","name":"iOS 15.2 Beta: iPhone 13 Pro gets macro mode switch","isPartOf":{"@id":"https:\/\/www.apfelpatient.de\/#website"},"primaryImageOfPage":{"@id":"https:\/\/www.apfelpatient.de\/news\/ios-15-2-beta-iphone-13-pro-bekommt-makromodus-schalter#primaryimage"},"image":{"@id":"https:\/\/www.apfelpatient.de\/news\/ios-15-2-beta-iphone-13-pro-bekommt-makromodus-schalter#primaryimage"},"thumbnailUrl":"https:\/\/www.apfelpatient.de\/wp-content\/uploads\/2021\/11\/Apple_iPhone-13-Pro_Mushroom_09142021.jpg","datePublished":"2021-11-12T16:57:00+00:00","dateModified":"2021-11-12T16:57:28+00:00","description":"iPhone 13 Pro macro mode: Apple released the second beta of iOS 15.2 earlier this week. Now a small extension has been discovered.","breadcrumb":{"@id":"https:\/\/www.apfelpatient.de\/news\/ios-15-2-beta-iphone-13-pro-bekommt-makromodus-schalter#breadcrumb"},"inLanguage":"en-US","potentialAction":[{"@type":"ReadAction","target":["https:\/\/www.apfelpatient.de\/news\/ios-15-2-beta-iphone-13-pro-bekommt-makromodus-schalter"]}]},{"@type":"ImageObject","inLanguage":"en-US","@id":"https:\/\/www.apfelpatient.de\/news\/ios-15-2-beta-iphone-13-pro-bekommt-makromodus-schalter#primaryimage","url":"https:\/\/www.apfelpatient.de\/wp-content\/uploads\/2021\/11\/Apple_iPhone-13-Pro_Mushroom_09142021.jpg","contentUrl":"https:\/\/www.apfelpatient.de\/wp-content\/uploads\/2021\/11\/Apple_iPhone-13-Pro_Mushroom_09142021.jpg","width":1600,"height":1200,"caption":"Bild: Apple"},{"@type":"BreadcrumbList","@id":"https:\/\/www.apfelpatient.de\/news\/ios-15-2-beta-iphone-13-pro-bekommt-makromodus-schalter#breadcrumb","itemListElement":[{"@type":"ListItem","position":1,"name":"Startseite","item":"https:\/\/www.apfelpatient.de\/"},{"@type":"ListItem","position":2,"name":"iOS 15.2 Beta: iPhone 13 Pro bekommt Makromodus-Schalter"}]},{"@type":"WebSite","@id":"https:\/\/www.apfelpatient.de\/#website","url":"https:\/\/www.apfelpatient.de\/","name":"apple patient","description":"Everything about Apple!","publisher":{"@type":"Organization","@id":"https:\/\/www.apfelpatient.de\/en\/#organization","name":"Apfelpatient","url":"https:\/\/www.apfelpatient.de\/en\/"},"alternateName":"Apfelpatient","potentialAction":[{"@type":"SearchAction","target":{"@type":"EntryPoint","urlTemplate":"https:\/\/www.apfelpatient.de\/?s={search_term_string}"},"query-input":{"@type":"PropertyValueSpecification","valueRequired":true,"valueName":"search_term_string"}}],"inLanguage":"en-US"},{"@type":["Person","Organization"],"@id":"https:\/\/www.apfelpatient.de\/#\/schema\/person\/7dc56ad6c8e9824b76d2c08d4c140e13","name":"Milan","logo":{"@id":"https:\/\/www.apfelpatient.de\/#\/schema\/person\/image\/"},"description":"Hello and welcome to my technology blog! As a big Apple fan, I report on everything to do with Apple: from the latest news and exciting rumors to helpful tips and tricks and detailed product tests. If you are as enthusiastic about technology as I am, you have come to the right place!","sameAs":["https:\/\/www.facebook.com\/apfelpatientOfficial","https:\/\/www.linkedin.com\/in\/milan-jovicic-42aa0231b"],"url":"https:\/\/www.apfelpatient.de\/en\/author\/apfeladmin"}]}},"_links":{"self":[{"href":"https:\/\/www.apfelpatient.de\/en\/wp-json\/wp\/v2\/posts\/28432","targetHints":{"allow":["GET"]}}],"collection":[{"href":"https:\/\/www.apfelpatient.de\/en\/wp-json\/wp\/v2\/posts"}],"about":[{"href":"https:\/\/www.apfelpatient.de\/en\/wp-json\/wp\/v2\/types\/post"}],"author":[{"embeddable":true,"href":"https:\/\/www.apfelpatient.de\/en\/wp-json\/wp\/v2\/users\/2"}],"replies":[{"embeddable":true,"href":"https:\/\/www.apfelpatient.de\/en\/wp-json\/wp\/v2\/comments?post=28432"}],"version-history":[{"count":0,"href":"https:\/\/www.apfelpatient.de\/en\/wp-json\/wp\/v2\/posts\/28432\/revisions"}],"wp:featuredmedia":[{"embeddable":true,"href":"https:\/\/www.apfelpatient.de\/en\/wp-json\/wp\/v2\/media\/28431"}],"wp:attachment":[{"href":"https:\/\/www.apfelpatient.de\/en\/wp-json\/wp\/v2\/media?parent=28432"}],"wp:term":[{"taxonomy":"category","embeddable":true,"href":"https:\/\/www.apfelpatient.de\/en\/wp-json\/wp\/v2\/categories?post=28432"},{"taxonomy":"post_tag","embeddable":true,"href":"https:\/\/www.apfelpatient.de\/en\/wp-json\/wp\/v2\/tags?post=28432"}],"curies":[{"name":"wp","href":"https:\/\/api.w.org\/{rel}","templated":true}]}}